{"id":109601,"date":"2023-08-20T12:00:12","date_gmt":"2023-08-20T15:00:12","guid":{"rendered":"https:\/\/redenoticiaz.com.br\/litoralsp\/?p=109601"},"modified":"2023-08-17T18:00:54","modified_gmt":"2023-08-17T21:00:54","slug":"vai-ter-troco-primeira-gravacao-de-ludmilla-para-o-cinema","status":"publish","type":"post","link":"https:\/\/redenoticiaz.com.br\/litoralsp\/2023\/08\/20\/vai-ter-troco-primeira-gravacao-de-ludmilla-para-o-cinema","title":{"rendered":"Vai Ter Troco &#8211; Primeira grava\u00e7\u00e3o de Ludmilla para o cinema"},"content":{"rendered":"<p>&#8220;Vai Ter Troco&#8221; acaba de chegar nos cinemas brasileiros! Dirigido por Maur\u00edcio E\u00e7a e produzido por Diane Maia, o longa apresenta um enredo que promete boas gargalhadas e ainda conta com um nome para l\u00e1 de especial.<\/p>\n<p>A cantora brasileira Ludmilla faz uma participa\u00e7\u00e3o especial no filme, sendo esta, a primeira a ser gravada pela artista para o cinema. Em uma di\u00e1ria especial na periferia de S\u00e3o Paulo, Ludmilla contracenou com quase todo o elenco principal, surpreendendo com uma \u00f3tima atua\u00e7\u00e3o. Sua m\u00fasica &#8216;Din Din Din&#8217;, inclusive, foi escolhida para integrar a trilha sonora da produ\u00e7\u00e3o.<\/p>\n<p>Em &#8220;Vai Ter Troco&#8221;, Tonha (Evelyn Castro) e Zildete (Nany People) est\u00e3o h\u00e1 meses sem receber sal\u00e1rios, mas vendo os patr\u00f5es, que alegam estarem falidos, esbanjando dinheiro em festas e jantares para a alta sociedade. Elas decidem, ent\u00e3o, cobrar o pagamento atrasado, criando um clima tenso, com situa\u00e7\u00f5es inusitadas e hil\u00e1rias que exp\u00f5em, de forma bem-humorada a rela\u00e7\u00e3o entre eles.<\/p>\n<h3>ASSISTA AO TRAILER:<\/h3>\n<p><a href=\"https:\/\/www.youtube.com\/watch?v=mrC7oArW1YQ&amp;feature=youtu.be\">https:\/\/www.youtube.com\/watch?v=mrC7oArW1YQ&amp;feature=youtu.be<\/a><\/p>\n<p>Al\u00e9m da participa\u00e7\u00e3o especial de Ludmilla e Falc\u00e3o, o elenco da nova com\u00e9dia brasileira conta com Evelyn Castro, Nany People, Mi\u00e1 Mello, Marcos Veras, Giovanna Grigio, Nicholas Torres, e Edmilson Filho.<\/p>\n<p>LEIA MAIS<\/p>\n<p><a href=\"https:\/\/redenoticiaz.com.br\/blog\/2023\/08\/17\/saiba-o-que-aconteceu-com-preta-gil-apos-procedimento-cirurgico\">Saiba o que aconteceu com Preta Gil ap\u00f3s procedimento cir\u00fargico<\/a><\/p>\n","protected":false},"excerpt":{"rendered":"<p>&#8220;Vai Ter Troco&#8221; acaba de chegar nos cinemas brasileiros! Dirigido por Maur\u00edcio E\u00e7a e produzido por Diane Maia, o longa apresenta um enredo que promete boas gargalhadas e ainda conta com um nome para l\u00e1 de especial. A cantora brasileira Ludmilla faz uma participa\u00e7\u00e3o especial no filme, sendo esta, a primeira a ser gravada pela &hellip;<\/p>\n","protected":false},"author":30,"featured_media":109602,"comment_status":"open","ping_status":"closed","sticky":false,"template":"","format":"standard","meta":{"footnotes":""},"categories":[62064],"tags":[15454,44750,17834,65882],"class_list":["post-109601","post","type-post","status-publish","format-standard","has-post-thumbnail","hentry","category-cameraz","tag-cantora","tag-cinema","tag-ludmilla","tag-vai-ter-troco"],"yoast_head":"<!-- This site is optimized with the Yoast SEO plugin v27.4 - https:\/\/yoast.com\/product\/yoast-seo-wordpress\/ -->\n<title>Vai Ter Troco &#8211; Primeira grava\u00e7\u00e3o de Ludmilla para o cinema - Litoral SP<\/title>\n<meta name=\"description\" content=\"&quot;Vai Ter Troco&quot; acaba de chegar nos cinemas brasileiros! Produzido por Diane Maia, o longa apresenta um enredo que promete boas gargalhadas\" \/>\n<meta name=\"robots\" content=\"index, follow, max-snippet:-1, max-image-preview:large, max-video-preview:-1\" \/>\n<link rel=\"canonical\" href=\"https:\/\/redenoticiaz.com.br\/litoralsp\/2023\/08\/20\/vai-ter-troco-primeira-gravacao-de-ludmilla-para-o-cinema\" \/>\n<meta property=\"og:locale\" content=\"pt_BR\" \/>\n<meta property=\"og:type\" content=\"article\" \/>\n<meta property=\"og:title\" content=\"Vai Ter Troco &#8211; Primeira grava\u00e7\u00e3o de Ludmilla para o cinema - Litoral SP\" \/>\n<meta property=\"og:description\" content=\"&quot;Vai Ter Troco&quot; acaba de chegar nos cinemas brasileiros! Produzido por Diane Maia, o longa apresenta um enredo que promete boas gargalhadas\" \/>\n<meta property=\"og:url\" content=\"https:\/\/redenoticiaz.com.br\/litoralsp\/2023\/08\/20\/vai-ter-troco-primeira-gravacao-de-ludmilla-para-o-cinema\" \/>\n<meta property=\"og:site_name\" content=\"Litoral SP\" \/>\n<meta property=\"article:published_time\" content=\"2023-08-20T15:00:12+00:00\" \/>\n<meta property=\"og:image\" content=\"https:\/\/redenoticiaz.com.br\/litoralsp\/wp-content\/uploads\/sites\/3\/2023\/08\/Vai-Ter-Troco-Primeira-gravacao-de-Ludmilla-para-o-cinema.jpg?v=1692305820\" \/>\n\t<meta property=\"og:image:width\" content=\"567\" \/>\n\t<meta property=\"og:image:height\" content=\"575\" \/>\n\t<meta property=\"og:image:type\" content=\"image\/jpeg\" \/>\n<meta name=\"author\" content=\"Carina Reifonas\" \/>\n<meta name=\"twitter:card\" content=\"summary_large_image\" \/>\n<meta name=\"twitter:label1\" content=\"Escrito por\" \/>\n\t<meta name=\"twitter:data1\" content=\"Carina Reifonas\" \/>\n\t<meta name=\"twitter:label2\" content=\"Est. tempo de leitura\" \/>\n\t<meta name=\"twitter:data2\" content=\"2 minutos\" \/>\n<script type=\"application\/ld+json\" class=\"yoast-schema-graph\">{\"@context\":\"https:\\\/\\\/schema.org\",\"@graph\":[{\"@type\":\"Article\",\"@id\":\"https:\\\/\\\/redenoticiaz.com.br\\\/litoralsp\\\/2023\\\/08\\\/20\\\/vai-ter-troco-primeira-gravacao-de-ludmilla-para-o-cinema#article\",\"isPartOf\":{\"@id\":\"https:\\\/\\\/redenoticiaz.com.br\\\/litoralsp\\\/2023\\\/08\\\/20\\\/vai-ter-troco-primeira-gravacao-de-ludmilla-para-o-cinema\"},\"author\":{\"name\":\"Carina Reifonas\",\"@id\":\"https:\\\/\\\/redenoticiaz.com.br\\\/litoralsp\\\/#\\\/schema\\\/person\\\/1f84d6e94e6a62d2d81199d7503e9e90\"},\"headline\":\"Vai Ter Troco &#8211; Primeira grava\u00e7\u00e3o de Ludmilla para o cinema\",\"datePublished\":\"2023-08-20T15:00:12+00:00\",\"mainEntityOfPage\":{\"@id\":\"https:\\\/\\\/redenoticiaz.com.br\\\/litoralsp\\\/2023\\\/08\\\/20\\\/vai-ter-troco-primeira-gravacao-de-ludmilla-para-o-cinema\"},\"wordCount\":248,\"commentCount\":0,\"publisher\":{\"@id\":\"https:\\\/\\\/redenoticiaz.com.br\\\/litoralsp\\\/#organization\"},\"image\":{\"@id\":\"https:\\\/\\\/redenoticiaz.com.br\\\/litoralsp\\\/2023\\\/08\\\/20\\\/vai-ter-troco-primeira-gravacao-de-ludmilla-para-o-cinema#primaryimage\"},\"thumbnailUrl\":\"https:\\\/\\\/redenoticiaz.com.br\\\/litoralsp\\\/wp-content\\\/uploads\\\/sites\\\/3\\\/2023\\\/08\\\/Vai-Ter-Troco-Primeira-gravacao-de-Ludmilla-para-o-cinema.jpg?v=1692305820\",\"keywords\":[\"CANTORA\",\"CINEMA\",\"LUDMILLA\",\"vai ter troco\"],\"articleSection\":[\"C\u00e2mera Z\"],\"inLanguage\":\"pt-BR\",\"potentialAction\":[{\"@type\":\"CommentAction\",\"name\":\"Comment\",\"target\":[\"https:\\\/\\\/redenoticiaz.com.br\\\/litoralsp\\\/2023\\\/08\\\/20\\\/vai-ter-troco-primeira-gravacao-de-ludmilla-para-o-cinema#respond\"]}]},{\"@type\":\"WebPage\",\"@id\":\"https:\\\/\\\/redenoticiaz.com.br\\\/litoralsp\\\/2023\\\/08\\\/20\\\/vai-ter-troco-primeira-gravacao-de-ludmilla-para-o-cinema\",\"url\":\"https:\\\/\\\/redenoticiaz.com.br\\\/litoralsp\\\/2023\\\/08\\\/20\\\/vai-ter-troco-primeira-gravacao-de-ludmilla-para-o-cinema\",\"name\":\"Vai Ter Troco &#8211; Primeira grava\u00e7\u00e3o de Ludmilla para o cinema - Litoral SP\",\"isPartOf\":{\"@id\":\"https:\\\/\\\/redenoticiaz.com.br\\\/litoralsp\\\/#website\"},\"primaryImageOfPage\":{\"@id\":\"https:\\\/\\\/redenoticiaz.com.br\\\/litoralsp\\\/2023\\\/08\\\/20\\\/vai-ter-troco-primeira-gravacao-de-ludmilla-para-o-cinema#primaryimage\"},\"image\":{\"@id\":\"https:\\\/\\\/redenoticiaz.com.br\\\/litoralsp\\\/2023\\\/08\\\/20\\\/vai-ter-troco-primeira-gravacao-de-ludmilla-para-o-cinema#primaryimage\"},\"thumbnailUrl\":\"https:\\\/\\\/redenoticiaz.com.br\\\/litoralsp\\\/wp-content\\\/uploads\\\/sites\\\/3\\\/2023\\\/08\\\/Vai-Ter-Troco-Primeira-gravacao-de-Ludmilla-para-o-cinema.jpg?v=1692305820\",\"datePublished\":\"2023-08-20T15:00:12+00:00\",\"description\":\"\\\"Vai Ter Troco\\\" acaba de chegar nos cinemas brasileiros! Produzido por Diane Maia, o longa apresenta um enredo que promete boas gargalhadas\",\"inLanguage\":\"pt-BR\",\"potentialAction\":[{\"@type\":\"ReadAction\",\"target\":[\"https:\\\/\\\/redenoticiaz.com.br\\\/litoralsp\\\/2023\\\/08\\\/20\\\/vai-ter-troco-primeira-gravacao-de-ludmilla-para-o-cinema\"]}]},{\"@type\":\"ImageObject\",\"inLanguage\":\"pt-BR\",\"@id\":\"https:\\\/\\\/redenoticiaz.com.br\\\/litoralsp\\\/2023\\\/08\\\/20\\\/vai-ter-troco-primeira-gravacao-de-ludmilla-para-o-cinema#primaryimage\",\"url\":\"https:\\\/\\\/redenoticiaz.com.br\\\/litoralsp\\\/wp-content\\\/uploads\\\/sites\\\/3\\\/2023\\\/08\\\/Vai-Ter-Troco-Primeira-gravacao-de-Ludmilla-para-o-cinema.jpg?v=1692305820\",\"contentUrl\":\"https:\\\/\\\/redenoticiaz.com.br\\\/litoralsp\\\/wp-content\\\/uploads\\\/sites\\\/3\\\/2023\\\/08\\\/Vai-Ter-Troco-Primeira-gravacao-de-Ludmilla-para-o-cinema.jpg?v=1692305820\",\"width\":567,\"height\":575,\"caption\":\"Cr\u00e9dito: Divulga\u00e7\u00e3o\"},{\"@type\":\"WebSite\",\"@id\":\"https:\\\/\\\/redenoticiaz.com.br\\\/litoralsp\\\/#website\",\"url\":\"https:\\\/\\\/redenoticiaz.com.br\\\/litoralsp\\\/\",\"name\":\"Litoral SP\",\"description\":\"Rede NoticiaZ\",\"publisher\":{\"@id\":\"https:\\\/\\\/redenoticiaz.com.br\\\/litoralsp\\\/#organization\"},\"potentialAction\":[{\"@type\":\"SearchAction\",\"target\":{\"@type\":\"EntryPoint\",\"urlTemplate\":\"https:\\\/\\\/redenoticiaz.com.br\\\/litoralsp\\\/?s={search_term_string}\"},\"query-input\":{\"@type\":\"PropertyValueSpecification\",\"valueRequired\":true,\"valueName\":\"search_term_string\"}}],\"inLanguage\":\"pt-BR\"},{\"@type\":\"Organization\",\"@id\":\"https:\\\/\\\/redenoticiaz.com.br\\\/litoralsp\\\/#organization\",\"name\":\"Litoral SP\",\"url\":\"https:\\\/\\\/redenoticiaz.com.br\\\/litoralsp\\\/\",\"logo\":{\"@type\":\"ImageObject\",\"inLanguage\":\"pt-BR\",\"@id\":\"https:\\\/\\\/redenoticiaz.com.br\\\/litoralsp\\\/#\\\/schema\\\/logo\\\/image\\\/\",\"url\":\"https:\\\/\\\/redenoticiaz.com.br\\\/litoralsp\\\/wp-content\\\/uploads\\\/sites\\\/3\\\/2020\\\/11\\\/logo.jpg\",\"contentUrl\":\"https:\\\/\\\/redenoticiaz.com.br\\\/litoralsp\\\/wp-content\\\/uploads\\\/sites\\\/3\\\/2020\\\/11\\\/logo.jpg\",\"width\":400,\"height\":250,\"caption\":\"Litoral SP\"},\"image\":{\"@id\":\"https:\\\/\\\/redenoticiaz.com.br\\\/litoralsp\\\/#\\\/schema\\\/logo\\\/image\\\/\"}},{\"@type\":\"Person\",\"@id\":\"https:\\\/\\\/redenoticiaz.com.br\\\/litoralsp\\\/#\\\/schema\\\/person\\\/1f84d6e94e6a62d2d81199d7503e9e90\",\"name\":\"Carina Reifonas\",\"image\":{\"@type\":\"ImageObject\",\"inLanguage\":\"pt-BR\",\"@id\":\"https:\\\/\\\/secure.gravatar.com\\\/avatar\\\/04c59859b23696cf867715880f81d5c037e60109730bdb4e6670ec2a2245bc97?s=96&d=mm&r=g\",\"url\":\"https:\\\/\\\/secure.gravatar.com\\\/avatar\\\/04c59859b23696cf867715880f81d5c037e60109730bdb4e6670ec2a2245bc97?s=96&d=mm&r=g\",\"contentUrl\":\"https:\\\/\\\/secure.gravatar.com\\\/avatar\\\/04c59859b23696cf867715880f81d5c037e60109730bdb4e6670ec2a2245bc97?s=96&d=mm&r=g\",\"caption\":\"Carina Reifonas\"},\"url\":\"https:\\\/\\\/redenoticiaz.com.br\\\/litoralsp\\\/author\\\/carinareifonas\"}]}<\/script>\n<!-- \/ Yoast SEO plugin. -->","yoast_head_json":{"title":"Vai Ter Troco &#8211; Primeira grava\u00e7\u00e3o de Ludmilla para o cinema - Litoral SP","description":"\"Vai Ter Troco\" acaba de chegar nos cinemas brasileiros! Produzido por Diane Maia, o longa apresenta um enredo que promete boas gargalhadas","robots":{"index":"index","follow":"follow","max-snippet":"max-snippet:-1","max-image-preview":"max-image-preview:large","max-video-preview":"max-video-preview:-1"},"canonical":"https:\/\/redenoticiaz.com.br\/litoralsp\/2023\/08\/20\/vai-ter-troco-primeira-gravacao-de-ludmilla-para-o-cinema","og_locale":"pt_BR","og_type":"article","og_title":"Vai Ter Troco &#8211; Primeira grava\u00e7\u00e3o de Ludmilla para o cinema - Litoral SP","og_description":"\"Vai Ter Troco\" acaba de chegar nos cinemas brasileiros! Produzido por Diane Maia, o longa apresenta um enredo que promete boas gargalhadas","og_url":"https:\/\/redenoticiaz.com.br\/litoralsp\/2023\/08\/20\/vai-ter-troco-primeira-gravacao-de-ludmilla-para-o-cinema","og_site_name":"Litoral SP","article_published_time":"2023-08-20T15:00:12+00:00","og_image":[{"width":567,"height":575,"url":"https:\/\/redenoticiaz.com.br\/litoralsp\/wp-content\/uploads\/sites\/3\/2023\/08\/Vai-Ter-Troco-Primeira-gravacao-de-Ludmilla-para-o-cinema.jpg?v=1692305820","type":"image\/jpeg"}],"author":"Carina Reifonas","twitter_card":"summary_large_image","twitter_misc":{"Escrito por":"Carina Reifonas","Est. tempo de leitura":"2 minutos"},"schema":{"@context":"https:\/\/schema.org","@graph":[{"@type":"Article","@id":"https:\/\/redenoticiaz.com.br\/litoralsp\/2023\/08\/20\/vai-ter-troco-primeira-gravacao-de-ludmilla-para-o-cinema#article","isPartOf":{"@id":"https:\/\/redenoticiaz.com.br\/litoralsp\/2023\/08\/20\/vai-ter-troco-primeira-gravacao-de-ludmilla-para-o-cinema"},"author":{"name":"Carina Reifonas","@id":"https:\/\/redenoticiaz.com.br\/litoralsp\/#\/schema\/person\/1f84d6e94e6a62d2d81199d7503e9e90"},"headline":"Vai Ter Troco &#8211; Primeira grava\u00e7\u00e3o de Ludmilla para o cinema","datePublished":"2023-08-20T15:00:12+00:00","mainEntityOfPage":{"@id":"https:\/\/redenoticiaz.com.br\/litoralsp\/2023\/08\/20\/vai-ter-troco-primeira-gravacao-de-ludmilla-para-o-cinema"},"wordCount":248,"commentCount":0,"publisher":{"@id":"https:\/\/redenoticiaz.com.br\/litoralsp\/#organization"},"image":{"@id":"https:\/\/redenoticiaz.com.br\/litoralsp\/2023\/08\/20\/vai-ter-troco-primeira-gravacao-de-ludmilla-para-o-cinema#primaryimage"},"thumbnailUrl":"https:\/\/redenoticiaz.com.br\/litoralsp\/wp-content\/uploads\/sites\/3\/2023\/08\/Vai-Ter-Troco-Primeira-gravacao-de-Ludmilla-para-o-cinema.jpg?v=1692305820","keywords":["CANTORA","CINEMA","LUDMILLA","vai ter troco"],"articleSection":["C\u00e2mera Z"],"inLanguage":"pt-BR","potentialAction":[{"@type":"CommentAction","name":"Comment","target":["https:\/\/redenoticiaz.com.br\/litoralsp\/2023\/08\/20\/vai-ter-troco-primeira-gravacao-de-ludmilla-para-o-cinema#respond"]}]},{"@type":"WebPage","@id":"https:\/\/redenoticiaz.com.br\/litoralsp\/2023\/08\/20\/vai-ter-troco-primeira-gravacao-de-ludmilla-para-o-cinema","url":"https:\/\/redenoticiaz.com.br\/litoralsp\/2023\/08\/20\/vai-ter-troco-primeira-gravacao-de-ludmilla-para-o-cinema","name":"Vai Ter Troco &#8211; Primeira grava\u00e7\u00e3o de Ludmilla para o cinema - Litoral SP","isPartOf":{"@id":"https:\/\/redenoticiaz.com.br\/litoralsp\/#website"},"primaryImageOfPage":{"@id":"https:\/\/redenoticiaz.com.br\/litoralsp\/2023\/08\/20\/vai-ter-troco-primeira-gravacao-de-ludmilla-para-o-cinema#primaryimage"},"image":{"@id":"https:\/\/redenoticiaz.com.br\/litoralsp\/2023\/08\/20\/vai-ter-troco-primeira-gravacao-de-ludmilla-para-o-cinema#primaryimage"},"thumbnailUrl":"https:\/\/redenoticiaz.com.br\/litoralsp\/wp-content\/uploads\/sites\/3\/2023\/08\/Vai-Ter-Troco-Primeira-gravacao-de-Ludmilla-para-o-cinema.jpg?v=1692305820","datePublished":"2023-08-20T15:00:12+00:00","description":"\"Vai Ter Troco\" acaba de chegar nos cinemas brasileiros! Produzido por Diane Maia, o longa apresenta um enredo que promete boas gargalhadas","inLanguage":"pt-BR","potentialAction":[{"@type":"ReadAction","target":["https:\/\/redenoticiaz.com.br\/litoralsp\/2023\/08\/20\/vai-ter-troco-primeira-gravacao-de-ludmilla-para-o-cinema"]}]},{"@type":"ImageObject","inLanguage":"pt-BR","@id":"https:\/\/redenoticiaz.com.br\/litoralsp\/2023\/08\/20\/vai-ter-troco-primeira-gravacao-de-ludmilla-para-o-cinema#primaryimage","url":"https:\/\/redenoticiaz.com.br\/litoralsp\/wp-content\/uploads\/sites\/3\/2023\/08\/Vai-Ter-Troco-Primeira-gravacao-de-Ludmilla-para-o-cinema.jpg?v=1692305820","contentUrl":"https:\/\/redenoticiaz.com.br\/litoralsp\/wp-content\/uploads\/sites\/3\/2023\/08\/Vai-Ter-Troco-Primeira-gravacao-de-Ludmilla-para-o-cinema.jpg?v=1692305820","width":567,"height":575,"caption":"Cr\u00e9dito: Divulga\u00e7\u00e3o"},{"@type":"WebSite","@id":"https:\/\/redenoticiaz.com.br\/litoralsp\/#website","url":"https:\/\/redenoticiaz.com.br\/litoralsp\/","name":"Litoral SP","description":"Rede NoticiaZ","publisher":{"@id":"https:\/\/redenoticiaz.com.br\/litoralsp\/#organization"},"potentialAction":[{"@type":"SearchAction","target":{"@type":"EntryPoint","urlTemplate":"https:\/\/redenoticiaz.com.br\/litoralsp\/?s={search_term_string}"},"query-input":{"@type":"PropertyValueSpecification","valueRequired":true,"valueName":"search_term_string"}}],"inLanguage":"pt-BR"},{"@type":"Organization","@id":"https:\/\/redenoticiaz.com.br\/litoralsp\/#organization","name":"Litoral SP","url":"https:\/\/redenoticiaz.com.br\/litoralsp\/","logo":{"@type":"ImageObject","inLanguage":"pt-BR","@id":"https:\/\/redenoticiaz.com.br\/litoralsp\/#\/schema\/logo\/image\/","url":"https:\/\/redenoticiaz.com.br\/litoralsp\/wp-content\/uploads\/sites\/3\/2020\/11\/logo.jpg","contentUrl":"https:\/\/redenoticiaz.com.br\/litoralsp\/wp-content\/uploads\/sites\/3\/2020\/11\/logo.jpg","width":400,"height":250,"caption":"Litoral SP"},"image":{"@id":"https:\/\/redenoticiaz.com.br\/litoralsp\/#\/schema\/logo\/image\/"}},{"@type":"Person","@id":"https:\/\/redenoticiaz.com.br\/litoralsp\/#\/schema\/person\/1f84d6e94e6a62d2d81199d7503e9e90","name":"Carina Reifonas","image":{"@type":"ImageObject","inLanguage":"pt-BR","@id":"https:\/\/secure.gravatar.com\/avatar\/04c59859b23696cf867715880f81d5c037e60109730bdb4e6670ec2a2245bc97?s=96&d=mm&r=g","url":"https:\/\/secure.gravatar.com\/avatar\/04c59859b23696cf867715880f81d5c037e60109730bdb4e6670ec2a2245bc97?s=96&d=mm&r=g","contentUrl":"https:\/\/secure.gravatar.com\/avatar\/04c59859b23696cf867715880f81d5c037e60109730bdb4e6670ec2a2245bc97?s=96&d=mm&r=g","caption":"Carina Reifonas"},"url":"https:\/\/redenoticiaz.com.br\/litoralsp\/author\/carinareifonas"}]}},"_links":{"self":[{"href":"https:\/\/redenoticiaz.com.br\/litoralsp\/wp-json\/wp\/v2\/posts\/109601","targetHints":{"allow":["GET"]}}],"collection":[{"href":"https:\/\/redenoticiaz.com.br\/litoralsp\/wp-json\/wp\/v2\/posts"}],"about":[{"href":"https:\/\/redenoticiaz.com.br\/litoralsp\/wp-json\/wp\/v2\/types\/post"}],"author":[{"embeddable":true,"href":"https:\/\/redenoticiaz.com.br\/litoralsp\/wp-json\/wp\/v2\/users\/30"}],"replies":[{"embeddable":true,"href":"https:\/\/redenoticiaz.com.br\/litoralsp\/wp-json\/wp\/v2\/comments?post=109601"}],"version-history":[{"count":0,"href":"https:\/\/redenoticiaz.com.br\/litoralsp\/wp-json\/wp\/v2\/posts\/109601\/revisions"}],"wp:featuredmedia":[{"embeddable":true,"href":"https:\/\/redenoticiaz.com.br\/litoralsp\/wp-json\/wp\/v2\/media\/109602"}],"wp:attachment":[{"href":"https:\/\/redenoticiaz.com.br\/litoralsp\/wp-json\/wp\/v2\/media?parent=109601"}],"wp:term":[{"taxonomy":"category","embeddable":true,"href":"https:\/\/redenoticiaz.com.br\/litoralsp\/wp-json\/wp\/v2\/categories?post=109601"},{"taxonomy":"post_tag","embeddable":true,"href":"https:\/\/redenoticiaz.com.br\/litoralsp\/wp-json\/wp\/v2\/tags?post=109601"}],"curies":[{"name":"wp","href":"https:\/\/api.w.org\/{rel}","templated":true}]}}