{"id":109767,"date":"2023-08-27T07:00:31","date_gmt":"2023-08-27T10:00:31","guid":{"rendered":"https:\/\/redenoticiaz.com.br\/litoralsp\/?p=109767"},"modified":"2023-08-24T12:48:14","modified_gmt":"2023-08-24T15:48:14","slug":"calor-forte-pode-prejudicar-a-saude-veja-dicas-para-nao-sofrer-nessa-epoca-do-ano","status":"publish","type":"post","link":"https:\/\/redenoticiaz.com.br\/litoralsp\/2023\/08\/27\/calor-forte-pode-prejudicar-a-saude-veja-dicas-para-nao-sofrer-nessa-epoca-do-ano","title":{"rendered":"Calor forte pode prejudicar a sa\u00fade; veja dicas para n\u00e3o sofrer nessa \u00e9poca do ano"},"content":{"rendered":"<p data-reader-unique-id=\"1\">O <strong>calor forte e a baixa umidade registrados em boa parte do pa\u00eds devem permanecer firmes ao longo de toda a semana<\/strong>. Segundo proje\u00e7\u00f5es do Instituto Nacional de Meteorologia (Inmet), os \u00edndices de umidade relativa do ar devem oscilar entre 20% e 30% em cidades das regi\u00f5es Centro-Oeste, Nordeste e Sudeste.<\/p>\n<p data-gtm-vis-first-on-screen-104869357_94=\"30149\" data-gtm-vis-total-visible-time-104869357_94=\"100\" data-gtm-vis-has-fired-104869357_94=\"1\" data-reader-unique-id=\"8\">Em S\u00e3o Paulo, por exemplo, a umidade relativa do ar tem variado de 10% a 15% em algumas localidades. A baixa qualidade do clima chama a aten\u00e7\u00e3o para cuidados com a sa\u00fade, especialmente a respirat\u00f3ria.<\/p>\n<h4 data-reader-unique-id=\"36\">Veja cuidados contra o calor<\/h4>\n<ul data-reader-unique-id=\"37\">\n<li data-reader-unique-id=\"38\">Tome bastante \u00e1gua para manter as mucosas das vias a\u00e9reas hidratadas;<\/li>\n<li data-reader-unique-id=\"40\">Fa\u00e7a refei\u00e7\u00f5es leves com legumes e verduras, consuma frutas nos intervalos das refei\u00e7\u00f5es;<\/li>\n<li data-reader-unique-id=\"42\">Evite os descongestionantes nasais, sobretudo sem indica\u00e7\u00e3o m\u00e9dica;<\/li>\n<li data-reader-unique-id=\"43\">Evite fumar, pois a fuma\u00e7a do cigarro provoca rea\u00e7\u00f5es al\u00e9rgicas, al\u00e9m de irrita\u00e7\u00e3o das mucosas;<\/li>\n<li data-reader-unique-id=\"44\">Use soro fisiol\u00f3gico para hidrata\u00e7\u00e3o das vias \u00e1reas;<\/li>\n<li data-reader-unique-id=\"45\">Escolha hor\u00e1rios de temperatura mais amena para realizar suas atividades f\u00edsicas;<\/li>\n<li data-reader-unique-id=\"46\">Mantenha a casa sempre arejada e tenha aten\u00e7\u00e3o redobrada com a limpeza de itens que possam acumular poeira;<\/li>\n<li data-reader-unique-id=\"47\">Evite aglomera\u00e7\u00f5es e a perman\u00eancia prolongada em ambientes fechados ou com ar-condicionado.<\/li>\n<\/ul>\n<p><em><strong>LEIA MAIS<\/strong><\/em><br \/>\n<a href=\"https:\/\/redenoticiaz.com.br\/blog\/2023\/08\/24\/caminhao-desce-rua-e-atinge-muro-de-uma-casa-em-varzea-paulista\">Caminh\u00e3o desce rua e atinge muro de uma casa em V\u00e1rzea Paulista<\/a><\/p>\n","protected":false},"excerpt":{"rendered":"<p>O calor forte e a baixa umidade registrados em boa parte do pa\u00eds devem permanecer firmes ao longo de toda a semana. Segundo proje\u00e7\u00f5es do Instituto Nacional de Meteorologia (Inmet), os \u00edndices de umidade relativa do ar devem oscilar entre 20% e 30% em cidades das regi\u00f5es Centro-Oeste, Nordeste e Sudeste. Em S\u00e3o Paulo, por &hellip;<\/p>\n","protected":false},"author":11,"featured_media":109768,"comment_status":"open","ping_status":"closed","sticky":false,"template":"","format":"standard","meta":{"footnotes":""},"categories":[23],"tags":[66867,66868,62041,58121],"class_list":["post-109767","post","type-post","status-publish","format-standard","has-post-thumbnail","hentry","category-saude","tag-calor-forte","tag-clima-seco","tag-dicas-de-saude","tag-tempo-seco"],"yoast_head":"<!-- This site is optimized with the Yoast SEO plugin v27.4 - https:\/\/yoast.com\/product\/yoast-seo-wordpress\/ -->\n<title>Calor forte pode prejudicar a sa\u00fade; veja dicas para n\u00e3o sofrer nessa \u00e9poca do ano - Litoral SP<\/title>\n<meta name=\"description\" content=\"O calor forte e a baixa umidade registrados em boa parte do pa\u00eds devem permanecer firmes ao longo de toda a semana.\" \/>\n<meta name=\"robots\" content=\"index, follow, max-snippet:-1, max-image-preview:large, max-video-preview:-1\" \/>\n<link rel=\"canonical\" href=\"https:\/\/redenoticiaz.com.br\/litoralsp\/2023\/08\/27\/calor-forte-pode-prejudicar-a-saude-veja-dicas-para-nao-sofrer-nessa-epoca-do-ano\" \/>\n<meta property=\"og:locale\" content=\"pt_BR\" \/>\n<meta property=\"og:type\" content=\"article\" \/>\n<meta property=\"og:title\" content=\"Calor forte pode prejudicar a sa\u00fade; veja dicas para n\u00e3o sofrer nessa \u00e9poca do ano - Litoral SP\" \/>\n<meta property=\"og:description\" content=\"O calor forte e a baixa umidade registrados em boa parte do pa\u00eds devem permanecer firmes ao longo de toda a semana.\" \/>\n<meta property=\"og:url\" content=\"https:\/\/redenoticiaz.com.br\/litoralsp\/2023\/08\/27\/calor-forte-pode-prejudicar-a-saude-veja-dicas-para-nao-sofrer-nessa-epoca-do-ano\" \/>\n<meta property=\"og:site_name\" content=\"Litoral SP\" \/>\n<meta property=\"article:published_time\" content=\"2023-08-27T10:00:31+00:00\" \/>\n<meta name=\"twitter:card\" content=\"summary_large_image\" \/>\n<meta name=\"twitter:label1\" content=\"Escrito por\" \/>\n\t<meta name=\"twitter:data1\" content=\"\" \/>\n\t<meta name=\"twitter:label2\" content=\"Est. tempo de leitura\" \/>\n\t<meta name=\"twitter:data2\" content=\"2 minutos\" \/>\n<script type=\"application\/ld+json\" class=\"yoast-schema-graph\">{\"@context\":\"https:\\\/\\\/schema.org\",\"@graph\":[{\"@type\":\"Article\",\"@id\":\"https:\\\/\\\/redenoticiaz.com.br\\\/litoralsp\\\/2023\\\/08\\\/27\\\/calor-forte-pode-prejudicar-a-saude-veja-dicas-para-nao-sofrer-nessa-epoca-do-ano#article\",\"isPartOf\":{\"@id\":\"https:\\\/\\\/redenoticiaz.com.br\\\/litoralsp\\\/2023\\\/08\\\/27\\\/calor-forte-pode-prejudicar-a-saude-veja-dicas-para-nao-sofrer-nessa-epoca-do-ano\"},\"author\":{\"name\":\"\",\"@id\":\"\"},\"headline\":\"Calor forte pode prejudicar a sa\u00fade; veja dicas para n\u00e3o sofrer nessa \u00e9poca do ano\",\"datePublished\":\"2023-08-27T10:00:31+00:00\",\"mainEntityOfPage\":{\"@id\":\"https:\\\/\\\/redenoticiaz.com.br\\\/litoralsp\\\/2023\\\/08\\\/27\\\/calor-forte-pode-prejudicar-a-saude-veja-dicas-para-nao-sofrer-nessa-epoca-do-ano\"},\"wordCount\":241,\"commentCount\":0,\"publisher\":{\"@id\":\"https:\\\/\\\/redenoticiaz.com.br\\\/litoralsp\\\/#organization\"},\"image\":{\"@id\":\"https:\\\/\\\/redenoticiaz.com.br\\\/litoralsp\\\/2023\\\/08\\\/27\\\/calor-forte-pode-prejudicar-a-saude-veja-dicas-para-nao-sofrer-nessa-epoca-do-ano#primaryimage\"},\"thumbnailUrl\":\"https:\\\/\\\/redenoticiaz.com.br\\\/litoralsp\\\/wp-content\\\/uploads\\\/sites\\\/3\\\/2023\\\/08\\\/Captura-de-Tela-2023-08-24-as-12.38.37.jpg?v=1692891528\",\"keywords\":[\"CALOR FORTE\",\"clima seco\",\"DICAS DE SA\u00daDE\",\"tempo seco\"],\"articleSection\":[\"Sa\u00fade\"],\"inLanguage\":\"pt-BR\",\"potentialAction\":[{\"@type\":\"CommentAction\",\"name\":\"Comment\",\"target\":[\"https:\\\/\\\/redenoticiaz.com.br\\\/litoralsp\\\/2023\\\/08\\\/27\\\/calor-forte-pode-prejudicar-a-saude-veja-dicas-para-nao-sofrer-nessa-epoca-do-ano#respond\"]}]},{\"@type\":\"WebPage\",\"@id\":\"https:\\\/\\\/redenoticiaz.com.br\\\/litoralsp\\\/2023\\\/08\\\/27\\\/calor-forte-pode-prejudicar-a-saude-veja-dicas-para-nao-sofrer-nessa-epoca-do-ano\",\"url\":\"https:\\\/\\\/redenoticiaz.com.br\\\/litoralsp\\\/2023\\\/08\\\/27\\\/calor-forte-pode-prejudicar-a-saude-veja-dicas-para-nao-sofrer-nessa-epoca-do-ano\",\"name\":\"Calor forte pode prejudicar a sa\u00fade; veja dicas para n\u00e3o sofrer nessa \u00e9poca do ano - Litoral SP\",\"isPartOf\":{\"@id\":\"https:\\\/\\\/redenoticiaz.com.br\\\/litoralsp\\\/#website\"},\"primaryImageOfPage\":{\"@id\":\"https:\\\/\\\/redenoticiaz.com.br\\\/litoralsp\\\/2023\\\/08\\\/27\\\/calor-forte-pode-prejudicar-a-saude-veja-dicas-para-nao-sofrer-nessa-epoca-do-ano#primaryimage\"},\"image\":{\"@id\":\"https:\\\/\\\/redenoticiaz.com.br\\\/litoralsp\\\/2023\\\/08\\\/27\\\/calor-forte-pode-prejudicar-a-saude-veja-dicas-para-nao-sofrer-nessa-epoca-do-ano#primaryimage\"},\"thumbnailUrl\":\"https:\\\/\\\/redenoticiaz.com.br\\\/litoralsp\\\/wp-content\\\/uploads\\\/sites\\\/3\\\/2023\\\/08\\\/Captura-de-Tela-2023-08-24-as-12.38.37.jpg?v=1692891528\",\"datePublished\":\"2023-08-27T10:00:31+00:00\",\"description\":\"O calor forte e a baixa umidade registrados em boa parte do pa\u00eds devem permanecer firmes ao longo de toda a semana.\",\"inLanguage\":\"pt-BR\",\"potentialAction\":[{\"@type\":\"ReadAction\",\"target\":[\"https:\\\/\\\/redenoticiaz.com.br\\\/litoralsp\\\/2023\\\/08\\\/27\\\/calor-forte-pode-prejudicar-a-saude-veja-dicas-para-nao-sofrer-nessa-epoca-do-ano\"]}]},{\"@type\":\"ImageObject\",\"inLanguage\":\"pt-BR\",\"@id\":\"https:\\\/\\\/redenoticiaz.com.br\\\/litoralsp\\\/2023\\\/08\\\/27\\\/calor-forte-pode-prejudicar-a-saude-veja-dicas-para-nao-sofrer-nessa-epoca-do-ano#primaryimage\",\"url\":\"https:\\\/\\\/redenoticiaz.com.br\\\/litoralsp\\\/wp-content\\\/uploads\\\/sites\\\/3\\\/2023\\\/08\\\/Captura-de-Tela-2023-08-24-as-12.38.37.jpg?v=1692891528\",\"contentUrl\":\"https:\\\/\\\/redenoticiaz.com.br\\\/litoralsp\\\/wp-content\\\/uploads\\\/sites\\\/3\\\/2023\\\/08\\\/Captura-de-Tela-2023-08-24-as-12.38.37.jpg?v=1692891528\",\"width\":573,\"height\":345,\"caption\":\"Foto: Divulga\u00e7\u00e3o\"},{\"@type\":\"WebSite\",\"@id\":\"https:\\\/\\\/redenoticiaz.com.br\\\/litoralsp\\\/#website\",\"url\":\"https:\\\/\\\/redenoticiaz.com.br\\\/litoralsp\\\/\",\"name\":\"Litoral SP\",\"description\":\"Rede NoticiaZ\",\"publisher\":{\"@id\":\"https:\\\/\\\/redenoticiaz.com.br\\\/litoralsp\\\/#organization\"},\"potentialAction\":[{\"@type\":\"SearchAction\",\"target\":{\"@type\":\"EntryPoint\",\"urlTemplate\":\"https:\\\/\\\/redenoticiaz.com.br\\\/litoralsp\\\/?s={search_term_string}\"},\"query-input\":{\"@type\":\"PropertyValueSpecification\",\"valueRequired\":true,\"valueName\":\"search_term_string\"}}],\"inLanguage\":\"pt-BR\"},{\"@type\":\"Organization\",\"@id\":\"https:\\\/\\\/redenoticiaz.com.br\\\/litoralsp\\\/#organization\",\"name\":\"Litoral SP\",\"url\":\"https:\\\/\\\/redenoticiaz.com.br\\\/litoralsp\\\/\",\"logo\":{\"@type\":\"ImageObject\",\"inLanguage\":\"pt-BR\",\"@id\":\"https:\\\/\\\/redenoticiaz.com.br\\\/litoralsp\\\/#\\\/schema\\\/logo\\\/image\\\/\",\"url\":\"https:\\\/\\\/redenoticiaz.com.br\\\/litoralsp\\\/wp-content\\\/uploads\\\/sites\\\/3\\\/2020\\\/11\\\/logo.jpg\",\"contentUrl\":\"https:\\\/\\\/redenoticiaz.com.br\\\/litoralsp\\\/wp-content\\\/uploads\\\/sites\\\/3\\\/2020\\\/11\\\/logo.jpg\",\"width\":400,\"height\":250,\"caption\":\"Litoral SP\"},\"image\":{\"@id\":\"https:\\\/\\\/redenoticiaz.com.br\\\/litoralsp\\\/#\\\/schema\\\/logo\\\/image\\\/\"}},{\"@type\":\"Person\",\"@id\":\"\",\"url\":\"https:\\\/\\\/redenoticiaz.com.br\\\/litoralsp\\\/author\"}]}<\/script>\n<!-- \/ Yoast SEO plugin. -->","yoast_head_json":{"title":"Calor forte pode prejudicar a sa\u00fade; veja dicas para n\u00e3o sofrer nessa \u00e9poca do ano - Litoral SP","description":"O calor forte e a baixa umidade registrados em boa parte do pa\u00eds devem permanecer firmes ao longo de toda a semana.","robots":{"index":"index","follow":"follow","max-snippet":"max-snippet:-1","max-image-preview":"max-image-preview:large","max-video-preview":"max-video-preview:-1"},"canonical":"https:\/\/redenoticiaz.com.br\/litoralsp\/2023\/08\/27\/calor-forte-pode-prejudicar-a-saude-veja-dicas-para-nao-sofrer-nessa-epoca-do-ano","og_locale":"pt_BR","og_type":"article","og_title":"Calor forte pode prejudicar a sa\u00fade; veja dicas para n\u00e3o sofrer nessa \u00e9poca do ano - Litoral SP","og_description":"O calor forte e a baixa umidade registrados em boa parte do pa\u00eds devem permanecer firmes ao longo de toda a semana.","og_url":"https:\/\/redenoticiaz.com.br\/litoralsp\/2023\/08\/27\/calor-forte-pode-prejudicar-a-saude-veja-dicas-para-nao-sofrer-nessa-epoca-do-ano","og_site_name":"Litoral SP","article_published_time":"2023-08-27T10:00:31+00:00","twitter_card":"summary_large_image","twitter_misc":{"Escrito por":"","Est. tempo de leitura":"2 minutos"},"schema":{"@context":"https:\/\/schema.org","@graph":[{"@type":"Article","@id":"https:\/\/redenoticiaz.com.br\/litoralsp\/2023\/08\/27\/calor-forte-pode-prejudicar-a-saude-veja-dicas-para-nao-sofrer-nessa-epoca-do-ano#article","isPartOf":{"@id":"https:\/\/redenoticiaz.com.br\/litoralsp\/2023\/08\/27\/calor-forte-pode-prejudicar-a-saude-veja-dicas-para-nao-sofrer-nessa-epoca-do-ano"},"author":{"name":"","@id":""},"headline":"Calor forte pode prejudicar a sa\u00fade; veja dicas para n\u00e3o sofrer nessa \u00e9poca do ano","datePublished":"2023-08-27T10:00:31+00:00","mainEntityOfPage":{"@id":"https:\/\/redenoticiaz.com.br\/litoralsp\/2023\/08\/27\/calor-forte-pode-prejudicar-a-saude-veja-dicas-para-nao-sofrer-nessa-epoca-do-ano"},"wordCount":241,"commentCount":0,"publisher":{"@id":"https:\/\/redenoticiaz.com.br\/litoralsp\/#organization"},"image":{"@id":"https:\/\/redenoticiaz.com.br\/litoralsp\/2023\/08\/27\/calor-forte-pode-prejudicar-a-saude-veja-dicas-para-nao-sofrer-nessa-epoca-do-ano#primaryimage"},"thumbnailUrl":"https:\/\/redenoticiaz.com.br\/litoralsp\/wp-content\/uploads\/sites\/3\/2023\/08\/Captura-de-Tela-2023-08-24-as-12.38.37.jpg?v=1692891528","keywords":["CALOR FORTE","clima seco","DICAS DE SA\u00daDE","tempo seco"],"articleSection":["Sa\u00fade"],"inLanguage":"pt-BR","potentialAction":[{"@type":"CommentAction","name":"Comment","target":["https:\/\/redenoticiaz.com.br\/litoralsp\/2023\/08\/27\/calor-forte-pode-prejudicar-a-saude-veja-dicas-para-nao-sofrer-nessa-epoca-do-ano#respond"]}]},{"@type":"WebPage","@id":"https:\/\/redenoticiaz.com.br\/litoralsp\/2023\/08\/27\/calor-forte-pode-prejudicar-a-saude-veja-dicas-para-nao-sofrer-nessa-epoca-do-ano","url":"https:\/\/redenoticiaz.com.br\/litoralsp\/2023\/08\/27\/calor-forte-pode-prejudicar-a-saude-veja-dicas-para-nao-sofrer-nessa-epoca-do-ano","name":"Calor forte pode prejudicar a sa\u00fade; veja dicas para n\u00e3o sofrer nessa \u00e9poca do ano - Litoral SP","isPartOf":{"@id":"https:\/\/redenoticiaz.com.br\/litoralsp\/#website"},"primaryImageOfPage":{"@id":"https:\/\/redenoticiaz.com.br\/litoralsp\/2023\/08\/27\/calor-forte-pode-prejudicar-a-saude-veja-dicas-para-nao-sofrer-nessa-epoca-do-ano#primaryimage"},"image":{"@id":"https:\/\/redenoticiaz.com.br\/litoralsp\/2023\/08\/27\/calor-forte-pode-prejudicar-a-saude-veja-dicas-para-nao-sofrer-nessa-epoca-do-ano#primaryimage"},"thumbnailUrl":"https:\/\/redenoticiaz.com.br\/litoralsp\/wp-content\/uploads\/sites\/3\/2023\/08\/Captura-de-Tela-2023-08-24-as-12.38.37.jpg?v=1692891528","datePublished":"2023-08-27T10:00:31+00:00","description":"O calor forte e a baixa umidade registrados em boa parte do pa\u00eds devem permanecer firmes ao longo de toda a semana.","inLanguage":"pt-BR","potentialAction":[{"@type":"ReadAction","target":["https:\/\/redenoticiaz.com.br\/litoralsp\/2023\/08\/27\/calor-forte-pode-prejudicar-a-saude-veja-dicas-para-nao-sofrer-nessa-epoca-do-ano"]}]},{"@type":"ImageObject","inLanguage":"pt-BR","@id":"https:\/\/redenoticiaz.com.br\/litoralsp\/2023\/08\/27\/calor-forte-pode-prejudicar-a-saude-veja-dicas-para-nao-sofrer-nessa-epoca-do-ano#primaryimage","url":"https:\/\/redenoticiaz.com.br\/litoralsp\/wp-content\/uploads\/sites\/3\/2023\/08\/Captura-de-Tela-2023-08-24-as-12.38.37.jpg?v=1692891528","contentUrl":"https:\/\/redenoticiaz.com.br\/litoralsp\/wp-content\/uploads\/sites\/3\/2023\/08\/Captura-de-Tela-2023-08-24-as-12.38.37.jpg?v=1692891528","width":573,"height":345,"caption":"Foto: Divulga\u00e7\u00e3o"},{"@type":"WebSite","@id":"https:\/\/redenoticiaz.com.br\/litoralsp\/#website","url":"https:\/\/redenoticiaz.com.br\/litoralsp\/","name":"Litoral SP","description":"Rede NoticiaZ","publisher":{"@id":"https:\/\/redenoticiaz.com.br\/litoralsp\/#organization"},"potentialAction":[{"@type":"SearchAction","target":{"@type":"EntryPoint","urlTemplate":"https:\/\/redenoticiaz.com.br\/litoralsp\/?s={search_term_string}"},"query-input":{"@type":"PropertyValueSpecification","valueRequired":true,"valueName":"search_term_string"}}],"inLanguage":"pt-BR"},{"@type":"Organization","@id":"https:\/\/redenoticiaz.com.br\/litoralsp\/#organization","name":"Litoral SP","url":"https:\/\/redenoticiaz.com.br\/litoralsp\/","logo":{"@type":"ImageObject","inLanguage":"pt-BR","@id":"https:\/\/redenoticiaz.com.br\/litoralsp\/#\/schema\/logo\/image\/","url":"https:\/\/redenoticiaz.com.br\/litoralsp\/wp-content\/uploads\/sites\/3\/2020\/11\/logo.jpg","contentUrl":"https:\/\/redenoticiaz.com.br\/litoralsp\/wp-content\/uploads\/sites\/3\/2020\/11\/logo.jpg","width":400,"height":250,"caption":"Litoral SP"},"image":{"@id":"https:\/\/redenoticiaz.com.br\/litoralsp\/#\/schema\/logo\/image\/"}},{"@type":"Person","@id":"","url":"https:\/\/redenoticiaz.com.br\/litoralsp\/author"}]}},"_links":{"self":[{"href":"https:\/\/redenoticiaz.com.br\/litoralsp\/wp-json\/wp\/v2\/posts\/109767","targetHints":{"allow":["GET"]}}],"collection":[{"href":"https:\/\/redenoticiaz.com.br\/litoralsp\/wp-json\/wp\/v2\/posts"}],"about":[{"href":"https:\/\/redenoticiaz.com.br\/litoralsp\/wp-json\/wp\/v2\/types\/post"}],"author":[{"embeddable":true,"href":"https:\/\/redenoticiaz.com.br\/litoralsp\/wp-json\/wp\/v2\/users\/11"}],"replies":[{"embeddable":true,"href":"https:\/\/redenoticiaz.com.br\/litoralsp\/wp-json\/wp\/v2\/comments?post=109767"}],"version-history":[{"count":0,"href":"https:\/\/redenoticiaz.com.br\/litoralsp\/wp-json\/wp\/v2\/posts\/109767\/revisions"}],"wp:featuredmedia":[{"embeddable":true,"href":"https:\/\/redenoticiaz.com.br\/litoralsp\/wp-json\/wp\/v2\/media\/109768"}],"wp:attachment":[{"href":"https:\/\/redenoticiaz.com.br\/litoralsp\/wp-json\/wp\/v2\/media?parent=109767"}],"wp:term":[{"taxonomy":"category","embeddable":true,"href":"https:\/\/redenoticiaz.com.br\/litoralsp\/wp-json\/wp\/v2\/categories?post=109767"},{"taxonomy":"post_tag","embeddable":true,"href":"https:\/\/redenoticiaz.com.br\/litoralsp\/wp-json\/wp\/v2\/tags?post=109767"}],"curies":[{"name":"wp","href":"https:\/\/api.w.org\/{rel}","templated":true}]}}