{"id":109778,"date":"2023-08-24T17:06:43","date_gmt":"2023-08-24T20:06:43","guid":{"rendered":"https:\/\/redenoticiaz.com.br\/litoralsp\/2023\/08\/24\/faustao-instagram-derruba-conta-feita-pela-familia-do-apresentador"},"modified":"2023-08-24T17:06:43","modified_gmt":"2023-08-24T20:06:43","slug":"faustao-instagram-derruba-conta-feita-pela-familia-do-apresentador","status":"publish","type":"post","link":"https:\/\/redenoticiaz.com.br\/litoralsp\/2023\/08\/24\/faustao-instagram-derruba-conta-feita-pela-familia-do-apresentador","title":{"rendered":"Faust\u00e3o &#8211; Instagram derruba conta feita pela fam\u00edlia do apresentador"},"content":{"rendered":"<p>Uma iniciativa da fam\u00edlia de Faust\u00e3o para trazer \u00e0 tona hist\u00f3rias inspiradoras de pessoas que passaram por transplantes de cora\u00e7\u00e3o sofreu um rev\u00e9s inesperado. O perfil no Instagram intitulado &#8220;Faust\u00e3o do Meu Cora\u00e7\u00e3o&#8221;, dedicado a compartilhar essas hist\u00f3rias de supera\u00e7\u00e3o, foi removido pela plataforma, apesar de ter apenas duas publica\u00e7\u00f5es no ar. A not\u00edcia veio atrav\u00e9s de Luciana Cardoso, esposa do apresentador, que lamentou o ocorrido em um post compartilhado na rede social.<\/p>\n<p>Luciana Cardoso expressou sua frustra\u00e7\u00e3o diante da situa\u00e7\u00e3o, criticando a postura da plataforma que parece negligenciar conte\u00fado inadequado, enquanto suprimiu a oportunidade de difundir uma causa nobre. Em suas palavras: &#8220;Complicado tanta pornografia no Instagram e eles fazem vista grossa quando podemos mudar a mentalidade do brasileiro para uma causa t\u00e3o nobre.&#8221; Ela destacou o poder de transforma\u00e7\u00e3o que iniciativas como essa podem trazer ao pa\u00eds, potencialmente alavancando o Brasil para se tornar l\u00edder mundial em doa\u00e7\u00f5es de \u00f3rg\u00e3os.<\/p>\n<p>Luciana Cardoso enfatizou o desejo de mudar gera\u00e7\u00f5es e o pa\u00eds para melhor, mas lamentou a interfer\u00eancia que barrou esse esfor\u00e7o: &#8220;Infelizmente o mal j\u00e1 tomou conta do mundo e n\u00f3s temos que nos unir para fazer a coisa certa!&#8221;<\/p>\n<p>LEIA MAIS<\/p>\n<p><a href=\"https:\/\/redenoticiaz.com.br\/blog\/2023\/08\/24\/video-incendio-atinge-torres-de-resfriamento-do-instituto-do-coracao\">V\u00cdDEO \u2013 Inc\u00eandio atinge torres de resfriamento do Instituto do Cora\u00e7\u00e3o<\/a><\/p>\n","protected":false},"excerpt":{"rendered":"<p>Uma iniciativa da fam\u00edlia de Faust\u00e3o para trazer \u00e0 tona hist\u00f3rias inspiradoras de pessoas que passaram por transplantes de cora\u00e7\u00e3o sofreu um rev\u00e9s inesperado. O perfil no Instagram intitulado &#8220;Faust\u00e3o do Meu Cora\u00e7\u00e3o&#8221;, dedicado a compartilhar essas hist\u00f3rias de supera\u00e7\u00e3o, foi removido pela plataforma, apesar de ter apenas duas publica\u00e7\u00f5es no ar. A not\u00edcia veio &hellip;<\/p>\n","protected":false},"author":30,"featured_media":7886,"comment_status":"open","ping_status":"closed","sticky":false,"template":"","format":"standard","meta":{"footnotes":""},"categories":[60954],"tags":[7606,9857,12761,66870],"class_list":["post-109778","post","type-post","status-publish","format-standard","has-post-thumbnail","hentry","category-celebridades","tag-familia","tag-faustao","tag-instagram","tag-transplante"],"yoast_head":"<!-- This site is optimized with the Yoast SEO plugin v27.5 - https:\/\/yoast.com\/product\/yoast-seo-wordpress\/ -->\n<title>Faust\u00e3o &#8211; Instagram derruba conta feita pela fam\u00edlia do apresentador - Litoral SP<\/title>\n<meta name=\"description\" content=\"Iniciativa da fam\u00edlia de Faust\u00e3o nas redes sociais, que mostra hist\u00f3rias inspiradoras de pessoas que passaram por transplantes, sofreu...\" \/>\n<meta name=\"robots\" content=\"index, follow, max-snippet:-1, max-image-preview:large, max-video-preview:-1\" \/>\n<link rel=\"canonical\" href=\"https:\/\/redenoticiaz.com.br\/litoralsp\/2023\/08\/24\/faustao-instagram-derruba-conta-feita-pela-familia-do-apresentador\" \/>\n<meta property=\"og:locale\" content=\"pt_BR\" \/>\n<meta property=\"og:type\" content=\"article\" \/>\n<meta property=\"og:title\" content=\"Faust\u00e3o &#8211; Instagram derruba conta feita pela fam\u00edlia do apresentador - Litoral SP\" \/>\n<meta property=\"og:description\" content=\"Iniciativa da fam\u00edlia de Faust\u00e3o nas redes sociais, que mostra hist\u00f3rias inspiradoras de pessoas que passaram por transplantes, sofreu...\" \/>\n<meta property=\"og:url\" content=\"https:\/\/redenoticiaz.com.br\/litoralsp\/2023\/08\/24\/faustao-instagram-derruba-conta-feita-pela-familia-do-apresentador\" \/>\n<meta property=\"og:site_name\" content=\"Litoral SP\" \/>\n<meta property=\"article:published_time\" content=\"2023-08-24T20:06:43+00:00\" \/>\n<meta property=\"og:image\" content=\"https:\/\/redenoticiaz.com.br\/litoralsp\/wp-content\/uploads\/sites\/3\/2021\/04\/faustao_80c946217313897b11c739527237f0b82825b84b.jpeg\" \/>\n\t<meta property=\"og:image:width\" content=\"730\" \/>\n\t<meta property=\"og:image:height\" content=\"410\" \/>\n\t<meta property=\"og:image:type\" content=\"image\/jpeg\" \/>\n<meta name=\"author\" content=\"Carina Reifonas\" \/>\n<meta name=\"twitter:card\" content=\"summary_large_image\" \/>\n<meta name=\"twitter:label1\" content=\"Escrito por\" \/>\n\t<meta name=\"twitter:data1\" content=\"Carina Reifonas\" \/>\n\t<meta name=\"twitter:label2\" content=\"Est. tempo de leitura\" \/>\n\t<meta name=\"twitter:data2\" content=\"2 minutos\" \/>\n<script type=\"application\/ld+json\" class=\"yoast-schema-graph\">{\"@context\":\"https:\\\/\\\/schema.org\",\"@graph\":[{\"@type\":\"Article\",\"@id\":\"https:\\\/\\\/redenoticiaz.com.br\\\/litoralsp\\\/2023\\\/08\\\/24\\\/faustao-instagram-derruba-conta-feita-pela-familia-do-apresentador#article\",\"isPartOf\":{\"@id\":\"https:\\\/\\\/redenoticiaz.com.br\\\/litoralsp\\\/2023\\\/08\\\/24\\\/faustao-instagram-derruba-conta-feita-pela-familia-do-apresentador\"},\"author\":{\"name\":\"Carina Reifonas\",\"@id\":\"https:\\\/\\\/redenoticiaz.com.br\\\/litoralsp\\\/#\\\/schema\\\/person\\\/1f84d6e94e6a62d2d81199d7503e9e90\"},\"headline\":\"Faust\u00e3o &#8211; Instagram derruba conta feita pela fam\u00edlia do apresentador\",\"datePublished\":\"2023-08-24T20:06:43+00:00\",\"mainEntityOfPage\":{\"@id\":\"https:\\\/\\\/redenoticiaz.com.br\\\/litoralsp\\\/2023\\\/08\\\/24\\\/faustao-instagram-derruba-conta-feita-pela-familia-do-apresentador\"},\"wordCount\":243,\"commentCount\":0,\"publisher\":{\"@id\":\"https:\\\/\\\/redenoticiaz.com.br\\\/litoralsp\\\/#organization\"},\"image\":{\"@id\":\"https:\\\/\\\/redenoticiaz.com.br\\\/litoralsp\\\/2023\\\/08\\\/24\\\/faustao-instagram-derruba-conta-feita-pela-familia-do-apresentador#primaryimage\"},\"thumbnailUrl\":\"https:\\\/\\\/redenoticiaz.com.br\\\/litoralsp\\\/wp-content\\\/uploads\\\/sites\\\/3\\\/2021\\\/04\\\/faustao_80c946217313897b11c739527237f0b82825b84b.jpeg\",\"keywords\":[\"FAM\u00cdLIA\",\"FAUST\u00c3O\",\"INSTAGRAM\",\"transplante\"],\"articleSection\":[\"Celebridades\"],\"inLanguage\":\"pt-BR\",\"potentialAction\":[{\"@type\":\"CommentAction\",\"name\":\"Comment\",\"target\":[\"https:\\\/\\\/redenoticiaz.com.br\\\/litoralsp\\\/2023\\\/08\\\/24\\\/faustao-instagram-derruba-conta-feita-pela-familia-do-apresentador#respond\"]}]},{\"@type\":\"WebPage\",\"@id\":\"https:\\\/\\\/redenoticiaz.com.br\\\/litoralsp\\\/2023\\\/08\\\/24\\\/faustao-instagram-derruba-conta-feita-pela-familia-do-apresentador\",\"url\":\"https:\\\/\\\/redenoticiaz.com.br\\\/litoralsp\\\/2023\\\/08\\\/24\\\/faustao-instagram-derruba-conta-feita-pela-familia-do-apresentador\",\"name\":\"Faust\u00e3o &#8211; Instagram derruba conta feita pela fam\u00edlia do apresentador - Litoral SP\",\"isPartOf\":{\"@id\":\"https:\\\/\\\/redenoticiaz.com.br\\\/litoralsp\\\/#website\"},\"primaryImageOfPage\":{\"@id\":\"https:\\\/\\\/redenoticiaz.com.br\\\/litoralsp\\\/2023\\\/08\\\/24\\\/faustao-instagram-derruba-conta-feita-pela-familia-do-apresentador#primaryimage\"},\"image\":{\"@id\":\"https:\\\/\\\/redenoticiaz.com.br\\\/litoralsp\\\/2023\\\/08\\\/24\\\/faustao-instagram-derruba-conta-feita-pela-familia-do-apresentador#primaryimage\"},\"thumbnailUrl\":\"https:\\\/\\\/redenoticiaz.com.br\\\/litoralsp\\\/wp-content\\\/uploads\\\/sites\\\/3\\\/2021\\\/04\\\/faustao_80c946217313897b11c739527237f0b82825b84b.jpeg\",\"datePublished\":\"2023-08-24T20:06:43+00:00\",\"description\":\"Iniciativa da fam\u00edlia de Faust\u00e3o nas redes sociais, que mostra hist\u00f3rias inspiradoras de pessoas que passaram por transplantes, sofreu...\",\"inLanguage\":\"pt-BR\",\"potentialAction\":[{\"@type\":\"ReadAction\",\"target\":[\"https:\\\/\\\/redenoticiaz.com.br\\\/litoralsp\\\/2023\\\/08\\\/24\\\/faustao-instagram-derruba-conta-feita-pela-familia-do-apresentador\"]}]},{\"@type\":\"ImageObject\",\"inLanguage\":\"pt-BR\",\"@id\":\"https:\\\/\\\/redenoticiaz.com.br\\\/litoralsp\\\/2023\\\/08\\\/24\\\/faustao-instagram-derruba-conta-feita-pela-familia-do-apresentador#primaryimage\",\"url\":\"https:\\\/\\\/redenoticiaz.com.br\\\/litoralsp\\\/wp-content\\\/uploads\\\/sites\\\/3\\\/2021\\\/04\\\/faustao_80c946217313897b11c739527237f0b82825b84b.jpeg\",\"contentUrl\":\"https:\\\/\\\/redenoticiaz.com.br\\\/litoralsp\\\/wp-content\\\/uploads\\\/sites\\\/3\\\/2021\\\/04\\\/faustao_80c946217313897b11c739527237f0b82825b84b.jpeg\",\"width\":730,\"height\":410,\"caption\":\"Na Band, Faust\u00e3o ganhou proje\u00e7\u00e3o nacional e 33 anos depois ele voltar\u00e1 para a emissora paulista.\"},{\"@type\":\"WebSite\",\"@id\":\"https:\\\/\\\/redenoticiaz.com.br\\\/litoralsp\\\/#website\",\"url\":\"https:\\\/\\\/redenoticiaz.com.br\\\/litoralsp\\\/\",\"name\":\"Litoral SP\",\"description\":\"Rede NoticiaZ\",\"publisher\":{\"@id\":\"https:\\\/\\\/redenoticiaz.com.br\\\/litoralsp\\\/#organization\"},\"potentialAction\":[{\"@type\":\"SearchAction\",\"target\":{\"@type\":\"EntryPoint\",\"urlTemplate\":\"https:\\\/\\\/redenoticiaz.com.br\\\/litoralsp\\\/?s={search_term_string}\"},\"query-input\":{\"@type\":\"PropertyValueSpecification\",\"valueRequired\":true,\"valueName\":\"search_term_string\"}}],\"inLanguage\":\"pt-BR\"},{\"@type\":\"Organization\",\"@id\":\"https:\\\/\\\/redenoticiaz.com.br\\\/litoralsp\\\/#organization\",\"name\":\"Litoral SP\",\"url\":\"https:\\\/\\\/redenoticiaz.com.br\\\/litoralsp\\\/\",\"logo\":{\"@type\":\"ImageObject\",\"inLanguage\":\"pt-BR\",\"@id\":\"https:\\\/\\\/redenoticiaz.com.br\\\/litoralsp\\\/#\\\/schema\\\/logo\\\/image\\\/\",\"url\":\"https:\\\/\\\/redenoticiaz.com.br\\\/litoralsp\\\/wp-content\\\/uploads\\\/sites\\\/3\\\/2020\\\/11\\\/logo.jpg\",\"contentUrl\":\"https:\\\/\\\/redenoticiaz.com.br\\\/litoralsp\\\/wp-content\\\/uploads\\\/sites\\\/3\\\/2020\\\/11\\\/logo.jpg\",\"width\":400,\"height\":250,\"caption\":\"Litoral SP\"},\"image\":{\"@id\":\"https:\\\/\\\/redenoticiaz.com.br\\\/litoralsp\\\/#\\\/schema\\\/logo\\\/image\\\/\"}},{\"@type\":\"Person\",\"@id\":\"https:\\\/\\\/redenoticiaz.com.br\\\/litoralsp\\\/#\\\/schema\\\/person\\\/1f84d6e94e6a62d2d81199d7503e9e90\",\"name\":\"Carina Reifonas\",\"image\":{\"@type\":\"ImageObject\",\"inLanguage\":\"pt-BR\",\"@id\":\"https:\\\/\\\/secure.gravatar.com\\\/avatar\\\/04c59859b23696cf867715880f81d5c037e60109730bdb4e6670ec2a2245bc97?s=96&d=mm&r=g\",\"url\":\"https:\\\/\\\/secure.gravatar.com\\\/avatar\\\/04c59859b23696cf867715880f81d5c037e60109730bdb4e6670ec2a2245bc97?s=96&d=mm&r=g\",\"contentUrl\":\"https:\\\/\\\/secure.gravatar.com\\\/avatar\\\/04c59859b23696cf867715880f81d5c037e60109730bdb4e6670ec2a2245bc97?s=96&d=mm&r=g\",\"caption\":\"Carina Reifonas\"},\"url\":\"https:\\\/\\\/redenoticiaz.com.br\\\/litoralsp\\\/author\\\/carinareifonas\"}]}<\/script>\n<!-- \/ Yoast SEO plugin. -->","yoast_head_json":{"title":"Faust\u00e3o &#8211; Instagram derruba conta feita pela fam\u00edlia do apresentador - Litoral SP","description":"Iniciativa da fam\u00edlia de Faust\u00e3o nas redes sociais, que mostra hist\u00f3rias inspiradoras de pessoas que passaram por transplantes, sofreu...","robots":{"index":"index","follow":"follow","max-snippet":"max-snippet:-1","max-image-preview":"max-image-preview:large","max-video-preview":"max-video-preview:-1"},"canonical":"https:\/\/redenoticiaz.com.br\/litoralsp\/2023\/08\/24\/faustao-instagram-derruba-conta-feita-pela-familia-do-apresentador","og_locale":"pt_BR","og_type":"article","og_title":"Faust\u00e3o &#8211; Instagram derruba conta feita pela fam\u00edlia do apresentador - Litoral SP","og_description":"Iniciativa da fam\u00edlia de Faust\u00e3o nas redes sociais, que mostra hist\u00f3rias inspiradoras de pessoas que passaram por transplantes, sofreu...","og_url":"https:\/\/redenoticiaz.com.br\/litoralsp\/2023\/08\/24\/faustao-instagram-derruba-conta-feita-pela-familia-do-apresentador","og_site_name":"Litoral SP","article_published_time":"2023-08-24T20:06:43+00:00","og_image":[{"width":730,"height":410,"url":"https:\/\/redenoticiaz.com.br\/litoralsp\/wp-content\/uploads\/sites\/3\/2021\/04\/faustao_80c946217313897b11c739527237f0b82825b84b.jpeg","type":"image\/jpeg"}],"author":"Carina Reifonas","twitter_card":"summary_large_image","twitter_misc":{"Escrito por":"Carina Reifonas","Est. tempo de leitura":"2 minutos"},"schema":{"@context":"https:\/\/schema.org","@graph":[{"@type":"Article","@id":"https:\/\/redenoticiaz.com.br\/litoralsp\/2023\/08\/24\/faustao-instagram-derruba-conta-feita-pela-familia-do-apresentador#article","isPartOf":{"@id":"https:\/\/redenoticiaz.com.br\/litoralsp\/2023\/08\/24\/faustao-instagram-derruba-conta-feita-pela-familia-do-apresentador"},"author":{"name":"Carina Reifonas","@id":"https:\/\/redenoticiaz.com.br\/litoralsp\/#\/schema\/person\/1f84d6e94e6a62d2d81199d7503e9e90"},"headline":"Faust\u00e3o &#8211; Instagram derruba conta feita pela fam\u00edlia do apresentador","datePublished":"2023-08-24T20:06:43+00:00","mainEntityOfPage":{"@id":"https:\/\/redenoticiaz.com.br\/litoralsp\/2023\/08\/24\/faustao-instagram-derruba-conta-feita-pela-familia-do-apresentador"},"wordCount":243,"commentCount":0,"publisher":{"@id":"https:\/\/redenoticiaz.com.br\/litoralsp\/#organization"},"image":{"@id":"https:\/\/redenoticiaz.com.br\/litoralsp\/2023\/08\/24\/faustao-instagram-derruba-conta-feita-pela-familia-do-apresentador#primaryimage"},"thumbnailUrl":"https:\/\/redenoticiaz.com.br\/litoralsp\/wp-content\/uploads\/sites\/3\/2021\/04\/faustao_80c946217313897b11c739527237f0b82825b84b.jpeg","keywords":["FAM\u00cdLIA","FAUST\u00c3O","INSTAGRAM","transplante"],"articleSection":["Celebridades"],"inLanguage":"pt-BR","potentialAction":[{"@type":"CommentAction","name":"Comment","target":["https:\/\/redenoticiaz.com.br\/litoralsp\/2023\/08\/24\/faustao-instagram-derruba-conta-feita-pela-familia-do-apresentador#respond"]}]},{"@type":"WebPage","@id":"https:\/\/redenoticiaz.com.br\/litoralsp\/2023\/08\/24\/faustao-instagram-derruba-conta-feita-pela-familia-do-apresentador","url":"https:\/\/redenoticiaz.com.br\/litoralsp\/2023\/08\/24\/faustao-instagram-derruba-conta-feita-pela-familia-do-apresentador","name":"Faust\u00e3o &#8211; Instagram derruba conta feita pela fam\u00edlia do apresentador - Litoral SP","isPartOf":{"@id":"https:\/\/redenoticiaz.com.br\/litoralsp\/#website"},"primaryImageOfPage":{"@id":"https:\/\/redenoticiaz.com.br\/litoralsp\/2023\/08\/24\/faustao-instagram-derruba-conta-feita-pela-familia-do-apresentador#primaryimage"},"image":{"@id":"https:\/\/redenoticiaz.com.br\/litoralsp\/2023\/08\/24\/faustao-instagram-derruba-conta-feita-pela-familia-do-apresentador#primaryimage"},"thumbnailUrl":"https:\/\/redenoticiaz.com.br\/litoralsp\/wp-content\/uploads\/sites\/3\/2021\/04\/faustao_80c946217313897b11c739527237f0b82825b84b.jpeg","datePublished":"2023-08-24T20:06:43+00:00","description":"Iniciativa da fam\u00edlia de Faust\u00e3o nas redes sociais, que mostra hist\u00f3rias inspiradoras de pessoas que passaram por transplantes, sofreu...","inLanguage":"pt-BR","potentialAction":[{"@type":"ReadAction","target":["https:\/\/redenoticiaz.com.br\/litoralsp\/2023\/08\/24\/faustao-instagram-derruba-conta-feita-pela-familia-do-apresentador"]}]},{"@type":"ImageObject","inLanguage":"pt-BR","@id":"https:\/\/redenoticiaz.com.br\/litoralsp\/2023\/08\/24\/faustao-instagram-derruba-conta-feita-pela-familia-do-apresentador#primaryimage","url":"https:\/\/redenoticiaz.com.br\/litoralsp\/wp-content\/uploads\/sites\/3\/2021\/04\/faustao_80c946217313897b11c739527237f0b82825b84b.jpeg","contentUrl":"https:\/\/redenoticiaz.com.br\/litoralsp\/wp-content\/uploads\/sites\/3\/2021\/04\/faustao_80c946217313897b11c739527237f0b82825b84b.jpeg","width":730,"height":410,"caption":"Na Band, Faust\u00e3o ganhou proje\u00e7\u00e3o nacional e 33 anos depois ele voltar\u00e1 para a emissora paulista."},{"@type":"WebSite","@id":"https:\/\/redenoticiaz.com.br\/litoralsp\/#website","url":"https:\/\/redenoticiaz.com.br\/litoralsp\/","name":"Litoral SP","description":"Rede NoticiaZ","publisher":{"@id":"https:\/\/redenoticiaz.com.br\/litoralsp\/#organization"},"potentialAction":[{"@type":"SearchAction","target":{"@type":"EntryPoint","urlTemplate":"https:\/\/redenoticiaz.com.br\/litoralsp\/?s={search_term_string}"},"query-input":{"@type":"PropertyValueSpecification","valueRequired":true,"valueName":"search_term_string"}}],"inLanguage":"pt-BR"},{"@type":"Organization","@id":"https:\/\/redenoticiaz.com.br\/litoralsp\/#organization","name":"Litoral SP","url":"https:\/\/redenoticiaz.com.br\/litoralsp\/","logo":{"@type":"ImageObject","inLanguage":"pt-BR","@id":"https:\/\/redenoticiaz.com.br\/litoralsp\/#\/schema\/logo\/image\/","url":"https:\/\/redenoticiaz.com.br\/litoralsp\/wp-content\/uploads\/sites\/3\/2020\/11\/logo.jpg","contentUrl":"https:\/\/redenoticiaz.com.br\/litoralsp\/wp-content\/uploads\/sites\/3\/2020\/11\/logo.jpg","width":400,"height":250,"caption":"Litoral SP"},"image":{"@id":"https:\/\/redenoticiaz.com.br\/litoralsp\/#\/schema\/logo\/image\/"}},{"@type":"Person","@id":"https:\/\/redenoticiaz.com.br\/litoralsp\/#\/schema\/person\/1f84d6e94e6a62d2d81199d7503e9e90","name":"Carina Reifonas","image":{"@type":"ImageObject","inLanguage":"pt-BR","@id":"https:\/\/secure.gravatar.com\/avatar\/04c59859b23696cf867715880f81d5c037e60109730bdb4e6670ec2a2245bc97?s=96&d=mm&r=g","url":"https:\/\/secure.gravatar.com\/avatar\/04c59859b23696cf867715880f81d5c037e60109730bdb4e6670ec2a2245bc97?s=96&d=mm&r=g","contentUrl":"https:\/\/secure.gravatar.com\/avatar\/04c59859b23696cf867715880f81d5c037e60109730bdb4e6670ec2a2245bc97?s=96&d=mm&r=g","caption":"Carina Reifonas"},"url":"https:\/\/redenoticiaz.com.br\/litoralsp\/author\/carinareifonas"}]}},"_links":{"self":[{"href":"https:\/\/redenoticiaz.com.br\/litoralsp\/wp-json\/wp\/v2\/posts\/109778","targetHints":{"allow":["GET"]}}],"collection":[{"href":"https:\/\/redenoticiaz.com.br\/litoralsp\/wp-json\/wp\/v2\/posts"}],"about":[{"href":"https:\/\/redenoticiaz.com.br\/litoralsp\/wp-json\/wp\/v2\/types\/post"}],"author":[{"embeddable":true,"href":"https:\/\/redenoticiaz.com.br\/litoralsp\/wp-json\/wp\/v2\/users\/30"}],"replies":[{"embeddable":true,"href":"https:\/\/redenoticiaz.com.br\/litoralsp\/wp-json\/wp\/v2\/comments?post=109778"}],"version-history":[{"count":0,"href":"https:\/\/redenoticiaz.com.br\/litoralsp\/wp-json\/wp\/v2\/posts\/109778\/revisions"}],"wp:featuredmedia":[{"embeddable":true,"href":"https:\/\/redenoticiaz.com.br\/litoralsp\/wp-json\/wp\/v2\/media\/7886"}],"wp:attachment":[{"href":"https:\/\/redenoticiaz.com.br\/litoralsp\/wp-json\/wp\/v2\/media?parent=109778"}],"wp:term":[{"taxonomy":"category","embeddable":true,"href":"https:\/\/redenoticiaz.com.br\/litoralsp\/wp-json\/wp\/v2\/categories?post=109778"},{"taxonomy":"post_tag","embeddable":true,"href":"https:\/\/redenoticiaz.com.br\/litoralsp\/wp-json\/wp\/v2\/tags?post=109778"}],"curies":[{"name":"wp","href":"https:\/\/api.w.org\/{rel}","templated":true}]}}