{"id":109784,"date":"2023-08-24T18:25:21","date_gmt":"2023-08-24T21:25:21","guid":{"rendered":"https:\/\/redenoticiaz.com.br\/litoralsp\/?p=109784"},"modified":"2023-08-24T18:25:21","modified_gmt":"2023-08-24T21:25:21","slug":"motocicletas-sao-recuperadas-pela-policia-em-cubatao","status":"publish","type":"post","link":"https:\/\/redenoticiaz.com.br\/litoralsp\/2023\/08\/24\/motocicletas-sao-recuperadas-pela-policia-em-cubatao","title":{"rendered":"Motocicletas s\u00e3o recuperadas pela Pol\u00edcia em Cubat\u00e3o"},"content":{"rendered":"<p>Duas motocicletas foram recuperadas pela Pol\u00edcia em Cubat\u00e3o na tarde desta \u00faltima quarta-feira (23) nas proximidades do bairro Bols\u00e3o.<\/p>\n<p>De acordo com as informa\u00e7\u00f5es, os suspeitos apontaram armas para as v\u00edtimas que acabaram sendo for\u00e7ados a pararem na Rodovia Anchieta, tendo seus pertences subtra\u00eddos.<\/p>\n<p>Ainda de acordo com as informa\u00e7\u00f5es, os investigadores diligenciavam pelo Bairro Bols\u00e3o, em Cubat\u00e3o, e desconfiaram de duas motocicletas estacionadas em via p\u00fablica.<\/p>\n<p>Sendo assim, eles iniciaram pesquisas das placas e chassis e identificaram que ambas eram oriundas de roubos.<\/p>\n<p>As motos foram devolvidas e a investiga\u00e7\u00e3o prossegue para identificar os respons\u00e1veis pelo crime.<\/p>\n<p><strong>Leia mais<\/strong><\/p>\n<p><a href=\"https:\/\/redenoticiaz.com.br\/litoralsp\/2023\/08\/12\/acidente-interdita-rodovia-anchieta-na-altura-de-cubatao-sp\">Acidente interdita rodovia Anchieta, na altura de\u00a0Cubat\u00e3o (SP<\/a><\/p>\n","protected":false},"excerpt":{"rendered":"<p>Duas motocicletas foram recuperadas pela Pol\u00edcia em Cubat\u00e3o na tarde desta \u00faltima quarta-feira (23) nas proximidades do bairro Bols\u00e3o. De acordo com as informa\u00e7\u00f5es, os suspeitos apontaram armas para as v\u00edtimas que acabaram sendo for\u00e7ados a pararem na Rodovia Anchieta, tendo seus pertences subtra\u00eddos. Ainda de acordo com as informa\u00e7\u00f5es, os investigadores diligenciavam pelo Bairro &hellip;<\/p>\n","protected":false},"author":12,"featured_media":109790,"comment_status":"open","ping_status":"closed","sticky":false,"template":"","format":"standard","meta":{"footnotes":""},"categories":[186,10],"tags":[66872,19002,1024,4773,1607],"class_list":["post-109784","post","type-post","status-publish","format-standard","has-post-thumbnail","hentry","category-cubatao","category-policia","tag-bairro-bolsao","tag-crime","tag-cubatao","tag-policia-civil-2","tag-rodovia-anchieta"],"yoast_head":"<!-- This site is optimized with the Yoast SEO plugin v27.4 - https:\/\/yoast.com\/product\/yoast-seo-wordpress\/ -->\n<title>Motocicletas s\u00e3o recuperadas pela Pol\u00edcia em Cubat\u00e3o - Litoral SP<\/title>\n<meta name=\"description\" content=\"Duas motocicletas foram recuperadas pela Pol\u00edcia em Cubat\u00e3o na tarde desta \u00faltima quarta-feira (23) nas proximidades do bairro Bols\u00e3o.\" \/>\n<meta name=\"robots\" content=\"index, follow, max-snippet:-1, max-image-preview:large, max-video-preview:-1\" \/>\n<link rel=\"canonical\" href=\"https:\/\/redenoticiaz.com.br\/litoralsp\/2023\/08\/24\/motocicletas-sao-recuperadas-pela-policia-em-cubatao\" \/>\n<meta property=\"og:locale\" content=\"pt_BR\" \/>\n<meta property=\"og:type\" content=\"article\" \/>\n<meta property=\"og:title\" content=\"Motocicletas s\u00e3o recuperadas pela Pol\u00edcia em Cubat\u00e3o - Litoral SP\" \/>\n<meta property=\"og:description\" content=\"Duas motocicletas foram recuperadas pela Pol\u00edcia em Cubat\u00e3o na tarde desta \u00faltima quarta-feira (23) nas proximidades do bairro Bols\u00e3o.\" \/>\n<meta property=\"og:url\" content=\"https:\/\/redenoticiaz.com.br\/litoralsp\/2023\/08\/24\/motocicletas-sao-recuperadas-pela-policia-em-cubatao\" \/>\n<meta property=\"og:site_name\" content=\"Litoral SP\" \/>\n<meta property=\"article:published_time\" content=\"2023-08-24T21:25:21+00:00\" \/>\n<meta property=\"og:image\" content=\"https:\/\/redenoticiaz.com.br\/litoralsp\/wp-content\/uploads\/sites\/3\/2023\/08\/WhatsApp-Image-2023-08-24-at-15.39.41.jpeg\" \/>\n\t<meta property=\"og:image:width\" content=\"1440\" \/>\n\t<meta property=\"og:image:height\" content=\"1080\" \/>\n\t<meta property=\"og:image:type\" content=\"image\/jpeg\" \/>\n<meta name=\"author\" content=\"Gustavo Silva\" \/>\n<meta name=\"twitter:card\" content=\"summary_large_image\" \/>\n<meta name=\"twitter:label1\" content=\"Escrito por\" \/>\n\t<meta name=\"twitter:data1\" content=\"Gustavo Silva\" \/>\n\t<meta name=\"twitter:label2\" content=\"Est. tempo de leitura\" \/>\n\t<meta name=\"twitter:data2\" content=\"1 minuto\" \/>\n<script type=\"application\/ld+json\" class=\"yoast-schema-graph\">{\"@context\":\"https:\\\/\\\/schema.org\",\"@graph\":[{\"@type\":\"Article\",\"@id\":\"https:\\\/\\\/redenoticiaz.com.br\\\/litoralsp\\\/2023\\\/08\\\/24\\\/motocicletas-sao-recuperadas-pela-policia-em-cubatao#article\",\"isPartOf\":{\"@id\":\"https:\\\/\\\/redenoticiaz.com.br\\\/litoralsp\\\/2023\\\/08\\\/24\\\/motocicletas-sao-recuperadas-pela-policia-em-cubatao\"},\"author\":{\"name\":\"Gustavo Silva\",\"@id\":\"https:\\\/\\\/redenoticiaz.com.br\\\/litoralsp\\\/#\\\/schema\\\/person\\\/16057b37a3c0ee6b096d7f887c566e2e\"},\"headline\":\"Motocicletas s\u00e3o recuperadas pela Pol\u00edcia em Cubat\u00e3o\",\"datePublished\":\"2023-08-24T21:25:21+00:00\",\"mainEntityOfPage\":{\"@id\":\"https:\\\/\\\/redenoticiaz.com.br\\\/litoralsp\\\/2023\\\/08\\\/24\\\/motocicletas-sao-recuperadas-pela-policia-em-cubatao\"},\"wordCount\":132,\"commentCount\":0,\"publisher\":{\"@id\":\"https:\\\/\\\/redenoticiaz.com.br\\\/litoralsp\\\/#organization\"},\"image\":{\"@id\":\"https:\\\/\\\/redenoticiaz.com.br\\\/litoralsp\\\/2023\\\/08\\\/24\\\/motocicletas-sao-recuperadas-pela-policia-em-cubatao#primaryimage\"},\"thumbnailUrl\":\"https:\\\/\\\/redenoticiaz.com.br\\\/litoralsp\\\/wp-content\\\/uploads\\\/sites\\\/3\\\/2023\\\/08\\\/WhatsApp-Image-2023-08-24-at-15.39.41.jpeg\",\"keywords\":[\"Bairro Bols\u00e3o\",\"CRIME\",\"CUBAT\u00c3O\",\"POL\u00cdCIA CIVIL\",\"RODOVIA ANCHIETA\"],\"articleSection\":[\"Cubat\u00e3o\",\"Pol\u00edcia\"],\"inLanguage\":\"pt-BR\",\"potentialAction\":[{\"@type\":\"CommentAction\",\"name\":\"Comment\",\"target\":[\"https:\\\/\\\/redenoticiaz.com.br\\\/litoralsp\\\/2023\\\/08\\\/24\\\/motocicletas-sao-recuperadas-pela-policia-em-cubatao#respond\"]}]},{\"@type\":\"WebPage\",\"@id\":\"https:\\\/\\\/redenoticiaz.com.br\\\/litoralsp\\\/2023\\\/08\\\/24\\\/motocicletas-sao-recuperadas-pela-policia-em-cubatao\",\"url\":\"https:\\\/\\\/redenoticiaz.com.br\\\/litoralsp\\\/2023\\\/08\\\/24\\\/motocicletas-sao-recuperadas-pela-policia-em-cubatao\",\"name\":\"Motocicletas s\u00e3o recuperadas pela Pol\u00edcia em Cubat\u00e3o - Litoral SP\",\"isPartOf\":{\"@id\":\"https:\\\/\\\/redenoticiaz.com.br\\\/litoralsp\\\/#website\"},\"primaryImageOfPage\":{\"@id\":\"https:\\\/\\\/redenoticiaz.com.br\\\/litoralsp\\\/2023\\\/08\\\/24\\\/motocicletas-sao-recuperadas-pela-policia-em-cubatao#primaryimage\"},\"image\":{\"@id\":\"https:\\\/\\\/redenoticiaz.com.br\\\/litoralsp\\\/2023\\\/08\\\/24\\\/motocicletas-sao-recuperadas-pela-policia-em-cubatao#primaryimage\"},\"thumbnailUrl\":\"https:\\\/\\\/redenoticiaz.com.br\\\/litoralsp\\\/wp-content\\\/uploads\\\/sites\\\/3\\\/2023\\\/08\\\/WhatsApp-Image-2023-08-24-at-15.39.41.jpeg\",\"datePublished\":\"2023-08-24T21:25:21+00:00\",\"description\":\"Duas motocicletas foram recuperadas pela Pol\u00edcia em Cubat\u00e3o na tarde desta \u00faltima quarta-feira (23) nas proximidades do bairro Bols\u00e3o.\",\"inLanguage\":\"pt-BR\",\"potentialAction\":[{\"@type\":\"ReadAction\",\"target\":[\"https:\\\/\\\/redenoticiaz.com.br\\\/litoralsp\\\/2023\\\/08\\\/24\\\/motocicletas-sao-recuperadas-pela-policia-em-cubatao\"]}]},{\"@type\":\"ImageObject\",\"inLanguage\":\"pt-BR\",\"@id\":\"https:\\\/\\\/redenoticiaz.com.br\\\/litoralsp\\\/2023\\\/08\\\/24\\\/motocicletas-sao-recuperadas-pela-policia-em-cubatao#primaryimage\",\"url\":\"https:\\\/\\\/redenoticiaz.com.br\\\/litoralsp\\\/wp-content\\\/uploads\\\/sites\\\/3\\\/2023\\\/08\\\/WhatsApp-Image-2023-08-24-at-15.39.41.jpeg\",\"contentUrl\":\"https:\\\/\\\/redenoticiaz.com.br\\\/litoralsp\\\/wp-content\\\/uploads\\\/sites\\\/3\\\/2023\\\/08\\\/WhatsApp-Image-2023-08-24-at-15.39.41.jpeg\",\"width\":1440,\"height\":1080,\"caption\":\"Motocicletas s\u00e3o recuperadas pela Pol\u00edcia em Cubat\u00e3o\"},{\"@type\":\"WebSite\",\"@id\":\"https:\\\/\\\/redenoticiaz.com.br\\\/litoralsp\\\/#website\",\"url\":\"https:\\\/\\\/redenoticiaz.com.br\\\/litoralsp\\\/\",\"name\":\"Litoral SP\",\"description\":\"Rede NoticiaZ\",\"publisher\":{\"@id\":\"https:\\\/\\\/redenoticiaz.com.br\\\/litoralsp\\\/#organization\"},\"potentialAction\":[{\"@type\":\"SearchAction\",\"target\":{\"@type\":\"EntryPoint\",\"urlTemplate\":\"https:\\\/\\\/redenoticiaz.com.br\\\/litoralsp\\\/?s={search_term_string}\"},\"query-input\":{\"@type\":\"PropertyValueSpecification\",\"valueRequired\":true,\"valueName\":\"search_term_string\"}}],\"inLanguage\":\"pt-BR\"},{\"@type\":\"Organization\",\"@id\":\"https:\\\/\\\/redenoticiaz.com.br\\\/litoralsp\\\/#organization\",\"name\":\"Litoral SP\",\"url\":\"https:\\\/\\\/redenoticiaz.com.br\\\/litoralsp\\\/\",\"logo\":{\"@type\":\"ImageObject\",\"inLanguage\":\"pt-BR\",\"@id\":\"https:\\\/\\\/redenoticiaz.com.br\\\/litoralsp\\\/#\\\/schema\\\/logo\\\/image\\\/\",\"url\":\"https:\\\/\\\/redenoticiaz.com.br\\\/litoralsp\\\/wp-content\\\/uploads\\\/sites\\\/3\\\/2020\\\/11\\\/logo.jpg\",\"contentUrl\":\"https:\\\/\\\/redenoticiaz.com.br\\\/litoralsp\\\/wp-content\\\/uploads\\\/sites\\\/3\\\/2020\\\/11\\\/logo.jpg\",\"width\":400,\"height\":250,\"caption\":\"Litoral SP\"},\"image\":{\"@id\":\"https:\\\/\\\/redenoticiaz.com.br\\\/litoralsp\\\/#\\\/schema\\\/logo\\\/image\\\/\"}},{\"@type\":\"Person\",\"@id\":\"https:\\\/\\\/redenoticiaz.com.br\\\/litoralsp\\\/#\\\/schema\\\/person\\\/16057b37a3c0ee6b096d7f887c566e2e\",\"name\":\"Gustavo Silva\",\"image\":{\"@type\":\"ImageObject\",\"inLanguage\":\"pt-BR\",\"@id\":\"https:\\\/\\\/secure.gravatar.com\\\/avatar\\\/3ee4e82f93b26de0a7cf4ea5eb7893da637ed6bb0c9170c58065944c56e28a33?s=96&d=mm&r=g\",\"url\":\"https:\\\/\\\/secure.gravatar.com\\\/avatar\\\/3ee4e82f93b26de0a7cf4ea5eb7893da637ed6bb0c9170c58065944c56e28a33?s=96&d=mm&r=g\",\"contentUrl\":\"https:\\\/\\\/secure.gravatar.com\\\/avatar\\\/3ee4e82f93b26de0a7cf4ea5eb7893da637ed6bb0c9170c58065944c56e28a33?s=96&d=mm&r=g\",\"caption\":\"Gustavo Silva\"},\"url\":\"https:\\\/\\\/redenoticiaz.com.br\\\/litoralsp\\\/author\\\/gustavosilva\"}]}<\/script>\n<!-- \/ Yoast SEO plugin. -->","yoast_head_json":{"title":"Motocicletas s\u00e3o recuperadas pela Pol\u00edcia em Cubat\u00e3o - Litoral SP","description":"Duas motocicletas foram recuperadas pela Pol\u00edcia em Cubat\u00e3o na tarde desta \u00faltima quarta-feira (23) nas proximidades do bairro Bols\u00e3o.","robots":{"index":"index","follow":"follow","max-snippet":"max-snippet:-1","max-image-preview":"max-image-preview:large","max-video-preview":"max-video-preview:-1"},"canonical":"https:\/\/redenoticiaz.com.br\/litoralsp\/2023\/08\/24\/motocicletas-sao-recuperadas-pela-policia-em-cubatao","og_locale":"pt_BR","og_type":"article","og_title":"Motocicletas s\u00e3o recuperadas pela Pol\u00edcia em Cubat\u00e3o - Litoral SP","og_description":"Duas motocicletas foram recuperadas pela Pol\u00edcia em Cubat\u00e3o na tarde desta \u00faltima quarta-feira (23) nas proximidades do bairro Bols\u00e3o.","og_url":"https:\/\/redenoticiaz.com.br\/litoralsp\/2023\/08\/24\/motocicletas-sao-recuperadas-pela-policia-em-cubatao","og_site_name":"Litoral SP","article_published_time":"2023-08-24T21:25:21+00:00","og_image":[{"width":1440,"height":1080,"url":"https:\/\/redenoticiaz.com.br\/litoralsp\/wp-content\/uploads\/sites\/3\/2023\/08\/WhatsApp-Image-2023-08-24-at-15.39.41.jpeg","type":"image\/jpeg"}],"author":"Gustavo Silva","twitter_card":"summary_large_image","twitter_misc":{"Escrito por":"Gustavo Silva","Est. tempo de leitura":"1 minuto"},"schema":{"@context":"https:\/\/schema.org","@graph":[{"@type":"Article","@id":"https:\/\/redenoticiaz.com.br\/litoralsp\/2023\/08\/24\/motocicletas-sao-recuperadas-pela-policia-em-cubatao#article","isPartOf":{"@id":"https:\/\/redenoticiaz.com.br\/litoralsp\/2023\/08\/24\/motocicletas-sao-recuperadas-pela-policia-em-cubatao"},"author":{"name":"Gustavo Silva","@id":"https:\/\/redenoticiaz.com.br\/litoralsp\/#\/schema\/person\/16057b37a3c0ee6b096d7f887c566e2e"},"headline":"Motocicletas s\u00e3o recuperadas pela Pol\u00edcia em Cubat\u00e3o","datePublished":"2023-08-24T21:25:21+00:00","mainEntityOfPage":{"@id":"https:\/\/redenoticiaz.com.br\/litoralsp\/2023\/08\/24\/motocicletas-sao-recuperadas-pela-policia-em-cubatao"},"wordCount":132,"commentCount":0,"publisher":{"@id":"https:\/\/redenoticiaz.com.br\/litoralsp\/#organization"},"image":{"@id":"https:\/\/redenoticiaz.com.br\/litoralsp\/2023\/08\/24\/motocicletas-sao-recuperadas-pela-policia-em-cubatao#primaryimage"},"thumbnailUrl":"https:\/\/redenoticiaz.com.br\/litoralsp\/wp-content\/uploads\/sites\/3\/2023\/08\/WhatsApp-Image-2023-08-24-at-15.39.41.jpeg","keywords":["Bairro Bols\u00e3o","CRIME","CUBAT\u00c3O","POL\u00cdCIA CIVIL","RODOVIA ANCHIETA"],"articleSection":["Cubat\u00e3o","Pol\u00edcia"],"inLanguage":"pt-BR","potentialAction":[{"@type":"CommentAction","name":"Comment","target":["https:\/\/redenoticiaz.com.br\/litoralsp\/2023\/08\/24\/motocicletas-sao-recuperadas-pela-policia-em-cubatao#respond"]}]},{"@type":"WebPage","@id":"https:\/\/redenoticiaz.com.br\/litoralsp\/2023\/08\/24\/motocicletas-sao-recuperadas-pela-policia-em-cubatao","url":"https:\/\/redenoticiaz.com.br\/litoralsp\/2023\/08\/24\/motocicletas-sao-recuperadas-pela-policia-em-cubatao","name":"Motocicletas s\u00e3o recuperadas pela Pol\u00edcia em Cubat\u00e3o - Litoral SP","isPartOf":{"@id":"https:\/\/redenoticiaz.com.br\/litoralsp\/#website"},"primaryImageOfPage":{"@id":"https:\/\/redenoticiaz.com.br\/litoralsp\/2023\/08\/24\/motocicletas-sao-recuperadas-pela-policia-em-cubatao#primaryimage"},"image":{"@id":"https:\/\/redenoticiaz.com.br\/litoralsp\/2023\/08\/24\/motocicletas-sao-recuperadas-pela-policia-em-cubatao#primaryimage"},"thumbnailUrl":"https:\/\/redenoticiaz.com.br\/litoralsp\/wp-content\/uploads\/sites\/3\/2023\/08\/WhatsApp-Image-2023-08-24-at-15.39.41.jpeg","datePublished":"2023-08-24T21:25:21+00:00","description":"Duas motocicletas foram recuperadas pela Pol\u00edcia em Cubat\u00e3o na tarde desta \u00faltima quarta-feira (23) nas proximidades do bairro Bols\u00e3o.","inLanguage":"pt-BR","potentialAction":[{"@type":"ReadAction","target":["https:\/\/redenoticiaz.com.br\/litoralsp\/2023\/08\/24\/motocicletas-sao-recuperadas-pela-policia-em-cubatao"]}]},{"@type":"ImageObject","inLanguage":"pt-BR","@id":"https:\/\/redenoticiaz.com.br\/litoralsp\/2023\/08\/24\/motocicletas-sao-recuperadas-pela-policia-em-cubatao#primaryimage","url":"https:\/\/redenoticiaz.com.br\/litoralsp\/wp-content\/uploads\/sites\/3\/2023\/08\/WhatsApp-Image-2023-08-24-at-15.39.41.jpeg","contentUrl":"https:\/\/redenoticiaz.com.br\/litoralsp\/wp-content\/uploads\/sites\/3\/2023\/08\/WhatsApp-Image-2023-08-24-at-15.39.41.jpeg","width":1440,"height":1080,"caption":"Motocicletas s\u00e3o recuperadas pela Pol\u00edcia em Cubat\u00e3o"},{"@type":"WebSite","@id":"https:\/\/redenoticiaz.com.br\/litoralsp\/#website","url":"https:\/\/redenoticiaz.com.br\/litoralsp\/","name":"Litoral SP","description":"Rede NoticiaZ","publisher":{"@id":"https:\/\/redenoticiaz.com.br\/litoralsp\/#organization"},"potentialAction":[{"@type":"SearchAction","target":{"@type":"EntryPoint","urlTemplate":"https:\/\/redenoticiaz.com.br\/litoralsp\/?s={search_term_string}"},"query-input":{"@type":"PropertyValueSpecification","valueRequired":true,"valueName":"search_term_string"}}],"inLanguage":"pt-BR"},{"@type":"Organization","@id":"https:\/\/redenoticiaz.com.br\/litoralsp\/#organization","name":"Litoral SP","url":"https:\/\/redenoticiaz.com.br\/litoralsp\/","logo":{"@type":"ImageObject","inLanguage":"pt-BR","@id":"https:\/\/redenoticiaz.com.br\/litoralsp\/#\/schema\/logo\/image\/","url":"https:\/\/redenoticiaz.com.br\/litoralsp\/wp-content\/uploads\/sites\/3\/2020\/11\/logo.jpg","contentUrl":"https:\/\/redenoticiaz.com.br\/litoralsp\/wp-content\/uploads\/sites\/3\/2020\/11\/logo.jpg","width":400,"height":250,"caption":"Litoral SP"},"image":{"@id":"https:\/\/redenoticiaz.com.br\/litoralsp\/#\/schema\/logo\/image\/"}},{"@type":"Person","@id":"https:\/\/redenoticiaz.com.br\/litoralsp\/#\/schema\/person\/16057b37a3c0ee6b096d7f887c566e2e","name":"Gustavo Silva","image":{"@type":"ImageObject","inLanguage":"pt-BR","@id":"https:\/\/secure.gravatar.com\/avatar\/3ee4e82f93b26de0a7cf4ea5eb7893da637ed6bb0c9170c58065944c56e28a33?s=96&d=mm&r=g","url":"https:\/\/secure.gravatar.com\/avatar\/3ee4e82f93b26de0a7cf4ea5eb7893da637ed6bb0c9170c58065944c56e28a33?s=96&d=mm&r=g","contentUrl":"https:\/\/secure.gravatar.com\/avatar\/3ee4e82f93b26de0a7cf4ea5eb7893da637ed6bb0c9170c58065944c56e28a33?s=96&d=mm&r=g","caption":"Gustavo Silva"},"url":"https:\/\/redenoticiaz.com.br\/litoralsp\/author\/gustavosilva"}]}},"_links":{"self":[{"href":"https:\/\/redenoticiaz.com.br\/litoralsp\/wp-json\/wp\/v2\/posts\/109784","targetHints":{"allow":["GET"]}}],"collection":[{"href":"https:\/\/redenoticiaz.com.br\/litoralsp\/wp-json\/wp\/v2\/posts"}],"about":[{"href":"https:\/\/redenoticiaz.com.br\/litoralsp\/wp-json\/wp\/v2\/types\/post"}],"author":[{"embeddable":true,"href":"https:\/\/redenoticiaz.com.br\/litoralsp\/wp-json\/wp\/v2\/users\/12"}],"replies":[{"embeddable":true,"href":"https:\/\/redenoticiaz.com.br\/litoralsp\/wp-json\/wp\/v2\/comments?post=109784"}],"version-history":[{"count":1,"href":"https:\/\/redenoticiaz.com.br\/litoralsp\/wp-json\/wp\/v2\/posts\/109784\/revisions"}],"predecessor-version":[{"id":109791,"href":"https:\/\/redenoticiaz.com.br\/litoralsp\/wp-json\/wp\/v2\/posts\/109784\/revisions\/109791"}],"wp:featuredmedia":[{"embeddable":true,"href":"https:\/\/redenoticiaz.com.br\/litoralsp\/wp-json\/wp\/v2\/media\/109790"}],"wp:attachment":[{"href":"https:\/\/redenoticiaz.com.br\/litoralsp\/wp-json\/wp\/v2\/media?parent=109784"}],"wp:term":[{"taxonomy":"category","embeddable":true,"href":"https:\/\/redenoticiaz.com.br\/litoralsp\/wp-json\/wp\/v2\/categories?post=109784"},{"taxonomy":"post_tag","embeddable":true,"href":"https:\/\/redenoticiaz.com.br\/litoralsp\/wp-json\/wp\/v2\/tags?post=109784"}],"curies":[{"name":"wp","href":"https:\/\/api.w.org\/{rel}","templated":true}]}}