{"id":109828,"date":"2023-08-27T15:00:36","date_gmt":"2023-08-27T18:00:36","guid":{"rendered":"https:\/\/redenoticiaz.com.br\/litoralsp\/?p=109828"},"modified":"2023-08-25T18:33:48","modified_gmt":"2023-08-25T21:33:48","slug":"atletas-do-time-sp-se-destacam-no-mundial-de-canoagem-paralimpico","status":"publish","type":"post","link":"https:\/\/redenoticiaz.com.br\/litoralsp\/2023\/08\/27\/atletas-do-time-sp-se-destacam-no-mundial-de-canoagem-paralimpico","title":{"rendered":"Atletas do Time SP se destacam no Mundial de Canoagem Paral\u00edmpico"},"content":{"rendered":"<p>Atletas de canoagem do Time S\u00e3o Paulo Paral\u00edmpico, cujas conquistas garantiram a participa\u00e7\u00e3o nos Jogos Paral\u00edmpicos de Paris em 2024. Luis Carlos Cardoso e D\u00e9bora Benevides est\u00e3o em Duisburg, na Alemanha, competindo no Mundial de Canoagem Paral\u00edmpico, que acontece at\u00e9 domingo (27). O Time SP 2023 foi criado e \u00e9 patrocinado pelo Governo de S\u00e3o Paulo por meio da Secretaria de Estado dos Direitos da Pessoa com Defici\u00eancia (SEDPcD).<\/p>\n<p>Luis Carlos conquistou medalha de bronze na prova do KL1 M 200, atr\u00e1s do h\u00fangaro Peter Kiss (45s193) e do franc\u00eas Remy Boulle (46s035), o brasileiro fechou a disputa com 46s542.<\/p>\n<p>Debora Benevides tamb\u00e9m garantiu vaga para os Jogos de 2024 em solo franc\u00eas ao finalizar a prova VL2W200M em quinto lugar.<\/p>\n<p>No in\u00edcio da semana, Debora e Luis Carlos j\u00e1 haviam garantido suas vagas nas finais do Mundial de Canoagem Paral\u00edmpico (https:\/\/www.pessoacomdeficiencia.sp.gov.br\/atletas-do-time-sp-garantem-vagas-na-final-do-mundial-de-canoagem-paralimpico-na-alemanha\/).<\/p>\n<p>Os dois atletas do Time S\u00e3o Paulo Paral\u00edmpico integram a delega\u00e7\u00e3o brasileira de 17 atletas representando o pa\u00eds, a maior da hist\u00f3ria da competi\u00e7\u00e3o. O campeonato vai at\u00e9 27 de agosto e levar\u00e1 os melhores atletas para os Jogos Paral\u00edmpicos de Paris de 2024.<\/p>\n","protected":false},"excerpt":{"rendered":"<p>Atletas de canoagem do Time S\u00e3o Paulo Paral\u00edmpico, cujas conquistas garantiram a participa\u00e7\u00e3o nos Jogos Paral\u00edmpicos de Paris em 2024. Luis Carlos Cardoso e D\u00e9bora Benevides est\u00e3o em Duisburg, na Alemanha, competindo no Mundial de Canoagem Paral\u00edmpico, que acontece at\u00e9 domingo (27). O Time SP 2023 foi criado e \u00e9 patrocinado pelo Governo de S\u00e3o &hellip;<\/p>\n","protected":false},"author":30,"featured_media":109829,"comment_status":"open","ping_status":"closed","sticky":false,"template":"","format":"standard","meta":{"footnotes":""},"categories":[35],"tags":[29571,14630,66890,29723,59141],"class_list":["post-109828","post","type-post","status-publish","format-standard","has-post-thumbnail","hentry","category-esporte","tag-canoagem","tag-jogos","tag-paralimpicos","tag-paris-2024","tag-vaga"],"yoast_head":"<!-- This site is optimized with the Yoast SEO plugin v27.4 - https:\/\/yoast.com\/product\/yoast-seo-wordpress\/ -->\n<title>Atletas do Time SP se destacam no Mundial de Canoagem Paral\u00edmpico - Litoral SP<\/title>\n<meta name=\"description\" content=\"Atletas de canoagem do Time S\u00e3o Paulo Paral\u00edmpico, cujas conquistas garantiram a participa\u00e7\u00e3o nos Jogos Paral\u00edmpicos de Paris em 2024.\" \/>\n<meta name=\"robots\" content=\"index, follow, max-snippet:-1, max-image-preview:large, max-video-preview:-1\" \/>\n<link rel=\"canonical\" href=\"https:\/\/redenoticiaz.com.br\/litoralsp\/2023\/08\/27\/atletas-do-time-sp-se-destacam-no-mundial-de-canoagem-paralimpico\" \/>\n<meta property=\"og:locale\" content=\"pt_BR\" \/>\n<meta property=\"og:type\" content=\"article\" \/>\n<meta property=\"og:title\" content=\"Atletas do Time SP se destacam no Mundial de Canoagem Paral\u00edmpico - Litoral SP\" \/>\n<meta property=\"og:description\" content=\"Atletas de canoagem do Time S\u00e3o Paulo Paral\u00edmpico, cujas conquistas garantiram a participa\u00e7\u00e3o nos Jogos Paral\u00edmpicos de Paris em 2024.\" \/>\n<meta property=\"og:url\" content=\"https:\/\/redenoticiaz.com.br\/litoralsp\/2023\/08\/27\/atletas-do-time-sp-se-destacam-no-mundial-de-canoagem-paralimpico\" \/>\n<meta property=\"og:site_name\" content=\"Litoral SP\" \/>\n<meta property=\"article:published_time\" content=\"2023-08-27T18:00:36+00:00\" \/>\n<meta property=\"og:image\" content=\"https:\/\/redenoticiaz.com.br\/litoralsp\/wp-content\/uploads\/sites\/3\/2023\/08\/Captura-de-tela-2023-08-25-183218.jpg\" \/>\n\t<meta property=\"og:image:width\" content=\"619\" \/>\n\t<meta property=\"og:image:height\" content=\"404\" \/>\n\t<meta property=\"og:image:type\" content=\"image\/jpeg\" \/>\n<meta name=\"author\" content=\"Carina Reifonas\" \/>\n<meta name=\"twitter:card\" content=\"summary_large_image\" \/>\n<meta name=\"twitter:label1\" content=\"Escrito por\" \/>\n\t<meta name=\"twitter:data1\" content=\"Carina Reifonas\" \/>\n\t<meta name=\"twitter:label2\" content=\"Est. tempo de leitura\" \/>\n\t<meta name=\"twitter:data2\" content=\"2 minutos\" \/>\n<script type=\"application\/ld+json\" class=\"yoast-schema-graph\">{\"@context\":\"https:\\\/\\\/schema.org\",\"@graph\":[{\"@type\":\"Article\",\"@id\":\"https:\\\/\\\/redenoticiaz.com.br\\\/litoralsp\\\/2023\\\/08\\\/27\\\/atletas-do-time-sp-se-destacam-no-mundial-de-canoagem-paralimpico#article\",\"isPartOf\":{\"@id\":\"https:\\\/\\\/redenoticiaz.com.br\\\/litoralsp\\\/2023\\\/08\\\/27\\\/atletas-do-time-sp-se-destacam-no-mundial-de-canoagem-paralimpico\"},\"author\":{\"name\":\"Carina Reifonas\",\"@id\":\"https:\\\/\\\/redenoticiaz.com.br\\\/litoralsp\\\/#\\\/schema\\\/person\\\/1f84d6e94e6a62d2d81199d7503e9e90\"},\"headline\":\"Atletas do Time SP se destacam no Mundial de Canoagem Paral\u00edmpico\",\"datePublished\":\"2023-08-27T18:00:36+00:00\",\"mainEntityOfPage\":{\"@id\":\"https:\\\/\\\/redenoticiaz.com.br\\\/litoralsp\\\/2023\\\/08\\\/27\\\/atletas-do-time-sp-se-destacam-no-mundial-de-canoagem-paralimpico\"},\"wordCount\":220,\"commentCount\":0,\"publisher\":{\"@id\":\"https:\\\/\\\/redenoticiaz.com.br\\\/litoralsp\\\/#organization\"},\"image\":{\"@id\":\"https:\\\/\\\/redenoticiaz.com.br\\\/litoralsp\\\/2023\\\/08\\\/27\\\/atletas-do-time-sp-se-destacam-no-mundial-de-canoagem-paralimpico#primaryimage\"},\"thumbnailUrl\":\"https:\\\/\\\/redenoticiaz.com.br\\\/litoralsp\\\/wp-content\\\/uploads\\\/sites\\\/3\\\/2023\\\/08\\\/Captura-de-tela-2023-08-25-183218.jpg\",\"keywords\":[\"canoagem\",\"JOGOS\",\"Paral\u00edmpicos\",\"Paris 2024\",\"VAGA\"],\"articleSection\":[\"Esporte\"],\"inLanguage\":\"pt-BR\",\"potentialAction\":[{\"@type\":\"CommentAction\",\"name\":\"Comment\",\"target\":[\"https:\\\/\\\/redenoticiaz.com.br\\\/litoralsp\\\/2023\\\/08\\\/27\\\/atletas-do-time-sp-se-destacam-no-mundial-de-canoagem-paralimpico#respond\"]}]},{\"@type\":\"WebPage\",\"@id\":\"https:\\\/\\\/redenoticiaz.com.br\\\/litoralsp\\\/2023\\\/08\\\/27\\\/atletas-do-time-sp-se-destacam-no-mundial-de-canoagem-paralimpico\",\"url\":\"https:\\\/\\\/redenoticiaz.com.br\\\/litoralsp\\\/2023\\\/08\\\/27\\\/atletas-do-time-sp-se-destacam-no-mundial-de-canoagem-paralimpico\",\"name\":\"Atletas do Time SP se destacam no Mundial de Canoagem Paral\u00edmpico - Litoral SP\",\"isPartOf\":{\"@id\":\"https:\\\/\\\/redenoticiaz.com.br\\\/litoralsp\\\/#website\"},\"primaryImageOfPage\":{\"@id\":\"https:\\\/\\\/redenoticiaz.com.br\\\/litoralsp\\\/2023\\\/08\\\/27\\\/atletas-do-time-sp-se-destacam-no-mundial-de-canoagem-paralimpico#primaryimage\"},\"image\":{\"@id\":\"https:\\\/\\\/redenoticiaz.com.br\\\/litoralsp\\\/2023\\\/08\\\/27\\\/atletas-do-time-sp-se-destacam-no-mundial-de-canoagem-paralimpico#primaryimage\"},\"thumbnailUrl\":\"https:\\\/\\\/redenoticiaz.com.br\\\/litoralsp\\\/wp-content\\\/uploads\\\/sites\\\/3\\\/2023\\\/08\\\/Captura-de-tela-2023-08-25-183218.jpg\",\"datePublished\":\"2023-08-27T18:00:36+00:00\",\"description\":\"Atletas de canoagem do Time S\u00e3o Paulo Paral\u00edmpico, cujas conquistas garantiram a participa\u00e7\u00e3o nos Jogos Paral\u00edmpicos de Paris em 2024.\",\"inLanguage\":\"pt-BR\",\"potentialAction\":[{\"@type\":\"ReadAction\",\"target\":[\"https:\\\/\\\/redenoticiaz.com.br\\\/litoralsp\\\/2023\\\/08\\\/27\\\/atletas-do-time-sp-se-destacam-no-mundial-de-canoagem-paralimpico\"]}]},{\"@type\":\"ImageObject\",\"inLanguage\":\"pt-BR\",\"@id\":\"https:\\\/\\\/redenoticiaz.com.br\\\/litoralsp\\\/2023\\\/08\\\/27\\\/atletas-do-time-sp-se-destacam-no-mundial-de-canoagem-paralimpico#primaryimage\",\"url\":\"https:\\\/\\\/redenoticiaz.com.br\\\/litoralsp\\\/wp-content\\\/uploads\\\/sites\\\/3\\\/2023\\\/08\\\/Captura-de-tela-2023-08-25-183218.jpg\",\"contentUrl\":\"https:\\\/\\\/redenoticiaz.com.br\\\/litoralsp\\\/wp-content\\\/uploads\\\/sites\\\/3\\\/2023\\\/08\\\/Captura-de-tela-2023-08-25-183218.jpg\",\"width\":619,\"height\":404,\"caption\":\"Fotos: Luis Carlos\"},{\"@type\":\"WebSite\",\"@id\":\"https:\\\/\\\/redenoticiaz.com.br\\\/litoralsp\\\/#website\",\"url\":\"https:\\\/\\\/redenoticiaz.com.br\\\/litoralsp\\\/\",\"name\":\"Litoral SP\",\"description\":\"Rede NoticiaZ\",\"publisher\":{\"@id\":\"https:\\\/\\\/redenoticiaz.com.br\\\/litoralsp\\\/#organization\"},\"potentialAction\":[{\"@type\":\"SearchAction\",\"target\":{\"@type\":\"EntryPoint\",\"urlTemplate\":\"https:\\\/\\\/redenoticiaz.com.br\\\/litoralsp\\\/?s={search_term_string}\"},\"query-input\":{\"@type\":\"PropertyValueSpecification\",\"valueRequired\":true,\"valueName\":\"search_term_string\"}}],\"inLanguage\":\"pt-BR\"},{\"@type\":\"Organization\",\"@id\":\"https:\\\/\\\/redenoticiaz.com.br\\\/litoralsp\\\/#organization\",\"name\":\"Litoral SP\",\"url\":\"https:\\\/\\\/redenoticiaz.com.br\\\/litoralsp\\\/\",\"logo\":{\"@type\":\"ImageObject\",\"inLanguage\":\"pt-BR\",\"@id\":\"https:\\\/\\\/redenoticiaz.com.br\\\/litoralsp\\\/#\\\/schema\\\/logo\\\/image\\\/\",\"url\":\"https:\\\/\\\/redenoticiaz.com.br\\\/litoralsp\\\/wp-content\\\/uploads\\\/sites\\\/3\\\/2020\\\/11\\\/logo.jpg\",\"contentUrl\":\"https:\\\/\\\/redenoticiaz.com.br\\\/litoralsp\\\/wp-content\\\/uploads\\\/sites\\\/3\\\/2020\\\/11\\\/logo.jpg\",\"width\":400,\"height\":250,\"caption\":\"Litoral SP\"},\"image\":{\"@id\":\"https:\\\/\\\/redenoticiaz.com.br\\\/litoralsp\\\/#\\\/schema\\\/logo\\\/image\\\/\"}},{\"@type\":\"Person\",\"@id\":\"https:\\\/\\\/redenoticiaz.com.br\\\/litoralsp\\\/#\\\/schema\\\/person\\\/1f84d6e94e6a62d2d81199d7503e9e90\",\"name\":\"Carina Reifonas\",\"image\":{\"@type\":\"ImageObject\",\"inLanguage\":\"pt-BR\",\"@id\":\"https:\\\/\\\/secure.gravatar.com\\\/avatar\\\/04c59859b23696cf867715880f81d5c037e60109730bdb4e6670ec2a2245bc97?s=96&d=mm&r=g\",\"url\":\"https:\\\/\\\/secure.gravatar.com\\\/avatar\\\/04c59859b23696cf867715880f81d5c037e60109730bdb4e6670ec2a2245bc97?s=96&d=mm&r=g\",\"contentUrl\":\"https:\\\/\\\/secure.gravatar.com\\\/avatar\\\/04c59859b23696cf867715880f81d5c037e60109730bdb4e6670ec2a2245bc97?s=96&d=mm&r=g\",\"caption\":\"Carina Reifonas\"},\"url\":\"https:\\\/\\\/redenoticiaz.com.br\\\/litoralsp\\\/author\\\/carinareifonas\"}]}<\/script>\n<!-- \/ Yoast SEO plugin. -->","yoast_head_json":{"title":"Atletas do Time SP se destacam no Mundial de Canoagem Paral\u00edmpico - Litoral SP","description":"Atletas de canoagem do Time S\u00e3o Paulo Paral\u00edmpico, cujas conquistas garantiram a participa\u00e7\u00e3o nos Jogos Paral\u00edmpicos de Paris em 2024.","robots":{"index":"index","follow":"follow","max-snippet":"max-snippet:-1","max-image-preview":"max-image-preview:large","max-video-preview":"max-video-preview:-1"},"canonical":"https:\/\/redenoticiaz.com.br\/litoralsp\/2023\/08\/27\/atletas-do-time-sp-se-destacam-no-mundial-de-canoagem-paralimpico","og_locale":"pt_BR","og_type":"article","og_title":"Atletas do Time SP se destacam no Mundial de Canoagem Paral\u00edmpico - Litoral SP","og_description":"Atletas de canoagem do Time S\u00e3o Paulo Paral\u00edmpico, cujas conquistas garantiram a participa\u00e7\u00e3o nos Jogos Paral\u00edmpicos de Paris em 2024.","og_url":"https:\/\/redenoticiaz.com.br\/litoralsp\/2023\/08\/27\/atletas-do-time-sp-se-destacam-no-mundial-de-canoagem-paralimpico","og_site_name":"Litoral SP","article_published_time":"2023-08-27T18:00:36+00:00","og_image":[{"width":619,"height":404,"url":"https:\/\/redenoticiaz.com.br\/litoralsp\/wp-content\/uploads\/sites\/3\/2023\/08\/Captura-de-tela-2023-08-25-183218.jpg","type":"image\/jpeg"}],"author":"Carina Reifonas","twitter_card":"summary_large_image","twitter_misc":{"Escrito por":"Carina Reifonas","Est. tempo de leitura":"2 minutos"},"schema":{"@context":"https:\/\/schema.org","@graph":[{"@type":"Article","@id":"https:\/\/redenoticiaz.com.br\/litoralsp\/2023\/08\/27\/atletas-do-time-sp-se-destacam-no-mundial-de-canoagem-paralimpico#article","isPartOf":{"@id":"https:\/\/redenoticiaz.com.br\/litoralsp\/2023\/08\/27\/atletas-do-time-sp-se-destacam-no-mundial-de-canoagem-paralimpico"},"author":{"name":"Carina Reifonas","@id":"https:\/\/redenoticiaz.com.br\/litoralsp\/#\/schema\/person\/1f84d6e94e6a62d2d81199d7503e9e90"},"headline":"Atletas do Time SP se destacam no Mundial de Canoagem Paral\u00edmpico","datePublished":"2023-08-27T18:00:36+00:00","mainEntityOfPage":{"@id":"https:\/\/redenoticiaz.com.br\/litoralsp\/2023\/08\/27\/atletas-do-time-sp-se-destacam-no-mundial-de-canoagem-paralimpico"},"wordCount":220,"commentCount":0,"publisher":{"@id":"https:\/\/redenoticiaz.com.br\/litoralsp\/#organization"},"image":{"@id":"https:\/\/redenoticiaz.com.br\/litoralsp\/2023\/08\/27\/atletas-do-time-sp-se-destacam-no-mundial-de-canoagem-paralimpico#primaryimage"},"thumbnailUrl":"https:\/\/redenoticiaz.com.br\/litoralsp\/wp-content\/uploads\/sites\/3\/2023\/08\/Captura-de-tela-2023-08-25-183218.jpg","keywords":["canoagem","JOGOS","Paral\u00edmpicos","Paris 2024","VAGA"],"articleSection":["Esporte"],"inLanguage":"pt-BR","potentialAction":[{"@type":"CommentAction","name":"Comment","target":["https:\/\/redenoticiaz.com.br\/litoralsp\/2023\/08\/27\/atletas-do-time-sp-se-destacam-no-mundial-de-canoagem-paralimpico#respond"]}]},{"@type":"WebPage","@id":"https:\/\/redenoticiaz.com.br\/litoralsp\/2023\/08\/27\/atletas-do-time-sp-se-destacam-no-mundial-de-canoagem-paralimpico","url":"https:\/\/redenoticiaz.com.br\/litoralsp\/2023\/08\/27\/atletas-do-time-sp-se-destacam-no-mundial-de-canoagem-paralimpico","name":"Atletas do Time SP se destacam no Mundial de Canoagem Paral\u00edmpico - Litoral SP","isPartOf":{"@id":"https:\/\/redenoticiaz.com.br\/litoralsp\/#website"},"primaryImageOfPage":{"@id":"https:\/\/redenoticiaz.com.br\/litoralsp\/2023\/08\/27\/atletas-do-time-sp-se-destacam-no-mundial-de-canoagem-paralimpico#primaryimage"},"image":{"@id":"https:\/\/redenoticiaz.com.br\/litoralsp\/2023\/08\/27\/atletas-do-time-sp-se-destacam-no-mundial-de-canoagem-paralimpico#primaryimage"},"thumbnailUrl":"https:\/\/redenoticiaz.com.br\/litoralsp\/wp-content\/uploads\/sites\/3\/2023\/08\/Captura-de-tela-2023-08-25-183218.jpg","datePublished":"2023-08-27T18:00:36+00:00","description":"Atletas de canoagem do Time S\u00e3o Paulo Paral\u00edmpico, cujas conquistas garantiram a participa\u00e7\u00e3o nos Jogos Paral\u00edmpicos de Paris em 2024.","inLanguage":"pt-BR","potentialAction":[{"@type":"ReadAction","target":["https:\/\/redenoticiaz.com.br\/litoralsp\/2023\/08\/27\/atletas-do-time-sp-se-destacam-no-mundial-de-canoagem-paralimpico"]}]},{"@type":"ImageObject","inLanguage":"pt-BR","@id":"https:\/\/redenoticiaz.com.br\/litoralsp\/2023\/08\/27\/atletas-do-time-sp-se-destacam-no-mundial-de-canoagem-paralimpico#primaryimage","url":"https:\/\/redenoticiaz.com.br\/litoralsp\/wp-content\/uploads\/sites\/3\/2023\/08\/Captura-de-tela-2023-08-25-183218.jpg","contentUrl":"https:\/\/redenoticiaz.com.br\/litoralsp\/wp-content\/uploads\/sites\/3\/2023\/08\/Captura-de-tela-2023-08-25-183218.jpg","width":619,"height":404,"caption":"Fotos: Luis Carlos"},{"@type":"WebSite","@id":"https:\/\/redenoticiaz.com.br\/litoralsp\/#website","url":"https:\/\/redenoticiaz.com.br\/litoralsp\/","name":"Litoral SP","description":"Rede NoticiaZ","publisher":{"@id":"https:\/\/redenoticiaz.com.br\/litoralsp\/#organization"},"potentialAction":[{"@type":"SearchAction","target":{"@type":"EntryPoint","urlTemplate":"https:\/\/redenoticiaz.com.br\/litoralsp\/?s={search_term_string}"},"query-input":{"@type":"PropertyValueSpecification","valueRequired":true,"valueName":"search_term_string"}}],"inLanguage":"pt-BR"},{"@type":"Organization","@id":"https:\/\/redenoticiaz.com.br\/litoralsp\/#organization","name":"Litoral SP","url":"https:\/\/redenoticiaz.com.br\/litoralsp\/","logo":{"@type":"ImageObject","inLanguage":"pt-BR","@id":"https:\/\/redenoticiaz.com.br\/litoralsp\/#\/schema\/logo\/image\/","url":"https:\/\/redenoticiaz.com.br\/litoralsp\/wp-content\/uploads\/sites\/3\/2020\/11\/logo.jpg","contentUrl":"https:\/\/redenoticiaz.com.br\/litoralsp\/wp-content\/uploads\/sites\/3\/2020\/11\/logo.jpg","width":400,"height":250,"caption":"Litoral SP"},"image":{"@id":"https:\/\/redenoticiaz.com.br\/litoralsp\/#\/schema\/logo\/image\/"}},{"@type":"Person","@id":"https:\/\/redenoticiaz.com.br\/litoralsp\/#\/schema\/person\/1f84d6e94e6a62d2d81199d7503e9e90","name":"Carina Reifonas","image":{"@type":"ImageObject","inLanguage":"pt-BR","@id":"https:\/\/secure.gravatar.com\/avatar\/04c59859b23696cf867715880f81d5c037e60109730bdb4e6670ec2a2245bc97?s=96&d=mm&r=g","url":"https:\/\/secure.gravatar.com\/avatar\/04c59859b23696cf867715880f81d5c037e60109730bdb4e6670ec2a2245bc97?s=96&d=mm&r=g","contentUrl":"https:\/\/secure.gravatar.com\/avatar\/04c59859b23696cf867715880f81d5c037e60109730bdb4e6670ec2a2245bc97?s=96&d=mm&r=g","caption":"Carina Reifonas"},"url":"https:\/\/redenoticiaz.com.br\/litoralsp\/author\/carinareifonas"}]}},"_links":{"self":[{"href":"https:\/\/redenoticiaz.com.br\/litoralsp\/wp-json\/wp\/v2\/posts\/109828","targetHints":{"allow":["GET"]}}],"collection":[{"href":"https:\/\/redenoticiaz.com.br\/litoralsp\/wp-json\/wp\/v2\/posts"}],"about":[{"href":"https:\/\/redenoticiaz.com.br\/litoralsp\/wp-json\/wp\/v2\/types\/post"}],"author":[{"embeddable":true,"href":"https:\/\/redenoticiaz.com.br\/litoralsp\/wp-json\/wp\/v2\/users\/30"}],"replies":[{"embeddable":true,"href":"https:\/\/redenoticiaz.com.br\/litoralsp\/wp-json\/wp\/v2\/comments?post=109828"}],"version-history":[{"count":0,"href":"https:\/\/redenoticiaz.com.br\/litoralsp\/wp-json\/wp\/v2\/posts\/109828\/revisions"}],"wp:featuredmedia":[{"embeddable":true,"href":"https:\/\/redenoticiaz.com.br\/litoralsp\/wp-json\/wp\/v2\/media\/109829"}],"wp:attachment":[{"href":"https:\/\/redenoticiaz.com.br\/litoralsp\/wp-json\/wp\/v2\/media?parent=109828"}],"wp:term":[{"taxonomy":"category","embeddable":true,"href":"https:\/\/redenoticiaz.com.br\/litoralsp\/wp-json\/wp\/v2\/categories?post=109828"},{"taxonomy":"post_tag","embeddable":true,"href":"https:\/\/redenoticiaz.com.br\/litoralsp\/wp-json\/wp\/v2\/tags?post=109828"}],"curies":[{"name":"wp","href":"https:\/\/api.w.org\/{rel}","templated":true}]}}