{"id":109885,"date":"2023-08-27T10:29:49","date_gmt":"2023-08-27T13:29:49","guid":{"rendered":"https:\/\/redenoticiaz.com.br\/litoralsp\/2023\/08\/27\/corinthians-e-goias-empatam-no-campeonato-brasileiro"},"modified":"2023-08-27T10:29:49","modified_gmt":"2023-08-27T13:29:49","slug":"corinthians-e-goias-empatam-no-campeonato-brasileiro","status":"publish","type":"post","link":"https:\/\/redenoticiaz.com.br\/litoralsp\/2023\/08\/27\/corinthians-e-goias-empatam-no-campeonato-brasileiro","title":{"rendered":"Corinthians e Goi\u00e1s empatam no Campeonato Brasileiro"},"content":{"rendered":"<p>No confronto da 21\u00aa rodada do Campeonato Brasileiro, o Corinthians empatou com o Goi\u00e1s em 1 a 1. Guilherme Marques marcou para o Goi\u00e1s de p\u00eanalti, enquanto Maycon igualou o placar para o Corinthians.<\/p>\n<p>O Goi\u00e1s agora soma 24 pontos e est\u00e1 sujeito a entrar na zona de rebaixamento caso Bahia e Santos ven\u00e7am seus jogos no domingo (27). Por outro lado, o Corinthians est\u00e1 seguro fora da zona de rebaixamento.<\/p>\n<h3><span style=\"font-style: inherit;font-weight: inherit\">Classifica\u00e7\u00e3o no Brasileir\u00e3o:<\/span><\/h3>\n<p>Corinthians: 13\u00b0 colocado, com 25 pontos<\/p>\n<p>Goi\u00e1s: 15\u00b0 colocado, com 24 pontos<\/p>\n<h3>Pr\u00f3ximos jogos do Corinthians:<\/h3>\n<p>Estudiantes (F) &#8211; ter\u00e7a-feira (29\/08), 21h30 (de Bras\u00edlia) &#8211; CONMEBOL Sul-Americana<\/p>\n<p>Palmeiras (C) &#8211; domingo (03\/09), 16h (de Bras\u00edlia) &#8211; Brasileir\u00e3o<\/p>\n<p>Fortaleza (F) &#8211; quarta-feira (13\/09), 19h (de Bras\u00edlia) &#8211; Brasileir\u00e3o<\/p>\n<h3>Pr\u00f3ximos jogos do Goi\u00e1s:<\/h3>\n<p>Internacional (C) &#8211; s\u00e1bado (02\/09), 16h (de Bras\u00edlia) &#8211; Brasileir\u00e3o<\/p>\n<p>Palmeiras (F) &#8211; sexta-feira (15\/09), 21h30 (de Bras\u00edlia) &#8211; Brasileir\u00e3o<\/p>\n<p>Flamengo (C) &#8211; quarta-feira (20\/09), 19h (de Bras\u00edlia) &#8211; Brasileir\u00e3o<\/p>\n<p>LEIA MAIS<\/p>\n<p><a href=\"https:\/\/redenoticiaz.com.br\/blog\/2023\/08\/27\/video-carro-de-piloto-da-stock-car-pega-fogo-em-treino\">V\u00cdDEO \u2013 Carro de piloto da Stock Car pega fogo em treino<\/a><\/p>\n<p>&nbsp;<\/p>\n","protected":false},"excerpt":{"rendered":"<p>No confronto da 21\u00aa rodada do Campeonato Brasileiro, o Corinthians empatou com o Goi\u00e1s em 1 a 1. Guilherme Marques marcou para o Goi\u00e1s de p\u00eanalti, enquanto Maycon igualou o placar para o Corinthians. O Goi\u00e1s agora soma 24 pontos e est\u00e1 sujeito a entrar na zona de rebaixamento caso Bahia e Santos ven\u00e7am seus &hellip;<\/p>\n","protected":false},"author":30,"featured_media":109886,"comment_status":"open","ping_status":"closed","sticky":false,"template":"","format":"standard","meta":{"footnotes":""},"categories":[35],"tags":[3088,3454,3089],"class_list":["post-109885","post","type-post","status-publish","format-standard","has-post-thumbnail","hentry","category-esporte","tag-campeonato-brasileiro","tag-corinthians","tag-goias"],"yoast_head":"<!-- This site is optimized with the Yoast SEO plugin v27.4 - https:\/\/yoast.com\/product\/yoast-seo-wordpress\/ -->\n<title>Corinthians e Goi\u00e1s empatam no Campeonato Brasileiro - Litoral SP<\/title>\n<meta name=\"description\" content=\"No confronto da 21\u00aa rodada do Campeonato Brasileiro, o Corinthians empatou com o Goi\u00e1s em 1 a 1. Guilherme Marques marcou para o Goi\u00e1s.\" \/>\n<meta name=\"robots\" content=\"index, follow, max-snippet:-1, max-image-preview:large, max-video-preview:-1\" \/>\n<link rel=\"canonical\" href=\"https:\/\/redenoticiaz.com.br\/litoralsp\/2023\/08\/27\/corinthians-e-goias-empatam-no-campeonato-brasileiro\" \/>\n<meta property=\"og:locale\" content=\"pt_BR\" \/>\n<meta property=\"og:type\" content=\"article\" \/>\n<meta property=\"og:title\" content=\"Corinthians e Goi\u00e1s empatam no Campeonato Brasileiro - Litoral SP\" \/>\n<meta property=\"og:description\" content=\"No confronto da 21\u00aa rodada do Campeonato Brasileiro, o Corinthians empatou com o Goi\u00e1s em 1 a 1. Guilherme Marques marcou para o Goi\u00e1s.\" \/>\n<meta property=\"og:url\" content=\"https:\/\/redenoticiaz.com.br\/litoralsp\/2023\/08\/27\/corinthians-e-goias-empatam-no-campeonato-brasileiro\" \/>\n<meta property=\"og:site_name\" content=\"Litoral SP\" \/>\n<meta property=\"article:published_time\" content=\"2023-08-27T13:29:49+00:00\" \/>\n<meta property=\"og:image\" content=\"https:\/\/redenoticiaz.com.br\/litoralsp\/wp-content\/uploads\/sites\/3\/2023\/08\/Captura-de-tela-2023-08-27-102321.jpg?v=1693142963\" \/>\n\t<meta property=\"og:image:width\" content=\"678\" \/>\n\t<meta property=\"og:image:height\" content=\"464\" \/>\n\t<meta property=\"og:image:type\" content=\"image\/jpeg\" \/>\n<meta name=\"author\" content=\"Carina Reifonas\" \/>\n<meta name=\"twitter:card\" content=\"summary_large_image\" \/>\n<meta name=\"twitter:label1\" content=\"Escrito por\" \/>\n\t<meta name=\"twitter:data1\" content=\"Carina Reifonas\" \/>\n\t<meta name=\"twitter:label2\" content=\"Est. tempo de leitura\" \/>\n\t<meta name=\"twitter:data2\" content=\"1 minuto\" \/>\n<script type=\"application\/ld+json\" class=\"yoast-schema-graph\">{\"@context\":\"https:\\\/\\\/schema.org\",\"@graph\":[{\"@type\":\"Article\",\"@id\":\"https:\\\/\\\/redenoticiaz.com.br\\\/litoralsp\\\/2023\\\/08\\\/27\\\/corinthians-e-goias-empatam-no-campeonato-brasileiro#article\",\"isPartOf\":{\"@id\":\"https:\\\/\\\/redenoticiaz.com.br\\\/litoralsp\\\/2023\\\/08\\\/27\\\/corinthians-e-goias-empatam-no-campeonato-brasileiro\"},\"author\":{\"name\":\"Carina Reifonas\",\"@id\":\"https:\\\/\\\/redenoticiaz.com.br\\\/litoralsp\\\/#\\\/schema\\\/person\\\/1f84d6e94e6a62d2d81199d7503e9e90\"},\"headline\":\"Corinthians e Goi\u00e1s empatam no Campeonato Brasileiro\",\"datePublished\":\"2023-08-27T13:29:49+00:00\",\"mainEntityOfPage\":{\"@id\":\"https:\\\/\\\/redenoticiaz.com.br\\\/litoralsp\\\/2023\\\/08\\\/27\\\/corinthians-e-goias-empatam-no-campeonato-brasileiro\"},\"wordCount\":187,\"commentCount\":0,\"publisher\":{\"@id\":\"https:\\\/\\\/redenoticiaz.com.br\\\/litoralsp\\\/#organization\"},\"image\":{\"@id\":\"https:\\\/\\\/redenoticiaz.com.br\\\/litoralsp\\\/2023\\\/08\\\/27\\\/corinthians-e-goias-empatam-no-campeonato-brasileiro#primaryimage\"},\"thumbnailUrl\":\"https:\\\/\\\/redenoticiaz.com.br\\\/litoralsp\\\/wp-content\\\/uploads\\\/sites\\\/3\\\/2023\\\/08\\\/Captura-de-tela-2023-08-27-102321.jpg?v=1693142963\",\"keywords\":[\"CAMPEONATO BRASILEIRO\",\"Corinthians\",\"GOI\u00c1S\"],\"articleSection\":[\"Esporte\"],\"inLanguage\":\"pt-BR\",\"potentialAction\":[{\"@type\":\"CommentAction\",\"name\":\"Comment\",\"target\":[\"https:\\\/\\\/redenoticiaz.com.br\\\/litoralsp\\\/2023\\\/08\\\/27\\\/corinthians-e-goias-empatam-no-campeonato-brasileiro#respond\"]}]},{\"@type\":\"WebPage\",\"@id\":\"https:\\\/\\\/redenoticiaz.com.br\\\/litoralsp\\\/2023\\\/08\\\/27\\\/corinthians-e-goias-empatam-no-campeonato-brasileiro\",\"url\":\"https:\\\/\\\/redenoticiaz.com.br\\\/litoralsp\\\/2023\\\/08\\\/27\\\/corinthians-e-goias-empatam-no-campeonato-brasileiro\",\"name\":\"Corinthians e Goi\u00e1s empatam no Campeonato Brasileiro - Litoral SP\",\"isPartOf\":{\"@id\":\"https:\\\/\\\/redenoticiaz.com.br\\\/litoralsp\\\/#website\"},\"primaryImageOfPage\":{\"@id\":\"https:\\\/\\\/redenoticiaz.com.br\\\/litoralsp\\\/2023\\\/08\\\/27\\\/corinthians-e-goias-empatam-no-campeonato-brasileiro#primaryimage\"},\"image\":{\"@id\":\"https:\\\/\\\/redenoticiaz.com.br\\\/litoralsp\\\/2023\\\/08\\\/27\\\/corinthians-e-goias-empatam-no-campeonato-brasileiro#primaryimage\"},\"thumbnailUrl\":\"https:\\\/\\\/redenoticiaz.com.br\\\/litoralsp\\\/wp-content\\\/uploads\\\/sites\\\/3\\\/2023\\\/08\\\/Captura-de-tela-2023-08-27-102321.jpg?v=1693142963\",\"datePublished\":\"2023-08-27T13:29:49+00:00\",\"description\":\"No confronto da 21\u00aa rodada do Campeonato Brasileiro, o Corinthians empatou com o Goi\u00e1s em 1 a 1. Guilherme Marques marcou para o Goi\u00e1s.\",\"inLanguage\":\"pt-BR\",\"potentialAction\":[{\"@type\":\"ReadAction\",\"target\":[\"https:\\\/\\\/redenoticiaz.com.br\\\/litoralsp\\\/2023\\\/08\\\/27\\\/corinthians-e-goias-empatam-no-campeonato-brasileiro\"]}]},{\"@type\":\"ImageObject\",\"inLanguage\":\"pt-BR\",\"@id\":\"https:\\\/\\\/redenoticiaz.com.br\\\/litoralsp\\\/2023\\\/08\\\/27\\\/corinthians-e-goias-empatam-no-campeonato-brasileiro#primaryimage\",\"url\":\"https:\\\/\\\/redenoticiaz.com.br\\\/litoralsp\\\/wp-content\\\/uploads\\\/sites\\\/3\\\/2023\\\/08\\\/Captura-de-tela-2023-08-27-102321.jpg?v=1693142963\",\"contentUrl\":\"https:\\\/\\\/redenoticiaz.com.br\\\/litoralsp\\\/wp-content\\\/uploads\\\/sites\\\/3\\\/2023\\\/08\\\/Captura-de-tela-2023-08-27-102321.jpg?v=1693142963\",\"width\":678,\"height\":464,\"caption\":\"Foto: Rorison Rodrigues \\\/ Goi\u00e1s\"},{\"@type\":\"WebSite\",\"@id\":\"https:\\\/\\\/redenoticiaz.com.br\\\/litoralsp\\\/#website\",\"url\":\"https:\\\/\\\/redenoticiaz.com.br\\\/litoralsp\\\/\",\"name\":\"Litoral SP\",\"description\":\"Rede NoticiaZ\",\"publisher\":{\"@id\":\"https:\\\/\\\/redenoticiaz.com.br\\\/litoralsp\\\/#organization\"},\"potentialAction\":[{\"@type\":\"SearchAction\",\"target\":{\"@type\":\"EntryPoint\",\"urlTemplate\":\"https:\\\/\\\/redenoticiaz.com.br\\\/litoralsp\\\/?s={search_term_string}\"},\"query-input\":{\"@type\":\"PropertyValueSpecification\",\"valueRequired\":true,\"valueName\":\"search_term_string\"}}],\"inLanguage\":\"pt-BR\"},{\"@type\":\"Organization\",\"@id\":\"https:\\\/\\\/redenoticiaz.com.br\\\/litoralsp\\\/#organization\",\"name\":\"Litoral SP\",\"url\":\"https:\\\/\\\/redenoticiaz.com.br\\\/litoralsp\\\/\",\"logo\":{\"@type\":\"ImageObject\",\"inLanguage\":\"pt-BR\",\"@id\":\"https:\\\/\\\/redenoticiaz.com.br\\\/litoralsp\\\/#\\\/schema\\\/logo\\\/image\\\/\",\"url\":\"https:\\\/\\\/redenoticiaz.com.br\\\/litoralsp\\\/wp-content\\\/uploads\\\/sites\\\/3\\\/2020\\\/11\\\/logo.jpg\",\"contentUrl\":\"https:\\\/\\\/redenoticiaz.com.br\\\/litoralsp\\\/wp-content\\\/uploads\\\/sites\\\/3\\\/2020\\\/11\\\/logo.jpg\",\"width\":400,\"height\":250,\"caption\":\"Litoral SP\"},\"image\":{\"@id\":\"https:\\\/\\\/redenoticiaz.com.br\\\/litoralsp\\\/#\\\/schema\\\/logo\\\/image\\\/\"}},{\"@type\":\"Person\",\"@id\":\"https:\\\/\\\/redenoticiaz.com.br\\\/litoralsp\\\/#\\\/schema\\\/person\\\/1f84d6e94e6a62d2d81199d7503e9e90\",\"name\":\"Carina Reifonas\",\"image\":{\"@type\":\"ImageObject\",\"inLanguage\":\"pt-BR\",\"@id\":\"https:\\\/\\\/secure.gravatar.com\\\/avatar\\\/04c59859b23696cf867715880f81d5c037e60109730bdb4e6670ec2a2245bc97?s=96&d=mm&r=g\",\"url\":\"https:\\\/\\\/secure.gravatar.com\\\/avatar\\\/04c59859b23696cf867715880f81d5c037e60109730bdb4e6670ec2a2245bc97?s=96&d=mm&r=g\",\"contentUrl\":\"https:\\\/\\\/secure.gravatar.com\\\/avatar\\\/04c59859b23696cf867715880f81d5c037e60109730bdb4e6670ec2a2245bc97?s=96&d=mm&r=g\",\"caption\":\"Carina Reifonas\"},\"url\":\"https:\\\/\\\/redenoticiaz.com.br\\\/litoralsp\\\/author\\\/carinareifonas\"}]}<\/script>\n<!-- \/ Yoast SEO plugin. -->","yoast_head_json":{"title":"Corinthians e Goi\u00e1s empatam no Campeonato Brasileiro - Litoral SP","description":"No confronto da 21\u00aa rodada do Campeonato Brasileiro, o Corinthians empatou com o Goi\u00e1s em 1 a 1. Guilherme Marques marcou para o Goi\u00e1s.","robots":{"index":"index","follow":"follow","max-snippet":"max-snippet:-1","max-image-preview":"max-image-preview:large","max-video-preview":"max-video-preview:-1"},"canonical":"https:\/\/redenoticiaz.com.br\/litoralsp\/2023\/08\/27\/corinthians-e-goias-empatam-no-campeonato-brasileiro","og_locale":"pt_BR","og_type":"article","og_title":"Corinthians e Goi\u00e1s empatam no Campeonato Brasileiro - Litoral SP","og_description":"No confronto da 21\u00aa rodada do Campeonato Brasileiro, o Corinthians empatou com o Goi\u00e1s em 1 a 1. Guilherme Marques marcou para o Goi\u00e1s.","og_url":"https:\/\/redenoticiaz.com.br\/litoralsp\/2023\/08\/27\/corinthians-e-goias-empatam-no-campeonato-brasileiro","og_site_name":"Litoral SP","article_published_time":"2023-08-27T13:29:49+00:00","og_image":[{"width":678,"height":464,"url":"https:\/\/redenoticiaz.com.br\/litoralsp\/wp-content\/uploads\/sites\/3\/2023\/08\/Captura-de-tela-2023-08-27-102321.jpg?v=1693142963","type":"image\/jpeg"}],"author":"Carina Reifonas","twitter_card":"summary_large_image","twitter_misc":{"Escrito por":"Carina Reifonas","Est. tempo de leitura":"1 minuto"},"schema":{"@context":"https:\/\/schema.org","@graph":[{"@type":"Article","@id":"https:\/\/redenoticiaz.com.br\/litoralsp\/2023\/08\/27\/corinthians-e-goias-empatam-no-campeonato-brasileiro#article","isPartOf":{"@id":"https:\/\/redenoticiaz.com.br\/litoralsp\/2023\/08\/27\/corinthians-e-goias-empatam-no-campeonato-brasileiro"},"author":{"name":"Carina Reifonas","@id":"https:\/\/redenoticiaz.com.br\/litoralsp\/#\/schema\/person\/1f84d6e94e6a62d2d81199d7503e9e90"},"headline":"Corinthians e Goi\u00e1s empatam no Campeonato Brasileiro","datePublished":"2023-08-27T13:29:49+00:00","mainEntityOfPage":{"@id":"https:\/\/redenoticiaz.com.br\/litoralsp\/2023\/08\/27\/corinthians-e-goias-empatam-no-campeonato-brasileiro"},"wordCount":187,"commentCount":0,"publisher":{"@id":"https:\/\/redenoticiaz.com.br\/litoralsp\/#organization"},"image":{"@id":"https:\/\/redenoticiaz.com.br\/litoralsp\/2023\/08\/27\/corinthians-e-goias-empatam-no-campeonato-brasileiro#primaryimage"},"thumbnailUrl":"https:\/\/redenoticiaz.com.br\/litoralsp\/wp-content\/uploads\/sites\/3\/2023\/08\/Captura-de-tela-2023-08-27-102321.jpg?v=1693142963","keywords":["CAMPEONATO BRASILEIRO","Corinthians","GOI\u00c1S"],"articleSection":["Esporte"],"inLanguage":"pt-BR","potentialAction":[{"@type":"CommentAction","name":"Comment","target":["https:\/\/redenoticiaz.com.br\/litoralsp\/2023\/08\/27\/corinthians-e-goias-empatam-no-campeonato-brasileiro#respond"]}]},{"@type":"WebPage","@id":"https:\/\/redenoticiaz.com.br\/litoralsp\/2023\/08\/27\/corinthians-e-goias-empatam-no-campeonato-brasileiro","url":"https:\/\/redenoticiaz.com.br\/litoralsp\/2023\/08\/27\/corinthians-e-goias-empatam-no-campeonato-brasileiro","name":"Corinthians e Goi\u00e1s empatam no Campeonato Brasileiro - Litoral SP","isPartOf":{"@id":"https:\/\/redenoticiaz.com.br\/litoralsp\/#website"},"primaryImageOfPage":{"@id":"https:\/\/redenoticiaz.com.br\/litoralsp\/2023\/08\/27\/corinthians-e-goias-empatam-no-campeonato-brasileiro#primaryimage"},"image":{"@id":"https:\/\/redenoticiaz.com.br\/litoralsp\/2023\/08\/27\/corinthians-e-goias-empatam-no-campeonato-brasileiro#primaryimage"},"thumbnailUrl":"https:\/\/redenoticiaz.com.br\/litoralsp\/wp-content\/uploads\/sites\/3\/2023\/08\/Captura-de-tela-2023-08-27-102321.jpg?v=1693142963","datePublished":"2023-08-27T13:29:49+00:00","description":"No confronto da 21\u00aa rodada do Campeonato Brasileiro, o Corinthians empatou com o Goi\u00e1s em 1 a 1. Guilherme Marques marcou para o Goi\u00e1s.","inLanguage":"pt-BR","potentialAction":[{"@type":"ReadAction","target":["https:\/\/redenoticiaz.com.br\/litoralsp\/2023\/08\/27\/corinthians-e-goias-empatam-no-campeonato-brasileiro"]}]},{"@type":"ImageObject","inLanguage":"pt-BR","@id":"https:\/\/redenoticiaz.com.br\/litoralsp\/2023\/08\/27\/corinthians-e-goias-empatam-no-campeonato-brasileiro#primaryimage","url":"https:\/\/redenoticiaz.com.br\/litoralsp\/wp-content\/uploads\/sites\/3\/2023\/08\/Captura-de-tela-2023-08-27-102321.jpg?v=1693142963","contentUrl":"https:\/\/redenoticiaz.com.br\/litoralsp\/wp-content\/uploads\/sites\/3\/2023\/08\/Captura-de-tela-2023-08-27-102321.jpg?v=1693142963","width":678,"height":464,"caption":"Foto: Rorison Rodrigues \/ Goi\u00e1s"},{"@type":"WebSite","@id":"https:\/\/redenoticiaz.com.br\/litoralsp\/#website","url":"https:\/\/redenoticiaz.com.br\/litoralsp\/","name":"Litoral SP","description":"Rede NoticiaZ","publisher":{"@id":"https:\/\/redenoticiaz.com.br\/litoralsp\/#organization"},"potentialAction":[{"@type":"SearchAction","target":{"@type":"EntryPoint","urlTemplate":"https:\/\/redenoticiaz.com.br\/litoralsp\/?s={search_term_string}"},"query-input":{"@type":"PropertyValueSpecification","valueRequired":true,"valueName":"search_term_string"}}],"inLanguage":"pt-BR"},{"@type":"Organization","@id":"https:\/\/redenoticiaz.com.br\/litoralsp\/#organization","name":"Litoral SP","url":"https:\/\/redenoticiaz.com.br\/litoralsp\/","logo":{"@type":"ImageObject","inLanguage":"pt-BR","@id":"https:\/\/redenoticiaz.com.br\/litoralsp\/#\/schema\/logo\/image\/","url":"https:\/\/redenoticiaz.com.br\/litoralsp\/wp-content\/uploads\/sites\/3\/2020\/11\/logo.jpg","contentUrl":"https:\/\/redenoticiaz.com.br\/litoralsp\/wp-content\/uploads\/sites\/3\/2020\/11\/logo.jpg","width":400,"height":250,"caption":"Litoral SP"},"image":{"@id":"https:\/\/redenoticiaz.com.br\/litoralsp\/#\/schema\/logo\/image\/"}},{"@type":"Person","@id":"https:\/\/redenoticiaz.com.br\/litoralsp\/#\/schema\/person\/1f84d6e94e6a62d2d81199d7503e9e90","name":"Carina Reifonas","image":{"@type":"ImageObject","inLanguage":"pt-BR","@id":"https:\/\/secure.gravatar.com\/avatar\/04c59859b23696cf867715880f81d5c037e60109730bdb4e6670ec2a2245bc97?s=96&d=mm&r=g","url":"https:\/\/secure.gravatar.com\/avatar\/04c59859b23696cf867715880f81d5c037e60109730bdb4e6670ec2a2245bc97?s=96&d=mm&r=g","contentUrl":"https:\/\/secure.gravatar.com\/avatar\/04c59859b23696cf867715880f81d5c037e60109730bdb4e6670ec2a2245bc97?s=96&d=mm&r=g","caption":"Carina Reifonas"},"url":"https:\/\/redenoticiaz.com.br\/litoralsp\/author\/carinareifonas"}]}},"_links":{"self":[{"href":"https:\/\/redenoticiaz.com.br\/litoralsp\/wp-json\/wp\/v2\/posts\/109885","targetHints":{"allow":["GET"]}}],"collection":[{"href":"https:\/\/redenoticiaz.com.br\/litoralsp\/wp-json\/wp\/v2\/posts"}],"about":[{"href":"https:\/\/redenoticiaz.com.br\/litoralsp\/wp-json\/wp\/v2\/types\/post"}],"author":[{"embeddable":true,"href":"https:\/\/redenoticiaz.com.br\/litoralsp\/wp-json\/wp\/v2\/users\/30"}],"replies":[{"embeddable":true,"href":"https:\/\/redenoticiaz.com.br\/litoralsp\/wp-json\/wp\/v2\/comments?post=109885"}],"version-history":[{"count":0,"href":"https:\/\/redenoticiaz.com.br\/litoralsp\/wp-json\/wp\/v2\/posts\/109885\/revisions"}],"wp:featuredmedia":[{"embeddable":true,"href":"https:\/\/redenoticiaz.com.br\/litoralsp\/wp-json\/wp\/v2\/media\/109886"}],"wp:attachment":[{"href":"https:\/\/redenoticiaz.com.br\/litoralsp\/wp-json\/wp\/v2\/media?parent=109885"}],"wp:term":[{"taxonomy":"category","embeddable":true,"href":"https:\/\/redenoticiaz.com.br\/litoralsp\/wp-json\/wp\/v2\/categories?post=109885"},{"taxonomy":"post_tag","embeddable":true,"href":"https:\/\/redenoticiaz.com.br\/litoralsp\/wp-json\/wp\/v2\/tags?post=109885"}],"curies":[{"name":"wp","href":"https:\/\/api.w.org\/{rel}","templated":true}]}}