{"id":109982,"date":"2023-08-30T11:56:55","date_gmt":"2023-08-30T14:56:55","guid":{"rendered":"https:\/\/redenoticiaz.com.br\/litoralsp\/2023\/08\/30\/pf-apreende-17-toneladas-de-cocaina-que-ia-para-a-europa-pelo-porto-de-santos"},"modified":"2023-08-30T16:54:02","modified_gmt":"2023-08-30T19:54:02","slug":"pf-apreende-17-toneladas-de-cocaina-que-iam-para-a-europa-pelo-porto-de-santos","status":"publish","type":"post","link":"https:\/\/redenoticiaz.com.br\/litoralsp\/2023\/08\/30\/pf-apreende-17-toneladas-de-cocaina-que-iam-para-a-europa-pelo-porto-de-santos","title":{"rendered":"PF apreende 17 toneladas de coca\u00edna que iam para a Europa pelo Porto de Santos"},"content":{"rendered":"<p><strong>A Pol\u00edcia Federal deflagrou nesta quarta-feira<\/strong>, a Opera\u00e7\u00e3o Pactolo, no <a href=\"https:\/\/www.portodesantos.com.br\">Porto de Santos<\/a>. Opera\u00e7\u00e3o tem objetivo reprimir e desarticular uma Organiza\u00e7\u00e3o Criminosa especializada no tr\u00e1fico internacional de drogas. Utilizando-se do Porto de Santos em S\u00e3o Paulo e de outros portos brasileiros.<\/p>\n<p>Na opera\u00e7\u00e3o de hoje, cerca de 30 policiais federais est\u00e3o nas ruas para dar cumprimento a 8 mandados de busca e apreens\u00e3o. Em endere\u00e7os situados em Praia Grande e Santos, na baixada santista.<\/p>\n<p>Al\u00e9m dos mandados, foram decretadas medidas patrimoniais de sequestro de 12 bens im\u00f3veis, como apartamentos de luxo. Bem como o bloqueio de bens e valores existentes nas contas banc\u00e1rias e aplica\u00e7\u00f5es financeiras dos investigados. Totalizando um valor estimado de aproximadamente R$ 2.800.000.000,00 (dois bilh\u00f5es e oitocentos milh\u00f5es de reais).<\/p>\n<h2>Investiga\u00e7\u00f5es<\/h2>\n<p>As investiga\u00e7\u00f5es revelaram que a Organiza\u00e7\u00e3o Criminosa constituiu uma complexa estrutura log\u00edstica para operacionalizar as a\u00e7\u00f5es de narcotr\u00e1fico internacional, que abrange desde a produ\u00e7\u00e3o da droga no exterior, seu posterior ingresso e transporte dentro do territ\u00f3rio nacional, distribui\u00e7\u00e3o interna, prepara\u00e7\u00e3o e envio dos carregamentos de coca\u00edna para o exterior utilizando principalmente o modal mar\u00edtimo.<\/p>\n<p>Grande parte da droga movimentada pelo grupo tinha como destino os portos da Europa e, para isto, atuava predominantemente na regi\u00e3o do Porto de Santos.<\/p>\n<p>Foram identificadas cerca de 21 apreens\u00f5es no Brasil e no Exterior, totalizando aproximadamente 17 toneladas de coca\u00edna, que atrav\u00e9s de investiga\u00e7\u00e3o foram vinculadas \u00e0 atua\u00e7\u00e3o desta Organiza\u00e7\u00e3o Criminosa.<\/p>\n<p>As investiga\u00e7\u00f5es revelaram ainda que lideran\u00e7as da Organiza\u00e7\u00e3o empregavam diversas metodologias para ocultar e dissimular a proced\u00eancia il\u00edcita dos valores recebidos com o tr\u00e1fico de drogas, e para tanto, constitu\u00edam diversas empresas fict\u00edcias.<\/p>\n<p>Os investigados na opera\u00e7\u00e3o deflagrada hoje responder\u00e3o, cada qual dentro da sua esfera de responsabilidade, pelos crimes de organiza\u00e7\u00e3o criminosa, tr\u00e1fico internacional de drogas e associa\u00e7\u00e3o para fins de tr\u00e1fico, bem como pelo crime de lavagem de dinheiro.<\/p>\n<p><em><strong>LEIA MAIS<\/strong><\/em><br \/>\n<a href=\"https:\/\/redenoticiaz.com.br\/blog\/2023\/08\/30\/ladroes-invadem-residencia-e-levam-tiros-da-policia-em-jundiai\">Ladr\u00f5es invadem resid\u00eancia e levam tiros da pol\u00edcia em Jundia\u00ed<\/a><\/p>\n","protected":false},"excerpt":{"rendered":"<p>A Pol\u00edcia Federal deflagrou nesta quarta-feira, a Opera\u00e7\u00e3o Pactolo, no Porto de Santos. Opera\u00e7\u00e3o tem objetivo reprimir e desarticular uma Organiza\u00e7\u00e3o Criminosa especializada no tr\u00e1fico internacional de drogas. Utilizando-se do Porto de Santos em S\u00e3o Paulo e de outros portos brasileiros. Na opera\u00e7\u00e3o de hoje, cerca de 30 policiais federais est\u00e3o nas ruas para dar &hellip;<\/p>\n","protected":false},"author":11,"featured_media":109983,"comment_status":"open","ping_status":"closed","sticky":false,"template":"","format":"standard","meta":{"footnotes":""},"categories":[18537],"tags":[66942,72,66943,27228,74],"class_list":["post-109982","post","type-post","status-publish","format-standard","has-post-thumbnail","hentry","category-porto","tag-cocaia","tag-drogas","tag-operacao-pactolo","tag-organizacao-criminosa","tag-porto-de-santos"],"yoast_head":"<!-- This site is optimized with the Yoast SEO plugin v27.5 - https:\/\/yoast.com\/product\/yoast-seo-wordpress\/ -->\n<title>PF apreende 17 toneladas de coca\u00edna que iam para a Europa pelo Porto de Santos - Litoral SP<\/title>\n<meta name=\"description\" content=\"A Pol\u00edcia Federal deflagrou a Opera\u00e7\u00e3o Pactolo, no Porto de Santos. Opera\u00e7\u00e3o tem objetivo de desarticular Organiza\u00e7\u00e3o Criminosa.\" \/>\n<meta name=\"robots\" content=\"index, follow, max-snippet:-1, max-image-preview:large, max-video-preview:-1\" \/>\n<link rel=\"canonical\" href=\"https:\/\/redenoticiaz.com.br\/litoralsp\/2023\/08\/30\/pf-apreende-17-toneladas-de-cocaina-que-iam-para-a-europa-pelo-porto-de-santos\" \/>\n<meta property=\"og:locale\" content=\"pt_BR\" \/>\n<meta property=\"og:type\" content=\"article\" \/>\n<meta property=\"og:title\" content=\"PF apreende 17 toneladas de coca\u00edna que iam para a Europa pelo Porto de Santos - Litoral SP\" \/>\n<meta property=\"og:description\" content=\"A Pol\u00edcia Federal deflagrou a Opera\u00e7\u00e3o Pactolo, no Porto de Santos. Opera\u00e7\u00e3o tem objetivo de desarticular Organiza\u00e7\u00e3o Criminosa.\" \/>\n<meta property=\"og:url\" content=\"https:\/\/redenoticiaz.com.br\/litoralsp\/2023\/08\/30\/pf-apreende-17-toneladas-de-cocaina-que-iam-para-a-europa-pelo-porto-de-santos\" \/>\n<meta property=\"og:site_name\" content=\"Litoral SP\" \/>\n<meta property=\"article:published_time\" content=\"2023-08-30T14:56:55+00:00\" \/>\n<meta property=\"article:modified_time\" content=\"2023-08-30T19:54:02+00:00\" \/>\n<meta property=\"og:image\" content=\"https:\/\/redenoticiaz.com.br\/litoralsp\/wp-content\/uploads\/sites\/3\/2024\/05\/Captura-de-tela-2024-05-10-132129.png?v=1715358116\" \/>\n\t<meta property=\"og:image:width\" content=\"469\" \/>\n\t<meta property=\"og:image:height\" content=\"210\" \/>\n\t<meta property=\"og:image:type\" content=\"image\/png\" \/>\n<meta name=\"twitter:card\" content=\"summary_large_image\" \/>\n<meta name=\"twitter:image\" content=\"https:\/\/redenoticiaz.com.br\/litoralsp\/wp-content\/uploads\/sites\/3\/2024\/05\/Captura-de-tela-2024-05-10-132129.png?v=1715358116\" \/>\n<meta name=\"twitter:label1\" content=\"Escrito por\" \/>\n\t<meta name=\"twitter:data1\" content=\"\" \/>\n\t<meta name=\"twitter:label2\" content=\"Est. tempo de leitura\" \/>\n\t<meta name=\"twitter:data2\" content=\"2 minutos\" \/>\n<script type=\"application\/ld+json\" class=\"yoast-schema-graph\">{\"@context\":\"https:\\\/\\\/schema.org\",\"@graph\":[{\"@type\":\"Article\",\"@id\":\"https:\\\/\\\/redenoticiaz.com.br\\\/litoralsp\\\/2023\\\/08\\\/30\\\/pf-apreende-17-toneladas-de-cocaina-que-iam-para-a-europa-pelo-porto-de-santos#article\",\"isPartOf\":{\"@id\":\"https:\\\/\\\/redenoticiaz.com.br\\\/litoralsp\\\/2023\\\/08\\\/30\\\/pf-apreende-17-toneladas-de-cocaina-que-iam-para-a-europa-pelo-porto-de-santos\"},\"author\":{\"name\":\"\",\"@id\":\"\"},\"headline\":\"PF apreende 17 toneladas de coca\u00edna que iam para a Europa pelo Porto de Santos\",\"datePublished\":\"2023-08-30T14:56:55+00:00\",\"dateModified\":\"2023-08-30T19:54:02+00:00\",\"mainEntityOfPage\":{\"@id\":\"https:\\\/\\\/redenoticiaz.com.br\\\/litoralsp\\\/2023\\\/08\\\/30\\\/pf-apreende-17-toneladas-de-cocaina-que-iam-para-a-europa-pelo-porto-de-santos\"},\"wordCount\":374,\"commentCount\":0,\"publisher\":{\"@id\":\"https:\\\/\\\/redenoticiaz.com.br\\\/litoralsp\\\/#organization\"},\"image\":{\"@id\":\"https:\\\/\\\/redenoticiaz.com.br\\\/litoralsp\\\/2023\\\/08\\\/30\\\/pf-apreende-17-toneladas-de-cocaina-que-iam-para-a-europa-pelo-porto-de-santos#primaryimage\"},\"thumbnailUrl\":\"https:\\\/\\\/redenoticiaz.com.br\\\/litoralsp\\\/wp-content\\\/uploads\\\/sites\\\/3\\\/2023\\\/08\\\/WhatsApp-Image-2023-08-30-at-11.50.59.jpeg?v=1693407268\",\"keywords\":[\"COCA\u00cdA\",\"drogas\",\"OPERA\u00c7\u00c3O PACTOLO\",\"ORGANIZA\u00c7\u00c3O CRIMINOSA\",\"porto de santos\"],\"articleSection\":[\"Porto\"],\"inLanguage\":\"pt-BR\",\"potentialAction\":[{\"@type\":\"CommentAction\",\"name\":\"Comment\",\"target\":[\"https:\\\/\\\/redenoticiaz.com.br\\\/litoralsp\\\/2023\\\/08\\\/30\\\/pf-apreende-17-toneladas-de-cocaina-que-iam-para-a-europa-pelo-porto-de-santos#respond\"]}]},{\"@type\":\"WebPage\",\"@id\":\"https:\\\/\\\/redenoticiaz.com.br\\\/litoralsp\\\/2023\\\/08\\\/30\\\/pf-apreende-17-toneladas-de-cocaina-que-iam-para-a-europa-pelo-porto-de-santos\",\"url\":\"https:\\\/\\\/redenoticiaz.com.br\\\/litoralsp\\\/2023\\\/08\\\/30\\\/pf-apreende-17-toneladas-de-cocaina-que-iam-para-a-europa-pelo-porto-de-santos\",\"name\":\"PF apreende 17 toneladas de coca\u00edna que iam para a Europa pelo Porto de Santos - Litoral SP\",\"isPartOf\":{\"@id\":\"https:\\\/\\\/redenoticiaz.com.br\\\/litoralsp\\\/#website\"},\"primaryImageOfPage\":{\"@id\":\"https:\\\/\\\/redenoticiaz.com.br\\\/litoralsp\\\/2023\\\/08\\\/30\\\/pf-apreende-17-toneladas-de-cocaina-que-iam-para-a-europa-pelo-porto-de-santos#primaryimage\"},\"image\":{\"@id\":\"https:\\\/\\\/redenoticiaz.com.br\\\/litoralsp\\\/2023\\\/08\\\/30\\\/pf-apreende-17-toneladas-de-cocaina-que-iam-para-a-europa-pelo-porto-de-santos#primaryimage\"},\"thumbnailUrl\":\"https:\\\/\\\/redenoticiaz.com.br\\\/litoralsp\\\/wp-content\\\/uploads\\\/sites\\\/3\\\/2023\\\/08\\\/WhatsApp-Image-2023-08-30-at-11.50.59.jpeg?v=1693407268\",\"datePublished\":\"2023-08-30T14:56:55+00:00\",\"dateModified\":\"2023-08-30T19:54:02+00:00\",\"description\":\"A Pol\u00edcia Federal deflagrou a Opera\u00e7\u00e3o Pactolo, no Porto de Santos. Opera\u00e7\u00e3o tem objetivo de desarticular Organiza\u00e7\u00e3o Criminosa.\",\"inLanguage\":\"pt-BR\",\"potentialAction\":[{\"@type\":\"ReadAction\",\"target\":[\"https:\\\/\\\/redenoticiaz.com.br\\\/litoralsp\\\/2023\\\/08\\\/30\\\/pf-apreende-17-toneladas-de-cocaina-que-iam-para-a-europa-pelo-porto-de-santos\"]}]},{\"@type\":\"ImageObject\",\"inLanguage\":\"pt-BR\",\"@id\":\"https:\\\/\\\/redenoticiaz.com.br\\\/litoralsp\\\/2023\\\/08\\\/30\\\/pf-apreende-17-toneladas-de-cocaina-que-iam-para-a-europa-pelo-porto-de-santos#primaryimage\",\"url\":\"https:\\\/\\\/redenoticiaz.com.br\\\/litoralsp\\\/wp-content\\\/uploads\\\/sites\\\/3\\\/2023\\\/08\\\/WhatsApp-Image-2023-08-30-at-11.50.59.jpeg?v=1693407268\",\"contentUrl\":\"https:\\\/\\\/redenoticiaz.com.br\\\/litoralsp\\\/wp-content\\\/uploads\\\/sites\\\/3\\\/2023\\\/08\\\/WhatsApp-Image-2023-08-30-at-11.50.59.jpeg?v=1693407268\",\"width\":762,\"height\":501,\"caption\":\"Foto: Divulga\u00e7\u00e3o\"},{\"@type\":\"WebSite\",\"@id\":\"https:\\\/\\\/redenoticiaz.com.br\\\/litoralsp\\\/#website\",\"url\":\"https:\\\/\\\/redenoticiaz.com.br\\\/litoralsp\\\/\",\"name\":\"Litoral SP\",\"description\":\"Rede NoticiaZ\",\"publisher\":{\"@id\":\"https:\\\/\\\/redenoticiaz.com.br\\\/litoralsp\\\/#organization\"},\"potentialAction\":[{\"@type\":\"SearchAction\",\"target\":{\"@type\":\"EntryPoint\",\"urlTemplate\":\"https:\\\/\\\/redenoticiaz.com.br\\\/litoralsp\\\/?s={search_term_string}\"},\"query-input\":{\"@type\":\"PropertyValueSpecification\",\"valueRequired\":true,\"valueName\":\"search_term_string\"}}],\"inLanguage\":\"pt-BR\"},{\"@type\":\"Organization\",\"@id\":\"https:\\\/\\\/redenoticiaz.com.br\\\/litoralsp\\\/#organization\",\"name\":\"Litoral SP\",\"url\":\"https:\\\/\\\/redenoticiaz.com.br\\\/litoralsp\\\/\",\"logo\":{\"@type\":\"ImageObject\",\"inLanguage\":\"pt-BR\",\"@id\":\"https:\\\/\\\/redenoticiaz.com.br\\\/litoralsp\\\/#\\\/schema\\\/logo\\\/image\\\/\",\"url\":\"https:\\\/\\\/redenoticiaz.com.br\\\/litoralsp\\\/wp-content\\\/uploads\\\/sites\\\/3\\\/2020\\\/11\\\/logo.jpg\",\"contentUrl\":\"https:\\\/\\\/redenoticiaz.com.br\\\/litoralsp\\\/wp-content\\\/uploads\\\/sites\\\/3\\\/2020\\\/11\\\/logo.jpg\",\"width\":400,\"height\":250,\"caption\":\"Litoral SP\"},\"image\":{\"@id\":\"https:\\\/\\\/redenoticiaz.com.br\\\/litoralsp\\\/#\\\/schema\\\/logo\\\/image\\\/\"}},{\"@type\":\"Person\",\"@id\":\"\",\"url\":\"https:\\\/\\\/redenoticiaz.com.br\\\/litoralsp\\\/author\"}]}<\/script>\n<!-- \/ Yoast SEO plugin. -->","yoast_head_json":{"title":"PF apreende 17 toneladas de coca\u00edna que iam para a Europa pelo Porto de Santos - Litoral SP","description":"A Pol\u00edcia Federal deflagrou a Opera\u00e7\u00e3o Pactolo, no Porto de Santos. Opera\u00e7\u00e3o tem objetivo de desarticular Organiza\u00e7\u00e3o Criminosa.","robots":{"index":"index","follow":"follow","max-snippet":"max-snippet:-1","max-image-preview":"max-image-preview:large","max-video-preview":"max-video-preview:-1"},"canonical":"https:\/\/redenoticiaz.com.br\/litoralsp\/2023\/08\/30\/pf-apreende-17-toneladas-de-cocaina-que-iam-para-a-europa-pelo-porto-de-santos","og_locale":"pt_BR","og_type":"article","og_title":"PF apreende 17 toneladas de coca\u00edna que iam para a Europa pelo Porto de Santos - Litoral SP","og_description":"A Pol\u00edcia Federal deflagrou a Opera\u00e7\u00e3o Pactolo, no Porto de Santos. Opera\u00e7\u00e3o tem objetivo de desarticular Organiza\u00e7\u00e3o Criminosa.","og_url":"https:\/\/redenoticiaz.com.br\/litoralsp\/2023\/08\/30\/pf-apreende-17-toneladas-de-cocaina-que-iam-para-a-europa-pelo-porto-de-santos","og_site_name":"Litoral SP","article_published_time":"2023-08-30T14:56:55+00:00","article_modified_time":"2023-08-30T19:54:02+00:00","og_image":[{"width":469,"height":210,"url":"https:\/\/redenoticiaz.com.br\/litoralsp\/wp-content\/uploads\/sites\/3\/2024\/05\/Captura-de-tela-2024-05-10-132129.png?v=1715358116","type":"image\/png"}],"twitter_card":"summary_large_image","twitter_image":"https:\/\/redenoticiaz.com.br\/litoralsp\/wp-content\/uploads\/sites\/3\/2024\/05\/Captura-de-tela-2024-05-10-132129.png?v=1715358116","twitter_misc":{"Escrito por":"","Est. tempo de leitura":"2 minutos"},"schema":{"@context":"https:\/\/schema.org","@graph":[{"@type":"Article","@id":"https:\/\/redenoticiaz.com.br\/litoralsp\/2023\/08\/30\/pf-apreende-17-toneladas-de-cocaina-que-iam-para-a-europa-pelo-porto-de-santos#article","isPartOf":{"@id":"https:\/\/redenoticiaz.com.br\/litoralsp\/2023\/08\/30\/pf-apreende-17-toneladas-de-cocaina-que-iam-para-a-europa-pelo-porto-de-santos"},"author":{"name":"","@id":""},"headline":"PF apreende 17 toneladas de coca\u00edna que iam para a Europa pelo Porto de Santos","datePublished":"2023-08-30T14:56:55+00:00","dateModified":"2023-08-30T19:54:02+00:00","mainEntityOfPage":{"@id":"https:\/\/redenoticiaz.com.br\/litoralsp\/2023\/08\/30\/pf-apreende-17-toneladas-de-cocaina-que-iam-para-a-europa-pelo-porto-de-santos"},"wordCount":374,"commentCount":0,"publisher":{"@id":"https:\/\/redenoticiaz.com.br\/litoralsp\/#organization"},"image":{"@id":"https:\/\/redenoticiaz.com.br\/litoralsp\/2023\/08\/30\/pf-apreende-17-toneladas-de-cocaina-que-iam-para-a-europa-pelo-porto-de-santos#primaryimage"},"thumbnailUrl":"https:\/\/redenoticiaz.com.br\/litoralsp\/wp-content\/uploads\/sites\/3\/2023\/08\/WhatsApp-Image-2023-08-30-at-11.50.59.jpeg?v=1693407268","keywords":["COCA\u00cdA","drogas","OPERA\u00c7\u00c3O PACTOLO","ORGANIZA\u00c7\u00c3O CRIMINOSA","porto de santos"],"articleSection":["Porto"],"inLanguage":"pt-BR","potentialAction":[{"@type":"CommentAction","name":"Comment","target":["https:\/\/redenoticiaz.com.br\/litoralsp\/2023\/08\/30\/pf-apreende-17-toneladas-de-cocaina-que-iam-para-a-europa-pelo-porto-de-santos#respond"]}]},{"@type":"WebPage","@id":"https:\/\/redenoticiaz.com.br\/litoralsp\/2023\/08\/30\/pf-apreende-17-toneladas-de-cocaina-que-iam-para-a-europa-pelo-porto-de-santos","url":"https:\/\/redenoticiaz.com.br\/litoralsp\/2023\/08\/30\/pf-apreende-17-toneladas-de-cocaina-que-iam-para-a-europa-pelo-porto-de-santos","name":"PF apreende 17 toneladas de coca\u00edna que iam para a Europa pelo Porto de Santos - Litoral SP","isPartOf":{"@id":"https:\/\/redenoticiaz.com.br\/litoralsp\/#website"},"primaryImageOfPage":{"@id":"https:\/\/redenoticiaz.com.br\/litoralsp\/2023\/08\/30\/pf-apreende-17-toneladas-de-cocaina-que-iam-para-a-europa-pelo-porto-de-santos#primaryimage"},"image":{"@id":"https:\/\/redenoticiaz.com.br\/litoralsp\/2023\/08\/30\/pf-apreende-17-toneladas-de-cocaina-que-iam-para-a-europa-pelo-porto-de-santos#primaryimage"},"thumbnailUrl":"https:\/\/redenoticiaz.com.br\/litoralsp\/wp-content\/uploads\/sites\/3\/2023\/08\/WhatsApp-Image-2023-08-30-at-11.50.59.jpeg?v=1693407268","datePublished":"2023-08-30T14:56:55+00:00","dateModified":"2023-08-30T19:54:02+00:00","description":"A Pol\u00edcia Federal deflagrou a Opera\u00e7\u00e3o Pactolo, no Porto de Santos. Opera\u00e7\u00e3o tem objetivo de desarticular Organiza\u00e7\u00e3o Criminosa.","inLanguage":"pt-BR","potentialAction":[{"@type":"ReadAction","target":["https:\/\/redenoticiaz.com.br\/litoralsp\/2023\/08\/30\/pf-apreende-17-toneladas-de-cocaina-que-iam-para-a-europa-pelo-porto-de-santos"]}]},{"@type":"ImageObject","inLanguage":"pt-BR","@id":"https:\/\/redenoticiaz.com.br\/litoralsp\/2023\/08\/30\/pf-apreende-17-toneladas-de-cocaina-que-iam-para-a-europa-pelo-porto-de-santos#primaryimage","url":"https:\/\/redenoticiaz.com.br\/litoralsp\/wp-content\/uploads\/sites\/3\/2023\/08\/WhatsApp-Image-2023-08-30-at-11.50.59.jpeg?v=1693407268","contentUrl":"https:\/\/redenoticiaz.com.br\/litoralsp\/wp-content\/uploads\/sites\/3\/2023\/08\/WhatsApp-Image-2023-08-30-at-11.50.59.jpeg?v=1693407268","width":762,"height":501,"caption":"Foto: Divulga\u00e7\u00e3o"},{"@type":"WebSite","@id":"https:\/\/redenoticiaz.com.br\/litoralsp\/#website","url":"https:\/\/redenoticiaz.com.br\/litoralsp\/","name":"Litoral SP","description":"Rede NoticiaZ","publisher":{"@id":"https:\/\/redenoticiaz.com.br\/litoralsp\/#organization"},"potentialAction":[{"@type":"SearchAction","target":{"@type":"EntryPoint","urlTemplate":"https:\/\/redenoticiaz.com.br\/litoralsp\/?s={search_term_string}"},"query-input":{"@type":"PropertyValueSpecification","valueRequired":true,"valueName":"search_term_string"}}],"inLanguage":"pt-BR"},{"@type":"Organization","@id":"https:\/\/redenoticiaz.com.br\/litoralsp\/#organization","name":"Litoral SP","url":"https:\/\/redenoticiaz.com.br\/litoralsp\/","logo":{"@type":"ImageObject","inLanguage":"pt-BR","@id":"https:\/\/redenoticiaz.com.br\/litoralsp\/#\/schema\/logo\/image\/","url":"https:\/\/redenoticiaz.com.br\/litoralsp\/wp-content\/uploads\/sites\/3\/2020\/11\/logo.jpg","contentUrl":"https:\/\/redenoticiaz.com.br\/litoralsp\/wp-content\/uploads\/sites\/3\/2020\/11\/logo.jpg","width":400,"height":250,"caption":"Litoral SP"},"image":{"@id":"https:\/\/redenoticiaz.com.br\/litoralsp\/#\/schema\/logo\/image\/"}},{"@type":"Person","@id":"","url":"https:\/\/redenoticiaz.com.br\/litoralsp\/author"}]}},"_links":{"self":[{"href":"https:\/\/redenoticiaz.com.br\/litoralsp\/wp-json\/wp\/v2\/posts\/109982","targetHints":{"allow":["GET"]}}],"collection":[{"href":"https:\/\/redenoticiaz.com.br\/litoralsp\/wp-json\/wp\/v2\/posts"}],"about":[{"href":"https:\/\/redenoticiaz.com.br\/litoralsp\/wp-json\/wp\/v2\/types\/post"}],"author":[{"embeddable":true,"href":"https:\/\/redenoticiaz.com.br\/litoralsp\/wp-json\/wp\/v2\/users\/11"}],"replies":[{"embeddable":true,"href":"https:\/\/redenoticiaz.com.br\/litoralsp\/wp-json\/wp\/v2\/comments?post=109982"}],"version-history":[{"count":3,"href":"https:\/\/redenoticiaz.com.br\/litoralsp\/wp-json\/wp\/v2\/posts\/109982\/revisions"}],"predecessor-version":[{"id":110010,"href":"https:\/\/redenoticiaz.com.br\/litoralsp\/wp-json\/wp\/v2\/posts\/109982\/revisions\/110010"}],"wp:featuredmedia":[{"embeddable":true,"href":"https:\/\/redenoticiaz.com.br\/litoralsp\/wp-json\/wp\/v2\/media\/109983"}],"wp:attachment":[{"href":"https:\/\/redenoticiaz.com.br\/litoralsp\/wp-json\/wp\/v2\/media?parent=109982"}],"wp:term":[{"taxonomy":"category","embeddable":true,"href":"https:\/\/redenoticiaz.com.br\/litoralsp\/wp-json\/wp\/v2\/categories?post=109982"},{"taxonomy":"post_tag","embeddable":true,"href":"https:\/\/redenoticiaz.com.br\/litoralsp\/wp-json\/wp\/v2\/tags?post=109982"}],"curies":[{"name":"wp","href":"https:\/\/api.w.org\/{rel}","templated":true}]}}