{"id":110011,"date":"2023-08-30T16:38:58","date_gmt":"2023-08-30T19:38:58","guid":{"rendered":"https:\/\/redenoticiaz.com.br\/litoralsp\/2023\/08\/30\/furacao-perde-intensidade-e-causa-duas-mortes-na-florida"},"modified":"2023-08-30T16:38:58","modified_gmt":"2023-08-30T19:38:58","slug":"furacao-perde-intensidade-e-causa-duas-mortes-na-florida","status":"publish","type":"post","link":"https:\/\/redenoticiaz.com.br\/litoralsp\/2023\/08\/30\/furacao-perde-intensidade-e-causa-duas-mortes-na-florida","title":{"rendered":"Furac\u00e3o perde intensidade e causa duas mortes na Fl\u00f3rida"},"content":{"rendered":"<p>O <b>furac\u00e3o Idalia<\/b>, que entrou na <b>Fl\u00f3rida<\/b> como categoria 4 e passou para categoria 3 e 2 enquanto cruzava o estado, agora diminuiu ainda mais em intensidade, sendo classificado como categoria 1. Ele avan\u00e7ou para a Georgia, perdendo for\u00e7a.<\/p>\n<p>No entanto, <b>a passagem do furac\u00e3o j\u00e1 causou duas mortes<\/b> confirmadas na Fl\u00f3rida. Ambas as mortes foram resultados de acidentes de carro causados pelas condi\u00e7\u00f5es clim\u00e1ticas adversas.<\/p>\n<p>Em Pasco, um homem de 40 anos perdeu o controle de seu ve\u00edculo em chuvas intensas e colidiu com uma \u00e1rvore.<\/p>\n<p>Em Alachua, um homem de 59 anos tamb\u00e9m colidiu com \u00e1rvores em condi\u00e7\u00f5es extremamente chuvosas, levando a \u00f3bito instant\u00e2neo em ambos os casos, de acordo com informa\u00e7\u00f5es da Patrulha Rodovi\u00e1ria da Fl\u00f3rida.<\/p>\n<p>LEIA MAIS<\/p>\n<p><a href=\"https:\/\/redenoticiaz.com.br\/barretos-regiao\/sp\/2023\/08\/30\/video-elevador-de-predio-residencial-despenca-e-deixa-tres-feridos\">V\u00cdDEO \u2013 Casal \u00e9 flagrado fazendo sexo em festa universit\u00e1ria<\/a><\/p>\n","protected":false},"excerpt":{"rendered":"<p>O furac\u00e3o Idalia, que entrou na Fl\u00f3rida como categoria 4 e passou para categoria 3 e 2 enquanto cruzava o estado, agora diminuiu ainda mais em intensidade, sendo classificado como categoria 1. Ele avan\u00e7ou para a Georgia, perdendo for\u00e7a. No entanto, a passagem do furac\u00e3o j\u00e1 causou duas mortes confirmadas na Fl\u00f3rida. Ambas as mortes &hellip;<\/p>\n","protected":false},"author":30,"featured_media":110012,"comment_status":"open","ping_status":"closed","sticky":false,"template":"","format":"standard","meta":{"footnotes":""},"categories":[84],"tags":[1149,13102,32621,79],"class_list":["post-110011","post","type-post","status-publish","format-standard","has-post-thumbnail","hentry","category-mundo","tag-chuvas","tag-florida","tag-furacao","tag-mortes"],"yoast_head":"<!-- This site is optimized with the Yoast SEO plugin v27.5 - https:\/\/yoast.com\/product\/yoast-seo-wordpress\/ -->\n<title>Furac\u00e3o perde intensidade e causa duas mortes na Fl\u00f3rida - Litoral SP<\/title>\n<meta name=\"description\" content=\"O furac\u00e3o Idalia, que entrou na Fl\u00f3rida como categoria 4 e passou para categoria 3 e 2 enquanto cruzava o estado, agora diminuiu ainda mais.\" \/>\n<meta name=\"robots\" content=\"index, follow, max-snippet:-1, max-image-preview:large, max-video-preview:-1\" \/>\n<link rel=\"canonical\" href=\"https:\/\/redenoticiaz.com.br\/litoralsp\/2023\/08\/30\/furacao-perde-intensidade-e-causa-duas-mortes-na-florida\" \/>\n<meta property=\"og:locale\" content=\"pt_BR\" \/>\n<meta property=\"og:type\" content=\"article\" \/>\n<meta property=\"og:title\" content=\"Furac\u00e3o perde intensidade e causa duas mortes na Fl\u00f3rida - Litoral SP\" \/>\n<meta property=\"og:description\" content=\"O furac\u00e3o Idalia, que entrou na Fl\u00f3rida como categoria 4 e passou para categoria 3 e 2 enquanto cruzava o estado, agora diminuiu ainda mais.\" \/>\n<meta property=\"og:url\" content=\"https:\/\/redenoticiaz.com.br\/litoralsp\/2023\/08\/30\/furacao-perde-intensidade-e-causa-duas-mortes-na-florida\" \/>\n<meta property=\"og:site_name\" content=\"Litoral SP\" \/>\n<meta property=\"article:published_time\" content=\"2023-08-30T19:38:58+00:00\" \/>\n<meta property=\"og:image\" content=\"https:\/\/redenoticiaz.com.br\/litoralsp\/wp-content\/uploads\/sites\/3\/2023\/08\/Captura-de-tela-2023-08-30-163601.jpg\" \/>\n\t<meta property=\"og:image:width\" content=\"445\" \/>\n\t<meta property=\"og:image:height\" content=\"227\" \/>\n\t<meta property=\"og:image:type\" content=\"image\/jpeg\" \/>\n<meta name=\"author\" content=\"Carina Reifonas\" \/>\n<meta name=\"twitter:card\" content=\"summary_large_image\" \/>\n<meta name=\"twitter:label1\" content=\"Escrito por\" \/>\n\t<meta name=\"twitter:data1\" content=\"Carina Reifonas\" \/>\n\t<meta name=\"twitter:label2\" content=\"Est. tempo de leitura\" \/>\n\t<meta name=\"twitter:data2\" content=\"1 minuto\" \/>\n<script type=\"application\/ld+json\" class=\"yoast-schema-graph\">{\"@context\":\"https:\\\/\\\/schema.org\",\"@graph\":[{\"@type\":\"Article\",\"@id\":\"https:\\\/\\\/redenoticiaz.com.br\\\/litoralsp\\\/2023\\\/08\\\/30\\\/furacao-perde-intensidade-e-causa-duas-mortes-na-florida#article\",\"isPartOf\":{\"@id\":\"https:\\\/\\\/redenoticiaz.com.br\\\/litoralsp\\\/2023\\\/08\\\/30\\\/furacao-perde-intensidade-e-causa-duas-mortes-na-florida\"},\"author\":{\"name\":\"Carina Reifonas\",\"@id\":\"https:\\\/\\\/redenoticiaz.com.br\\\/litoralsp\\\/#\\\/schema\\\/person\\\/1f84d6e94e6a62d2d81199d7503e9e90\"},\"headline\":\"Furac\u00e3o perde intensidade e causa duas mortes na Fl\u00f3rida\",\"datePublished\":\"2023-08-30T19:38:58+00:00\",\"mainEntityOfPage\":{\"@id\":\"https:\\\/\\\/redenoticiaz.com.br\\\/litoralsp\\\/2023\\\/08\\\/30\\\/furacao-perde-intensidade-e-causa-duas-mortes-na-florida\"},\"wordCount\":151,\"commentCount\":0,\"publisher\":{\"@id\":\"https:\\\/\\\/redenoticiaz.com.br\\\/litoralsp\\\/#organization\"},\"image\":{\"@id\":\"https:\\\/\\\/redenoticiaz.com.br\\\/litoralsp\\\/2023\\\/08\\\/30\\\/furacao-perde-intensidade-e-causa-duas-mortes-na-florida#primaryimage\"},\"thumbnailUrl\":\"https:\\\/\\\/redenoticiaz.com.br\\\/litoralsp\\\/wp-content\\\/uploads\\\/sites\\\/3\\\/2023\\\/08\\\/Captura-de-tela-2023-08-30-163601.jpg\",\"keywords\":[\"Chuvas\",\"FLORIDA\",\"FURAC\u00c3O\",\"MORTES\"],\"articleSection\":[\"Mundo\"],\"inLanguage\":\"pt-BR\",\"potentialAction\":[{\"@type\":\"CommentAction\",\"name\":\"Comment\",\"target\":[\"https:\\\/\\\/redenoticiaz.com.br\\\/litoralsp\\\/2023\\\/08\\\/30\\\/furacao-perde-intensidade-e-causa-duas-mortes-na-florida#respond\"]}]},{\"@type\":\"WebPage\",\"@id\":\"https:\\\/\\\/redenoticiaz.com.br\\\/litoralsp\\\/2023\\\/08\\\/30\\\/furacao-perde-intensidade-e-causa-duas-mortes-na-florida\",\"url\":\"https:\\\/\\\/redenoticiaz.com.br\\\/litoralsp\\\/2023\\\/08\\\/30\\\/furacao-perde-intensidade-e-causa-duas-mortes-na-florida\",\"name\":\"Furac\u00e3o perde intensidade e causa duas mortes na Fl\u00f3rida - Litoral SP\",\"isPartOf\":{\"@id\":\"https:\\\/\\\/redenoticiaz.com.br\\\/litoralsp\\\/#website\"},\"primaryImageOfPage\":{\"@id\":\"https:\\\/\\\/redenoticiaz.com.br\\\/litoralsp\\\/2023\\\/08\\\/30\\\/furacao-perde-intensidade-e-causa-duas-mortes-na-florida#primaryimage\"},\"image\":{\"@id\":\"https:\\\/\\\/redenoticiaz.com.br\\\/litoralsp\\\/2023\\\/08\\\/30\\\/furacao-perde-intensidade-e-causa-duas-mortes-na-florida#primaryimage\"},\"thumbnailUrl\":\"https:\\\/\\\/redenoticiaz.com.br\\\/litoralsp\\\/wp-content\\\/uploads\\\/sites\\\/3\\\/2023\\\/08\\\/Captura-de-tela-2023-08-30-163601.jpg\",\"datePublished\":\"2023-08-30T19:38:58+00:00\",\"description\":\"O furac\u00e3o Idalia, que entrou na Fl\u00f3rida como categoria 4 e passou para categoria 3 e 2 enquanto cruzava o estado, agora diminuiu ainda mais.\",\"inLanguage\":\"pt-BR\",\"potentialAction\":[{\"@type\":\"ReadAction\",\"target\":[\"https:\\\/\\\/redenoticiaz.com.br\\\/litoralsp\\\/2023\\\/08\\\/30\\\/furacao-perde-intensidade-e-causa-duas-mortes-na-florida\"]}]},{\"@type\":\"ImageObject\",\"inLanguage\":\"pt-BR\",\"@id\":\"https:\\\/\\\/redenoticiaz.com.br\\\/litoralsp\\\/2023\\\/08\\\/30\\\/furacao-perde-intensidade-e-causa-duas-mortes-na-florida#primaryimage\",\"url\":\"https:\\\/\\\/redenoticiaz.com.br\\\/litoralsp\\\/wp-content\\\/uploads\\\/sites\\\/3\\\/2023\\\/08\\\/Captura-de-tela-2023-08-30-163601.jpg\",\"contentUrl\":\"https:\\\/\\\/redenoticiaz.com.br\\\/litoralsp\\\/wp-content\\\/uploads\\\/sites\\\/3\\\/2023\\\/08\\\/Captura-de-tela-2023-08-30-163601.jpg\",\"width\":445,\"height\":227,\"caption\":\"Cr\u00e9dito: Reprodu\u00e7\u00e3o\"},{\"@type\":\"WebSite\",\"@id\":\"https:\\\/\\\/redenoticiaz.com.br\\\/litoralsp\\\/#website\",\"url\":\"https:\\\/\\\/redenoticiaz.com.br\\\/litoralsp\\\/\",\"name\":\"Litoral SP\",\"description\":\"Rede NoticiaZ\",\"publisher\":{\"@id\":\"https:\\\/\\\/redenoticiaz.com.br\\\/litoralsp\\\/#organization\"},\"potentialAction\":[{\"@type\":\"SearchAction\",\"target\":{\"@type\":\"EntryPoint\",\"urlTemplate\":\"https:\\\/\\\/redenoticiaz.com.br\\\/litoralsp\\\/?s={search_term_string}\"},\"query-input\":{\"@type\":\"PropertyValueSpecification\",\"valueRequired\":true,\"valueName\":\"search_term_string\"}}],\"inLanguage\":\"pt-BR\"},{\"@type\":\"Organization\",\"@id\":\"https:\\\/\\\/redenoticiaz.com.br\\\/litoralsp\\\/#organization\",\"name\":\"Litoral SP\",\"url\":\"https:\\\/\\\/redenoticiaz.com.br\\\/litoralsp\\\/\",\"logo\":{\"@type\":\"ImageObject\",\"inLanguage\":\"pt-BR\",\"@id\":\"https:\\\/\\\/redenoticiaz.com.br\\\/litoralsp\\\/#\\\/schema\\\/logo\\\/image\\\/\",\"url\":\"https:\\\/\\\/redenoticiaz.com.br\\\/litoralsp\\\/wp-content\\\/uploads\\\/sites\\\/3\\\/2020\\\/11\\\/logo.jpg\",\"contentUrl\":\"https:\\\/\\\/redenoticiaz.com.br\\\/litoralsp\\\/wp-content\\\/uploads\\\/sites\\\/3\\\/2020\\\/11\\\/logo.jpg\",\"width\":400,\"height\":250,\"caption\":\"Litoral SP\"},\"image\":{\"@id\":\"https:\\\/\\\/redenoticiaz.com.br\\\/litoralsp\\\/#\\\/schema\\\/logo\\\/image\\\/\"}},{\"@type\":\"Person\",\"@id\":\"https:\\\/\\\/redenoticiaz.com.br\\\/litoralsp\\\/#\\\/schema\\\/person\\\/1f84d6e94e6a62d2d81199d7503e9e90\",\"name\":\"Carina Reifonas\",\"image\":{\"@type\":\"ImageObject\",\"inLanguage\":\"pt-BR\",\"@id\":\"https:\\\/\\\/secure.gravatar.com\\\/avatar\\\/04c59859b23696cf867715880f81d5c037e60109730bdb4e6670ec2a2245bc97?s=96&d=mm&r=g\",\"url\":\"https:\\\/\\\/secure.gravatar.com\\\/avatar\\\/04c59859b23696cf867715880f81d5c037e60109730bdb4e6670ec2a2245bc97?s=96&d=mm&r=g\",\"contentUrl\":\"https:\\\/\\\/secure.gravatar.com\\\/avatar\\\/04c59859b23696cf867715880f81d5c037e60109730bdb4e6670ec2a2245bc97?s=96&d=mm&r=g\",\"caption\":\"Carina Reifonas\"},\"url\":\"https:\\\/\\\/redenoticiaz.com.br\\\/litoralsp\\\/author\\\/carinareifonas\"}]}<\/script>\n<!-- \/ Yoast SEO plugin. -->","yoast_head_json":{"title":"Furac\u00e3o perde intensidade e causa duas mortes na Fl\u00f3rida - Litoral SP","description":"O furac\u00e3o Idalia, que entrou na Fl\u00f3rida como categoria 4 e passou para categoria 3 e 2 enquanto cruzava o estado, agora diminuiu ainda mais.","robots":{"index":"index","follow":"follow","max-snippet":"max-snippet:-1","max-image-preview":"max-image-preview:large","max-video-preview":"max-video-preview:-1"},"canonical":"https:\/\/redenoticiaz.com.br\/litoralsp\/2023\/08\/30\/furacao-perde-intensidade-e-causa-duas-mortes-na-florida","og_locale":"pt_BR","og_type":"article","og_title":"Furac\u00e3o perde intensidade e causa duas mortes na Fl\u00f3rida - Litoral SP","og_description":"O furac\u00e3o Idalia, que entrou na Fl\u00f3rida como categoria 4 e passou para categoria 3 e 2 enquanto cruzava o estado, agora diminuiu ainda mais.","og_url":"https:\/\/redenoticiaz.com.br\/litoralsp\/2023\/08\/30\/furacao-perde-intensidade-e-causa-duas-mortes-na-florida","og_site_name":"Litoral SP","article_published_time":"2023-08-30T19:38:58+00:00","og_image":[{"width":445,"height":227,"url":"https:\/\/redenoticiaz.com.br\/litoralsp\/wp-content\/uploads\/sites\/3\/2023\/08\/Captura-de-tela-2023-08-30-163601.jpg","type":"image\/jpeg"}],"author":"Carina Reifonas","twitter_card":"summary_large_image","twitter_misc":{"Escrito por":"Carina Reifonas","Est. tempo de leitura":"1 minuto"},"schema":{"@context":"https:\/\/schema.org","@graph":[{"@type":"Article","@id":"https:\/\/redenoticiaz.com.br\/litoralsp\/2023\/08\/30\/furacao-perde-intensidade-e-causa-duas-mortes-na-florida#article","isPartOf":{"@id":"https:\/\/redenoticiaz.com.br\/litoralsp\/2023\/08\/30\/furacao-perde-intensidade-e-causa-duas-mortes-na-florida"},"author":{"name":"Carina Reifonas","@id":"https:\/\/redenoticiaz.com.br\/litoralsp\/#\/schema\/person\/1f84d6e94e6a62d2d81199d7503e9e90"},"headline":"Furac\u00e3o perde intensidade e causa duas mortes na Fl\u00f3rida","datePublished":"2023-08-30T19:38:58+00:00","mainEntityOfPage":{"@id":"https:\/\/redenoticiaz.com.br\/litoralsp\/2023\/08\/30\/furacao-perde-intensidade-e-causa-duas-mortes-na-florida"},"wordCount":151,"commentCount":0,"publisher":{"@id":"https:\/\/redenoticiaz.com.br\/litoralsp\/#organization"},"image":{"@id":"https:\/\/redenoticiaz.com.br\/litoralsp\/2023\/08\/30\/furacao-perde-intensidade-e-causa-duas-mortes-na-florida#primaryimage"},"thumbnailUrl":"https:\/\/redenoticiaz.com.br\/litoralsp\/wp-content\/uploads\/sites\/3\/2023\/08\/Captura-de-tela-2023-08-30-163601.jpg","keywords":["Chuvas","FLORIDA","FURAC\u00c3O","MORTES"],"articleSection":["Mundo"],"inLanguage":"pt-BR","potentialAction":[{"@type":"CommentAction","name":"Comment","target":["https:\/\/redenoticiaz.com.br\/litoralsp\/2023\/08\/30\/furacao-perde-intensidade-e-causa-duas-mortes-na-florida#respond"]}]},{"@type":"WebPage","@id":"https:\/\/redenoticiaz.com.br\/litoralsp\/2023\/08\/30\/furacao-perde-intensidade-e-causa-duas-mortes-na-florida","url":"https:\/\/redenoticiaz.com.br\/litoralsp\/2023\/08\/30\/furacao-perde-intensidade-e-causa-duas-mortes-na-florida","name":"Furac\u00e3o perde intensidade e causa duas mortes na Fl\u00f3rida - Litoral SP","isPartOf":{"@id":"https:\/\/redenoticiaz.com.br\/litoralsp\/#website"},"primaryImageOfPage":{"@id":"https:\/\/redenoticiaz.com.br\/litoralsp\/2023\/08\/30\/furacao-perde-intensidade-e-causa-duas-mortes-na-florida#primaryimage"},"image":{"@id":"https:\/\/redenoticiaz.com.br\/litoralsp\/2023\/08\/30\/furacao-perde-intensidade-e-causa-duas-mortes-na-florida#primaryimage"},"thumbnailUrl":"https:\/\/redenoticiaz.com.br\/litoralsp\/wp-content\/uploads\/sites\/3\/2023\/08\/Captura-de-tela-2023-08-30-163601.jpg","datePublished":"2023-08-30T19:38:58+00:00","description":"O furac\u00e3o Idalia, que entrou na Fl\u00f3rida como categoria 4 e passou para categoria 3 e 2 enquanto cruzava o estado, agora diminuiu ainda mais.","inLanguage":"pt-BR","potentialAction":[{"@type":"ReadAction","target":["https:\/\/redenoticiaz.com.br\/litoralsp\/2023\/08\/30\/furacao-perde-intensidade-e-causa-duas-mortes-na-florida"]}]},{"@type":"ImageObject","inLanguage":"pt-BR","@id":"https:\/\/redenoticiaz.com.br\/litoralsp\/2023\/08\/30\/furacao-perde-intensidade-e-causa-duas-mortes-na-florida#primaryimage","url":"https:\/\/redenoticiaz.com.br\/litoralsp\/wp-content\/uploads\/sites\/3\/2023\/08\/Captura-de-tela-2023-08-30-163601.jpg","contentUrl":"https:\/\/redenoticiaz.com.br\/litoralsp\/wp-content\/uploads\/sites\/3\/2023\/08\/Captura-de-tela-2023-08-30-163601.jpg","width":445,"height":227,"caption":"Cr\u00e9dito: Reprodu\u00e7\u00e3o"},{"@type":"WebSite","@id":"https:\/\/redenoticiaz.com.br\/litoralsp\/#website","url":"https:\/\/redenoticiaz.com.br\/litoralsp\/","name":"Litoral SP","description":"Rede NoticiaZ","publisher":{"@id":"https:\/\/redenoticiaz.com.br\/litoralsp\/#organization"},"potentialAction":[{"@type":"SearchAction","target":{"@type":"EntryPoint","urlTemplate":"https:\/\/redenoticiaz.com.br\/litoralsp\/?s={search_term_string}"},"query-input":{"@type":"PropertyValueSpecification","valueRequired":true,"valueName":"search_term_string"}}],"inLanguage":"pt-BR"},{"@type":"Organization","@id":"https:\/\/redenoticiaz.com.br\/litoralsp\/#organization","name":"Litoral SP","url":"https:\/\/redenoticiaz.com.br\/litoralsp\/","logo":{"@type":"ImageObject","inLanguage":"pt-BR","@id":"https:\/\/redenoticiaz.com.br\/litoralsp\/#\/schema\/logo\/image\/","url":"https:\/\/redenoticiaz.com.br\/litoralsp\/wp-content\/uploads\/sites\/3\/2020\/11\/logo.jpg","contentUrl":"https:\/\/redenoticiaz.com.br\/litoralsp\/wp-content\/uploads\/sites\/3\/2020\/11\/logo.jpg","width":400,"height":250,"caption":"Litoral SP"},"image":{"@id":"https:\/\/redenoticiaz.com.br\/litoralsp\/#\/schema\/logo\/image\/"}},{"@type":"Person","@id":"https:\/\/redenoticiaz.com.br\/litoralsp\/#\/schema\/person\/1f84d6e94e6a62d2d81199d7503e9e90","name":"Carina Reifonas","image":{"@type":"ImageObject","inLanguage":"pt-BR","@id":"https:\/\/secure.gravatar.com\/avatar\/04c59859b23696cf867715880f81d5c037e60109730bdb4e6670ec2a2245bc97?s=96&d=mm&r=g","url":"https:\/\/secure.gravatar.com\/avatar\/04c59859b23696cf867715880f81d5c037e60109730bdb4e6670ec2a2245bc97?s=96&d=mm&r=g","contentUrl":"https:\/\/secure.gravatar.com\/avatar\/04c59859b23696cf867715880f81d5c037e60109730bdb4e6670ec2a2245bc97?s=96&d=mm&r=g","caption":"Carina Reifonas"},"url":"https:\/\/redenoticiaz.com.br\/litoralsp\/author\/carinareifonas"}]}},"_links":{"self":[{"href":"https:\/\/redenoticiaz.com.br\/litoralsp\/wp-json\/wp\/v2\/posts\/110011","targetHints":{"allow":["GET"]}}],"collection":[{"href":"https:\/\/redenoticiaz.com.br\/litoralsp\/wp-json\/wp\/v2\/posts"}],"about":[{"href":"https:\/\/redenoticiaz.com.br\/litoralsp\/wp-json\/wp\/v2\/types\/post"}],"author":[{"embeddable":true,"href":"https:\/\/redenoticiaz.com.br\/litoralsp\/wp-json\/wp\/v2\/users\/30"}],"replies":[{"embeddable":true,"href":"https:\/\/redenoticiaz.com.br\/litoralsp\/wp-json\/wp\/v2\/comments?post=110011"}],"version-history":[{"count":0,"href":"https:\/\/redenoticiaz.com.br\/litoralsp\/wp-json\/wp\/v2\/posts\/110011\/revisions"}],"wp:featuredmedia":[{"embeddable":true,"href":"https:\/\/redenoticiaz.com.br\/litoralsp\/wp-json\/wp\/v2\/media\/110012"}],"wp:attachment":[{"href":"https:\/\/redenoticiaz.com.br\/litoralsp\/wp-json\/wp\/v2\/media?parent=110011"}],"wp:term":[{"taxonomy":"category","embeddable":true,"href":"https:\/\/redenoticiaz.com.br\/litoralsp\/wp-json\/wp\/v2\/categories?post=110011"},{"taxonomy":"post_tag","embeddable":true,"href":"https:\/\/redenoticiaz.com.br\/litoralsp\/wp-json\/wp\/v2\/tags?post=110011"}],"curies":[{"name":"wp","href":"https:\/\/api.w.org\/{rel}","templated":true}]}}