{"id":110148,"date":"2023-09-02T13:40:53","date_gmt":"2023-09-02T16:40:53","guid":{"rendered":"https:\/\/redenoticiaz.com.br\/litoralsp\/?p=110148"},"modified":"2023-09-02T13:40:53","modified_gmt":"2023-09-02T16:40:53","slug":"criminosos-sao-indiciados-apos-dar-golpe-em-idosa-de-73-anos-em-santos","status":"publish","type":"post","link":"https:\/\/redenoticiaz.com.br\/litoralsp\/2023\/09\/02\/criminosos-sao-indiciados-apos-dar-golpe-em-idosa-de-73-anos-em-santos","title":{"rendered":"Criminosos s\u00e3o indiciados ap\u00f3s dar golpe em idosa de 73 anos em Santos"},"content":{"rendered":"<div data-reader-unique-id=\"1\">\n<div class=\"clear\" data-block-type=\"backstage-photo\" data-block-id=\"1\" data-reader-unique-id=\"2\">\n<div data-reader-unique-id=\"3\">\n<p data-reader-unique-id=\"8\"><strong>Dois homens foram indiciados pela Pol\u00edcia Civil de aplicar golpes contra uma idosa<\/strong>, de 73 anos, por meio de liga\u00e7\u00f5es telef\u00f4nicas fraudulentas em <a href=\"http:\/\/santos.sp.gov.br\">Santos<\/a>. Neste s\u00e1bado, a dupla fingiu trabalhar em um setor de seguran\u00e7a banc\u00e1ria e convenceu a v\u00edtima a entregar os cart\u00f5es a um motoboy.<\/p>\n<\/div>\n<\/div>\n<\/div>\n<div data-reader-unique-id=\"19\">\n<div data-reader-unique-id=\"20\">\n<div data-block-type=\"unstyled\" data-block-weight=\"24\" data-block-id=\"4\" data-reader-unique-id=\"21\">\n<p data-track-category=\"Link no Texto\" data-track-links=\"\" data-reader-unique-id=\"22\">Aos investigadores do 4\u00b0 Distrito Policial (DP) da cidade, a idosa contou que passou a receber liga\u00e7\u00f5es em 15 de mar\u00e7o deste ano.<\/p>\n<\/div>\n<\/div>\n<div data-reader-unique-id=\"23\">\n<div data-block-type=\"unstyled\" data-block-weight=\"28\" data-block-id=\"5\" data-reader-unique-id=\"24\">\n<p data-track-category=\"Link no Texto\" data-track-links=\"\" data-reader-unique-id=\"25\">Os criminosos, de 24 e 30 anos, afirmavam que haviam rastreado tentativas de golpes contra a v\u00edtima, que precisaria entregar os cart\u00f5es picotados ao motoboy.<\/p>\n<\/div>\n<\/div>\n<div data-reader-unique-id=\"29\">\n<div data-block-type=\"unstyled\" data-block-weight=\"26\" data-block-id=\"7\" data-reader-unique-id=\"30\">\n<p data-track-category=\"Link no Texto\" data-track-links=\"\" data-reader-unique-id=\"31\">A v\u00edtima seguiu as orienta\u00e7\u00f5es do golpista e, pouco tempo depois, percebeu que tr\u00eas saques totalizando R$ 2,3 mil haviam sido realizados da conta dela.<\/p>\n<\/div>\n<\/div>\n<div data-reader-unique-id=\"32\">\n<div data-block-type=\"unstyled\" data-block-weight=\"20\" data-block-id=\"8\" data-reader-unique-id=\"33\">\n<p data-track-category=\"Link no Texto\" data-track-links=\"\" data-reader-unique-id=\"34\">A Pol\u00edcia Civil aguarda manifesta\u00e7\u00e3o do Minist\u00e9rio P\u00fablico do Estado de S\u00e3o Paulo (MP-SP) para dar continuidade nas dilig\u00eancias.<\/p>\n<p data-track-category=\"Link no Texto\" data-track-links=\"\" data-reader-unique-id=\"34\"><em><strong>LEIA MAIS<\/strong><\/em><br \/>\n<a href=\"https:\/\/redenoticiaz.com.br\/litoralsp\/2023\/09\/02\/democracia-sera-tema-do-desfile-de-7-de-setembro-em-brasilia\">Democracia ser\u00e1 tema do Desfile de 7 de Setembro em Bras\u00edlia<\/a><\/p>\n<\/div>\n<\/div>\n<\/div>\n","protected":false},"excerpt":{"rendered":"<p>Dois homens foram indiciados pela Pol\u00edcia Civil de aplicar golpes contra uma idosa, de 73 anos, por meio de liga\u00e7\u00f5es telef\u00f4nicas fraudulentas em Santos. Neste s\u00e1bado, a dupla fingiu trabalhar em um setor de seguran\u00e7a banc\u00e1ria e convenceu a v\u00edtima a entregar os cart\u00f5es a um motoboy. Aos investigadores do 4\u00b0 Distrito Policial (DP) da &hellip;<\/p>\n","protected":false},"author":11,"featured_media":110149,"comment_status":"open","ping_status":"closed","sticky":false,"template":"","format":"standard","meta":{"footnotes":""},"categories":[10,180],"tags":[9358,59051,9613,66992,66993,986],"class_list":["post-110148","post","type-post","status-publish","format-standard","has-post-thumbnail","hentry","category-policia","category-santos","tag-criminosos","tag-golpistas","tag-idosa","tag-indiciados","tag-ligacoes","tag-santos"],"yoast_head":"<!-- This site is optimized with the Yoast SEO plugin v27.5 - https:\/\/yoast.com\/product\/yoast-seo-wordpress\/ -->\n<title>Criminosos s\u00e3o indiciados ap\u00f3s dar golpe em idosa de 73 anos em Santos - Litoral SP<\/title>\n<meta name=\"description\" content=\"Dois homens foram indiciados pela Pol\u00edcia Civil de aplicar golpes contra uma idosa, de 73 anos, por meio de liga\u00e7\u00f5es em Santos.\" \/>\n<meta name=\"robots\" content=\"index, follow, max-snippet:-1, max-image-preview:large, max-video-preview:-1\" \/>\n<link rel=\"canonical\" href=\"https:\/\/redenoticiaz.com.br\/litoralsp\/2023\/09\/02\/criminosos-sao-indiciados-apos-dar-golpe-em-idosa-de-73-anos-em-santos\" \/>\n<meta property=\"og:locale\" content=\"pt_BR\" \/>\n<meta property=\"og:type\" content=\"article\" \/>\n<meta property=\"og:title\" content=\"Criminosos s\u00e3o indiciados ap\u00f3s dar golpe em idosa de 73 anos em Santos - Litoral SP\" \/>\n<meta property=\"og:description\" content=\"Dois homens foram indiciados pela Pol\u00edcia Civil de aplicar golpes contra uma idosa, de 73 anos, por meio de liga\u00e7\u00f5es em Santos.\" \/>\n<meta property=\"og:url\" content=\"https:\/\/redenoticiaz.com.br\/litoralsp\/2023\/09\/02\/criminosos-sao-indiciados-apos-dar-golpe-em-idosa-de-73-anos-em-santos\" \/>\n<meta property=\"og:site_name\" content=\"Litoral SP\" \/>\n<meta property=\"article:published_time\" content=\"2023-09-02T16:40:53+00:00\" \/>\n<meta property=\"og:image\" content=\"https:\/\/redenoticiaz.com.br\/litoralsp\/wp-content\/uploads\/sites\/3\/2023\/09\/WhatsApp-Image-2023-09-02-at-13.40.17.jpeg\" \/>\n\t<meta property=\"og:image:width\" content=\"641\" \/>\n\t<meta property=\"og:image:height\" content=\"373\" \/>\n\t<meta property=\"og:image:type\" content=\"image\/jpeg\" \/>\n<meta name=\"twitter:card\" content=\"summary_large_image\" \/>\n<meta name=\"twitter:image\" content=\"https:\/\/redenoticiaz.com.br\/litoralsp\/wp-content\/uploads\/sites\/3\/2023\/09\/WhatsApp-Image-2023-09-02-at-13.40.17.jpeg\" \/>\n<meta name=\"twitter:label1\" content=\"Escrito por\" \/>\n\t<meta name=\"twitter:data1\" content=\"\" \/>\n\t<meta name=\"twitter:label2\" content=\"Est. tempo de leitura\" \/>\n\t<meta name=\"twitter:data2\" content=\"1 minuto\" \/>\n<script type=\"application\/ld+json\" class=\"yoast-schema-graph\">{\"@context\":\"https:\\\/\\\/schema.org\",\"@graph\":[{\"@type\":\"Article\",\"@id\":\"https:\\\/\\\/redenoticiaz.com.br\\\/litoralsp\\\/2023\\\/09\\\/02\\\/criminosos-sao-indiciados-apos-dar-golpe-em-idosa-de-73-anos-em-santos#article\",\"isPartOf\":{\"@id\":\"https:\\\/\\\/redenoticiaz.com.br\\\/litoralsp\\\/2023\\\/09\\\/02\\\/criminosos-sao-indiciados-apos-dar-golpe-em-idosa-de-73-anos-em-santos\"},\"author\":{\"name\":\"\",\"@id\":\"\"},\"headline\":\"Criminosos s\u00e3o indiciados ap\u00f3s dar golpe em idosa de 73 anos em Santos\",\"datePublished\":\"2023-09-02T16:40:53+00:00\",\"mainEntityOfPage\":{\"@id\":\"https:\\\/\\\/redenoticiaz.com.br\\\/litoralsp\\\/2023\\\/09\\\/02\\\/criminosos-sao-indiciados-apos-dar-golpe-em-idosa-de-73-anos-em-santos\"},\"wordCount\":181,\"commentCount\":0,\"publisher\":{\"@id\":\"https:\\\/\\\/redenoticiaz.com.br\\\/litoralsp\\\/#organization\"},\"image\":{\"@id\":\"https:\\\/\\\/redenoticiaz.com.br\\\/litoralsp\\\/2023\\\/09\\\/02\\\/criminosos-sao-indiciados-apos-dar-golpe-em-idosa-de-73-anos-em-santos#primaryimage\"},\"thumbnailUrl\":\"https:\\\/\\\/redenoticiaz.com.br\\\/litoralsp\\\/wp-content\\\/uploads\\\/sites\\\/3\\\/2023\\\/09\\\/WhatsApp-Image-2023-09-02-at-13.40.17.jpeg\",\"keywords\":[\"CRIMINOSOS\",\"GOLPISTAS\",\"IDOSA\",\"INDICIADOS\",\"LIGA\u00c7\u00d5ES\",\"Santos\"],\"articleSection\":[\"Pol\u00edcia\",\"Santos\"],\"inLanguage\":\"pt-BR\",\"potentialAction\":[{\"@type\":\"CommentAction\",\"name\":\"Comment\",\"target\":[\"https:\\\/\\\/redenoticiaz.com.br\\\/litoralsp\\\/2023\\\/09\\\/02\\\/criminosos-sao-indiciados-apos-dar-golpe-em-idosa-de-73-anos-em-santos#respond\"]}]},{\"@type\":\"WebPage\",\"@id\":\"https:\\\/\\\/redenoticiaz.com.br\\\/litoralsp\\\/2023\\\/09\\\/02\\\/criminosos-sao-indiciados-apos-dar-golpe-em-idosa-de-73-anos-em-santos\",\"url\":\"https:\\\/\\\/redenoticiaz.com.br\\\/litoralsp\\\/2023\\\/09\\\/02\\\/criminosos-sao-indiciados-apos-dar-golpe-em-idosa-de-73-anos-em-santos\",\"name\":\"Criminosos s\u00e3o indiciados ap\u00f3s dar golpe em idosa de 73 anos em Santos - Litoral SP\",\"isPartOf\":{\"@id\":\"https:\\\/\\\/redenoticiaz.com.br\\\/litoralsp\\\/#website\"},\"primaryImageOfPage\":{\"@id\":\"https:\\\/\\\/redenoticiaz.com.br\\\/litoralsp\\\/2023\\\/09\\\/02\\\/criminosos-sao-indiciados-apos-dar-golpe-em-idosa-de-73-anos-em-santos#primaryimage\"},\"image\":{\"@id\":\"https:\\\/\\\/redenoticiaz.com.br\\\/litoralsp\\\/2023\\\/09\\\/02\\\/criminosos-sao-indiciados-apos-dar-golpe-em-idosa-de-73-anos-em-santos#primaryimage\"},\"thumbnailUrl\":\"https:\\\/\\\/redenoticiaz.com.br\\\/litoralsp\\\/wp-content\\\/uploads\\\/sites\\\/3\\\/2023\\\/09\\\/WhatsApp-Image-2023-09-02-at-13.40.17.jpeg\",\"datePublished\":\"2023-09-02T16:40:53+00:00\",\"description\":\"Dois homens foram indiciados pela Pol\u00edcia Civil de aplicar golpes contra uma idosa, de 73 anos, por meio de liga\u00e7\u00f5es em Santos.\",\"inLanguage\":\"pt-BR\",\"potentialAction\":[{\"@type\":\"ReadAction\",\"target\":[\"https:\\\/\\\/redenoticiaz.com.br\\\/litoralsp\\\/2023\\\/09\\\/02\\\/criminosos-sao-indiciados-apos-dar-golpe-em-idosa-de-73-anos-em-santos\"]}]},{\"@type\":\"ImageObject\",\"inLanguage\":\"pt-BR\",\"@id\":\"https:\\\/\\\/redenoticiaz.com.br\\\/litoralsp\\\/2023\\\/09\\\/02\\\/criminosos-sao-indiciados-apos-dar-golpe-em-idosa-de-73-anos-em-santos#primaryimage\",\"url\":\"https:\\\/\\\/redenoticiaz.com.br\\\/litoralsp\\\/wp-content\\\/uploads\\\/sites\\\/3\\\/2023\\\/09\\\/WhatsApp-Image-2023-09-02-at-13.40.17.jpeg\",\"contentUrl\":\"https:\\\/\\\/redenoticiaz.com.br\\\/litoralsp\\\/wp-content\\\/uploads\\\/sites\\\/3\\\/2023\\\/09\\\/WhatsApp-Image-2023-09-02-at-13.40.17.jpeg\",\"width\":641,\"height\":373,\"caption\":\"Foto: Divulga\u00e7\u00e3o\"},{\"@type\":\"WebSite\",\"@id\":\"https:\\\/\\\/redenoticiaz.com.br\\\/litoralsp\\\/#website\",\"url\":\"https:\\\/\\\/redenoticiaz.com.br\\\/litoralsp\\\/\",\"name\":\"Litoral SP\",\"description\":\"Rede NoticiaZ\",\"publisher\":{\"@id\":\"https:\\\/\\\/redenoticiaz.com.br\\\/litoralsp\\\/#organization\"},\"potentialAction\":[{\"@type\":\"SearchAction\",\"target\":{\"@type\":\"EntryPoint\",\"urlTemplate\":\"https:\\\/\\\/redenoticiaz.com.br\\\/litoralsp\\\/?s={search_term_string}\"},\"query-input\":{\"@type\":\"PropertyValueSpecification\",\"valueRequired\":true,\"valueName\":\"search_term_string\"}}],\"inLanguage\":\"pt-BR\"},{\"@type\":\"Organization\",\"@id\":\"https:\\\/\\\/redenoticiaz.com.br\\\/litoralsp\\\/#organization\",\"name\":\"Litoral SP\",\"url\":\"https:\\\/\\\/redenoticiaz.com.br\\\/litoralsp\\\/\",\"logo\":{\"@type\":\"ImageObject\",\"inLanguage\":\"pt-BR\",\"@id\":\"https:\\\/\\\/redenoticiaz.com.br\\\/litoralsp\\\/#\\\/schema\\\/logo\\\/image\\\/\",\"url\":\"https:\\\/\\\/redenoticiaz.com.br\\\/litoralsp\\\/wp-content\\\/uploads\\\/sites\\\/3\\\/2020\\\/11\\\/logo.jpg\",\"contentUrl\":\"https:\\\/\\\/redenoticiaz.com.br\\\/litoralsp\\\/wp-content\\\/uploads\\\/sites\\\/3\\\/2020\\\/11\\\/logo.jpg\",\"width\":400,\"height\":250,\"caption\":\"Litoral SP\"},\"image\":{\"@id\":\"https:\\\/\\\/redenoticiaz.com.br\\\/litoralsp\\\/#\\\/schema\\\/logo\\\/image\\\/\"}},{\"@type\":\"Person\",\"@id\":\"\",\"url\":\"https:\\\/\\\/redenoticiaz.com.br\\\/litoralsp\\\/author\"}]}<\/script>\n<!-- \/ Yoast SEO plugin. -->","yoast_head_json":{"title":"Criminosos s\u00e3o indiciados ap\u00f3s dar golpe em idosa de 73 anos em Santos - Litoral SP","description":"Dois homens foram indiciados pela Pol\u00edcia Civil de aplicar golpes contra uma idosa, de 73 anos, por meio de liga\u00e7\u00f5es em Santos.","robots":{"index":"index","follow":"follow","max-snippet":"max-snippet:-1","max-image-preview":"max-image-preview:large","max-video-preview":"max-video-preview:-1"},"canonical":"https:\/\/redenoticiaz.com.br\/litoralsp\/2023\/09\/02\/criminosos-sao-indiciados-apos-dar-golpe-em-idosa-de-73-anos-em-santos","og_locale":"pt_BR","og_type":"article","og_title":"Criminosos s\u00e3o indiciados ap\u00f3s dar golpe em idosa de 73 anos em Santos - Litoral SP","og_description":"Dois homens foram indiciados pela Pol\u00edcia Civil de aplicar golpes contra uma idosa, de 73 anos, por meio de liga\u00e7\u00f5es em Santos.","og_url":"https:\/\/redenoticiaz.com.br\/litoralsp\/2023\/09\/02\/criminosos-sao-indiciados-apos-dar-golpe-em-idosa-de-73-anos-em-santos","og_site_name":"Litoral SP","article_published_time":"2023-09-02T16:40:53+00:00","og_image":[{"width":641,"height":373,"url":"https:\/\/redenoticiaz.com.br\/litoralsp\/wp-content\/uploads\/sites\/3\/2023\/09\/WhatsApp-Image-2023-09-02-at-13.40.17.jpeg","type":"image\/jpeg"}],"twitter_card":"summary_large_image","twitter_image":"https:\/\/redenoticiaz.com.br\/litoralsp\/wp-content\/uploads\/sites\/3\/2023\/09\/WhatsApp-Image-2023-09-02-at-13.40.17.jpeg","twitter_misc":{"Escrito por":"","Est. tempo de leitura":"1 minuto"},"schema":{"@context":"https:\/\/schema.org","@graph":[{"@type":"Article","@id":"https:\/\/redenoticiaz.com.br\/litoralsp\/2023\/09\/02\/criminosos-sao-indiciados-apos-dar-golpe-em-idosa-de-73-anos-em-santos#article","isPartOf":{"@id":"https:\/\/redenoticiaz.com.br\/litoralsp\/2023\/09\/02\/criminosos-sao-indiciados-apos-dar-golpe-em-idosa-de-73-anos-em-santos"},"author":{"name":"","@id":""},"headline":"Criminosos s\u00e3o indiciados ap\u00f3s dar golpe em idosa de 73 anos em Santos","datePublished":"2023-09-02T16:40:53+00:00","mainEntityOfPage":{"@id":"https:\/\/redenoticiaz.com.br\/litoralsp\/2023\/09\/02\/criminosos-sao-indiciados-apos-dar-golpe-em-idosa-de-73-anos-em-santos"},"wordCount":181,"commentCount":0,"publisher":{"@id":"https:\/\/redenoticiaz.com.br\/litoralsp\/#organization"},"image":{"@id":"https:\/\/redenoticiaz.com.br\/litoralsp\/2023\/09\/02\/criminosos-sao-indiciados-apos-dar-golpe-em-idosa-de-73-anos-em-santos#primaryimage"},"thumbnailUrl":"https:\/\/redenoticiaz.com.br\/litoralsp\/wp-content\/uploads\/sites\/3\/2023\/09\/WhatsApp-Image-2023-09-02-at-13.40.17.jpeg","keywords":["CRIMINOSOS","GOLPISTAS","IDOSA","INDICIADOS","LIGA\u00c7\u00d5ES","Santos"],"articleSection":["Pol\u00edcia","Santos"],"inLanguage":"pt-BR","potentialAction":[{"@type":"CommentAction","name":"Comment","target":["https:\/\/redenoticiaz.com.br\/litoralsp\/2023\/09\/02\/criminosos-sao-indiciados-apos-dar-golpe-em-idosa-de-73-anos-em-santos#respond"]}]},{"@type":"WebPage","@id":"https:\/\/redenoticiaz.com.br\/litoralsp\/2023\/09\/02\/criminosos-sao-indiciados-apos-dar-golpe-em-idosa-de-73-anos-em-santos","url":"https:\/\/redenoticiaz.com.br\/litoralsp\/2023\/09\/02\/criminosos-sao-indiciados-apos-dar-golpe-em-idosa-de-73-anos-em-santos","name":"Criminosos s\u00e3o indiciados ap\u00f3s dar golpe em idosa de 73 anos em Santos - Litoral SP","isPartOf":{"@id":"https:\/\/redenoticiaz.com.br\/litoralsp\/#website"},"primaryImageOfPage":{"@id":"https:\/\/redenoticiaz.com.br\/litoralsp\/2023\/09\/02\/criminosos-sao-indiciados-apos-dar-golpe-em-idosa-de-73-anos-em-santos#primaryimage"},"image":{"@id":"https:\/\/redenoticiaz.com.br\/litoralsp\/2023\/09\/02\/criminosos-sao-indiciados-apos-dar-golpe-em-idosa-de-73-anos-em-santos#primaryimage"},"thumbnailUrl":"https:\/\/redenoticiaz.com.br\/litoralsp\/wp-content\/uploads\/sites\/3\/2023\/09\/WhatsApp-Image-2023-09-02-at-13.40.17.jpeg","datePublished":"2023-09-02T16:40:53+00:00","description":"Dois homens foram indiciados pela Pol\u00edcia Civil de aplicar golpes contra uma idosa, de 73 anos, por meio de liga\u00e7\u00f5es em Santos.","inLanguage":"pt-BR","potentialAction":[{"@type":"ReadAction","target":["https:\/\/redenoticiaz.com.br\/litoralsp\/2023\/09\/02\/criminosos-sao-indiciados-apos-dar-golpe-em-idosa-de-73-anos-em-santos"]}]},{"@type":"ImageObject","inLanguage":"pt-BR","@id":"https:\/\/redenoticiaz.com.br\/litoralsp\/2023\/09\/02\/criminosos-sao-indiciados-apos-dar-golpe-em-idosa-de-73-anos-em-santos#primaryimage","url":"https:\/\/redenoticiaz.com.br\/litoralsp\/wp-content\/uploads\/sites\/3\/2023\/09\/WhatsApp-Image-2023-09-02-at-13.40.17.jpeg","contentUrl":"https:\/\/redenoticiaz.com.br\/litoralsp\/wp-content\/uploads\/sites\/3\/2023\/09\/WhatsApp-Image-2023-09-02-at-13.40.17.jpeg","width":641,"height":373,"caption":"Foto: Divulga\u00e7\u00e3o"},{"@type":"WebSite","@id":"https:\/\/redenoticiaz.com.br\/litoralsp\/#website","url":"https:\/\/redenoticiaz.com.br\/litoralsp\/","name":"Litoral SP","description":"Rede NoticiaZ","publisher":{"@id":"https:\/\/redenoticiaz.com.br\/litoralsp\/#organization"},"potentialAction":[{"@type":"SearchAction","target":{"@type":"EntryPoint","urlTemplate":"https:\/\/redenoticiaz.com.br\/litoralsp\/?s={search_term_string}"},"query-input":{"@type":"PropertyValueSpecification","valueRequired":true,"valueName":"search_term_string"}}],"inLanguage":"pt-BR"},{"@type":"Organization","@id":"https:\/\/redenoticiaz.com.br\/litoralsp\/#organization","name":"Litoral SP","url":"https:\/\/redenoticiaz.com.br\/litoralsp\/","logo":{"@type":"ImageObject","inLanguage":"pt-BR","@id":"https:\/\/redenoticiaz.com.br\/litoralsp\/#\/schema\/logo\/image\/","url":"https:\/\/redenoticiaz.com.br\/litoralsp\/wp-content\/uploads\/sites\/3\/2020\/11\/logo.jpg","contentUrl":"https:\/\/redenoticiaz.com.br\/litoralsp\/wp-content\/uploads\/sites\/3\/2020\/11\/logo.jpg","width":400,"height":250,"caption":"Litoral SP"},"image":{"@id":"https:\/\/redenoticiaz.com.br\/litoralsp\/#\/schema\/logo\/image\/"}},{"@type":"Person","@id":"","url":"https:\/\/redenoticiaz.com.br\/litoralsp\/author"}]}},"_links":{"self":[{"href":"https:\/\/redenoticiaz.com.br\/litoralsp\/wp-json\/wp\/v2\/posts\/110148","targetHints":{"allow":["GET"]}}],"collection":[{"href":"https:\/\/redenoticiaz.com.br\/litoralsp\/wp-json\/wp\/v2\/posts"}],"about":[{"href":"https:\/\/redenoticiaz.com.br\/litoralsp\/wp-json\/wp\/v2\/types\/post"}],"author":[{"embeddable":true,"href":"https:\/\/redenoticiaz.com.br\/litoralsp\/wp-json\/wp\/v2\/users\/11"}],"replies":[{"embeddable":true,"href":"https:\/\/redenoticiaz.com.br\/litoralsp\/wp-json\/wp\/v2\/comments?post=110148"}],"version-history":[{"count":1,"href":"https:\/\/redenoticiaz.com.br\/litoralsp\/wp-json\/wp\/v2\/posts\/110148\/revisions"}],"predecessor-version":[{"id":110150,"href":"https:\/\/redenoticiaz.com.br\/litoralsp\/wp-json\/wp\/v2\/posts\/110148\/revisions\/110150"}],"wp:featuredmedia":[{"embeddable":true,"href":"https:\/\/redenoticiaz.com.br\/litoralsp\/wp-json\/wp\/v2\/media\/110149"}],"wp:attachment":[{"href":"https:\/\/redenoticiaz.com.br\/litoralsp\/wp-json\/wp\/v2\/media?parent=110148"}],"wp:term":[{"taxonomy":"category","embeddable":true,"href":"https:\/\/redenoticiaz.com.br\/litoralsp\/wp-json\/wp\/v2\/categories?post=110148"},{"taxonomy":"post_tag","embeddable":true,"href":"https:\/\/redenoticiaz.com.br\/litoralsp\/wp-json\/wp\/v2\/tags?post=110148"}],"curies":[{"name":"wp","href":"https:\/\/api.w.org\/{rel}","templated":true}]}}