{"id":110189,"date":"2023-09-04T19:47:22","date_gmt":"2023-09-04T22:47:22","guid":{"rendered":"https:\/\/redenoticiaz.com.br\/litoralsp\/?p=110189"},"modified":"2023-09-04T19:47:22","modified_gmt":"2023-09-04T22:47:22","slug":"menores-sao-apreendidos-por-furto-na-orla-de-santos","status":"publish","type":"post","link":"https:\/\/redenoticiaz.com.br\/litoralsp\/2023\/09\/04\/menores-sao-apreendidos-por-furto-na-orla-de-santos","title":{"rendered":"Menores s\u00e3o apreendidos por furto na orla de Santos"},"content":{"rendered":"<p>Menores foram apreendidos por furto na orla de Santos ap\u00f3s serem flagrados por c\u00e2meras de monitoramento e patrulhamento ostensivo da Guarda Civil Municipal.<\/p>\n<p>O caso aconteceu na tarde de s\u00e1bado (2), ap\u00f3s agentes atenderem \u00e0 den\u00fancia, irradiada via Centro de Controle Operacional (CCO), na orla da Pompeia.<\/p>\n<p>Nas imagens, \u00e9 poss\u00edvel visualizar dois jovens transitando no cal\u00e7ad\u00e3o da orla com aparelhos celulares nas m\u00e3os. Repentinamente, quatro adolescentes de bicicletas se aproximam e um dos infratores puxa com for\u00e7a o celular de uma das v\u00edtimas e foge, juntamente com os demais comparsas, na contram\u00e3o da avenida Presidente Wilson.<\/p>\n<p>Ap\u00f3s o crime, os guardas municipais que operam as c\u00e2meras do CCO conseguiram monitorar a rota de fuga dos infratores, e, ao mesmo tempo, acionaram as viaturas da GCM e da PM em patrulhamento na regi\u00e3o.<\/p>\n<p>Dois adolescentes que participaram do ato infracional foram detidos na Pra\u00e7a Jo\u00e3o Barbalho, enquanto o outro infrator foi capturado na Rua Rep\u00fablica Argentina, no bairro Pompeia, de posse do aparelho furtado. Um outro menor conseguiu escapar.<\/p>\n<p>Indagado pelos agentes, ele confessou o furto, junto com os outros adolescentes e, posteriormente, na delegacia, todos foram reconhecidos pela v\u00edtima. Eles permanecem \u00e0 disposi\u00e7\u00e3o da Justi\u00e7a. Duas bicicletas utilizadas no furto tamb\u00e9m foram apreendidas.<\/p>\n<p><strong>Leia mais<\/strong><\/p>\n<p><a href=\"https:\/\/redenoticiaz.com.br\/litoralsp\/2023\/09\/02\/criminosos-sao-indiciados-apos-dar-golpe-em-idosa-de-73-anos-em-santos\">Criminosos s\u00e3o indiciados ap\u00f3s dar golpe em idosa de 73 anos em Santos<\/a><\/p>\n","protected":false},"excerpt":{"rendered":"<p>Menores foram apreendidos por furto na orla de Santos ap\u00f3s serem flagrados por c\u00e2meras de monitoramento e patrulhamento ostensivo da Guarda Civil Municipal. O caso aconteceu na tarde de s\u00e1bado (2), ap\u00f3s agentes atenderem \u00e0 den\u00fancia, irradiada via Centro de Controle Operacional (CCO), na orla da Pompeia. Nas imagens, \u00e9 poss\u00edvel visualizar dois jovens transitando &hellip;<\/p>\n","protected":false},"author":12,"featured_media":110190,"comment_status":"open","ping_status":"closed","sticky":false,"template":"","format":"standard","meta":{"footnotes":""},"categories":[10,180],"tags":[13085,61216,62666,986],"class_list":["post-110189","post","type-post","status-publish","format-standard","has-post-thumbnail","hentry","category-policia","category-santos","tag-cco","tag-pompeia","tag-roubo-celular","tag-santos"],"yoast_head":"<!-- This site is optimized with the Yoast SEO plugin v27.5 - https:\/\/yoast.com\/product\/yoast-seo-wordpress\/ -->\n<title>Menores s\u00e3o apreendidos por furto na orla de Santos - Litoral SP<\/title>\n<meta name=\"description\" content=\"Menores foram apreendidos por furto na orla de Santos ap\u00f3s serem flagrados por c\u00e2meras de monitoramento e patrulhamento ostensivo da Guarda Civil Municipal (GCM) de Santos e Pol\u00edcia Militar (PM).\" \/>\n<meta name=\"robots\" content=\"index, follow, max-snippet:-1, max-image-preview:large, max-video-preview:-1\" \/>\n<link rel=\"canonical\" href=\"https:\/\/redenoticiaz.com.br\/litoralsp\/2023\/09\/04\/menores-sao-apreendidos-por-furto-na-orla-de-santos\" \/>\n<meta property=\"og:locale\" content=\"pt_BR\" \/>\n<meta property=\"og:type\" content=\"article\" \/>\n<meta property=\"og:title\" content=\"Menores s\u00e3o apreendidos por furto na orla de Santos - Litoral SP\" \/>\n<meta property=\"og:description\" content=\"Menores foram apreendidos por furto na orla de Santos ap\u00f3s serem flagrados por c\u00e2meras de monitoramento e patrulhamento ostensivo da Guarda Civil Municipal (GCM) de Santos e Pol\u00edcia Militar (PM).\" \/>\n<meta property=\"og:url\" content=\"https:\/\/redenoticiaz.com.br\/litoralsp\/2023\/09\/04\/menores-sao-apreendidos-por-furto-na-orla-de-santos\" \/>\n<meta property=\"og:site_name\" content=\"Litoral SP\" \/>\n<meta property=\"article:published_time\" content=\"2023-09-04T22:47:22+00:00\" \/>\n<meta property=\"og:image\" content=\"https:\/\/redenoticiaz.com.br\/litoralsp\/wp-content\/uploads\/sites\/3\/2023\/09\/040923_-_imagens_gcm_-_cco_4.jpg\" \/>\n\t<meta property=\"og:image:width\" content=\"1200\" \/>\n\t<meta property=\"og:image:height\" content=\"675\" \/>\n\t<meta property=\"og:image:type\" content=\"image\/jpeg\" \/>\n<meta name=\"author\" content=\"Gustavo Silva\" \/>\n<meta name=\"twitter:card\" content=\"summary_large_image\" \/>\n<meta name=\"twitter:label1\" content=\"Escrito por\" \/>\n\t<meta name=\"twitter:data1\" content=\"Gustavo Silva\" \/>\n\t<meta name=\"twitter:label2\" content=\"Est. tempo de leitura\" \/>\n\t<meta name=\"twitter:data2\" content=\"2 minutos\" \/>\n<script type=\"application\/ld+json\" class=\"yoast-schema-graph\">{\"@context\":\"https:\\\/\\\/schema.org\",\"@graph\":[{\"@type\":\"Article\",\"@id\":\"https:\\\/\\\/redenoticiaz.com.br\\\/litoralsp\\\/2023\\\/09\\\/04\\\/menores-sao-apreendidos-por-furto-na-orla-de-santos#article\",\"isPartOf\":{\"@id\":\"https:\\\/\\\/redenoticiaz.com.br\\\/litoralsp\\\/2023\\\/09\\\/04\\\/menores-sao-apreendidos-por-furto-na-orla-de-santos\"},\"author\":{\"name\":\"Gustavo Silva\",\"@id\":\"https:\\\/\\\/redenoticiaz.com.br\\\/litoralsp\\\/#\\\/schema\\\/person\\\/16057b37a3c0ee6b096d7f887c566e2e\"},\"headline\":\"Menores s\u00e3o apreendidos por furto na orla de Santos\",\"datePublished\":\"2023-09-04T22:47:22+00:00\",\"mainEntityOfPage\":{\"@id\":\"https:\\\/\\\/redenoticiaz.com.br\\\/litoralsp\\\/2023\\\/09\\\/04\\\/menores-sao-apreendidos-por-furto-na-orla-de-santos\"},\"wordCount\":248,\"commentCount\":0,\"publisher\":{\"@id\":\"https:\\\/\\\/redenoticiaz.com.br\\\/litoralsp\\\/#organization\"},\"image\":{\"@id\":\"https:\\\/\\\/redenoticiaz.com.br\\\/litoralsp\\\/2023\\\/09\\\/04\\\/menores-sao-apreendidos-por-furto-na-orla-de-santos#primaryimage\"},\"thumbnailUrl\":\"https:\\\/\\\/redenoticiaz.com.br\\\/litoralsp\\\/wp-content\\\/uploads\\\/sites\\\/3\\\/2023\\\/09\\\/040923_-_imagens_gcm_-_cco_4.jpg\",\"keywords\":[\"CCO\",\"POMP\u00c9IA\",\"roubo celular\",\"Santos\"],\"articleSection\":[\"Pol\u00edcia\",\"Santos\"],\"inLanguage\":\"pt-BR\",\"potentialAction\":[{\"@type\":\"CommentAction\",\"name\":\"Comment\",\"target\":[\"https:\\\/\\\/redenoticiaz.com.br\\\/litoralsp\\\/2023\\\/09\\\/04\\\/menores-sao-apreendidos-por-furto-na-orla-de-santos#respond\"]}]},{\"@type\":\"WebPage\",\"@id\":\"https:\\\/\\\/redenoticiaz.com.br\\\/litoralsp\\\/2023\\\/09\\\/04\\\/menores-sao-apreendidos-por-furto-na-orla-de-santos\",\"url\":\"https:\\\/\\\/redenoticiaz.com.br\\\/litoralsp\\\/2023\\\/09\\\/04\\\/menores-sao-apreendidos-por-furto-na-orla-de-santos\",\"name\":\"Menores s\u00e3o apreendidos por furto na orla de Santos - Litoral SP\",\"isPartOf\":{\"@id\":\"https:\\\/\\\/redenoticiaz.com.br\\\/litoralsp\\\/#website\"},\"primaryImageOfPage\":{\"@id\":\"https:\\\/\\\/redenoticiaz.com.br\\\/litoralsp\\\/2023\\\/09\\\/04\\\/menores-sao-apreendidos-por-furto-na-orla-de-santos#primaryimage\"},\"image\":{\"@id\":\"https:\\\/\\\/redenoticiaz.com.br\\\/litoralsp\\\/2023\\\/09\\\/04\\\/menores-sao-apreendidos-por-furto-na-orla-de-santos#primaryimage\"},\"thumbnailUrl\":\"https:\\\/\\\/redenoticiaz.com.br\\\/litoralsp\\\/wp-content\\\/uploads\\\/sites\\\/3\\\/2023\\\/09\\\/040923_-_imagens_gcm_-_cco_4.jpg\",\"datePublished\":\"2023-09-04T22:47:22+00:00\",\"description\":\"Menores foram apreendidos por furto na orla de Santos ap\u00f3s serem flagrados por c\u00e2meras de monitoramento e patrulhamento ostensivo da Guarda Civil Municipal (GCM) de Santos e Pol\u00edcia Militar (PM).\",\"inLanguage\":\"pt-BR\",\"potentialAction\":[{\"@type\":\"ReadAction\",\"target\":[\"https:\\\/\\\/redenoticiaz.com.br\\\/litoralsp\\\/2023\\\/09\\\/04\\\/menores-sao-apreendidos-por-furto-na-orla-de-santos\"]}]},{\"@type\":\"ImageObject\",\"inLanguage\":\"pt-BR\",\"@id\":\"https:\\\/\\\/redenoticiaz.com.br\\\/litoralsp\\\/2023\\\/09\\\/04\\\/menores-sao-apreendidos-por-furto-na-orla-de-santos#primaryimage\",\"url\":\"https:\\\/\\\/redenoticiaz.com.br\\\/litoralsp\\\/wp-content\\\/uploads\\\/sites\\\/3\\\/2023\\\/09\\\/040923_-_imagens_gcm_-_cco_4.jpg\",\"contentUrl\":\"https:\\\/\\\/redenoticiaz.com.br\\\/litoralsp\\\/wp-content\\\/uploads\\\/sites\\\/3\\\/2023\\\/09\\\/040923_-_imagens_gcm_-_cco_4.jpg\",\"width\":1200,\"height\":675,\"caption\":\"Menores s\u00e3o apreendidos por furto na orla de Santos\"},{\"@type\":\"WebSite\",\"@id\":\"https:\\\/\\\/redenoticiaz.com.br\\\/litoralsp\\\/#website\",\"url\":\"https:\\\/\\\/redenoticiaz.com.br\\\/litoralsp\\\/\",\"name\":\"Litoral SP\",\"description\":\"Rede NoticiaZ\",\"publisher\":{\"@id\":\"https:\\\/\\\/redenoticiaz.com.br\\\/litoralsp\\\/#organization\"},\"potentialAction\":[{\"@type\":\"SearchAction\",\"target\":{\"@type\":\"EntryPoint\",\"urlTemplate\":\"https:\\\/\\\/redenoticiaz.com.br\\\/litoralsp\\\/?s={search_term_string}\"},\"query-input\":{\"@type\":\"PropertyValueSpecification\",\"valueRequired\":true,\"valueName\":\"search_term_string\"}}],\"inLanguage\":\"pt-BR\"},{\"@type\":\"Organization\",\"@id\":\"https:\\\/\\\/redenoticiaz.com.br\\\/litoralsp\\\/#organization\",\"name\":\"Litoral SP\",\"url\":\"https:\\\/\\\/redenoticiaz.com.br\\\/litoralsp\\\/\",\"logo\":{\"@type\":\"ImageObject\",\"inLanguage\":\"pt-BR\",\"@id\":\"https:\\\/\\\/redenoticiaz.com.br\\\/litoralsp\\\/#\\\/schema\\\/logo\\\/image\\\/\",\"url\":\"https:\\\/\\\/redenoticiaz.com.br\\\/litoralsp\\\/wp-content\\\/uploads\\\/sites\\\/3\\\/2020\\\/11\\\/logo.jpg\",\"contentUrl\":\"https:\\\/\\\/redenoticiaz.com.br\\\/litoralsp\\\/wp-content\\\/uploads\\\/sites\\\/3\\\/2020\\\/11\\\/logo.jpg\",\"width\":400,\"height\":250,\"caption\":\"Litoral SP\"},\"image\":{\"@id\":\"https:\\\/\\\/redenoticiaz.com.br\\\/litoralsp\\\/#\\\/schema\\\/logo\\\/image\\\/\"}},{\"@type\":\"Person\",\"@id\":\"https:\\\/\\\/redenoticiaz.com.br\\\/litoralsp\\\/#\\\/schema\\\/person\\\/16057b37a3c0ee6b096d7f887c566e2e\",\"name\":\"Gustavo Silva\",\"image\":{\"@type\":\"ImageObject\",\"inLanguage\":\"pt-BR\",\"@id\":\"https:\\\/\\\/secure.gravatar.com\\\/avatar\\\/3ee4e82f93b26de0a7cf4ea5eb7893da637ed6bb0c9170c58065944c56e28a33?s=96&d=mm&r=g\",\"url\":\"https:\\\/\\\/secure.gravatar.com\\\/avatar\\\/3ee4e82f93b26de0a7cf4ea5eb7893da637ed6bb0c9170c58065944c56e28a33?s=96&d=mm&r=g\",\"contentUrl\":\"https:\\\/\\\/secure.gravatar.com\\\/avatar\\\/3ee4e82f93b26de0a7cf4ea5eb7893da637ed6bb0c9170c58065944c56e28a33?s=96&d=mm&r=g\",\"caption\":\"Gustavo Silva\"},\"url\":\"https:\\\/\\\/redenoticiaz.com.br\\\/litoralsp\\\/author\\\/gustavosilva\"}]}<\/script>\n<!-- \/ Yoast SEO plugin. -->","yoast_head_json":{"title":"Menores s\u00e3o apreendidos por furto na orla de Santos - Litoral SP","description":"Menores foram apreendidos por furto na orla de Santos ap\u00f3s serem flagrados por c\u00e2meras de monitoramento e patrulhamento ostensivo da Guarda Civil Municipal (GCM) de Santos e Pol\u00edcia Militar (PM).","robots":{"index":"index","follow":"follow","max-snippet":"max-snippet:-1","max-image-preview":"max-image-preview:large","max-video-preview":"max-video-preview:-1"},"canonical":"https:\/\/redenoticiaz.com.br\/litoralsp\/2023\/09\/04\/menores-sao-apreendidos-por-furto-na-orla-de-santos","og_locale":"pt_BR","og_type":"article","og_title":"Menores s\u00e3o apreendidos por furto na orla de Santos - Litoral SP","og_description":"Menores foram apreendidos por furto na orla de Santos ap\u00f3s serem flagrados por c\u00e2meras de monitoramento e patrulhamento ostensivo da Guarda Civil Municipal (GCM) de Santos e Pol\u00edcia Militar (PM).","og_url":"https:\/\/redenoticiaz.com.br\/litoralsp\/2023\/09\/04\/menores-sao-apreendidos-por-furto-na-orla-de-santos","og_site_name":"Litoral SP","article_published_time":"2023-09-04T22:47:22+00:00","og_image":[{"width":1200,"height":675,"url":"https:\/\/redenoticiaz.com.br\/litoralsp\/wp-content\/uploads\/sites\/3\/2023\/09\/040923_-_imagens_gcm_-_cco_4.jpg","type":"image\/jpeg"}],"author":"Gustavo Silva","twitter_card":"summary_large_image","twitter_misc":{"Escrito por":"Gustavo Silva","Est. tempo de leitura":"2 minutos"},"schema":{"@context":"https:\/\/schema.org","@graph":[{"@type":"Article","@id":"https:\/\/redenoticiaz.com.br\/litoralsp\/2023\/09\/04\/menores-sao-apreendidos-por-furto-na-orla-de-santos#article","isPartOf":{"@id":"https:\/\/redenoticiaz.com.br\/litoralsp\/2023\/09\/04\/menores-sao-apreendidos-por-furto-na-orla-de-santos"},"author":{"name":"Gustavo Silva","@id":"https:\/\/redenoticiaz.com.br\/litoralsp\/#\/schema\/person\/16057b37a3c0ee6b096d7f887c566e2e"},"headline":"Menores s\u00e3o apreendidos por furto na orla de Santos","datePublished":"2023-09-04T22:47:22+00:00","mainEntityOfPage":{"@id":"https:\/\/redenoticiaz.com.br\/litoralsp\/2023\/09\/04\/menores-sao-apreendidos-por-furto-na-orla-de-santos"},"wordCount":248,"commentCount":0,"publisher":{"@id":"https:\/\/redenoticiaz.com.br\/litoralsp\/#organization"},"image":{"@id":"https:\/\/redenoticiaz.com.br\/litoralsp\/2023\/09\/04\/menores-sao-apreendidos-por-furto-na-orla-de-santos#primaryimage"},"thumbnailUrl":"https:\/\/redenoticiaz.com.br\/litoralsp\/wp-content\/uploads\/sites\/3\/2023\/09\/040923_-_imagens_gcm_-_cco_4.jpg","keywords":["CCO","POMP\u00c9IA","roubo celular","Santos"],"articleSection":["Pol\u00edcia","Santos"],"inLanguage":"pt-BR","potentialAction":[{"@type":"CommentAction","name":"Comment","target":["https:\/\/redenoticiaz.com.br\/litoralsp\/2023\/09\/04\/menores-sao-apreendidos-por-furto-na-orla-de-santos#respond"]}]},{"@type":"WebPage","@id":"https:\/\/redenoticiaz.com.br\/litoralsp\/2023\/09\/04\/menores-sao-apreendidos-por-furto-na-orla-de-santos","url":"https:\/\/redenoticiaz.com.br\/litoralsp\/2023\/09\/04\/menores-sao-apreendidos-por-furto-na-orla-de-santos","name":"Menores s\u00e3o apreendidos por furto na orla de Santos - Litoral SP","isPartOf":{"@id":"https:\/\/redenoticiaz.com.br\/litoralsp\/#website"},"primaryImageOfPage":{"@id":"https:\/\/redenoticiaz.com.br\/litoralsp\/2023\/09\/04\/menores-sao-apreendidos-por-furto-na-orla-de-santos#primaryimage"},"image":{"@id":"https:\/\/redenoticiaz.com.br\/litoralsp\/2023\/09\/04\/menores-sao-apreendidos-por-furto-na-orla-de-santos#primaryimage"},"thumbnailUrl":"https:\/\/redenoticiaz.com.br\/litoralsp\/wp-content\/uploads\/sites\/3\/2023\/09\/040923_-_imagens_gcm_-_cco_4.jpg","datePublished":"2023-09-04T22:47:22+00:00","description":"Menores foram apreendidos por furto na orla de Santos ap\u00f3s serem flagrados por c\u00e2meras de monitoramento e patrulhamento ostensivo da Guarda Civil Municipal (GCM) de Santos e Pol\u00edcia Militar (PM).","inLanguage":"pt-BR","potentialAction":[{"@type":"ReadAction","target":["https:\/\/redenoticiaz.com.br\/litoralsp\/2023\/09\/04\/menores-sao-apreendidos-por-furto-na-orla-de-santos"]}]},{"@type":"ImageObject","inLanguage":"pt-BR","@id":"https:\/\/redenoticiaz.com.br\/litoralsp\/2023\/09\/04\/menores-sao-apreendidos-por-furto-na-orla-de-santos#primaryimage","url":"https:\/\/redenoticiaz.com.br\/litoralsp\/wp-content\/uploads\/sites\/3\/2023\/09\/040923_-_imagens_gcm_-_cco_4.jpg","contentUrl":"https:\/\/redenoticiaz.com.br\/litoralsp\/wp-content\/uploads\/sites\/3\/2023\/09\/040923_-_imagens_gcm_-_cco_4.jpg","width":1200,"height":675,"caption":"Menores s\u00e3o apreendidos por furto na orla de Santos"},{"@type":"WebSite","@id":"https:\/\/redenoticiaz.com.br\/litoralsp\/#website","url":"https:\/\/redenoticiaz.com.br\/litoralsp\/","name":"Litoral SP","description":"Rede NoticiaZ","publisher":{"@id":"https:\/\/redenoticiaz.com.br\/litoralsp\/#organization"},"potentialAction":[{"@type":"SearchAction","target":{"@type":"EntryPoint","urlTemplate":"https:\/\/redenoticiaz.com.br\/litoralsp\/?s={search_term_string}"},"query-input":{"@type":"PropertyValueSpecification","valueRequired":true,"valueName":"search_term_string"}}],"inLanguage":"pt-BR"},{"@type":"Organization","@id":"https:\/\/redenoticiaz.com.br\/litoralsp\/#organization","name":"Litoral SP","url":"https:\/\/redenoticiaz.com.br\/litoralsp\/","logo":{"@type":"ImageObject","inLanguage":"pt-BR","@id":"https:\/\/redenoticiaz.com.br\/litoralsp\/#\/schema\/logo\/image\/","url":"https:\/\/redenoticiaz.com.br\/litoralsp\/wp-content\/uploads\/sites\/3\/2020\/11\/logo.jpg","contentUrl":"https:\/\/redenoticiaz.com.br\/litoralsp\/wp-content\/uploads\/sites\/3\/2020\/11\/logo.jpg","width":400,"height":250,"caption":"Litoral SP"},"image":{"@id":"https:\/\/redenoticiaz.com.br\/litoralsp\/#\/schema\/logo\/image\/"}},{"@type":"Person","@id":"https:\/\/redenoticiaz.com.br\/litoralsp\/#\/schema\/person\/16057b37a3c0ee6b096d7f887c566e2e","name":"Gustavo Silva","image":{"@type":"ImageObject","inLanguage":"pt-BR","@id":"https:\/\/secure.gravatar.com\/avatar\/3ee4e82f93b26de0a7cf4ea5eb7893da637ed6bb0c9170c58065944c56e28a33?s=96&d=mm&r=g","url":"https:\/\/secure.gravatar.com\/avatar\/3ee4e82f93b26de0a7cf4ea5eb7893da637ed6bb0c9170c58065944c56e28a33?s=96&d=mm&r=g","contentUrl":"https:\/\/secure.gravatar.com\/avatar\/3ee4e82f93b26de0a7cf4ea5eb7893da637ed6bb0c9170c58065944c56e28a33?s=96&d=mm&r=g","caption":"Gustavo Silva"},"url":"https:\/\/redenoticiaz.com.br\/litoralsp\/author\/gustavosilva"}]}},"_links":{"self":[{"href":"https:\/\/redenoticiaz.com.br\/litoralsp\/wp-json\/wp\/v2\/posts\/110189","targetHints":{"allow":["GET"]}}],"collection":[{"href":"https:\/\/redenoticiaz.com.br\/litoralsp\/wp-json\/wp\/v2\/posts"}],"about":[{"href":"https:\/\/redenoticiaz.com.br\/litoralsp\/wp-json\/wp\/v2\/types\/post"}],"author":[{"embeddable":true,"href":"https:\/\/redenoticiaz.com.br\/litoralsp\/wp-json\/wp\/v2\/users\/12"}],"replies":[{"embeddable":true,"href":"https:\/\/redenoticiaz.com.br\/litoralsp\/wp-json\/wp\/v2\/comments?post=110189"}],"version-history":[{"count":1,"href":"https:\/\/redenoticiaz.com.br\/litoralsp\/wp-json\/wp\/v2\/posts\/110189\/revisions"}],"predecessor-version":[{"id":110191,"href":"https:\/\/redenoticiaz.com.br\/litoralsp\/wp-json\/wp\/v2\/posts\/110189\/revisions\/110191"}],"wp:featuredmedia":[{"embeddable":true,"href":"https:\/\/redenoticiaz.com.br\/litoralsp\/wp-json\/wp\/v2\/media\/110190"}],"wp:attachment":[{"href":"https:\/\/redenoticiaz.com.br\/litoralsp\/wp-json\/wp\/v2\/media?parent=110189"}],"wp:term":[{"taxonomy":"category","embeddable":true,"href":"https:\/\/redenoticiaz.com.br\/litoralsp\/wp-json\/wp\/v2\/categories?post=110189"},{"taxonomy":"post_tag","embeddable":true,"href":"https:\/\/redenoticiaz.com.br\/litoralsp\/wp-json\/wp\/v2\/tags?post=110189"}],"curies":[{"name":"wp","href":"https:\/\/api.w.org\/{rel}","templated":true}]}}