{"id":110210,"date":"2023-09-05T16:09:41","date_gmt":"2023-09-05T19:09:41","guid":{"rendered":"https:\/\/redenoticiaz.com.br\/litoralsp\/?p=110210"},"modified":"2023-09-05T16:09:41","modified_gmt":"2023-09-05T19:09:41","slug":"santos-vai-declarar-situacao-de-emergencia-apos-incendio-em-comunidade","status":"publish","type":"post","link":"https:\/\/redenoticiaz.com.br\/litoralsp\/2023\/09\/05\/santos-vai-declarar-situacao-de-emergencia-apos-incendio-em-comunidade","title":{"rendered":"Santos vai declarar situa\u00e7\u00e3o de emerg\u00eancia ap\u00f3s inc\u00eandio em comunidade"},"content":{"rendered":"<p>A prefeitura de Santos, no litoral paulista, vai declarar situa\u00e7\u00e3o de emerg\u00eancia ap\u00f3s um inc\u00eandio destruir aproximadamente 150 resid\u00eancias na comunidade de palafitas do Dique da Vila Gilda.<\/p>\n<p>Segundo o prefeito\u00a0Rog\u00e9rio Santos, a medida vai permitir assist\u00eancia financeira\u00a0\u00e0s fam\u00edlias afetadas.<img decoding=\"async\" src=\"https:\/\/agenciabrasil.ebc.com.br\/ebc.png?id=1553309&amp;o=node\" \/><img decoding=\"async\" src=\"https:\/\/agenciabrasil.ebc.com.br\/ebc.gif?id=1553309&amp;o=node\" \/><\/p>\n<blockquote><p>\u201cVamos fazer um decreto de situa\u00e7\u00e3o de emerg\u00eancia e, a partir da\u00ed, atender as fam\u00edlias cadastradas com um aux\u00edlio emergencial para que possam come\u00e7ar a pagar um aluguel e adquirir bens que foram perdidos\u201d<\/p><\/blockquote>\n<p>Segundo o prefeito, em cerca de 15 dias\u00a0ser\u00e1 paga parcela inicial de R$ 1,2 mil e, em seguida, as fam\u00edlias passar\u00e3o a receber R$ 600 mensais de aux\u00edlio aluguel, at\u00e9 serem atendidas por programas habitacionais do munic\u00edpio e do governo estadual.<\/p>\n<p>No momento, 16 fam\u00edlias est\u00e3o abrigadas no Centro Esportivo Dale Coutinho.<\/p>\n<p>De acordo com o Corpo de Bombeiros, 15 pessoas foram socorridas durante o inc\u00eandio por terem inalado fuma\u00e7a.<\/p>\n<p>O prefeito informou ainda que o restaurante popular Bom Prato, que funciona na regi\u00e3o afetada, manter\u00e1 o atendimento durante o feriado.<\/p>\n<p><strong>Leia mais<\/strong><\/p>\n<p><a href=\"https:\/\/redenoticiaz.com.br\/litoralsp\/2023\/09\/05\/video-incendio-atinge-mais-de-100-moradias-e-familias-ficam-desabrigadas\">V\u00cdDEO \u2013 Inc\u00eandio atinge mais de 100 moradias e fam\u00edlias ficam desabrigadas<\/a><\/p>\n","protected":false},"excerpt":{"rendered":"<p>A prefeitura de Santos, no litoral paulista, vai declarar situa\u00e7\u00e3o de emerg\u00eancia ap\u00f3s um inc\u00eandio destruir aproximadamente 150 resid\u00eancias na comunidade de palafitas do Dique da Vila Gilda. Segundo o prefeito\u00a0Rog\u00e9rio Santos, a medida vai permitir assist\u00eancia financeira\u00a0\u00e0s fam\u00edlias afetadas. \u201cVamos fazer um decreto de situa\u00e7\u00e3o de emerg\u00eancia e, a partir da\u00ed, atender as fam\u00edlias &hellip;<\/p>\n","protected":false},"author":12,"featured_media":110211,"comment_status":"open","ping_status":"closed","sticky":false,"template":"","format":"standard","meta":{"footnotes":""},"categories":[180],"tags":[24941,15171,4039,986],"class_list":["post-110210","post","type-post","status-publish","format-standard","has-post-thumbnail","hentry","category-santos","tag-dique-da-vila-gilda","tag-emergencia","tag-incendio","tag-santos"],"yoast_head":"<!-- This site is optimized with the Yoast SEO plugin v27.4 - https:\/\/yoast.com\/product\/yoast-seo-wordpress\/ -->\n<title>Santos vai declarar situa\u00e7\u00e3o de emerg\u00eancia ap\u00f3s inc\u00eandio em comunidade - Litoral SP<\/title>\n<meta name=\"description\" content=\"A prefeitura de Santos, no litoral paulista, vai declarar situa\u00e7\u00e3o de emerg\u00eancia ap\u00f3s um inc\u00eandio destruir aproximadamente 150 resid\u00eancias na comunidade de palafitas do Dique da Vila Gilda.\" \/>\n<meta name=\"robots\" content=\"index, follow, max-snippet:-1, max-image-preview:large, max-video-preview:-1\" \/>\n<link rel=\"canonical\" href=\"https:\/\/redenoticiaz.com.br\/litoralsp\/2023\/09\/05\/santos-vai-declarar-situacao-de-emergencia-apos-incendio-em-comunidade\" \/>\n<meta property=\"og:locale\" content=\"pt_BR\" \/>\n<meta property=\"og:type\" content=\"article\" \/>\n<meta property=\"og:title\" content=\"Santos vai declarar situa\u00e7\u00e3o de emerg\u00eancia ap\u00f3s inc\u00eandio em comunidade - Litoral SP\" \/>\n<meta property=\"og:description\" content=\"A prefeitura de Santos, no litoral paulista, vai declarar situa\u00e7\u00e3o de emerg\u00eancia ap\u00f3s um inc\u00eandio destruir aproximadamente 150 resid\u00eancias na comunidade de palafitas do Dique da Vila Gilda.\" \/>\n<meta property=\"og:url\" content=\"https:\/\/redenoticiaz.com.br\/litoralsp\/2023\/09\/05\/santos-vai-declarar-situacao-de-emergencia-apos-incendio-em-comunidade\" \/>\n<meta property=\"og:site_name\" content=\"Litoral SP\" \/>\n<meta property=\"article:published_time\" content=\"2023-09-05T19:09:41+00:00\" \/>\n<meta property=\"og:image\" content=\"https:\/\/redenoticiaz.com.br\/litoralsp\/wp-content\/uploads\/sites\/3\/2023\/09\/design-sem-nome-2023-09-05t123152.652.jpg\" \/>\n\t<meta property=\"og:image:width\" content=\"1000\" \/>\n\t<meta property=\"og:image:height\" content=\"667\" \/>\n\t<meta property=\"og:image:type\" content=\"image\/jpeg\" \/>\n<meta name=\"author\" content=\"Gustavo Silva\" \/>\n<meta name=\"twitter:card\" content=\"summary_large_image\" \/>\n<meta name=\"twitter:label1\" content=\"Escrito por\" \/>\n\t<meta name=\"twitter:data1\" content=\"Gustavo Silva\" \/>\n\t<meta name=\"twitter:label2\" content=\"Est. tempo de leitura\" \/>\n\t<meta name=\"twitter:data2\" content=\"2 minutos\" \/>\n<script type=\"application\/ld+json\" class=\"yoast-schema-graph\">{\"@context\":\"https:\\\/\\\/schema.org\",\"@graph\":[{\"@type\":\"Article\",\"@id\":\"https:\\\/\\\/redenoticiaz.com.br\\\/litoralsp\\\/2023\\\/09\\\/05\\\/santos-vai-declarar-situacao-de-emergencia-apos-incendio-em-comunidade#article\",\"isPartOf\":{\"@id\":\"https:\\\/\\\/redenoticiaz.com.br\\\/litoralsp\\\/2023\\\/09\\\/05\\\/santos-vai-declarar-situacao-de-emergencia-apos-incendio-em-comunidade\"},\"author\":{\"name\":\"Gustavo Silva\",\"@id\":\"https:\\\/\\\/redenoticiaz.com.br\\\/litoralsp\\\/#\\\/schema\\\/person\\\/16057b37a3c0ee6b096d7f887c566e2e\"},\"headline\":\"Santos vai declarar situa\u00e7\u00e3o de emerg\u00eancia ap\u00f3s inc\u00eandio em comunidade\",\"datePublished\":\"2023-09-05T19:09:41+00:00\",\"mainEntityOfPage\":{\"@id\":\"https:\\\/\\\/redenoticiaz.com.br\\\/litoralsp\\\/2023\\\/09\\\/05\\\/santos-vai-declarar-situacao-de-emergencia-apos-incendio-em-comunidade\"},\"wordCount\":213,\"commentCount\":0,\"publisher\":{\"@id\":\"https:\\\/\\\/redenoticiaz.com.br\\\/litoralsp\\\/#organization\"},\"image\":{\"@id\":\"https:\\\/\\\/redenoticiaz.com.br\\\/litoralsp\\\/2023\\\/09\\\/05\\\/santos-vai-declarar-situacao-de-emergencia-apos-incendio-em-comunidade#primaryimage\"},\"thumbnailUrl\":\"https:\\\/\\\/redenoticiaz.com.br\\\/litoralsp\\\/wp-content\\\/uploads\\\/sites\\\/3\\\/2023\\\/09\\\/design-sem-nome-2023-09-05t123152.652.jpg\",\"keywords\":[\"DIQUE DA VILA GILDA\",\"EMERG\u00caNCIA\",\"inc\u00eandio\",\"Santos\"],\"articleSection\":[\"Santos\"],\"inLanguage\":\"pt-BR\",\"potentialAction\":[{\"@type\":\"CommentAction\",\"name\":\"Comment\",\"target\":[\"https:\\\/\\\/redenoticiaz.com.br\\\/litoralsp\\\/2023\\\/09\\\/05\\\/santos-vai-declarar-situacao-de-emergencia-apos-incendio-em-comunidade#respond\"]}]},{\"@type\":\"WebPage\",\"@id\":\"https:\\\/\\\/redenoticiaz.com.br\\\/litoralsp\\\/2023\\\/09\\\/05\\\/santos-vai-declarar-situacao-de-emergencia-apos-incendio-em-comunidade\",\"url\":\"https:\\\/\\\/redenoticiaz.com.br\\\/litoralsp\\\/2023\\\/09\\\/05\\\/santos-vai-declarar-situacao-de-emergencia-apos-incendio-em-comunidade\",\"name\":\"Santos vai declarar situa\u00e7\u00e3o de emerg\u00eancia ap\u00f3s inc\u00eandio em comunidade - Litoral SP\",\"isPartOf\":{\"@id\":\"https:\\\/\\\/redenoticiaz.com.br\\\/litoralsp\\\/#website\"},\"primaryImageOfPage\":{\"@id\":\"https:\\\/\\\/redenoticiaz.com.br\\\/litoralsp\\\/2023\\\/09\\\/05\\\/santos-vai-declarar-situacao-de-emergencia-apos-incendio-em-comunidade#primaryimage\"},\"image\":{\"@id\":\"https:\\\/\\\/redenoticiaz.com.br\\\/litoralsp\\\/2023\\\/09\\\/05\\\/santos-vai-declarar-situacao-de-emergencia-apos-incendio-em-comunidade#primaryimage\"},\"thumbnailUrl\":\"https:\\\/\\\/redenoticiaz.com.br\\\/litoralsp\\\/wp-content\\\/uploads\\\/sites\\\/3\\\/2023\\\/09\\\/design-sem-nome-2023-09-05t123152.652.jpg\",\"datePublished\":\"2023-09-05T19:09:41+00:00\",\"description\":\"A prefeitura de Santos, no litoral paulista, vai declarar situa\u00e7\u00e3o de emerg\u00eancia ap\u00f3s um inc\u00eandio destruir aproximadamente 150 resid\u00eancias na comunidade de palafitas do Dique da Vila Gilda.\",\"inLanguage\":\"pt-BR\",\"potentialAction\":[{\"@type\":\"ReadAction\",\"target\":[\"https:\\\/\\\/redenoticiaz.com.br\\\/litoralsp\\\/2023\\\/09\\\/05\\\/santos-vai-declarar-situacao-de-emergencia-apos-incendio-em-comunidade\"]}]},{\"@type\":\"ImageObject\",\"inLanguage\":\"pt-BR\",\"@id\":\"https:\\\/\\\/redenoticiaz.com.br\\\/litoralsp\\\/2023\\\/09\\\/05\\\/santos-vai-declarar-situacao-de-emergencia-apos-incendio-em-comunidade#primaryimage\",\"url\":\"https:\\\/\\\/redenoticiaz.com.br\\\/litoralsp\\\/wp-content\\\/uploads\\\/sites\\\/3\\\/2023\\\/09\\\/design-sem-nome-2023-09-05t123152.652.jpg\",\"contentUrl\":\"https:\\\/\\\/redenoticiaz.com.br\\\/litoralsp\\\/wp-content\\\/uploads\\\/sites\\\/3\\\/2023\\\/09\\\/design-sem-nome-2023-09-05t123152.652.jpg\",\"width\":1000,\"height\":667,\"caption\":\"Santos vai declarar situa\u00e7\u00e3o de emerg\u00eancia ap\u00f3s inc\u00eandio em comunidade\"},{\"@type\":\"WebSite\",\"@id\":\"https:\\\/\\\/redenoticiaz.com.br\\\/litoralsp\\\/#website\",\"url\":\"https:\\\/\\\/redenoticiaz.com.br\\\/litoralsp\\\/\",\"name\":\"Litoral SP\",\"description\":\"Rede NoticiaZ\",\"publisher\":{\"@id\":\"https:\\\/\\\/redenoticiaz.com.br\\\/litoralsp\\\/#organization\"},\"potentialAction\":[{\"@type\":\"SearchAction\",\"target\":{\"@type\":\"EntryPoint\",\"urlTemplate\":\"https:\\\/\\\/redenoticiaz.com.br\\\/litoralsp\\\/?s={search_term_string}\"},\"query-input\":{\"@type\":\"PropertyValueSpecification\",\"valueRequired\":true,\"valueName\":\"search_term_string\"}}],\"inLanguage\":\"pt-BR\"},{\"@type\":\"Organization\",\"@id\":\"https:\\\/\\\/redenoticiaz.com.br\\\/litoralsp\\\/#organization\",\"name\":\"Litoral SP\",\"url\":\"https:\\\/\\\/redenoticiaz.com.br\\\/litoralsp\\\/\",\"logo\":{\"@type\":\"ImageObject\",\"inLanguage\":\"pt-BR\",\"@id\":\"https:\\\/\\\/redenoticiaz.com.br\\\/litoralsp\\\/#\\\/schema\\\/logo\\\/image\\\/\",\"url\":\"https:\\\/\\\/redenoticiaz.com.br\\\/litoralsp\\\/wp-content\\\/uploads\\\/sites\\\/3\\\/2020\\\/11\\\/logo.jpg\",\"contentUrl\":\"https:\\\/\\\/redenoticiaz.com.br\\\/litoralsp\\\/wp-content\\\/uploads\\\/sites\\\/3\\\/2020\\\/11\\\/logo.jpg\",\"width\":400,\"height\":250,\"caption\":\"Litoral SP\"},\"image\":{\"@id\":\"https:\\\/\\\/redenoticiaz.com.br\\\/litoralsp\\\/#\\\/schema\\\/logo\\\/image\\\/\"}},{\"@type\":\"Person\",\"@id\":\"https:\\\/\\\/redenoticiaz.com.br\\\/litoralsp\\\/#\\\/schema\\\/person\\\/16057b37a3c0ee6b096d7f887c566e2e\",\"name\":\"Gustavo Silva\",\"image\":{\"@type\":\"ImageObject\",\"inLanguage\":\"pt-BR\",\"@id\":\"https:\\\/\\\/secure.gravatar.com\\\/avatar\\\/3ee4e82f93b26de0a7cf4ea5eb7893da637ed6bb0c9170c58065944c56e28a33?s=96&d=mm&r=g\",\"url\":\"https:\\\/\\\/secure.gravatar.com\\\/avatar\\\/3ee4e82f93b26de0a7cf4ea5eb7893da637ed6bb0c9170c58065944c56e28a33?s=96&d=mm&r=g\",\"contentUrl\":\"https:\\\/\\\/secure.gravatar.com\\\/avatar\\\/3ee4e82f93b26de0a7cf4ea5eb7893da637ed6bb0c9170c58065944c56e28a33?s=96&d=mm&r=g\",\"caption\":\"Gustavo Silva\"},\"url\":\"https:\\\/\\\/redenoticiaz.com.br\\\/litoralsp\\\/author\\\/gustavosilva\"}]}<\/script>\n<!-- \/ Yoast SEO plugin. -->","yoast_head_json":{"title":"Santos vai declarar situa\u00e7\u00e3o de emerg\u00eancia ap\u00f3s inc\u00eandio em comunidade - Litoral SP","description":"A prefeitura de Santos, no litoral paulista, vai declarar situa\u00e7\u00e3o de emerg\u00eancia ap\u00f3s um inc\u00eandio destruir aproximadamente 150 resid\u00eancias na comunidade de palafitas do Dique da Vila Gilda.","robots":{"index":"index","follow":"follow","max-snippet":"max-snippet:-1","max-image-preview":"max-image-preview:large","max-video-preview":"max-video-preview:-1"},"canonical":"https:\/\/redenoticiaz.com.br\/litoralsp\/2023\/09\/05\/santos-vai-declarar-situacao-de-emergencia-apos-incendio-em-comunidade","og_locale":"pt_BR","og_type":"article","og_title":"Santos vai declarar situa\u00e7\u00e3o de emerg\u00eancia ap\u00f3s inc\u00eandio em comunidade - Litoral SP","og_description":"A prefeitura de Santos, no litoral paulista, vai declarar situa\u00e7\u00e3o de emerg\u00eancia ap\u00f3s um inc\u00eandio destruir aproximadamente 150 resid\u00eancias na comunidade de palafitas do Dique da Vila Gilda.","og_url":"https:\/\/redenoticiaz.com.br\/litoralsp\/2023\/09\/05\/santos-vai-declarar-situacao-de-emergencia-apos-incendio-em-comunidade","og_site_name":"Litoral SP","article_published_time":"2023-09-05T19:09:41+00:00","og_image":[{"width":1000,"height":667,"url":"https:\/\/redenoticiaz.com.br\/litoralsp\/wp-content\/uploads\/sites\/3\/2023\/09\/design-sem-nome-2023-09-05t123152.652.jpg","type":"image\/jpeg"}],"author":"Gustavo Silva","twitter_card":"summary_large_image","twitter_misc":{"Escrito por":"Gustavo Silva","Est. tempo de leitura":"2 minutos"},"schema":{"@context":"https:\/\/schema.org","@graph":[{"@type":"Article","@id":"https:\/\/redenoticiaz.com.br\/litoralsp\/2023\/09\/05\/santos-vai-declarar-situacao-de-emergencia-apos-incendio-em-comunidade#article","isPartOf":{"@id":"https:\/\/redenoticiaz.com.br\/litoralsp\/2023\/09\/05\/santos-vai-declarar-situacao-de-emergencia-apos-incendio-em-comunidade"},"author":{"name":"Gustavo Silva","@id":"https:\/\/redenoticiaz.com.br\/litoralsp\/#\/schema\/person\/16057b37a3c0ee6b096d7f887c566e2e"},"headline":"Santos vai declarar situa\u00e7\u00e3o de emerg\u00eancia ap\u00f3s inc\u00eandio em comunidade","datePublished":"2023-09-05T19:09:41+00:00","mainEntityOfPage":{"@id":"https:\/\/redenoticiaz.com.br\/litoralsp\/2023\/09\/05\/santos-vai-declarar-situacao-de-emergencia-apos-incendio-em-comunidade"},"wordCount":213,"commentCount":0,"publisher":{"@id":"https:\/\/redenoticiaz.com.br\/litoralsp\/#organization"},"image":{"@id":"https:\/\/redenoticiaz.com.br\/litoralsp\/2023\/09\/05\/santos-vai-declarar-situacao-de-emergencia-apos-incendio-em-comunidade#primaryimage"},"thumbnailUrl":"https:\/\/redenoticiaz.com.br\/litoralsp\/wp-content\/uploads\/sites\/3\/2023\/09\/design-sem-nome-2023-09-05t123152.652.jpg","keywords":["DIQUE DA VILA GILDA","EMERG\u00caNCIA","inc\u00eandio","Santos"],"articleSection":["Santos"],"inLanguage":"pt-BR","potentialAction":[{"@type":"CommentAction","name":"Comment","target":["https:\/\/redenoticiaz.com.br\/litoralsp\/2023\/09\/05\/santos-vai-declarar-situacao-de-emergencia-apos-incendio-em-comunidade#respond"]}]},{"@type":"WebPage","@id":"https:\/\/redenoticiaz.com.br\/litoralsp\/2023\/09\/05\/santos-vai-declarar-situacao-de-emergencia-apos-incendio-em-comunidade","url":"https:\/\/redenoticiaz.com.br\/litoralsp\/2023\/09\/05\/santos-vai-declarar-situacao-de-emergencia-apos-incendio-em-comunidade","name":"Santos vai declarar situa\u00e7\u00e3o de emerg\u00eancia ap\u00f3s inc\u00eandio em comunidade - Litoral SP","isPartOf":{"@id":"https:\/\/redenoticiaz.com.br\/litoralsp\/#website"},"primaryImageOfPage":{"@id":"https:\/\/redenoticiaz.com.br\/litoralsp\/2023\/09\/05\/santos-vai-declarar-situacao-de-emergencia-apos-incendio-em-comunidade#primaryimage"},"image":{"@id":"https:\/\/redenoticiaz.com.br\/litoralsp\/2023\/09\/05\/santos-vai-declarar-situacao-de-emergencia-apos-incendio-em-comunidade#primaryimage"},"thumbnailUrl":"https:\/\/redenoticiaz.com.br\/litoralsp\/wp-content\/uploads\/sites\/3\/2023\/09\/design-sem-nome-2023-09-05t123152.652.jpg","datePublished":"2023-09-05T19:09:41+00:00","description":"A prefeitura de Santos, no litoral paulista, vai declarar situa\u00e7\u00e3o de emerg\u00eancia ap\u00f3s um inc\u00eandio destruir aproximadamente 150 resid\u00eancias na comunidade de palafitas do Dique da Vila Gilda.","inLanguage":"pt-BR","potentialAction":[{"@type":"ReadAction","target":["https:\/\/redenoticiaz.com.br\/litoralsp\/2023\/09\/05\/santos-vai-declarar-situacao-de-emergencia-apos-incendio-em-comunidade"]}]},{"@type":"ImageObject","inLanguage":"pt-BR","@id":"https:\/\/redenoticiaz.com.br\/litoralsp\/2023\/09\/05\/santos-vai-declarar-situacao-de-emergencia-apos-incendio-em-comunidade#primaryimage","url":"https:\/\/redenoticiaz.com.br\/litoralsp\/wp-content\/uploads\/sites\/3\/2023\/09\/design-sem-nome-2023-09-05t123152.652.jpg","contentUrl":"https:\/\/redenoticiaz.com.br\/litoralsp\/wp-content\/uploads\/sites\/3\/2023\/09\/design-sem-nome-2023-09-05t123152.652.jpg","width":1000,"height":667,"caption":"Santos vai declarar situa\u00e7\u00e3o de emerg\u00eancia ap\u00f3s inc\u00eandio em comunidade"},{"@type":"WebSite","@id":"https:\/\/redenoticiaz.com.br\/litoralsp\/#website","url":"https:\/\/redenoticiaz.com.br\/litoralsp\/","name":"Litoral SP","description":"Rede NoticiaZ","publisher":{"@id":"https:\/\/redenoticiaz.com.br\/litoralsp\/#organization"},"potentialAction":[{"@type":"SearchAction","target":{"@type":"EntryPoint","urlTemplate":"https:\/\/redenoticiaz.com.br\/litoralsp\/?s={search_term_string}"},"query-input":{"@type":"PropertyValueSpecification","valueRequired":true,"valueName":"search_term_string"}}],"inLanguage":"pt-BR"},{"@type":"Organization","@id":"https:\/\/redenoticiaz.com.br\/litoralsp\/#organization","name":"Litoral SP","url":"https:\/\/redenoticiaz.com.br\/litoralsp\/","logo":{"@type":"ImageObject","inLanguage":"pt-BR","@id":"https:\/\/redenoticiaz.com.br\/litoralsp\/#\/schema\/logo\/image\/","url":"https:\/\/redenoticiaz.com.br\/litoralsp\/wp-content\/uploads\/sites\/3\/2020\/11\/logo.jpg","contentUrl":"https:\/\/redenoticiaz.com.br\/litoralsp\/wp-content\/uploads\/sites\/3\/2020\/11\/logo.jpg","width":400,"height":250,"caption":"Litoral SP"},"image":{"@id":"https:\/\/redenoticiaz.com.br\/litoralsp\/#\/schema\/logo\/image\/"}},{"@type":"Person","@id":"https:\/\/redenoticiaz.com.br\/litoralsp\/#\/schema\/person\/16057b37a3c0ee6b096d7f887c566e2e","name":"Gustavo Silva","image":{"@type":"ImageObject","inLanguage":"pt-BR","@id":"https:\/\/secure.gravatar.com\/avatar\/3ee4e82f93b26de0a7cf4ea5eb7893da637ed6bb0c9170c58065944c56e28a33?s=96&d=mm&r=g","url":"https:\/\/secure.gravatar.com\/avatar\/3ee4e82f93b26de0a7cf4ea5eb7893da637ed6bb0c9170c58065944c56e28a33?s=96&d=mm&r=g","contentUrl":"https:\/\/secure.gravatar.com\/avatar\/3ee4e82f93b26de0a7cf4ea5eb7893da637ed6bb0c9170c58065944c56e28a33?s=96&d=mm&r=g","caption":"Gustavo Silva"},"url":"https:\/\/redenoticiaz.com.br\/litoralsp\/author\/gustavosilva"}]}},"_links":{"self":[{"href":"https:\/\/redenoticiaz.com.br\/litoralsp\/wp-json\/wp\/v2\/posts\/110210","targetHints":{"allow":["GET"]}}],"collection":[{"href":"https:\/\/redenoticiaz.com.br\/litoralsp\/wp-json\/wp\/v2\/posts"}],"about":[{"href":"https:\/\/redenoticiaz.com.br\/litoralsp\/wp-json\/wp\/v2\/types\/post"}],"author":[{"embeddable":true,"href":"https:\/\/redenoticiaz.com.br\/litoralsp\/wp-json\/wp\/v2\/users\/12"}],"replies":[{"embeddable":true,"href":"https:\/\/redenoticiaz.com.br\/litoralsp\/wp-json\/wp\/v2\/comments?post=110210"}],"version-history":[{"count":1,"href":"https:\/\/redenoticiaz.com.br\/litoralsp\/wp-json\/wp\/v2\/posts\/110210\/revisions"}],"predecessor-version":[{"id":110212,"href":"https:\/\/redenoticiaz.com.br\/litoralsp\/wp-json\/wp\/v2\/posts\/110210\/revisions\/110212"}],"wp:featuredmedia":[{"embeddable":true,"href":"https:\/\/redenoticiaz.com.br\/litoralsp\/wp-json\/wp\/v2\/media\/110211"}],"wp:attachment":[{"href":"https:\/\/redenoticiaz.com.br\/litoralsp\/wp-json\/wp\/v2\/media?parent=110210"}],"wp:term":[{"taxonomy":"category","embeddable":true,"href":"https:\/\/redenoticiaz.com.br\/litoralsp\/wp-json\/wp\/v2\/categories?post=110210"},{"taxonomy":"post_tag","embeddable":true,"href":"https:\/\/redenoticiaz.com.br\/litoralsp\/wp-json\/wp\/v2\/tags?post=110210"}],"curies":[{"name":"wp","href":"https:\/\/api.w.org\/{rel}","templated":true}]}}