{"id":110319,"date":"2023-09-08T13:35:35","date_gmt":"2023-09-08T16:35:35","guid":{"rendered":"https:\/\/redenoticiaz.com.br\/litoralsp\/?p=110319"},"modified":"2023-09-08T13:35:35","modified_gmt":"2023-09-08T16:35:35","slug":"santos-promove-chamamento-publico-de-estudos-para-concessao-da-rodoviaria","status":"publish","type":"post","link":"https:\/\/redenoticiaz.com.br\/litoralsp\/2023\/09\/08\/santos-promove-chamamento-publico-de-estudos-para-concessao-da-rodoviaria","title":{"rendered":"Santos promove chamamento p\u00fablico de estudos para concess\u00e3o da Rodovi\u00e1ria"},"content":{"rendered":"<header>\n<div class=\"col-md-6 header-content flex\">\n<div class=\"col-md-10 col-md-offset-1 col-md-10 flex\">\n<div class=\"meta-evento\">\n<div class=\"small\">\n<div class=\"field field-name-field-tags field-type-taxonomy-term-reference field-label-hidden\">\n<p>A Prefeitura de Santos lan\u00e7ou nesta semana um edital de chamamento p\u00fablico voltado a profissionais e empresas especializadas para concess\u00e3o da Rodovi\u00e1ria.<\/p>\n<p>A concess\u00e3o prev\u00ea a explora\u00e7\u00e3o comercial do espa\u00e7o e a execu\u00e7\u00e3o de novas obras e melhorias no equipamento usado diariamente por milhares de pessoas.<\/p>\n<\/div>\n<\/div>\n<\/div>\n<\/div>\n<\/div>\n<\/header>\n<div>\n<div class=\"col-md-offset-1 col-md-10\">\n<div class=\"field field-name-body field-type-text-with-summary field-label-hidden\">\n<div class=\"field-items\">\n<div class=\"field-item even\">\n<p>O secret\u00e1rio de Governo e presidente do Conselho Gestor de PPPs de Santos, F\u00e1bio Ferraz, explicou que o procedimento \u00e9 um instrumento destinado a divulgar o interesse da Administra\u00e7\u00e3o P\u00fablica em obter subs\u00eddios junto \u00e0 iniciativa privada para a consolida\u00e7\u00e3o de uma parceria.<\/p>\n<p>Os estudos de viabilidade t\u00e9cnica, econ\u00f4mica, financeira, jur\u00eddica, urban\u00edstica e de engenharia e arquitetura precisam considerar as regulamenta\u00e7\u00f5es.<\/p>\n<p>Al\u00e9m disso, \u00e9 necess\u00e1rio considerar as legisla\u00e7\u00f5es vigentes e os respectivos requerimentos devem ser endere\u00e7ados ao presidente do Conselho Gestor.<\/p>\n<p>A entrega pode ser feita at\u00e9 16 de outubro na Secretaria de Governo (Pra\u00e7a Mau\u00e1 s\/n\u00ba &#8211; 1\u00ba andar, Centro) de segunda a sexta-feira &#8211; exceto feriados e pontos facultativos &#8211; das 10h \u00e0s 12h30 ou das 14h \u00e0s 16h30.<\/p>\n<p><strong>Leia mais<\/strong><\/p>\n<p><a href=\"https:\/\/redenoticiaz.com.br\/litoralsp\/2023\/09\/07\/santos-celebra-nossa-senhora-do-monte-serrat-padroeira-da-cidade-2\">Santos celebra Nossa Senhora do Monte Serrat, padroeira da Cidade<\/a><\/p>\n<\/div>\n<\/div>\n<\/div>\n<\/div>\n<\/div>\n","protected":false},"excerpt":{"rendered":"<p>A Prefeitura de Santos lan\u00e7ou nesta semana um edital de chamamento p\u00fablico voltado a profissionais e empresas especializadas para concess\u00e3o da Rodovi\u00e1ria. A concess\u00e3o prev\u00ea a explora\u00e7\u00e3o comercial do espa\u00e7o e a execu\u00e7\u00e3o de novas obras e melhorias no equipamento usado diariamente por milhares de pessoas. O secret\u00e1rio de Governo e presidente do Conselho Gestor &hellip;<\/p>\n","protected":false},"author":12,"featured_media":110320,"comment_status":"open","ping_status":"closed","sticky":false,"template":"","format":"standard","meta":{"footnotes":""},"categories":[180],"tags":[67059,25969,986,67060],"class_list":["post-110319","post","type-post","status-publish","format-standard","has-post-thumbnail","hentry","category-santos","tag-conselho-gestor","tag-rodoviaria","tag-santos","tag-secretaria-de-governo"],"yoast_head":"<!-- This site is optimized with the Yoast SEO plugin v27.4 - https:\/\/yoast.com\/product\/yoast-seo-wordpress\/ -->\n<title>Santos promove chamamento p\u00fablico de estudos para concess\u00e3o da Rodovi\u00e1ria - Litoral SP<\/title>\n<meta name=\"description\" content=\"A Prefeitura de Santos lan\u00e7ou nesta semana um edital de chamamento p\u00fablico voltado a profissionais e empresas especializadas para concess\u00e3o da Rodovi\u00e1ria.\" \/>\n<meta name=\"robots\" content=\"index, follow, max-snippet:-1, max-image-preview:large, max-video-preview:-1\" \/>\n<link rel=\"canonical\" href=\"https:\/\/redenoticiaz.com.br\/litoralsp\/2023\/09\/08\/santos-promove-chamamento-publico-de-estudos-para-concessao-da-rodoviaria\" \/>\n<meta property=\"og:locale\" content=\"pt_BR\" \/>\n<meta property=\"og:type\" content=\"article\" \/>\n<meta property=\"og:title\" content=\"Santos promove chamamento p\u00fablico de estudos para concess\u00e3o da Rodovi\u00e1ria - Litoral SP\" \/>\n<meta property=\"og:description\" content=\"A Prefeitura de Santos lan\u00e7ou nesta semana um edital de chamamento p\u00fablico voltado a profissionais e empresas especializadas para concess\u00e3o da Rodovi\u00e1ria.\" \/>\n<meta property=\"og:url\" content=\"https:\/\/redenoticiaz.com.br\/litoralsp\/2023\/09\/08\/santos-promove-chamamento-publico-de-estudos-para-concessao-da-rodoviaria\" \/>\n<meta property=\"og:site_name\" content=\"Litoral SP\" \/>\n<meta property=\"article:published_time\" content=\"2023-09-08T16:35:35+00:00\" \/>\n<meta property=\"og:image\" content=\"https:\/\/redenoticiaz.com.br\/litoralsp\/wp-content\/uploads\/sites\/3\/2023\/09\/whatsapp_image_2023-09-06_at_16.00.04.jpeg\" \/>\n\t<meta property=\"og:image:width\" content=\"1400\" \/>\n\t<meta property=\"og:image:height\" content=\"933\" \/>\n\t<meta property=\"og:image:type\" content=\"image\/jpeg\" \/>\n<meta name=\"author\" content=\"Gustavo Silva\" \/>\n<meta name=\"twitter:card\" content=\"summary_large_image\" \/>\n<meta name=\"twitter:label1\" content=\"Escrito por\" \/>\n\t<meta name=\"twitter:data1\" content=\"Gustavo Silva\" \/>\n\t<meta name=\"twitter:label2\" content=\"Est. tempo de leitura\" \/>\n\t<meta name=\"twitter:data2\" content=\"1 minuto\" \/>\n<script type=\"application\/ld+json\" class=\"yoast-schema-graph\">{\"@context\":\"https:\\\/\\\/schema.org\",\"@graph\":[{\"@type\":\"Article\",\"@id\":\"https:\\\/\\\/redenoticiaz.com.br\\\/litoralsp\\\/2023\\\/09\\\/08\\\/santos-promove-chamamento-publico-de-estudos-para-concessao-da-rodoviaria#article\",\"isPartOf\":{\"@id\":\"https:\\\/\\\/redenoticiaz.com.br\\\/litoralsp\\\/2023\\\/09\\\/08\\\/santos-promove-chamamento-publico-de-estudos-para-concessao-da-rodoviaria\"},\"author\":{\"name\":\"Gustavo Silva\",\"@id\":\"https:\\\/\\\/redenoticiaz.com.br\\\/litoralsp\\\/#\\\/schema\\\/person\\\/16057b37a3c0ee6b096d7f887c566e2e\"},\"headline\":\"Santos promove chamamento p\u00fablico de estudos para concess\u00e3o da Rodovi\u00e1ria\",\"datePublished\":\"2023-09-08T16:35:35+00:00\",\"mainEntityOfPage\":{\"@id\":\"https:\\\/\\\/redenoticiaz.com.br\\\/litoralsp\\\/2023\\\/09\\\/08\\\/santos-promove-chamamento-publico-de-estudos-para-concessao-da-rodoviaria\"},\"wordCount\":212,\"commentCount\":0,\"publisher\":{\"@id\":\"https:\\\/\\\/redenoticiaz.com.br\\\/litoralsp\\\/#organization\"},\"image\":{\"@id\":\"https:\\\/\\\/redenoticiaz.com.br\\\/litoralsp\\\/2023\\\/09\\\/08\\\/santos-promove-chamamento-publico-de-estudos-para-concessao-da-rodoviaria#primaryimage\"},\"thumbnailUrl\":\"https:\\\/\\\/redenoticiaz.com.br\\\/litoralsp\\\/wp-content\\\/uploads\\\/sites\\\/3\\\/2023\\\/09\\\/whatsapp_image_2023-09-06_at_16.00.04.jpeg\",\"keywords\":[\"conselho gestor\",\"RODOVI\u00c1RIA\",\"Santos\",\"Secretaria de Governo\"],\"articleSection\":[\"Santos\"],\"inLanguage\":\"pt-BR\",\"potentialAction\":[{\"@type\":\"CommentAction\",\"name\":\"Comment\",\"target\":[\"https:\\\/\\\/redenoticiaz.com.br\\\/litoralsp\\\/2023\\\/09\\\/08\\\/santos-promove-chamamento-publico-de-estudos-para-concessao-da-rodoviaria#respond\"]}]},{\"@type\":\"WebPage\",\"@id\":\"https:\\\/\\\/redenoticiaz.com.br\\\/litoralsp\\\/2023\\\/09\\\/08\\\/santos-promove-chamamento-publico-de-estudos-para-concessao-da-rodoviaria\",\"url\":\"https:\\\/\\\/redenoticiaz.com.br\\\/litoralsp\\\/2023\\\/09\\\/08\\\/santos-promove-chamamento-publico-de-estudos-para-concessao-da-rodoviaria\",\"name\":\"Santos promove chamamento p\u00fablico de estudos para concess\u00e3o da Rodovi\u00e1ria - Litoral SP\",\"isPartOf\":{\"@id\":\"https:\\\/\\\/redenoticiaz.com.br\\\/litoralsp\\\/#website\"},\"primaryImageOfPage\":{\"@id\":\"https:\\\/\\\/redenoticiaz.com.br\\\/litoralsp\\\/2023\\\/09\\\/08\\\/santos-promove-chamamento-publico-de-estudos-para-concessao-da-rodoviaria#primaryimage\"},\"image\":{\"@id\":\"https:\\\/\\\/redenoticiaz.com.br\\\/litoralsp\\\/2023\\\/09\\\/08\\\/santos-promove-chamamento-publico-de-estudos-para-concessao-da-rodoviaria#primaryimage\"},\"thumbnailUrl\":\"https:\\\/\\\/redenoticiaz.com.br\\\/litoralsp\\\/wp-content\\\/uploads\\\/sites\\\/3\\\/2023\\\/09\\\/whatsapp_image_2023-09-06_at_16.00.04.jpeg\",\"datePublished\":\"2023-09-08T16:35:35+00:00\",\"description\":\"A Prefeitura de Santos lan\u00e7ou nesta semana um edital de chamamento p\u00fablico voltado a profissionais e empresas especializadas para concess\u00e3o da Rodovi\u00e1ria.\",\"inLanguage\":\"pt-BR\",\"potentialAction\":[{\"@type\":\"ReadAction\",\"target\":[\"https:\\\/\\\/redenoticiaz.com.br\\\/litoralsp\\\/2023\\\/09\\\/08\\\/santos-promove-chamamento-publico-de-estudos-para-concessao-da-rodoviaria\"]}]},{\"@type\":\"ImageObject\",\"inLanguage\":\"pt-BR\",\"@id\":\"https:\\\/\\\/redenoticiaz.com.br\\\/litoralsp\\\/2023\\\/09\\\/08\\\/santos-promove-chamamento-publico-de-estudos-para-concessao-da-rodoviaria#primaryimage\",\"url\":\"https:\\\/\\\/redenoticiaz.com.br\\\/litoralsp\\\/wp-content\\\/uploads\\\/sites\\\/3\\\/2023\\\/09\\\/whatsapp_image_2023-09-06_at_16.00.04.jpeg\",\"contentUrl\":\"https:\\\/\\\/redenoticiaz.com.br\\\/litoralsp\\\/wp-content\\\/uploads\\\/sites\\\/3\\\/2023\\\/09\\\/whatsapp_image_2023-09-06_at_16.00.04.jpeg\",\"width\":1400,\"height\":933,\"caption\":\"Santos promove chamamento p\u00fablico de estudos para concess\u00e3o da Rodovi\u00e1ria\"},{\"@type\":\"WebSite\",\"@id\":\"https:\\\/\\\/redenoticiaz.com.br\\\/litoralsp\\\/#website\",\"url\":\"https:\\\/\\\/redenoticiaz.com.br\\\/litoralsp\\\/\",\"name\":\"Litoral SP\",\"description\":\"Rede NoticiaZ\",\"publisher\":{\"@id\":\"https:\\\/\\\/redenoticiaz.com.br\\\/litoralsp\\\/#organization\"},\"potentialAction\":[{\"@type\":\"SearchAction\",\"target\":{\"@type\":\"EntryPoint\",\"urlTemplate\":\"https:\\\/\\\/redenoticiaz.com.br\\\/litoralsp\\\/?s={search_term_string}\"},\"query-input\":{\"@type\":\"PropertyValueSpecification\",\"valueRequired\":true,\"valueName\":\"search_term_string\"}}],\"inLanguage\":\"pt-BR\"},{\"@type\":\"Organization\",\"@id\":\"https:\\\/\\\/redenoticiaz.com.br\\\/litoralsp\\\/#organization\",\"name\":\"Litoral SP\",\"url\":\"https:\\\/\\\/redenoticiaz.com.br\\\/litoralsp\\\/\",\"logo\":{\"@type\":\"ImageObject\",\"inLanguage\":\"pt-BR\",\"@id\":\"https:\\\/\\\/redenoticiaz.com.br\\\/litoralsp\\\/#\\\/schema\\\/logo\\\/image\\\/\",\"url\":\"https:\\\/\\\/redenoticiaz.com.br\\\/litoralsp\\\/wp-content\\\/uploads\\\/sites\\\/3\\\/2020\\\/11\\\/logo.jpg\",\"contentUrl\":\"https:\\\/\\\/redenoticiaz.com.br\\\/litoralsp\\\/wp-content\\\/uploads\\\/sites\\\/3\\\/2020\\\/11\\\/logo.jpg\",\"width\":400,\"height\":250,\"caption\":\"Litoral SP\"},\"image\":{\"@id\":\"https:\\\/\\\/redenoticiaz.com.br\\\/litoralsp\\\/#\\\/schema\\\/logo\\\/image\\\/\"}},{\"@type\":\"Person\",\"@id\":\"https:\\\/\\\/redenoticiaz.com.br\\\/litoralsp\\\/#\\\/schema\\\/person\\\/16057b37a3c0ee6b096d7f887c566e2e\",\"name\":\"Gustavo Silva\",\"image\":{\"@type\":\"ImageObject\",\"inLanguage\":\"pt-BR\",\"@id\":\"https:\\\/\\\/secure.gravatar.com\\\/avatar\\\/3ee4e82f93b26de0a7cf4ea5eb7893da637ed6bb0c9170c58065944c56e28a33?s=96&d=mm&r=g\",\"url\":\"https:\\\/\\\/secure.gravatar.com\\\/avatar\\\/3ee4e82f93b26de0a7cf4ea5eb7893da637ed6bb0c9170c58065944c56e28a33?s=96&d=mm&r=g\",\"contentUrl\":\"https:\\\/\\\/secure.gravatar.com\\\/avatar\\\/3ee4e82f93b26de0a7cf4ea5eb7893da637ed6bb0c9170c58065944c56e28a33?s=96&d=mm&r=g\",\"caption\":\"Gustavo Silva\"},\"url\":\"https:\\\/\\\/redenoticiaz.com.br\\\/litoralsp\\\/author\\\/gustavosilva\"}]}<\/script>\n<!-- \/ Yoast SEO plugin. -->","yoast_head_json":{"title":"Santos promove chamamento p\u00fablico de estudos para concess\u00e3o da Rodovi\u00e1ria - Litoral SP","description":"A Prefeitura de Santos lan\u00e7ou nesta semana um edital de chamamento p\u00fablico voltado a profissionais e empresas especializadas para concess\u00e3o da Rodovi\u00e1ria.","robots":{"index":"index","follow":"follow","max-snippet":"max-snippet:-1","max-image-preview":"max-image-preview:large","max-video-preview":"max-video-preview:-1"},"canonical":"https:\/\/redenoticiaz.com.br\/litoralsp\/2023\/09\/08\/santos-promove-chamamento-publico-de-estudos-para-concessao-da-rodoviaria","og_locale":"pt_BR","og_type":"article","og_title":"Santos promove chamamento p\u00fablico de estudos para concess\u00e3o da Rodovi\u00e1ria - Litoral SP","og_description":"A Prefeitura de Santos lan\u00e7ou nesta semana um edital de chamamento p\u00fablico voltado a profissionais e empresas especializadas para concess\u00e3o da Rodovi\u00e1ria.","og_url":"https:\/\/redenoticiaz.com.br\/litoralsp\/2023\/09\/08\/santos-promove-chamamento-publico-de-estudos-para-concessao-da-rodoviaria","og_site_name":"Litoral SP","article_published_time":"2023-09-08T16:35:35+00:00","og_image":[{"width":1400,"height":933,"url":"https:\/\/redenoticiaz.com.br\/litoralsp\/wp-content\/uploads\/sites\/3\/2023\/09\/whatsapp_image_2023-09-06_at_16.00.04.jpeg","type":"image\/jpeg"}],"author":"Gustavo Silva","twitter_card":"summary_large_image","twitter_misc":{"Escrito por":"Gustavo Silva","Est. tempo de leitura":"1 minuto"},"schema":{"@context":"https:\/\/schema.org","@graph":[{"@type":"Article","@id":"https:\/\/redenoticiaz.com.br\/litoralsp\/2023\/09\/08\/santos-promove-chamamento-publico-de-estudos-para-concessao-da-rodoviaria#article","isPartOf":{"@id":"https:\/\/redenoticiaz.com.br\/litoralsp\/2023\/09\/08\/santos-promove-chamamento-publico-de-estudos-para-concessao-da-rodoviaria"},"author":{"name":"Gustavo Silva","@id":"https:\/\/redenoticiaz.com.br\/litoralsp\/#\/schema\/person\/16057b37a3c0ee6b096d7f887c566e2e"},"headline":"Santos promove chamamento p\u00fablico de estudos para concess\u00e3o da Rodovi\u00e1ria","datePublished":"2023-09-08T16:35:35+00:00","mainEntityOfPage":{"@id":"https:\/\/redenoticiaz.com.br\/litoralsp\/2023\/09\/08\/santos-promove-chamamento-publico-de-estudos-para-concessao-da-rodoviaria"},"wordCount":212,"commentCount":0,"publisher":{"@id":"https:\/\/redenoticiaz.com.br\/litoralsp\/#organization"},"image":{"@id":"https:\/\/redenoticiaz.com.br\/litoralsp\/2023\/09\/08\/santos-promove-chamamento-publico-de-estudos-para-concessao-da-rodoviaria#primaryimage"},"thumbnailUrl":"https:\/\/redenoticiaz.com.br\/litoralsp\/wp-content\/uploads\/sites\/3\/2023\/09\/whatsapp_image_2023-09-06_at_16.00.04.jpeg","keywords":["conselho gestor","RODOVI\u00c1RIA","Santos","Secretaria de Governo"],"articleSection":["Santos"],"inLanguage":"pt-BR","potentialAction":[{"@type":"CommentAction","name":"Comment","target":["https:\/\/redenoticiaz.com.br\/litoralsp\/2023\/09\/08\/santos-promove-chamamento-publico-de-estudos-para-concessao-da-rodoviaria#respond"]}]},{"@type":"WebPage","@id":"https:\/\/redenoticiaz.com.br\/litoralsp\/2023\/09\/08\/santos-promove-chamamento-publico-de-estudos-para-concessao-da-rodoviaria","url":"https:\/\/redenoticiaz.com.br\/litoralsp\/2023\/09\/08\/santos-promove-chamamento-publico-de-estudos-para-concessao-da-rodoviaria","name":"Santos promove chamamento p\u00fablico de estudos para concess\u00e3o da Rodovi\u00e1ria - Litoral SP","isPartOf":{"@id":"https:\/\/redenoticiaz.com.br\/litoralsp\/#website"},"primaryImageOfPage":{"@id":"https:\/\/redenoticiaz.com.br\/litoralsp\/2023\/09\/08\/santos-promove-chamamento-publico-de-estudos-para-concessao-da-rodoviaria#primaryimage"},"image":{"@id":"https:\/\/redenoticiaz.com.br\/litoralsp\/2023\/09\/08\/santos-promove-chamamento-publico-de-estudos-para-concessao-da-rodoviaria#primaryimage"},"thumbnailUrl":"https:\/\/redenoticiaz.com.br\/litoralsp\/wp-content\/uploads\/sites\/3\/2023\/09\/whatsapp_image_2023-09-06_at_16.00.04.jpeg","datePublished":"2023-09-08T16:35:35+00:00","description":"A Prefeitura de Santos lan\u00e7ou nesta semana um edital de chamamento p\u00fablico voltado a profissionais e empresas especializadas para concess\u00e3o da Rodovi\u00e1ria.","inLanguage":"pt-BR","potentialAction":[{"@type":"ReadAction","target":["https:\/\/redenoticiaz.com.br\/litoralsp\/2023\/09\/08\/santos-promove-chamamento-publico-de-estudos-para-concessao-da-rodoviaria"]}]},{"@type":"ImageObject","inLanguage":"pt-BR","@id":"https:\/\/redenoticiaz.com.br\/litoralsp\/2023\/09\/08\/santos-promove-chamamento-publico-de-estudos-para-concessao-da-rodoviaria#primaryimage","url":"https:\/\/redenoticiaz.com.br\/litoralsp\/wp-content\/uploads\/sites\/3\/2023\/09\/whatsapp_image_2023-09-06_at_16.00.04.jpeg","contentUrl":"https:\/\/redenoticiaz.com.br\/litoralsp\/wp-content\/uploads\/sites\/3\/2023\/09\/whatsapp_image_2023-09-06_at_16.00.04.jpeg","width":1400,"height":933,"caption":"Santos promove chamamento p\u00fablico de estudos para concess\u00e3o da Rodovi\u00e1ria"},{"@type":"WebSite","@id":"https:\/\/redenoticiaz.com.br\/litoralsp\/#website","url":"https:\/\/redenoticiaz.com.br\/litoralsp\/","name":"Litoral SP","description":"Rede NoticiaZ","publisher":{"@id":"https:\/\/redenoticiaz.com.br\/litoralsp\/#organization"},"potentialAction":[{"@type":"SearchAction","target":{"@type":"EntryPoint","urlTemplate":"https:\/\/redenoticiaz.com.br\/litoralsp\/?s={search_term_string}"},"query-input":{"@type":"PropertyValueSpecification","valueRequired":true,"valueName":"search_term_string"}}],"inLanguage":"pt-BR"},{"@type":"Organization","@id":"https:\/\/redenoticiaz.com.br\/litoralsp\/#organization","name":"Litoral SP","url":"https:\/\/redenoticiaz.com.br\/litoralsp\/","logo":{"@type":"ImageObject","inLanguage":"pt-BR","@id":"https:\/\/redenoticiaz.com.br\/litoralsp\/#\/schema\/logo\/image\/","url":"https:\/\/redenoticiaz.com.br\/litoralsp\/wp-content\/uploads\/sites\/3\/2020\/11\/logo.jpg","contentUrl":"https:\/\/redenoticiaz.com.br\/litoralsp\/wp-content\/uploads\/sites\/3\/2020\/11\/logo.jpg","width":400,"height":250,"caption":"Litoral SP"},"image":{"@id":"https:\/\/redenoticiaz.com.br\/litoralsp\/#\/schema\/logo\/image\/"}},{"@type":"Person","@id":"https:\/\/redenoticiaz.com.br\/litoralsp\/#\/schema\/person\/16057b37a3c0ee6b096d7f887c566e2e","name":"Gustavo Silva","image":{"@type":"ImageObject","inLanguage":"pt-BR","@id":"https:\/\/secure.gravatar.com\/avatar\/3ee4e82f93b26de0a7cf4ea5eb7893da637ed6bb0c9170c58065944c56e28a33?s=96&d=mm&r=g","url":"https:\/\/secure.gravatar.com\/avatar\/3ee4e82f93b26de0a7cf4ea5eb7893da637ed6bb0c9170c58065944c56e28a33?s=96&d=mm&r=g","contentUrl":"https:\/\/secure.gravatar.com\/avatar\/3ee4e82f93b26de0a7cf4ea5eb7893da637ed6bb0c9170c58065944c56e28a33?s=96&d=mm&r=g","caption":"Gustavo Silva"},"url":"https:\/\/redenoticiaz.com.br\/litoralsp\/author\/gustavosilva"}]}},"_links":{"self":[{"href":"https:\/\/redenoticiaz.com.br\/litoralsp\/wp-json\/wp\/v2\/posts\/110319","targetHints":{"allow":["GET"]}}],"collection":[{"href":"https:\/\/redenoticiaz.com.br\/litoralsp\/wp-json\/wp\/v2\/posts"}],"about":[{"href":"https:\/\/redenoticiaz.com.br\/litoralsp\/wp-json\/wp\/v2\/types\/post"}],"author":[{"embeddable":true,"href":"https:\/\/redenoticiaz.com.br\/litoralsp\/wp-json\/wp\/v2\/users\/12"}],"replies":[{"embeddable":true,"href":"https:\/\/redenoticiaz.com.br\/litoralsp\/wp-json\/wp\/v2\/comments?post=110319"}],"version-history":[{"count":1,"href":"https:\/\/redenoticiaz.com.br\/litoralsp\/wp-json\/wp\/v2\/posts\/110319\/revisions"}],"predecessor-version":[{"id":110321,"href":"https:\/\/redenoticiaz.com.br\/litoralsp\/wp-json\/wp\/v2\/posts\/110319\/revisions\/110321"}],"wp:featuredmedia":[{"embeddable":true,"href":"https:\/\/redenoticiaz.com.br\/litoralsp\/wp-json\/wp\/v2\/media\/110320"}],"wp:attachment":[{"href":"https:\/\/redenoticiaz.com.br\/litoralsp\/wp-json\/wp\/v2\/media?parent=110319"}],"wp:term":[{"taxonomy":"category","embeddable":true,"href":"https:\/\/redenoticiaz.com.br\/litoralsp\/wp-json\/wp\/v2\/categories?post=110319"},{"taxonomy":"post_tag","embeddable":true,"href":"https:\/\/redenoticiaz.com.br\/litoralsp\/wp-json\/wp\/v2\/tags?post=110319"}],"curies":[{"name":"wp","href":"https:\/\/api.w.org\/{rel}","templated":true}]}}