{"id":110323,"date":"2023-09-08T14:04:41","date_gmt":"2023-09-08T17:04:41","guid":{"rendered":"https:\/\/redenoticiaz.com.br\/litoralsp\/2023\/09\/08\/rogerio-ceni-e-confirmado-como-tecnico-em-novo-time"},"modified":"2023-09-08T14:07:20","modified_gmt":"2023-09-08T17:07:20","slug":"rogerio-ceni-e-confirmado-como-tecnico-em-novo-time","status":"publish","type":"post","link":"https:\/\/redenoticiaz.com.br\/litoralsp\/2023\/09\/08\/rogerio-ceni-e-confirmado-como-tecnico-em-novo-time","title":{"rendered":"Rog\u00e9rio Ceni \u00e9 confirmado como t\u00e9cnico em novo time"},"content":{"rendered":"<p>O ex-comandante do S\u00e3o Paulo <a href=\"https:\/\/redenoticiaz.com.br\/blog\/2023\/04\/20\/rogerio-ceni-e-demitido-do-sao-paulo-e-dorival-e-dado-como-nome-certo\">Rog\u00e9rio Ceni<\/a>, demitido em abril, acertou com o Bahia ap\u00f3s a sa\u00edda do <a href=\"https:\/\/redenoticiaz.com.br\/tecnico\">t\u00e9cnico<\/a> Renato Paiva.<\/p>\n<p>A expectativa \u00e9 que Rog\u00e9rio Ceni seja anunciado nas pr\u00f3ximas horas. Assim, podendo comandar o time na partida da pr\u00f3xima quinta-feira, pela s\u00e9rie A, contra o Coritiba.<\/p>\n<p>O Bahia vai ser o quinto clube da carreira do t\u00e9cnico Rog\u00e9rio Ceni, iniciada em 2017.<\/p>\n<p>LEIA MAIS<\/p>\n<p><a href=\"https:\/\/redenoticiaz.com.br\/blog\/2023\/09\/07\/kayky-brito-tem-resposta-satisfatoria-ao-tratamento-diz-hospital\">Kayky Brito tem resposta satisfat\u00f3ria ao tratamento, diz hospital<\/a><\/p>\n","protected":false},"excerpt":{"rendered":"<p>O ex-comandante do S\u00e3o Paulo Rog\u00e9rio Ceni, demitido em abril, acertou com o Bahia ap\u00f3s a sa\u00edda do t\u00e9cnico Renato Paiva. A expectativa \u00e9 que Rog\u00e9rio Ceni seja anunciado nas pr\u00f3ximas horas. Assim, podendo comandar o time na partida da pr\u00f3xima quinta-feira, pela s\u00e9rie A, contra o Coritiba. O Bahia vai ser o quinto clube &hellip;<\/p>\n","protected":false},"author":30,"featured_media":110324,"comment_status":"open","ping_status":"closed","sticky":false,"template":"","format":"standard","meta":{"footnotes":""},"categories":[35],"tags":[4421,64,11648],"class_list":["post-110323","post","type-post","status-publish","format-standard","has-post-thumbnail","hentry","category-esporte","tag-bahia","tag-rogerio-ceni","tag-tecnico"],"yoast_head":"<!-- This site is optimized with the Yoast SEO plugin v27.4 - https:\/\/yoast.com\/product\/yoast-seo-wordpress\/ -->\n<title>Rog\u00e9rio Ceni \u00e9 confirmado como t\u00e9cnico em novo time - Litoral SP<\/title>\n<meta name=\"description\" content=\"A expectativa \u00e9 que Rog\u00e9rio Ceni seja anunciado nas pr\u00f3ximas horas. Assim, podendo comandar o time na partida da pr\u00f3xima quinta-feira.\" \/>\n<meta name=\"robots\" content=\"index, follow, max-snippet:-1, max-image-preview:large, max-video-preview:-1\" \/>\n<link rel=\"canonical\" href=\"https:\/\/redenoticiaz.com.br\/litoralsp\/2023\/09\/08\/rogerio-ceni-e-confirmado-como-tecnico-em-novo-time\" \/>\n<meta property=\"og:locale\" content=\"pt_BR\" \/>\n<meta property=\"og:type\" content=\"article\" \/>\n<meta property=\"og:title\" content=\"Rog\u00e9rio Ceni \u00e9 confirmado como t\u00e9cnico em novo time - Litoral SP\" \/>\n<meta property=\"og:description\" content=\"A expectativa \u00e9 que Rog\u00e9rio Ceni seja anunciado nas pr\u00f3ximas horas. Assim, podendo comandar o time na partida da pr\u00f3xima quinta-feira.\" \/>\n<meta property=\"og:url\" content=\"https:\/\/redenoticiaz.com.br\/litoralsp\/2023\/09\/08\/rogerio-ceni-e-confirmado-como-tecnico-em-novo-time\" \/>\n<meta property=\"og:site_name\" content=\"Litoral SP\" \/>\n<meta property=\"article:published_time\" content=\"2023-09-08T17:04:41+00:00\" \/>\n<meta property=\"article:modified_time\" content=\"2023-09-08T17:07:20+00:00\" \/>\n<meta property=\"og:image\" content=\"https:\/\/redenoticiaz.com.br\/litoralsp\/wp-content\/uploads\/sites\/3\/2023\/09\/ceni.jpg?v=1694192627\" \/>\n\t<meta property=\"og:image:width\" content=\"1640\" \/>\n\t<meta property=\"og:image:height\" content=\"924\" \/>\n\t<meta property=\"og:image:type\" content=\"image\/jpeg\" \/>\n<meta name=\"author\" content=\"Carina Reifonas\" \/>\n<meta name=\"twitter:card\" content=\"summary_large_image\" \/>\n<meta name=\"twitter:label1\" content=\"Escrito por\" \/>\n\t<meta name=\"twitter:data1\" content=\"Carina Reifonas\" \/>\n\t<meta name=\"twitter:label2\" content=\"Est. tempo de leitura\" \/>\n\t<meta name=\"twitter:data2\" content=\"1 minuto\" \/>\n<script type=\"application\/ld+json\" class=\"yoast-schema-graph\">{\"@context\":\"https:\\\/\\\/schema.org\",\"@graph\":[{\"@type\":\"Article\",\"@id\":\"https:\\\/\\\/redenoticiaz.com.br\\\/litoralsp\\\/2023\\\/09\\\/08\\\/rogerio-ceni-e-confirmado-como-tecnico-em-novo-time#article\",\"isPartOf\":{\"@id\":\"https:\\\/\\\/redenoticiaz.com.br\\\/litoralsp\\\/2023\\\/09\\\/08\\\/rogerio-ceni-e-confirmado-como-tecnico-em-novo-time\"},\"author\":{\"name\":\"Carina Reifonas\",\"@id\":\"https:\\\/\\\/redenoticiaz.com.br\\\/litoralsp\\\/#\\\/schema\\\/person\\\/1f84d6e94e6a62d2d81199d7503e9e90\"},\"headline\":\"Rog\u00e9rio Ceni \u00e9 confirmado como t\u00e9cnico em novo time\",\"datePublished\":\"2023-09-08T17:04:41+00:00\",\"dateModified\":\"2023-09-08T17:07:20+00:00\",\"mainEntityOfPage\":{\"@id\":\"https:\\\/\\\/redenoticiaz.com.br\\\/litoralsp\\\/2023\\\/09\\\/08\\\/rogerio-ceni-e-confirmado-como-tecnico-em-novo-time\"},\"wordCount\":95,\"commentCount\":0,\"publisher\":{\"@id\":\"https:\\\/\\\/redenoticiaz.com.br\\\/litoralsp\\\/#organization\"},\"image\":{\"@id\":\"https:\\\/\\\/redenoticiaz.com.br\\\/litoralsp\\\/2023\\\/09\\\/08\\\/rogerio-ceni-e-confirmado-como-tecnico-em-novo-time#primaryimage\"},\"thumbnailUrl\":\"https:\\\/\\\/redenoticiaz.com.br\\\/litoralsp\\\/wp-content\\\/uploads\\\/sites\\\/3\\\/2023\\\/09\\\/ceni.jpg?v=1694192627\",\"keywords\":[\"BAHIA\",\"ROG\u00c9RIO CENI\",\"T\u00c9CNICO\"],\"articleSection\":[\"Esporte\"],\"inLanguage\":\"pt-BR\",\"potentialAction\":[{\"@type\":\"CommentAction\",\"name\":\"Comment\",\"target\":[\"https:\\\/\\\/redenoticiaz.com.br\\\/litoralsp\\\/2023\\\/09\\\/08\\\/rogerio-ceni-e-confirmado-como-tecnico-em-novo-time#respond\"]}]},{\"@type\":\"WebPage\",\"@id\":\"https:\\\/\\\/redenoticiaz.com.br\\\/litoralsp\\\/2023\\\/09\\\/08\\\/rogerio-ceni-e-confirmado-como-tecnico-em-novo-time\",\"url\":\"https:\\\/\\\/redenoticiaz.com.br\\\/litoralsp\\\/2023\\\/09\\\/08\\\/rogerio-ceni-e-confirmado-como-tecnico-em-novo-time\",\"name\":\"Rog\u00e9rio Ceni \u00e9 confirmado como t\u00e9cnico em novo time - Litoral SP\",\"isPartOf\":{\"@id\":\"https:\\\/\\\/redenoticiaz.com.br\\\/litoralsp\\\/#website\"},\"primaryImageOfPage\":{\"@id\":\"https:\\\/\\\/redenoticiaz.com.br\\\/litoralsp\\\/2023\\\/09\\\/08\\\/rogerio-ceni-e-confirmado-como-tecnico-em-novo-time#primaryimage\"},\"image\":{\"@id\":\"https:\\\/\\\/redenoticiaz.com.br\\\/litoralsp\\\/2023\\\/09\\\/08\\\/rogerio-ceni-e-confirmado-como-tecnico-em-novo-time#primaryimage\"},\"thumbnailUrl\":\"https:\\\/\\\/redenoticiaz.com.br\\\/litoralsp\\\/wp-content\\\/uploads\\\/sites\\\/3\\\/2023\\\/09\\\/ceni.jpg?v=1694192627\",\"datePublished\":\"2023-09-08T17:04:41+00:00\",\"dateModified\":\"2023-09-08T17:07:20+00:00\",\"description\":\"A expectativa \u00e9 que Rog\u00e9rio Ceni seja anunciado nas pr\u00f3ximas horas. Assim, podendo comandar o time na partida da pr\u00f3xima quinta-feira.\",\"inLanguage\":\"pt-BR\",\"potentialAction\":[{\"@type\":\"ReadAction\",\"target\":[\"https:\\\/\\\/redenoticiaz.com.br\\\/litoralsp\\\/2023\\\/09\\\/08\\\/rogerio-ceni-e-confirmado-como-tecnico-em-novo-time\"]}]},{\"@type\":\"ImageObject\",\"inLanguage\":\"pt-BR\",\"@id\":\"https:\\\/\\\/redenoticiaz.com.br\\\/litoralsp\\\/2023\\\/09\\\/08\\\/rogerio-ceni-e-confirmado-como-tecnico-em-novo-time#primaryimage\",\"url\":\"https:\\\/\\\/redenoticiaz.com.br\\\/litoralsp\\\/wp-content\\\/uploads\\\/sites\\\/3\\\/2023\\\/09\\\/ceni.jpg?v=1694192627\",\"contentUrl\":\"https:\\\/\\\/redenoticiaz.com.br\\\/litoralsp\\\/wp-content\\\/uploads\\\/sites\\\/3\\\/2023\\\/09\\\/ceni.jpg?v=1694192627\",\"width\":1640,\"height\":924,\"caption\":\"Foto: Ettore Chiereguini\\\/AGIF\"},{\"@type\":\"WebSite\",\"@id\":\"https:\\\/\\\/redenoticiaz.com.br\\\/litoralsp\\\/#website\",\"url\":\"https:\\\/\\\/redenoticiaz.com.br\\\/litoralsp\\\/\",\"name\":\"Litoral SP\",\"description\":\"Rede NoticiaZ\",\"publisher\":{\"@id\":\"https:\\\/\\\/redenoticiaz.com.br\\\/litoralsp\\\/#organization\"},\"potentialAction\":[{\"@type\":\"SearchAction\",\"target\":{\"@type\":\"EntryPoint\",\"urlTemplate\":\"https:\\\/\\\/redenoticiaz.com.br\\\/litoralsp\\\/?s={search_term_string}\"},\"query-input\":{\"@type\":\"PropertyValueSpecification\",\"valueRequired\":true,\"valueName\":\"search_term_string\"}}],\"inLanguage\":\"pt-BR\"},{\"@type\":\"Organization\",\"@id\":\"https:\\\/\\\/redenoticiaz.com.br\\\/litoralsp\\\/#organization\",\"name\":\"Litoral SP\",\"url\":\"https:\\\/\\\/redenoticiaz.com.br\\\/litoralsp\\\/\",\"logo\":{\"@type\":\"ImageObject\",\"inLanguage\":\"pt-BR\",\"@id\":\"https:\\\/\\\/redenoticiaz.com.br\\\/litoralsp\\\/#\\\/schema\\\/logo\\\/image\\\/\",\"url\":\"https:\\\/\\\/redenoticiaz.com.br\\\/litoralsp\\\/wp-content\\\/uploads\\\/sites\\\/3\\\/2020\\\/11\\\/logo.jpg\",\"contentUrl\":\"https:\\\/\\\/redenoticiaz.com.br\\\/litoralsp\\\/wp-content\\\/uploads\\\/sites\\\/3\\\/2020\\\/11\\\/logo.jpg\",\"width\":400,\"height\":250,\"caption\":\"Litoral SP\"},\"image\":{\"@id\":\"https:\\\/\\\/redenoticiaz.com.br\\\/litoralsp\\\/#\\\/schema\\\/logo\\\/image\\\/\"}},{\"@type\":\"Person\",\"@id\":\"https:\\\/\\\/redenoticiaz.com.br\\\/litoralsp\\\/#\\\/schema\\\/person\\\/1f84d6e94e6a62d2d81199d7503e9e90\",\"name\":\"Carina Reifonas\",\"image\":{\"@type\":\"ImageObject\",\"inLanguage\":\"pt-BR\",\"@id\":\"https:\\\/\\\/secure.gravatar.com\\\/avatar\\\/04c59859b23696cf867715880f81d5c037e60109730bdb4e6670ec2a2245bc97?s=96&d=mm&r=g\",\"url\":\"https:\\\/\\\/secure.gravatar.com\\\/avatar\\\/04c59859b23696cf867715880f81d5c037e60109730bdb4e6670ec2a2245bc97?s=96&d=mm&r=g\",\"contentUrl\":\"https:\\\/\\\/secure.gravatar.com\\\/avatar\\\/04c59859b23696cf867715880f81d5c037e60109730bdb4e6670ec2a2245bc97?s=96&d=mm&r=g\",\"caption\":\"Carina Reifonas\"},\"url\":\"https:\\\/\\\/redenoticiaz.com.br\\\/litoralsp\\\/author\\\/carinareifonas\"}]}<\/script>\n<!-- \/ Yoast SEO plugin. -->","yoast_head_json":{"title":"Rog\u00e9rio Ceni \u00e9 confirmado como t\u00e9cnico em novo time - Litoral SP","description":"A expectativa \u00e9 que Rog\u00e9rio Ceni seja anunciado nas pr\u00f3ximas horas. Assim, podendo comandar o time na partida da pr\u00f3xima quinta-feira.","robots":{"index":"index","follow":"follow","max-snippet":"max-snippet:-1","max-image-preview":"max-image-preview:large","max-video-preview":"max-video-preview:-1"},"canonical":"https:\/\/redenoticiaz.com.br\/litoralsp\/2023\/09\/08\/rogerio-ceni-e-confirmado-como-tecnico-em-novo-time","og_locale":"pt_BR","og_type":"article","og_title":"Rog\u00e9rio Ceni \u00e9 confirmado como t\u00e9cnico em novo time - Litoral SP","og_description":"A expectativa \u00e9 que Rog\u00e9rio Ceni seja anunciado nas pr\u00f3ximas horas. Assim, podendo comandar o time na partida da pr\u00f3xima quinta-feira.","og_url":"https:\/\/redenoticiaz.com.br\/litoralsp\/2023\/09\/08\/rogerio-ceni-e-confirmado-como-tecnico-em-novo-time","og_site_name":"Litoral SP","article_published_time":"2023-09-08T17:04:41+00:00","article_modified_time":"2023-09-08T17:07:20+00:00","og_image":[{"width":1640,"height":924,"url":"https:\/\/redenoticiaz.com.br\/litoralsp\/wp-content\/uploads\/sites\/3\/2023\/09\/ceni.jpg?v=1694192627","type":"image\/jpeg"}],"author":"Carina Reifonas","twitter_card":"summary_large_image","twitter_misc":{"Escrito por":"Carina Reifonas","Est. tempo de leitura":"1 minuto"},"schema":{"@context":"https:\/\/schema.org","@graph":[{"@type":"Article","@id":"https:\/\/redenoticiaz.com.br\/litoralsp\/2023\/09\/08\/rogerio-ceni-e-confirmado-como-tecnico-em-novo-time#article","isPartOf":{"@id":"https:\/\/redenoticiaz.com.br\/litoralsp\/2023\/09\/08\/rogerio-ceni-e-confirmado-como-tecnico-em-novo-time"},"author":{"name":"Carina Reifonas","@id":"https:\/\/redenoticiaz.com.br\/litoralsp\/#\/schema\/person\/1f84d6e94e6a62d2d81199d7503e9e90"},"headline":"Rog\u00e9rio Ceni \u00e9 confirmado como t\u00e9cnico em novo time","datePublished":"2023-09-08T17:04:41+00:00","dateModified":"2023-09-08T17:07:20+00:00","mainEntityOfPage":{"@id":"https:\/\/redenoticiaz.com.br\/litoralsp\/2023\/09\/08\/rogerio-ceni-e-confirmado-como-tecnico-em-novo-time"},"wordCount":95,"commentCount":0,"publisher":{"@id":"https:\/\/redenoticiaz.com.br\/litoralsp\/#organization"},"image":{"@id":"https:\/\/redenoticiaz.com.br\/litoralsp\/2023\/09\/08\/rogerio-ceni-e-confirmado-como-tecnico-em-novo-time#primaryimage"},"thumbnailUrl":"https:\/\/redenoticiaz.com.br\/litoralsp\/wp-content\/uploads\/sites\/3\/2023\/09\/ceni.jpg?v=1694192627","keywords":["BAHIA","ROG\u00c9RIO CENI","T\u00c9CNICO"],"articleSection":["Esporte"],"inLanguage":"pt-BR","potentialAction":[{"@type":"CommentAction","name":"Comment","target":["https:\/\/redenoticiaz.com.br\/litoralsp\/2023\/09\/08\/rogerio-ceni-e-confirmado-como-tecnico-em-novo-time#respond"]}]},{"@type":"WebPage","@id":"https:\/\/redenoticiaz.com.br\/litoralsp\/2023\/09\/08\/rogerio-ceni-e-confirmado-como-tecnico-em-novo-time","url":"https:\/\/redenoticiaz.com.br\/litoralsp\/2023\/09\/08\/rogerio-ceni-e-confirmado-como-tecnico-em-novo-time","name":"Rog\u00e9rio Ceni \u00e9 confirmado como t\u00e9cnico em novo time - Litoral SP","isPartOf":{"@id":"https:\/\/redenoticiaz.com.br\/litoralsp\/#website"},"primaryImageOfPage":{"@id":"https:\/\/redenoticiaz.com.br\/litoralsp\/2023\/09\/08\/rogerio-ceni-e-confirmado-como-tecnico-em-novo-time#primaryimage"},"image":{"@id":"https:\/\/redenoticiaz.com.br\/litoralsp\/2023\/09\/08\/rogerio-ceni-e-confirmado-como-tecnico-em-novo-time#primaryimage"},"thumbnailUrl":"https:\/\/redenoticiaz.com.br\/litoralsp\/wp-content\/uploads\/sites\/3\/2023\/09\/ceni.jpg?v=1694192627","datePublished":"2023-09-08T17:04:41+00:00","dateModified":"2023-09-08T17:07:20+00:00","description":"A expectativa \u00e9 que Rog\u00e9rio Ceni seja anunciado nas pr\u00f3ximas horas. Assim, podendo comandar o time na partida da pr\u00f3xima quinta-feira.","inLanguage":"pt-BR","potentialAction":[{"@type":"ReadAction","target":["https:\/\/redenoticiaz.com.br\/litoralsp\/2023\/09\/08\/rogerio-ceni-e-confirmado-como-tecnico-em-novo-time"]}]},{"@type":"ImageObject","inLanguage":"pt-BR","@id":"https:\/\/redenoticiaz.com.br\/litoralsp\/2023\/09\/08\/rogerio-ceni-e-confirmado-como-tecnico-em-novo-time#primaryimage","url":"https:\/\/redenoticiaz.com.br\/litoralsp\/wp-content\/uploads\/sites\/3\/2023\/09\/ceni.jpg?v=1694192627","contentUrl":"https:\/\/redenoticiaz.com.br\/litoralsp\/wp-content\/uploads\/sites\/3\/2023\/09\/ceni.jpg?v=1694192627","width":1640,"height":924,"caption":"Foto: Ettore Chiereguini\/AGIF"},{"@type":"WebSite","@id":"https:\/\/redenoticiaz.com.br\/litoralsp\/#website","url":"https:\/\/redenoticiaz.com.br\/litoralsp\/","name":"Litoral SP","description":"Rede NoticiaZ","publisher":{"@id":"https:\/\/redenoticiaz.com.br\/litoralsp\/#organization"},"potentialAction":[{"@type":"SearchAction","target":{"@type":"EntryPoint","urlTemplate":"https:\/\/redenoticiaz.com.br\/litoralsp\/?s={search_term_string}"},"query-input":{"@type":"PropertyValueSpecification","valueRequired":true,"valueName":"search_term_string"}}],"inLanguage":"pt-BR"},{"@type":"Organization","@id":"https:\/\/redenoticiaz.com.br\/litoralsp\/#organization","name":"Litoral SP","url":"https:\/\/redenoticiaz.com.br\/litoralsp\/","logo":{"@type":"ImageObject","inLanguage":"pt-BR","@id":"https:\/\/redenoticiaz.com.br\/litoralsp\/#\/schema\/logo\/image\/","url":"https:\/\/redenoticiaz.com.br\/litoralsp\/wp-content\/uploads\/sites\/3\/2020\/11\/logo.jpg","contentUrl":"https:\/\/redenoticiaz.com.br\/litoralsp\/wp-content\/uploads\/sites\/3\/2020\/11\/logo.jpg","width":400,"height":250,"caption":"Litoral SP"},"image":{"@id":"https:\/\/redenoticiaz.com.br\/litoralsp\/#\/schema\/logo\/image\/"}},{"@type":"Person","@id":"https:\/\/redenoticiaz.com.br\/litoralsp\/#\/schema\/person\/1f84d6e94e6a62d2d81199d7503e9e90","name":"Carina Reifonas","image":{"@type":"ImageObject","inLanguage":"pt-BR","@id":"https:\/\/secure.gravatar.com\/avatar\/04c59859b23696cf867715880f81d5c037e60109730bdb4e6670ec2a2245bc97?s=96&d=mm&r=g","url":"https:\/\/secure.gravatar.com\/avatar\/04c59859b23696cf867715880f81d5c037e60109730bdb4e6670ec2a2245bc97?s=96&d=mm&r=g","contentUrl":"https:\/\/secure.gravatar.com\/avatar\/04c59859b23696cf867715880f81d5c037e60109730bdb4e6670ec2a2245bc97?s=96&d=mm&r=g","caption":"Carina Reifonas"},"url":"https:\/\/redenoticiaz.com.br\/litoralsp\/author\/carinareifonas"}]}},"_links":{"self":[{"href":"https:\/\/redenoticiaz.com.br\/litoralsp\/wp-json\/wp\/v2\/posts\/110323","targetHints":{"allow":["GET"]}}],"collection":[{"href":"https:\/\/redenoticiaz.com.br\/litoralsp\/wp-json\/wp\/v2\/posts"}],"about":[{"href":"https:\/\/redenoticiaz.com.br\/litoralsp\/wp-json\/wp\/v2\/types\/post"}],"author":[{"embeddable":true,"href":"https:\/\/redenoticiaz.com.br\/litoralsp\/wp-json\/wp\/v2\/users\/30"}],"replies":[{"embeddable":true,"href":"https:\/\/redenoticiaz.com.br\/litoralsp\/wp-json\/wp\/v2\/comments?post=110323"}],"version-history":[{"count":1,"href":"https:\/\/redenoticiaz.com.br\/litoralsp\/wp-json\/wp\/v2\/posts\/110323\/revisions"}],"predecessor-version":[{"id":110325,"href":"https:\/\/redenoticiaz.com.br\/litoralsp\/wp-json\/wp\/v2\/posts\/110323\/revisions\/110325"}],"wp:featuredmedia":[{"embeddable":true,"href":"https:\/\/redenoticiaz.com.br\/litoralsp\/wp-json\/wp\/v2\/media\/110324"}],"wp:attachment":[{"href":"https:\/\/redenoticiaz.com.br\/litoralsp\/wp-json\/wp\/v2\/media?parent=110323"}],"wp:term":[{"taxonomy":"category","embeddable":true,"href":"https:\/\/redenoticiaz.com.br\/litoralsp\/wp-json\/wp\/v2\/categories?post=110323"},{"taxonomy":"post_tag","embeddable":true,"href":"https:\/\/redenoticiaz.com.br\/litoralsp\/wp-json\/wp\/v2\/tags?post=110323"}],"curies":[{"name":"wp","href":"https:\/\/api.w.org\/{rel}","templated":true}]}}