{"id":110338,"date":"2023-09-08T15:25:28","date_gmt":"2023-09-08T18:25:28","guid":{"rendered":"https:\/\/redenoticiaz.com.br\/litoralsp\/2023\/09\/08\/video-falsos-ambulantes-armados-assaltam-motorista"},"modified":"2023-09-08T15:32:32","modified_gmt":"2023-09-08T18:32:32","slug":"video-falsos-ambulantes-armados-assaltam-motorista","status":"publish","type":"post","link":"https:\/\/redenoticiaz.com.br\/litoralsp\/2023\/09\/08\/video-falsos-ambulantes-armados-assaltam-motorista","title":{"rendered":"V\u00cdDEO \u2013 Falsos ambulantes armados assaltam motorista"},"content":{"rendered":"<p>Em uma cena surpreendente registrada por uma <a href=\"https:\/\/redenoticiaz.com.br\/blog\/2023\/09\/03\/video-camera-de-seguranca-flagra-acidente-com-kayky-brito-imagens-fortes\">c\u00e2mera<\/a> instalada no ve\u00edculo que seguia atr\u00e1s, dois assaltantes disfar\u00e7ados de vendedores ambulantes abordaram um motorista na movimentada Avenida Cruzeiro do Sul, em S\u00e3o Paulo. O incidente, deixou a v\u00edtima sem sua alian\u00e7a e seu celular.<\/p>\n<p>O <a href=\"https:\/\/redenoticiaz.com.br\/blog\/2023\/08\/21\/cantor-e-mantido-refem-durante-assalto\">assalto<\/a> aconteceu quando um dos criminosos, portando uma arma de fogo, anunciou o roubo, enquanto seus comparsas logo se uniram \u00e0 a\u00e7\u00e3o criminosa. Ap\u00f3s o r\u00e1pido ataque, o grupo empreendeu fuga imediatamente, deixando o local.<\/p>\n<div style=\"width: 848px;\" class=\"wp-video\"><video class=\"wp-video-shortcode\" id=\"video-110338-1\" width=\"848\" height=\"480\" preload=\"metadata\" controls=\"controls\"><source type=\"video\/mp4\" src=\"https:\/\/redenoticiaz.com.br\/litoralsp\/wp-content\/uploads\/sites\/3\/2023\/09\/Video-do-WhatsApp-de-2023-09-08-as-15.05.31.mp4?_=1\" \/><a href=\"https:\/\/redenoticiaz.com.br\/litoralsp\/wp-content\/uploads\/sites\/3\/2023\/09\/Video-do-WhatsApp-de-2023-09-08-as-15.05.31.mp4\">https:\/\/redenoticiaz.com.br\/litoralsp\/wp-content\/uploads\/sites\/3\/2023\/09\/Video-do-WhatsApp-de-2023-09-08-as-15.05.31.mp4<\/a><\/video><\/div>\n<p>At\u00e9 o momento, os criminosos permanecem foragidos.<\/p>\n<p>LEIA MAIS<\/p>\n<p><a href=\"https:\/\/redenoticiaz.com.br\/blog\/2023\/09\/08\/por-que-um-brasileiro-tem-causado-medo-na-populacao-dos-eua\">Por que um brasileiro tem causado medo na popula\u00e7\u00e3o dos EUA?<\/a><\/p>\n<p>&nbsp;<\/p>\n","protected":false},"excerpt":{"rendered":"<p>Em uma cena surpreendente registrada por uma c\u00e2mera instalada no ve\u00edculo que seguia atr\u00e1s, dois assaltantes disfar\u00e7ados de vendedores ambulantes abordaram um motorista na movimentada Avenida Cruzeiro do Sul, em S\u00e3o Paulo. O incidente, deixou a v\u00edtima sem sua alian\u00e7a e seu celular. O assalto aconteceu quando um dos criminosos, portando uma arma de fogo, &hellip;<\/p>\n","protected":false},"author":30,"featured_media":110339,"comment_status":"open","ping_status":"closed","sticky":false,"template":"","format":"standard","meta":{"footnotes":""},"categories":[10],"tags":[25405,2803,8134],"class_list":["post-110338","post","type-post","status-publish","format-standard","has-post-thumbnail","hentry","category-policia","tag-ambulantes","tag-assalto","tag-motorista"],"yoast_head":"<!-- This site is optimized with the Yoast SEO plugin v27.5 - https:\/\/yoast.com\/product\/yoast-seo-wordpress\/ -->\n<title>V\u00cdDEO \u2013 Falsos ambulantes armados assaltam motorista - Litoral SP<\/title>\n<meta name=\"description\" content=\"Uma cena surpreendente registrada por uma c\u00e2mera instalada no ve\u00edculo que seguia atr\u00e1s, dois assaltantes disfar\u00e7ados de vendedores ambulantes\" \/>\n<meta name=\"robots\" content=\"index, follow, max-snippet:-1, max-image-preview:large, max-video-preview:-1\" \/>\n<link rel=\"canonical\" href=\"https:\/\/redenoticiaz.com.br\/litoralsp\/2023\/09\/08\/video-falsos-ambulantes-armados-assaltam-motorista\" \/>\n<meta property=\"og:locale\" content=\"pt_BR\" \/>\n<meta property=\"og:type\" content=\"article\" \/>\n<meta property=\"og:title\" content=\"V\u00cdDEO \u2013 Falsos ambulantes armados assaltam motorista - Litoral SP\" \/>\n<meta property=\"og:description\" content=\"Uma cena surpreendente registrada por uma c\u00e2mera instalada no ve\u00edculo que seguia atr\u00e1s, dois assaltantes disfar\u00e7ados de vendedores ambulantes\" \/>\n<meta property=\"og:url\" content=\"https:\/\/redenoticiaz.com.br\/litoralsp\/2023\/09\/08\/video-falsos-ambulantes-armados-assaltam-motorista\" \/>\n<meta property=\"og:site_name\" content=\"Litoral SP\" \/>\n<meta property=\"article:published_time\" content=\"2023-09-08T18:25:28+00:00\" \/>\n<meta property=\"article:modified_time\" content=\"2023-09-08T18:32:32+00:00\" \/>\n<meta property=\"og:image\" content=\"https:\/\/redenoticiaz.com.br\/litoralsp\/wp-content\/uploads\/sites\/3\/2023\/09\/Captura-de-tela-2023-09-08-152243.jpg?v=1694197358\" \/>\n\t<meta property=\"og:image:width\" content=\"762\" \/>\n\t<meta property=\"og:image:height\" content=\"393\" \/>\n\t<meta property=\"og:image:type\" content=\"image\/jpeg\" \/>\n<meta name=\"author\" content=\"Carina Reifonas\" \/>\n<meta name=\"twitter:card\" content=\"summary_large_image\" \/>\n<meta name=\"twitter:label1\" content=\"Escrito por\" \/>\n\t<meta name=\"twitter:data1\" content=\"Carina Reifonas\" \/>\n\t<meta name=\"twitter:label2\" content=\"Est. tempo de leitura\" \/>\n\t<meta name=\"twitter:data2\" content=\"1 minuto\" \/>\n<script type=\"application\/ld+json\" class=\"yoast-schema-graph\">{\"@context\":\"https:\\\/\\\/schema.org\",\"@graph\":[{\"@type\":\"Article\",\"@id\":\"https:\\\/\\\/redenoticiaz.com.br\\\/litoralsp\\\/2023\\\/09\\\/08\\\/video-falsos-ambulantes-armados-assaltam-motorista#article\",\"isPartOf\":{\"@id\":\"https:\\\/\\\/redenoticiaz.com.br\\\/litoralsp\\\/2023\\\/09\\\/08\\\/video-falsos-ambulantes-armados-assaltam-motorista\"},\"author\":{\"name\":\"Carina Reifonas\",\"@id\":\"https:\\\/\\\/redenoticiaz.com.br\\\/litoralsp\\\/#\\\/schema\\\/person\\\/1f84d6e94e6a62d2d81199d7503e9e90\"},\"headline\":\"V\u00cdDEO \u2013 Falsos ambulantes armados assaltam motorista\",\"datePublished\":\"2023-09-08T18:25:28+00:00\",\"dateModified\":\"2023-09-08T18:32:32+00:00\",\"mainEntityOfPage\":{\"@id\":\"https:\\\/\\\/redenoticiaz.com.br\\\/litoralsp\\\/2023\\\/09\\\/08\\\/video-falsos-ambulantes-armados-assaltam-motorista\"},\"wordCount\":135,\"commentCount\":0,\"publisher\":{\"@id\":\"https:\\\/\\\/redenoticiaz.com.br\\\/litoralsp\\\/#organization\"},\"image\":{\"@id\":\"https:\\\/\\\/redenoticiaz.com.br\\\/litoralsp\\\/2023\\\/09\\\/08\\\/video-falsos-ambulantes-armados-assaltam-motorista#primaryimage\"},\"thumbnailUrl\":\"https:\\\/\\\/redenoticiaz.com.br\\\/litoralsp\\\/wp-content\\\/uploads\\\/sites\\\/3\\\/2023\\\/09\\\/Captura-de-tela-2023-09-08-152243.jpg?v=1694197358\",\"keywords\":[\"AMBULANTES\",\"Assalto\",\"MOTORISTA\"],\"articleSection\":[\"Pol\u00edcia\"],\"inLanguage\":\"pt-BR\",\"potentialAction\":[{\"@type\":\"CommentAction\",\"name\":\"Comment\",\"target\":[\"https:\\\/\\\/redenoticiaz.com.br\\\/litoralsp\\\/2023\\\/09\\\/08\\\/video-falsos-ambulantes-armados-assaltam-motorista#respond\"]}]},{\"@type\":\"WebPage\",\"@id\":\"https:\\\/\\\/redenoticiaz.com.br\\\/litoralsp\\\/2023\\\/09\\\/08\\\/video-falsos-ambulantes-armados-assaltam-motorista\",\"url\":\"https:\\\/\\\/redenoticiaz.com.br\\\/litoralsp\\\/2023\\\/09\\\/08\\\/video-falsos-ambulantes-armados-assaltam-motorista\",\"name\":\"V\u00cdDEO \u2013 Falsos ambulantes armados assaltam motorista - Litoral SP\",\"isPartOf\":{\"@id\":\"https:\\\/\\\/redenoticiaz.com.br\\\/litoralsp\\\/#website\"},\"primaryImageOfPage\":{\"@id\":\"https:\\\/\\\/redenoticiaz.com.br\\\/litoralsp\\\/2023\\\/09\\\/08\\\/video-falsos-ambulantes-armados-assaltam-motorista#primaryimage\"},\"image\":{\"@id\":\"https:\\\/\\\/redenoticiaz.com.br\\\/litoralsp\\\/2023\\\/09\\\/08\\\/video-falsos-ambulantes-armados-assaltam-motorista#primaryimage\"},\"thumbnailUrl\":\"https:\\\/\\\/redenoticiaz.com.br\\\/litoralsp\\\/wp-content\\\/uploads\\\/sites\\\/3\\\/2023\\\/09\\\/Captura-de-tela-2023-09-08-152243.jpg?v=1694197358\",\"datePublished\":\"2023-09-08T18:25:28+00:00\",\"dateModified\":\"2023-09-08T18:32:32+00:00\",\"description\":\"Uma cena surpreendente registrada por uma c\u00e2mera instalada no ve\u00edculo que seguia atr\u00e1s, dois assaltantes disfar\u00e7ados de vendedores ambulantes\",\"inLanguage\":\"pt-BR\",\"potentialAction\":[{\"@type\":\"ReadAction\",\"target\":[\"https:\\\/\\\/redenoticiaz.com.br\\\/litoralsp\\\/2023\\\/09\\\/08\\\/video-falsos-ambulantes-armados-assaltam-motorista\"]}]},{\"@type\":\"ImageObject\",\"inLanguage\":\"pt-BR\",\"@id\":\"https:\\\/\\\/redenoticiaz.com.br\\\/litoralsp\\\/2023\\\/09\\\/08\\\/video-falsos-ambulantes-armados-assaltam-motorista#primaryimage\",\"url\":\"https:\\\/\\\/redenoticiaz.com.br\\\/litoralsp\\\/wp-content\\\/uploads\\\/sites\\\/3\\\/2023\\\/09\\\/Captura-de-tela-2023-09-08-152243.jpg?v=1694197358\",\"contentUrl\":\"https:\\\/\\\/redenoticiaz.com.br\\\/litoralsp\\\/wp-content\\\/uploads\\\/sites\\\/3\\\/2023\\\/09\\\/Captura-de-tela-2023-09-08-152243.jpg?v=1694197358\",\"width\":762,\"height\":393},{\"@type\":\"WebSite\",\"@id\":\"https:\\\/\\\/redenoticiaz.com.br\\\/litoralsp\\\/#website\",\"url\":\"https:\\\/\\\/redenoticiaz.com.br\\\/litoralsp\\\/\",\"name\":\"Litoral SP\",\"description\":\"Rede NoticiaZ\",\"publisher\":{\"@id\":\"https:\\\/\\\/redenoticiaz.com.br\\\/litoralsp\\\/#organization\"},\"potentialAction\":[{\"@type\":\"SearchAction\",\"target\":{\"@type\":\"EntryPoint\",\"urlTemplate\":\"https:\\\/\\\/redenoticiaz.com.br\\\/litoralsp\\\/?s={search_term_string}\"},\"query-input\":{\"@type\":\"PropertyValueSpecification\",\"valueRequired\":true,\"valueName\":\"search_term_string\"}}],\"inLanguage\":\"pt-BR\"},{\"@type\":\"Organization\",\"@id\":\"https:\\\/\\\/redenoticiaz.com.br\\\/litoralsp\\\/#organization\",\"name\":\"Litoral SP\",\"url\":\"https:\\\/\\\/redenoticiaz.com.br\\\/litoralsp\\\/\",\"logo\":{\"@type\":\"ImageObject\",\"inLanguage\":\"pt-BR\",\"@id\":\"https:\\\/\\\/redenoticiaz.com.br\\\/litoralsp\\\/#\\\/schema\\\/logo\\\/image\\\/\",\"url\":\"https:\\\/\\\/redenoticiaz.com.br\\\/litoralsp\\\/wp-content\\\/uploads\\\/sites\\\/3\\\/2020\\\/11\\\/logo.jpg\",\"contentUrl\":\"https:\\\/\\\/redenoticiaz.com.br\\\/litoralsp\\\/wp-content\\\/uploads\\\/sites\\\/3\\\/2020\\\/11\\\/logo.jpg\",\"width\":400,\"height\":250,\"caption\":\"Litoral SP\"},\"image\":{\"@id\":\"https:\\\/\\\/redenoticiaz.com.br\\\/litoralsp\\\/#\\\/schema\\\/logo\\\/image\\\/\"}},{\"@type\":\"Person\",\"@id\":\"https:\\\/\\\/redenoticiaz.com.br\\\/litoralsp\\\/#\\\/schema\\\/person\\\/1f84d6e94e6a62d2d81199d7503e9e90\",\"name\":\"Carina Reifonas\",\"image\":{\"@type\":\"ImageObject\",\"inLanguage\":\"pt-BR\",\"@id\":\"https:\\\/\\\/secure.gravatar.com\\\/avatar\\\/04c59859b23696cf867715880f81d5c037e60109730bdb4e6670ec2a2245bc97?s=96&d=mm&r=g\",\"url\":\"https:\\\/\\\/secure.gravatar.com\\\/avatar\\\/04c59859b23696cf867715880f81d5c037e60109730bdb4e6670ec2a2245bc97?s=96&d=mm&r=g\",\"contentUrl\":\"https:\\\/\\\/secure.gravatar.com\\\/avatar\\\/04c59859b23696cf867715880f81d5c037e60109730bdb4e6670ec2a2245bc97?s=96&d=mm&r=g\",\"caption\":\"Carina Reifonas\"},\"url\":\"https:\\\/\\\/redenoticiaz.com.br\\\/litoralsp\\\/author\\\/carinareifonas\"}]}<\/script>\n<!-- \/ Yoast SEO plugin. -->","yoast_head_json":{"title":"V\u00cdDEO \u2013 Falsos ambulantes armados assaltam motorista - Litoral SP","description":"Uma cena surpreendente registrada por uma c\u00e2mera instalada no ve\u00edculo que seguia atr\u00e1s, dois assaltantes disfar\u00e7ados de vendedores ambulantes","robots":{"index":"index","follow":"follow","max-snippet":"max-snippet:-1","max-image-preview":"max-image-preview:large","max-video-preview":"max-video-preview:-1"},"canonical":"https:\/\/redenoticiaz.com.br\/litoralsp\/2023\/09\/08\/video-falsos-ambulantes-armados-assaltam-motorista","og_locale":"pt_BR","og_type":"article","og_title":"V\u00cdDEO \u2013 Falsos ambulantes armados assaltam motorista - Litoral SP","og_description":"Uma cena surpreendente registrada por uma c\u00e2mera instalada no ve\u00edculo que seguia atr\u00e1s, dois assaltantes disfar\u00e7ados de vendedores ambulantes","og_url":"https:\/\/redenoticiaz.com.br\/litoralsp\/2023\/09\/08\/video-falsos-ambulantes-armados-assaltam-motorista","og_site_name":"Litoral SP","article_published_time":"2023-09-08T18:25:28+00:00","article_modified_time":"2023-09-08T18:32:32+00:00","og_image":[{"width":762,"height":393,"url":"https:\/\/redenoticiaz.com.br\/litoralsp\/wp-content\/uploads\/sites\/3\/2023\/09\/Captura-de-tela-2023-09-08-152243.jpg?v=1694197358","type":"image\/jpeg"}],"author":"Carina Reifonas","twitter_card":"summary_large_image","twitter_misc":{"Escrito por":"Carina Reifonas","Est. tempo de leitura":"1 minuto"},"schema":{"@context":"https:\/\/schema.org","@graph":[{"@type":"Article","@id":"https:\/\/redenoticiaz.com.br\/litoralsp\/2023\/09\/08\/video-falsos-ambulantes-armados-assaltam-motorista#article","isPartOf":{"@id":"https:\/\/redenoticiaz.com.br\/litoralsp\/2023\/09\/08\/video-falsos-ambulantes-armados-assaltam-motorista"},"author":{"name":"Carina Reifonas","@id":"https:\/\/redenoticiaz.com.br\/litoralsp\/#\/schema\/person\/1f84d6e94e6a62d2d81199d7503e9e90"},"headline":"V\u00cdDEO \u2013 Falsos ambulantes armados assaltam motorista","datePublished":"2023-09-08T18:25:28+00:00","dateModified":"2023-09-08T18:32:32+00:00","mainEntityOfPage":{"@id":"https:\/\/redenoticiaz.com.br\/litoralsp\/2023\/09\/08\/video-falsos-ambulantes-armados-assaltam-motorista"},"wordCount":135,"commentCount":0,"publisher":{"@id":"https:\/\/redenoticiaz.com.br\/litoralsp\/#organization"},"image":{"@id":"https:\/\/redenoticiaz.com.br\/litoralsp\/2023\/09\/08\/video-falsos-ambulantes-armados-assaltam-motorista#primaryimage"},"thumbnailUrl":"https:\/\/redenoticiaz.com.br\/litoralsp\/wp-content\/uploads\/sites\/3\/2023\/09\/Captura-de-tela-2023-09-08-152243.jpg?v=1694197358","keywords":["AMBULANTES","Assalto","MOTORISTA"],"articleSection":["Pol\u00edcia"],"inLanguage":"pt-BR","potentialAction":[{"@type":"CommentAction","name":"Comment","target":["https:\/\/redenoticiaz.com.br\/litoralsp\/2023\/09\/08\/video-falsos-ambulantes-armados-assaltam-motorista#respond"]}]},{"@type":"WebPage","@id":"https:\/\/redenoticiaz.com.br\/litoralsp\/2023\/09\/08\/video-falsos-ambulantes-armados-assaltam-motorista","url":"https:\/\/redenoticiaz.com.br\/litoralsp\/2023\/09\/08\/video-falsos-ambulantes-armados-assaltam-motorista","name":"V\u00cdDEO \u2013 Falsos ambulantes armados assaltam motorista - Litoral SP","isPartOf":{"@id":"https:\/\/redenoticiaz.com.br\/litoralsp\/#website"},"primaryImageOfPage":{"@id":"https:\/\/redenoticiaz.com.br\/litoralsp\/2023\/09\/08\/video-falsos-ambulantes-armados-assaltam-motorista#primaryimage"},"image":{"@id":"https:\/\/redenoticiaz.com.br\/litoralsp\/2023\/09\/08\/video-falsos-ambulantes-armados-assaltam-motorista#primaryimage"},"thumbnailUrl":"https:\/\/redenoticiaz.com.br\/litoralsp\/wp-content\/uploads\/sites\/3\/2023\/09\/Captura-de-tela-2023-09-08-152243.jpg?v=1694197358","datePublished":"2023-09-08T18:25:28+00:00","dateModified":"2023-09-08T18:32:32+00:00","description":"Uma cena surpreendente registrada por uma c\u00e2mera instalada no ve\u00edculo que seguia atr\u00e1s, dois assaltantes disfar\u00e7ados de vendedores ambulantes","inLanguage":"pt-BR","potentialAction":[{"@type":"ReadAction","target":["https:\/\/redenoticiaz.com.br\/litoralsp\/2023\/09\/08\/video-falsos-ambulantes-armados-assaltam-motorista"]}]},{"@type":"ImageObject","inLanguage":"pt-BR","@id":"https:\/\/redenoticiaz.com.br\/litoralsp\/2023\/09\/08\/video-falsos-ambulantes-armados-assaltam-motorista#primaryimage","url":"https:\/\/redenoticiaz.com.br\/litoralsp\/wp-content\/uploads\/sites\/3\/2023\/09\/Captura-de-tela-2023-09-08-152243.jpg?v=1694197358","contentUrl":"https:\/\/redenoticiaz.com.br\/litoralsp\/wp-content\/uploads\/sites\/3\/2023\/09\/Captura-de-tela-2023-09-08-152243.jpg?v=1694197358","width":762,"height":393},{"@type":"WebSite","@id":"https:\/\/redenoticiaz.com.br\/litoralsp\/#website","url":"https:\/\/redenoticiaz.com.br\/litoralsp\/","name":"Litoral SP","description":"Rede NoticiaZ","publisher":{"@id":"https:\/\/redenoticiaz.com.br\/litoralsp\/#organization"},"potentialAction":[{"@type":"SearchAction","target":{"@type":"EntryPoint","urlTemplate":"https:\/\/redenoticiaz.com.br\/litoralsp\/?s={search_term_string}"},"query-input":{"@type":"PropertyValueSpecification","valueRequired":true,"valueName":"search_term_string"}}],"inLanguage":"pt-BR"},{"@type":"Organization","@id":"https:\/\/redenoticiaz.com.br\/litoralsp\/#organization","name":"Litoral SP","url":"https:\/\/redenoticiaz.com.br\/litoralsp\/","logo":{"@type":"ImageObject","inLanguage":"pt-BR","@id":"https:\/\/redenoticiaz.com.br\/litoralsp\/#\/schema\/logo\/image\/","url":"https:\/\/redenoticiaz.com.br\/litoralsp\/wp-content\/uploads\/sites\/3\/2020\/11\/logo.jpg","contentUrl":"https:\/\/redenoticiaz.com.br\/litoralsp\/wp-content\/uploads\/sites\/3\/2020\/11\/logo.jpg","width":400,"height":250,"caption":"Litoral SP"},"image":{"@id":"https:\/\/redenoticiaz.com.br\/litoralsp\/#\/schema\/logo\/image\/"}},{"@type":"Person","@id":"https:\/\/redenoticiaz.com.br\/litoralsp\/#\/schema\/person\/1f84d6e94e6a62d2d81199d7503e9e90","name":"Carina Reifonas","image":{"@type":"ImageObject","inLanguage":"pt-BR","@id":"https:\/\/secure.gravatar.com\/avatar\/04c59859b23696cf867715880f81d5c037e60109730bdb4e6670ec2a2245bc97?s=96&d=mm&r=g","url":"https:\/\/secure.gravatar.com\/avatar\/04c59859b23696cf867715880f81d5c037e60109730bdb4e6670ec2a2245bc97?s=96&d=mm&r=g","contentUrl":"https:\/\/secure.gravatar.com\/avatar\/04c59859b23696cf867715880f81d5c037e60109730bdb4e6670ec2a2245bc97?s=96&d=mm&r=g","caption":"Carina Reifonas"},"url":"https:\/\/redenoticiaz.com.br\/litoralsp\/author\/carinareifonas"}]}},"_links":{"self":[{"href":"https:\/\/redenoticiaz.com.br\/litoralsp\/wp-json\/wp\/v2\/posts\/110338","targetHints":{"allow":["GET"]}}],"collection":[{"href":"https:\/\/redenoticiaz.com.br\/litoralsp\/wp-json\/wp\/v2\/posts"}],"about":[{"href":"https:\/\/redenoticiaz.com.br\/litoralsp\/wp-json\/wp\/v2\/types\/post"}],"author":[{"embeddable":true,"href":"https:\/\/redenoticiaz.com.br\/litoralsp\/wp-json\/wp\/v2\/users\/30"}],"replies":[{"embeddable":true,"href":"https:\/\/redenoticiaz.com.br\/litoralsp\/wp-json\/wp\/v2\/comments?post=110338"}],"version-history":[{"count":2,"href":"https:\/\/redenoticiaz.com.br\/litoralsp\/wp-json\/wp\/v2\/posts\/110338\/revisions"}],"predecessor-version":[{"id":110342,"href":"https:\/\/redenoticiaz.com.br\/litoralsp\/wp-json\/wp\/v2\/posts\/110338\/revisions\/110342"}],"wp:featuredmedia":[{"embeddable":true,"href":"https:\/\/redenoticiaz.com.br\/litoralsp\/wp-json\/wp\/v2\/media\/110339"}],"wp:attachment":[{"href":"https:\/\/redenoticiaz.com.br\/litoralsp\/wp-json\/wp\/v2\/media?parent=110338"}],"wp:term":[{"taxonomy":"category","embeddable":true,"href":"https:\/\/redenoticiaz.com.br\/litoralsp\/wp-json\/wp\/v2\/categories?post=110338"},{"taxonomy":"post_tag","embeddable":true,"href":"https:\/\/redenoticiaz.com.br\/litoralsp\/wp-json\/wp\/v2\/tags?post=110338"}],"curies":[{"name":"wp","href":"https:\/\/api.w.org\/{rel}","templated":true}]}}