{"id":110441,"date":"2023-09-10T10:33:50","date_gmt":"2023-09-10T13:33:50","guid":{"rendered":"https:\/\/redenoticiaz.com.br\/litoralsp\/2023\/09\/10\/video-pier-desaba-e-dezenas-de-estudantes-caem-no-lago"},"modified":"2023-09-10T10:40:47","modified_gmt":"2023-09-10T13:40:47","slug":"video-pier-desaba-e-dezenas-de-estudantes-caem-no-lago","status":"publish","type":"post","link":"https:\/\/redenoticiaz.com.br\/litoralsp\/2023\/09\/10\/video-pier-desaba-e-dezenas-de-estudantes-caem-no-lago","title":{"rendered":"V\u00cdDEO \u2013 P\u00eder desaba e dezenas de estudantes caem no lago"},"content":{"rendered":"<p>Um evento de celebra\u00e7\u00e3o do feriado do Dia do Trabalho na Universidade de Wisconsin-Madison teve um final inesperado quando um p\u00eder lotado de estudantes no Memorial Union Terrace, \u00e0s margens do Lago Mendota, desabou, fazendo com que cerca de 60 a 80 estudantes ca\u00edssem na \u00e1gua.<\/p>\n<p>O incidente ocorreu, quando os universit\u00e1rios se reuniram para comemorar o feriado. De acordo com informa\u00e7\u00f5es da pol\u00edcia de UW-Madison, o p\u00eder estava superlotado e n\u00e3o suportou o peso dos estudantes, levando ao colapso.<\/p>\n<div style=\"width: 640px;\" class=\"wp-video\"><video class=\"wp-video-shortcode\" id=\"video-110441-1\" width=\"640\" height=\"864\" preload=\"metadata\" controls=\"controls\"><source type=\"video\/mp4\" src=\"https:\/\/redenoticiaz.com.br\/litoralsp\/wp-content\/uploads\/sites\/3\/2023\/09\/Video-do-WhatsApp-de-2023-09-10-as-10.21.25.mp4?_=1\" \/><a href=\"https:\/\/redenoticiaz.com.br\/litoralsp\/wp-content\/uploads\/sites\/3\/2023\/09\/Video-do-WhatsApp-de-2023-09-10-as-10.21.25.mp4\">https:\/\/redenoticiaz.com.br\/litoralsp\/wp-content\/uploads\/sites\/3\/2023\/09\/Video-do-WhatsApp-de-2023-09-10-as-10.21.25.mp4<\/a><\/video><\/div>\n<p>Pelo menos 25 pessoas sofreram ferimentos leves, embora apenas uma pessoa tenha sido levada ao hospital com maior gravidade, informou a pol\u00edcia.<\/p>\n<p>LEIA MAIS<\/p>\n<p><a href=\"https:\/\/redenoticiaz.com.br\/blog\/2023\/09\/10\/video-incendio-no-festival-the-town-em-interlagos\">V\u00cdDEO \u2013 Inc\u00eandio no festival The Town em Interlagos<\/a><\/p>\n","protected":false},"excerpt":{"rendered":"<p>Um evento de celebra\u00e7\u00e3o do feriado do Dia do Trabalho na Universidade de Wisconsin-Madison teve um final inesperado quando um p\u00eder lotado de estudantes no Memorial Union Terrace, \u00e0s margens do Lago Mendota, desabou, fazendo com que cerca de 60 a 80 estudantes ca\u00edssem na \u00e1gua. O incidente ocorreu, quando os universit\u00e1rios se reuniram para &hellip;<\/p>\n","protected":false},"author":30,"featured_media":110442,"comment_status":"open","ping_status":"closed","sticky":false,"template":"","format":"standard","meta":{"footnotes":""},"categories":[10],"tags":[9801,67081,37231],"class_list":["post-110441","post","type-post","status-publish","format-standard","has-post-thumbnail","hentry","category-policia","tag-estudantes","tag-lago","tag-pier"],"yoast_head":"<!-- This site is optimized with the Yoast SEO plugin v27.5 - https:\/\/yoast.com\/product\/yoast-seo-wordpress\/ -->\n<title>V\u00cdDEO \u2013 P\u00eder desaba e dezenas de estudantes caem no lago - Litoral SP<\/title>\n<meta name=\"description\" content=\"Um evento de celebra\u00e7\u00e3o do feriado do Dia do Trabalho na Universidade de Wisconsin-Madison teve um final inesperado quando um p\u00eder lotado.\" \/>\n<meta name=\"robots\" content=\"index, follow, max-snippet:-1, max-image-preview:large, max-video-preview:-1\" \/>\n<link rel=\"canonical\" href=\"https:\/\/redenoticiaz.com.br\/litoralsp\/2023\/09\/10\/video-pier-desaba-e-dezenas-de-estudantes-caem-no-lago\" \/>\n<meta property=\"og:locale\" content=\"pt_BR\" \/>\n<meta property=\"og:type\" content=\"article\" \/>\n<meta property=\"og:title\" content=\"V\u00cdDEO \u2013 P\u00eder desaba e dezenas de estudantes caem no lago - Litoral SP\" \/>\n<meta property=\"og:description\" content=\"Um evento de celebra\u00e7\u00e3o do feriado do Dia do Trabalho na Universidade de Wisconsin-Madison teve um final inesperado quando um p\u00eder lotado.\" \/>\n<meta property=\"og:url\" content=\"https:\/\/redenoticiaz.com.br\/litoralsp\/2023\/09\/10\/video-pier-desaba-e-dezenas-de-estudantes-caem-no-lago\" \/>\n<meta property=\"og:site_name\" content=\"Litoral SP\" \/>\n<meta property=\"article:published_time\" content=\"2023-09-10T13:33:50+00:00\" \/>\n<meta property=\"article:modified_time\" content=\"2023-09-10T13:40:47+00:00\" \/>\n<meta property=\"og:image\" content=\"https:\/\/redenoticiaz.com.br\/litoralsp\/wp-content\/uploads\/sites\/3\/2023\/09\/Captura-de-tela-2023-09-10-102244.jpg?v=1694352549\" \/>\n\t<meta property=\"og:image:width\" content=\"824\" \/>\n\t<meta property=\"og:image:height\" content=\"484\" \/>\n\t<meta property=\"og:image:type\" content=\"image\/jpeg\" \/>\n<meta name=\"author\" content=\"Carina Reifonas\" \/>\n<meta name=\"twitter:card\" content=\"summary_large_image\" \/>\n<meta name=\"twitter:label1\" content=\"Escrito por\" \/>\n\t<meta name=\"twitter:data1\" content=\"Carina Reifonas\" \/>\n\t<meta name=\"twitter:label2\" content=\"Est. tempo de leitura\" \/>\n\t<meta name=\"twitter:data2\" content=\"1 minuto\" \/>\n<script type=\"application\/ld+json\" class=\"yoast-schema-graph\">{\"@context\":\"https:\\\/\\\/schema.org\",\"@graph\":[{\"@type\":\"Article\",\"@id\":\"https:\\\/\\\/redenoticiaz.com.br\\\/litoralsp\\\/2023\\\/09\\\/10\\\/video-pier-desaba-e-dezenas-de-estudantes-caem-no-lago#article\",\"isPartOf\":{\"@id\":\"https:\\\/\\\/redenoticiaz.com.br\\\/litoralsp\\\/2023\\\/09\\\/10\\\/video-pier-desaba-e-dezenas-de-estudantes-caem-no-lago\"},\"author\":{\"name\":\"Carina Reifonas\",\"@id\":\"https:\\\/\\\/redenoticiaz.com.br\\\/litoralsp\\\/#\\\/schema\\\/person\\\/1f84d6e94e6a62d2d81199d7503e9e90\"},\"headline\":\"V\u00cdDEO \u2013 P\u00eder desaba e dezenas de estudantes caem no lago\",\"datePublished\":\"2023-09-10T13:33:50+00:00\",\"dateModified\":\"2023-09-10T13:40:47+00:00\",\"mainEntityOfPage\":{\"@id\":\"https:\\\/\\\/redenoticiaz.com.br\\\/litoralsp\\\/2023\\\/09\\\/10\\\/video-pier-desaba-e-dezenas-de-estudantes-caem-no-lago\"},\"wordCount\":150,\"commentCount\":0,\"publisher\":{\"@id\":\"https:\\\/\\\/redenoticiaz.com.br\\\/litoralsp\\\/#organization\"},\"image\":{\"@id\":\"https:\\\/\\\/redenoticiaz.com.br\\\/litoralsp\\\/2023\\\/09\\\/10\\\/video-pier-desaba-e-dezenas-de-estudantes-caem-no-lago#primaryimage\"},\"thumbnailUrl\":\"https:\\\/\\\/redenoticiaz.com.br\\\/litoralsp\\\/wp-content\\\/uploads\\\/sites\\\/3\\\/2023\\\/09\\\/Captura-de-tela-2023-09-10-102244.jpg?v=1694352549\",\"keywords\":[\"ESTUDANTES\",\"LAGO\",\"pier\"],\"articleSection\":[\"Pol\u00edcia\"],\"inLanguage\":\"pt-BR\",\"potentialAction\":[{\"@type\":\"CommentAction\",\"name\":\"Comment\",\"target\":[\"https:\\\/\\\/redenoticiaz.com.br\\\/litoralsp\\\/2023\\\/09\\\/10\\\/video-pier-desaba-e-dezenas-de-estudantes-caem-no-lago#respond\"]}]},{\"@type\":\"WebPage\",\"@id\":\"https:\\\/\\\/redenoticiaz.com.br\\\/litoralsp\\\/2023\\\/09\\\/10\\\/video-pier-desaba-e-dezenas-de-estudantes-caem-no-lago\",\"url\":\"https:\\\/\\\/redenoticiaz.com.br\\\/litoralsp\\\/2023\\\/09\\\/10\\\/video-pier-desaba-e-dezenas-de-estudantes-caem-no-lago\",\"name\":\"V\u00cdDEO \u2013 P\u00eder desaba e dezenas de estudantes caem no lago - Litoral SP\",\"isPartOf\":{\"@id\":\"https:\\\/\\\/redenoticiaz.com.br\\\/litoralsp\\\/#website\"},\"primaryImageOfPage\":{\"@id\":\"https:\\\/\\\/redenoticiaz.com.br\\\/litoralsp\\\/2023\\\/09\\\/10\\\/video-pier-desaba-e-dezenas-de-estudantes-caem-no-lago#primaryimage\"},\"image\":{\"@id\":\"https:\\\/\\\/redenoticiaz.com.br\\\/litoralsp\\\/2023\\\/09\\\/10\\\/video-pier-desaba-e-dezenas-de-estudantes-caem-no-lago#primaryimage\"},\"thumbnailUrl\":\"https:\\\/\\\/redenoticiaz.com.br\\\/litoralsp\\\/wp-content\\\/uploads\\\/sites\\\/3\\\/2023\\\/09\\\/Captura-de-tela-2023-09-10-102244.jpg?v=1694352549\",\"datePublished\":\"2023-09-10T13:33:50+00:00\",\"dateModified\":\"2023-09-10T13:40:47+00:00\",\"description\":\"Um evento de celebra\u00e7\u00e3o do feriado do Dia do Trabalho na Universidade de Wisconsin-Madison teve um final inesperado quando um p\u00eder lotado.\",\"inLanguage\":\"pt-BR\",\"potentialAction\":[{\"@type\":\"ReadAction\",\"target\":[\"https:\\\/\\\/redenoticiaz.com.br\\\/litoralsp\\\/2023\\\/09\\\/10\\\/video-pier-desaba-e-dezenas-de-estudantes-caem-no-lago\"]}]},{\"@type\":\"ImageObject\",\"inLanguage\":\"pt-BR\",\"@id\":\"https:\\\/\\\/redenoticiaz.com.br\\\/litoralsp\\\/2023\\\/09\\\/10\\\/video-pier-desaba-e-dezenas-de-estudantes-caem-no-lago#primaryimage\",\"url\":\"https:\\\/\\\/redenoticiaz.com.br\\\/litoralsp\\\/wp-content\\\/uploads\\\/sites\\\/3\\\/2023\\\/09\\\/Captura-de-tela-2023-09-10-102244.jpg?v=1694352549\",\"contentUrl\":\"https:\\\/\\\/redenoticiaz.com.br\\\/litoralsp\\\/wp-content\\\/uploads\\\/sites\\\/3\\\/2023\\\/09\\\/Captura-de-tela-2023-09-10-102244.jpg?v=1694352549\",\"width\":824,\"height\":484,\"caption\":\"V\u00cdDEO - P\u00eder desaba e dezenas de estudantes caem no lago\"},{\"@type\":\"WebSite\",\"@id\":\"https:\\\/\\\/redenoticiaz.com.br\\\/litoralsp\\\/#website\",\"url\":\"https:\\\/\\\/redenoticiaz.com.br\\\/litoralsp\\\/\",\"name\":\"Litoral SP\",\"description\":\"Rede NoticiaZ\",\"publisher\":{\"@id\":\"https:\\\/\\\/redenoticiaz.com.br\\\/litoralsp\\\/#organization\"},\"potentialAction\":[{\"@type\":\"SearchAction\",\"target\":{\"@type\":\"EntryPoint\",\"urlTemplate\":\"https:\\\/\\\/redenoticiaz.com.br\\\/litoralsp\\\/?s={search_term_string}\"},\"query-input\":{\"@type\":\"PropertyValueSpecification\",\"valueRequired\":true,\"valueName\":\"search_term_string\"}}],\"inLanguage\":\"pt-BR\"},{\"@type\":\"Organization\",\"@id\":\"https:\\\/\\\/redenoticiaz.com.br\\\/litoralsp\\\/#organization\",\"name\":\"Litoral SP\",\"url\":\"https:\\\/\\\/redenoticiaz.com.br\\\/litoralsp\\\/\",\"logo\":{\"@type\":\"ImageObject\",\"inLanguage\":\"pt-BR\",\"@id\":\"https:\\\/\\\/redenoticiaz.com.br\\\/litoralsp\\\/#\\\/schema\\\/logo\\\/image\\\/\",\"url\":\"https:\\\/\\\/redenoticiaz.com.br\\\/litoralsp\\\/wp-content\\\/uploads\\\/sites\\\/3\\\/2020\\\/11\\\/logo.jpg\",\"contentUrl\":\"https:\\\/\\\/redenoticiaz.com.br\\\/litoralsp\\\/wp-content\\\/uploads\\\/sites\\\/3\\\/2020\\\/11\\\/logo.jpg\",\"width\":400,\"height\":250,\"caption\":\"Litoral SP\"},\"image\":{\"@id\":\"https:\\\/\\\/redenoticiaz.com.br\\\/litoralsp\\\/#\\\/schema\\\/logo\\\/image\\\/\"}},{\"@type\":\"Person\",\"@id\":\"https:\\\/\\\/redenoticiaz.com.br\\\/litoralsp\\\/#\\\/schema\\\/person\\\/1f84d6e94e6a62d2d81199d7503e9e90\",\"name\":\"Carina Reifonas\",\"image\":{\"@type\":\"ImageObject\",\"inLanguage\":\"pt-BR\",\"@id\":\"https:\\\/\\\/secure.gravatar.com\\\/avatar\\\/04c59859b23696cf867715880f81d5c037e60109730bdb4e6670ec2a2245bc97?s=96&d=mm&r=g\",\"url\":\"https:\\\/\\\/secure.gravatar.com\\\/avatar\\\/04c59859b23696cf867715880f81d5c037e60109730bdb4e6670ec2a2245bc97?s=96&d=mm&r=g\",\"contentUrl\":\"https:\\\/\\\/secure.gravatar.com\\\/avatar\\\/04c59859b23696cf867715880f81d5c037e60109730bdb4e6670ec2a2245bc97?s=96&d=mm&r=g\",\"caption\":\"Carina Reifonas\"},\"url\":\"https:\\\/\\\/redenoticiaz.com.br\\\/litoralsp\\\/author\\\/carinareifonas\"}]}<\/script>\n<!-- \/ Yoast SEO plugin. -->","yoast_head_json":{"title":"V\u00cdDEO \u2013 P\u00eder desaba e dezenas de estudantes caem no lago - Litoral SP","description":"Um evento de celebra\u00e7\u00e3o do feriado do Dia do Trabalho na Universidade de Wisconsin-Madison teve um final inesperado quando um p\u00eder lotado.","robots":{"index":"index","follow":"follow","max-snippet":"max-snippet:-1","max-image-preview":"max-image-preview:large","max-video-preview":"max-video-preview:-1"},"canonical":"https:\/\/redenoticiaz.com.br\/litoralsp\/2023\/09\/10\/video-pier-desaba-e-dezenas-de-estudantes-caem-no-lago","og_locale":"pt_BR","og_type":"article","og_title":"V\u00cdDEO \u2013 P\u00eder desaba e dezenas de estudantes caem no lago - Litoral SP","og_description":"Um evento de celebra\u00e7\u00e3o do feriado do Dia do Trabalho na Universidade de Wisconsin-Madison teve um final inesperado quando um p\u00eder lotado.","og_url":"https:\/\/redenoticiaz.com.br\/litoralsp\/2023\/09\/10\/video-pier-desaba-e-dezenas-de-estudantes-caem-no-lago","og_site_name":"Litoral SP","article_published_time":"2023-09-10T13:33:50+00:00","article_modified_time":"2023-09-10T13:40:47+00:00","og_image":[{"width":824,"height":484,"url":"https:\/\/redenoticiaz.com.br\/litoralsp\/wp-content\/uploads\/sites\/3\/2023\/09\/Captura-de-tela-2023-09-10-102244.jpg?v=1694352549","type":"image\/jpeg"}],"author":"Carina Reifonas","twitter_card":"summary_large_image","twitter_misc":{"Escrito por":"Carina Reifonas","Est. tempo de leitura":"1 minuto"},"schema":{"@context":"https:\/\/schema.org","@graph":[{"@type":"Article","@id":"https:\/\/redenoticiaz.com.br\/litoralsp\/2023\/09\/10\/video-pier-desaba-e-dezenas-de-estudantes-caem-no-lago#article","isPartOf":{"@id":"https:\/\/redenoticiaz.com.br\/litoralsp\/2023\/09\/10\/video-pier-desaba-e-dezenas-de-estudantes-caem-no-lago"},"author":{"name":"Carina Reifonas","@id":"https:\/\/redenoticiaz.com.br\/litoralsp\/#\/schema\/person\/1f84d6e94e6a62d2d81199d7503e9e90"},"headline":"V\u00cdDEO \u2013 P\u00eder desaba e dezenas de estudantes caem no lago","datePublished":"2023-09-10T13:33:50+00:00","dateModified":"2023-09-10T13:40:47+00:00","mainEntityOfPage":{"@id":"https:\/\/redenoticiaz.com.br\/litoralsp\/2023\/09\/10\/video-pier-desaba-e-dezenas-de-estudantes-caem-no-lago"},"wordCount":150,"commentCount":0,"publisher":{"@id":"https:\/\/redenoticiaz.com.br\/litoralsp\/#organization"},"image":{"@id":"https:\/\/redenoticiaz.com.br\/litoralsp\/2023\/09\/10\/video-pier-desaba-e-dezenas-de-estudantes-caem-no-lago#primaryimage"},"thumbnailUrl":"https:\/\/redenoticiaz.com.br\/litoralsp\/wp-content\/uploads\/sites\/3\/2023\/09\/Captura-de-tela-2023-09-10-102244.jpg?v=1694352549","keywords":["ESTUDANTES","LAGO","pier"],"articleSection":["Pol\u00edcia"],"inLanguage":"pt-BR","potentialAction":[{"@type":"CommentAction","name":"Comment","target":["https:\/\/redenoticiaz.com.br\/litoralsp\/2023\/09\/10\/video-pier-desaba-e-dezenas-de-estudantes-caem-no-lago#respond"]}]},{"@type":"WebPage","@id":"https:\/\/redenoticiaz.com.br\/litoralsp\/2023\/09\/10\/video-pier-desaba-e-dezenas-de-estudantes-caem-no-lago","url":"https:\/\/redenoticiaz.com.br\/litoralsp\/2023\/09\/10\/video-pier-desaba-e-dezenas-de-estudantes-caem-no-lago","name":"V\u00cdDEO \u2013 P\u00eder desaba e dezenas de estudantes caem no lago - Litoral SP","isPartOf":{"@id":"https:\/\/redenoticiaz.com.br\/litoralsp\/#website"},"primaryImageOfPage":{"@id":"https:\/\/redenoticiaz.com.br\/litoralsp\/2023\/09\/10\/video-pier-desaba-e-dezenas-de-estudantes-caem-no-lago#primaryimage"},"image":{"@id":"https:\/\/redenoticiaz.com.br\/litoralsp\/2023\/09\/10\/video-pier-desaba-e-dezenas-de-estudantes-caem-no-lago#primaryimage"},"thumbnailUrl":"https:\/\/redenoticiaz.com.br\/litoralsp\/wp-content\/uploads\/sites\/3\/2023\/09\/Captura-de-tela-2023-09-10-102244.jpg?v=1694352549","datePublished":"2023-09-10T13:33:50+00:00","dateModified":"2023-09-10T13:40:47+00:00","description":"Um evento de celebra\u00e7\u00e3o do feriado do Dia do Trabalho na Universidade de Wisconsin-Madison teve um final inesperado quando um p\u00eder lotado.","inLanguage":"pt-BR","potentialAction":[{"@type":"ReadAction","target":["https:\/\/redenoticiaz.com.br\/litoralsp\/2023\/09\/10\/video-pier-desaba-e-dezenas-de-estudantes-caem-no-lago"]}]},{"@type":"ImageObject","inLanguage":"pt-BR","@id":"https:\/\/redenoticiaz.com.br\/litoralsp\/2023\/09\/10\/video-pier-desaba-e-dezenas-de-estudantes-caem-no-lago#primaryimage","url":"https:\/\/redenoticiaz.com.br\/litoralsp\/wp-content\/uploads\/sites\/3\/2023\/09\/Captura-de-tela-2023-09-10-102244.jpg?v=1694352549","contentUrl":"https:\/\/redenoticiaz.com.br\/litoralsp\/wp-content\/uploads\/sites\/3\/2023\/09\/Captura-de-tela-2023-09-10-102244.jpg?v=1694352549","width":824,"height":484,"caption":"V\u00cdDEO - P\u00eder desaba e dezenas de estudantes caem no lago"},{"@type":"WebSite","@id":"https:\/\/redenoticiaz.com.br\/litoralsp\/#website","url":"https:\/\/redenoticiaz.com.br\/litoralsp\/","name":"Litoral SP","description":"Rede NoticiaZ","publisher":{"@id":"https:\/\/redenoticiaz.com.br\/litoralsp\/#organization"},"potentialAction":[{"@type":"SearchAction","target":{"@type":"EntryPoint","urlTemplate":"https:\/\/redenoticiaz.com.br\/litoralsp\/?s={search_term_string}"},"query-input":{"@type":"PropertyValueSpecification","valueRequired":true,"valueName":"search_term_string"}}],"inLanguage":"pt-BR"},{"@type":"Organization","@id":"https:\/\/redenoticiaz.com.br\/litoralsp\/#organization","name":"Litoral SP","url":"https:\/\/redenoticiaz.com.br\/litoralsp\/","logo":{"@type":"ImageObject","inLanguage":"pt-BR","@id":"https:\/\/redenoticiaz.com.br\/litoralsp\/#\/schema\/logo\/image\/","url":"https:\/\/redenoticiaz.com.br\/litoralsp\/wp-content\/uploads\/sites\/3\/2020\/11\/logo.jpg","contentUrl":"https:\/\/redenoticiaz.com.br\/litoralsp\/wp-content\/uploads\/sites\/3\/2020\/11\/logo.jpg","width":400,"height":250,"caption":"Litoral SP"},"image":{"@id":"https:\/\/redenoticiaz.com.br\/litoralsp\/#\/schema\/logo\/image\/"}},{"@type":"Person","@id":"https:\/\/redenoticiaz.com.br\/litoralsp\/#\/schema\/person\/1f84d6e94e6a62d2d81199d7503e9e90","name":"Carina Reifonas","image":{"@type":"ImageObject","inLanguage":"pt-BR","@id":"https:\/\/secure.gravatar.com\/avatar\/04c59859b23696cf867715880f81d5c037e60109730bdb4e6670ec2a2245bc97?s=96&d=mm&r=g","url":"https:\/\/secure.gravatar.com\/avatar\/04c59859b23696cf867715880f81d5c037e60109730bdb4e6670ec2a2245bc97?s=96&d=mm&r=g","contentUrl":"https:\/\/secure.gravatar.com\/avatar\/04c59859b23696cf867715880f81d5c037e60109730bdb4e6670ec2a2245bc97?s=96&d=mm&r=g","caption":"Carina Reifonas"},"url":"https:\/\/redenoticiaz.com.br\/litoralsp\/author\/carinareifonas"}]}},"_links":{"self":[{"href":"https:\/\/redenoticiaz.com.br\/litoralsp\/wp-json\/wp\/v2\/posts\/110441","targetHints":{"allow":["GET"]}}],"collection":[{"href":"https:\/\/redenoticiaz.com.br\/litoralsp\/wp-json\/wp\/v2\/posts"}],"about":[{"href":"https:\/\/redenoticiaz.com.br\/litoralsp\/wp-json\/wp\/v2\/types\/post"}],"author":[{"embeddable":true,"href":"https:\/\/redenoticiaz.com.br\/litoralsp\/wp-json\/wp\/v2\/users\/30"}],"replies":[{"embeddable":true,"href":"https:\/\/redenoticiaz.com.br\/litoralsp\/wp-json\/wp\/v2\/comments?post=110441"}],"version-history":[{"count":2,"href":"https:\/\/redenoticiaz.com.br\/litoralsp\/wp-json\/wp\/v2\/posts\/110441\/revisions"}],"predecessor-version":[{"id":110445,"href":"https:\/\/redenoticiaz.com.br\/litoralsp\/wp-json\/wp\/v2\/posts\/110441\/revisions\/110445"}],"wp:featuredmedia":[{"embeddable":true,"href":"https:\/\/redenoticiaz.com.br\/litoralsp\/wp-json\/wp\/v2\/media\/110442"}],"wp:attachment":[{"href":"https:\/\/redenoticiaz.com.br\/litoralsp\/wp-json\/wp\/v2\/media?parent=110441"}],"wp:term":[{"taxonomy":"category","embeddable":true,"href":"https:\/\/redenoticiaz.com.br\/litoralsp\/wp-json\/wp\/v2\/categories?post=110441"},{"taxonomy":"post_tag","embeddable":true,"href":"https:\/\/redenoticiaz.com.br\/litoralsp\/wp-json\/wp\/v2\/tags?post=110441"}],"curies":[{"name":"wp","href":"https:\/\/api.w.org\/{rel}","templated":true}]}}