{"id":110446,"date":"2023-09-10T12:16:52","date_gmt":"2023-09-10T15:16:52","guid":{"rendered":"https:\/\/redenoticiaz.com.br\/litoralsp\/2023\/09\/10\/7o-apoio-aos-romeiros-amigos-em-oracao-preparam-se-para-ajudar"},"modified":"2023-09-11T06:26:15","modified_gmt":"2023-09-11T09:26:15","slug":"7o-apoio-aos-romeiros-amigos-em-oracao-preparam-se-para-ajudar","status":"publish","type":"post","link":"https:\/\/redenoticiaz.com.br\/litoralsp\/2023\/09\/10\/7o-apoio-aos-romeiros-amigos-em-oracao-preparam-se-para-ajudar","title":{"rendered":"7\u00ba Apoio aos Romeiros: amigos em ora\u00e7\u00e3o preparam-se para ajudar"},"content":{"rendered":"<p>Est\u00e1 chegando o 7\u00ba Apoio aos Romeiros, um gesto de carinho, amor ao pr\u00f3ximo e devo\u00e7\u00e3o \u00e0queles que seguem em caminhada rumo a Aparecida, \u00e0s margens da Rodovia Dutra. Os dias marcados para essa nobre iniciativa s\u00e3o 11 e 12 de outubro.<\/p>\n<p>A campanha est\u00e1 arrecadando diversos itens essenciais para auxiliar os peregrinos, como p\u00f3 de caf\u00e9, a\u00e7\u00facar, bolachas, \u00e1gua, suco, leite, achocolatado e materiais de primeiros socorros, incluindo curativos e pomadas para assaduras, al\u00e9m de absorventes.<\/p>\n<p>Se voc\u00ea deseja contribuir e fazer parte dessa a\u00e7\u00e3o solid\u00e1ria, pode contar com os pontos de coleta na Adega Barnab\u00e9 em Jarinu ou realizar uma doa\u00e7\u00e3o atrav\u00e9s do PIX &#8211; 11 94788-2544.<\/p>\n<p>Para mais informa\u00e7\u00f5es, entre em contato pelo n\u00famero (11) 9 4788-2644. Vamos juntos fazer a diferen\u00e7a na jornada dos romeiros em dire\u00e7\u00e3o a Aparecida.<\/p>\n<p><img loading=\"lazy\" decoding=\"async\" class=\"alignnone size-medium wp-image-110448\" src=\"https:\/\/redenoticiaz.com.br\/litoralsp\/wp-content\/uploads\/sites\/3\/2023\/09\/Imagem-do-WhatsApp-de-rom-2-293x220.jpg\" alt=\"\" width=\"293\" height=\"220\" \/> <img loading=\"lazy\" decoding=\"async\" class=\"alignnone size-medium wp-image-110447\" src=\"https:\/\/redenoticiaz.com.br\/litoralsp\/wp-content\/uploads\/sites\/3\/2023\/09\/Imagem-do-WhatsApp-drome-3-168x220.jpg\" alt=\"\" width=\"168\" height=\"220\" \/><\/p>\n<p>LEIA MAIS<\/p>\n<p><a href=\"https:\/\/redenoticiaz.com.br\/blog\/2023\/09\/10\/vini-jr-e-debinha-estao-entre-os-finalistas-ao-premio-bola-de-ouro\">Vini Jr e Debinha est\u00e3o entre os finalistas ao pr\u00eamio Bola de Ouro<\/a><\/p>\n","protected":false},"excerpt":{"rendered":"<p>Est\u00e1 chegando o 7\u00ba Apoio aos Romeiros, um gesto de carinho, amor ao pr\u00f3ximo e devo\u00e7\u00e3o \u00e0queles que seguem em caminhada rumo a Aparecida, \u00e0s margens da Rodovia Dutra. Os dias marcados para essa nobre iniciativa s\u00e3o 11 e 12 de outubro. A campanha est\u00e1 arrecadando diversos itens essenciais para auxiliar os peregrinos, como p\u00f3 &hellip;<\/p>\n","protected":false},"author":30,"featured_media":110449,"comment_status":"open","ping_status":"closed","sticky":false,"template":"","format":"standard","meta":{"footnotes":""},"categories":[6470],"tags":[67082,10536],"class_list":["post-110446","post","type-post","status-publish","format-standard","has-post-thumbnail","hentry","category-acao-social","tag-romeiros","tag-solidariedade"],"yoast_head":"<!-- This site is optimized with the Yoast SEO plugin v27.5 - https:\/\/yoast.com\/product\/yoast-seo-wordpress\/ -->\n<title>7\u00ba Apoio aos Romeiros: amigos em ora\u00e7\u00e3o preparam-se para ajudar - Litoral SP<\/title>\n<meta name=\"description\" content=\"Est\u00e1 chegando o 7\u00ba Apoio aos Romeiros, um gesto de carinho, amor ao pr\u00f3ximo e devo\u00e7\u00e3o \u00e0queles que seguem em caminhada rumo a Aparecida\" \/>\n<meta name=\"robots\" content=\"index, follow, max-snippet:-1, max-image-preview:large, max-video-preview:-1\" \/>\n<link rel=\"canonical\" href=\"https:\/\/redenoticiaz.com.br\/litoralsp\/2023\/09\/10\/7o-apoio-aos-romeiros-amigos-em-oracao-preparam-se-para-ajudar\" \/>\n<meta property=\"og:locale\" content=\"pt_BR\" \/>\n<meta property=\"og:type\" content=\"article\" \/>\n<meta property=\"og:title\" content=\"7\u00ba Apoio aos Romeiros: amigos em ora\u00e7\u00e3o preparam-se para ajudar - Litoral SP\" \/>\n<meta property=\"og:description\" content=\"Est\u00e1 chegando o 7\u00ba Apoio aos Romeiros, um gesto de carinho, amor ao pr\u00f3ximo e devo\u00e7\u00e3o \u00e0queles que seguem em caminhada rumo a Aparecida\" \/>\n<meta property=\"og:url\" content=\"https:\/\/redenoticiaz.com.br\/litoralsp\/2023\/09\/10\/7o-apoio-aos-romeiros-amigos-em-oracao-preparam-se-para-ajudar\" \/>\n<meta property=\"og:site_name\" content=\"Litoral SP\" \/>\n<meta property=\"article:published_time\" content=\"2023-09-10T15:16:52+00:00\" \/>\n<meta property=\"article:modified_time\" content=\"2023-09-11T09:26:15+00:00\" \/>\n<meta property=\"og:image\" content=\"https:\/\/redenoticiaz.com.br\/litoralsp\/wp-content\/uploads\/sites\/3\/2023\/09\/Imagem-do-WhatsApp-de-2023-09-10-as-11.49.15.jpg?v=1694358935\" \/>\n\t<meta property=\"og:image:width\" content=\"1080\" \/>\n\t<meta property=\"og:image:height\" content=\"474\" \/>\n\t<meta property=\"og:image:type\" content=\"image\/jpeg\" \/>\n<meta name=\"author\" content=\"Carina Reifonas\" \/>\n<meta name=\"twitter:card\" content=\"summary_large_image\" \/>\n<meta name=\"twitter:label1\" content=\"Escrito por\" \/>\n\t<meta name=\"twitter:data1\" content=\"Carina Reifonas\" \/>\n\t<meta name=\"twitter:label2\" content=\"Est. tempo de leitura\" \/>\n\t<meta name=\"twitter:data2\" content=\"1 minuto\" \/>\n<script type=\"application\/ld+json\" class=\"yoast-schema-graph\">{\"@context\":\"https:\\\/\\\/schema.org\",\"@graph\":[{\"@type\":\"Article\",\"@id\":\"https:\\\/\\\/redenoticiaz.com.br\\\/litoralsp\\\/2023\\\/09\\\/10\\\/7o-apoio-aos-romeiros-amigos-em-oracao-preparam-se-para-ajudar#article\",\"isPartOf\":{\"@id\":\"https:\\\/\\\/redenoticiaz.com.br\\\/litoralsp\\\/2023\\\/09\\\/10\\\/7o-apoio-aos-romeiros-amigos-em-oracao-preparam-se-para-ajudar\"},\"author\":{\"name\":\"Carina Reifonas\",\"@id\":\"https:\\\/\\\/redenoticiaz.com.br\\\/litoralsp\\\/#\\\/schema\\\/person\\\/1f84d6e94e6a62d2d81199d7503e9e90\"},\"headline\":\"7\u00ba Apoio aos Romeiros: amigos em ora\u00e7\u00e3o preparam-se para ajudar\",\"datePublished\":\"2023-09-10T15:16:52+00:00\",\"dateModified\":\"2023-09-11T09:26:15+00:00\",\"mainEntityOfPage\":{\"@id\":\"https:\\\/\\\/redenoticiaz.com.br\\\/litoralsp\\\/2023\\\/09\\\/10\\\/7o-apoio-aos-romeiros-amigos-em-oracao-preparam-se-para-ajudar\"},\"wordCount\":167,\"commentCount\":0,\"publisher\":{\"@id\":\"https:\\\/\\\/redenoticiaz.com.br\\\/litoralsp\\\/#organization\"},\"image\":{\"@id\":\"https:\\\/\\\/redenoticiaz.com.br\\\/litoralsp\\\/2023\\\/09\\\/10\\\/7o-apoio-aos-romeiros-amigos-em-oracao-preparam-se-para-ajudar#primaryimage\"},\"thumbnailUrl\":\"https:\\\/\\\/redenoticiaz.com.br\\\/litoralsp\\\/wp-content\\\/uploads\\\/sites\\\/3\\\/2023\\\/09\\\/Imagem-do-WhatsApp-de-2023-09-10-as-11.49.15.jpg?v=1694358935\",\"keywords\":[\"romeiros\",\"SOLIDARIEDADE\"],\"articleSection\":[\"A\u00e7\u00e3o Social\"],\"inLanguage\":\"pt-BR\",\"potentialAction\":[{\"@type\":\"CommentAction\",\"name\":\"Comment\",\"target\":[\"https:\\\/\\\/redenoticiaz.com.br\\\/litoralsp\\\/2023\\\/09\\\/10\\\/7o-apoio-aos-romeiros-amigos-em-oracao-preparam-se-para-ajudar#respond\"]}]},{\"@type\":\"WebPage\",\"@id\":\"https:\\\/\\\/redenoticiaz.com.br\\\/litoralsp\\\/2023\\\/09\\\/10\\\/7o-apoio-aos-romeiros-amigos-em-oracao-preparam-se-para-ajudar\",\"url\":\"https:\\\/\\\/redenoticiaz.com.br\\\/litoralsp\\\/2023\\\/09\\\/10\\\/7o-apoio-aos-romeiros-amigos-em-oracao-preparam-se-para-ajudar\",\"name\":\"7\u00ba Apoio aos Romeiros: amigos em ora\u00e7\u00e3o preparam-se para ajudar - Litoral SP\",\"isPartOf\":{\"@id\":\"https:\\\/\\\/redenoticiaz.com.br\\\/litoralsp\\\/#website\"},\"primaryImageOfPage\":{\"@id\":\"https:\\\/\\\/redenoticiaz.com.br\\\/litoralsp\\\/2023\\\/09\\\/10\\\/7o-apoio-aos-romeiros-amigos-em-oracao-preparam-se-para-ajudar#primaryimage\"},\"image\":{\"@id\":\"https:\\\/\\\/redenoticiaz.com.br\\\/litoralsp\\\/2023\\\/09\\\/10\\\/7o-apoio-aos-romeiros-amigos-em-oracao-preparam-se-para-ajudar#primaryimage\"},\"thumbnailUrl\":\"https:\\\/\\\/redenoticiaz.com.br\\\/litoralsp\\\/wp-content\\\/uploads\\\/sites\\\/3\\\/2023\\\/09\\\/Imagem-do-WhatsApp-de-2023-09-10-as-11.49.15.jpg?v=1694358935\",\"datePublished\":\"2023-09-10T15:16:52+00:00\",\"dateModified\":\"2023-09-11T09:26:15+00:00\",\"description\":\"Est\u00e1 chegando o 7\u00ba Apoio aos Romeiros, um gesto de carinho, amor ao pr\u00f3ximo e devo\u00e7\u00e3o \u00e0queles que seguem em caminhada rumo a Aparecida\",\"inLanguage\":\"pt-BR\",\"potentialAction\":[{\"@type\":\"ReadAction\",\"target\":[\"https:\\\/\\\/redenoticiaz.com.br\\\/litoralsp\\\/2023\\\/09\\\/10\\\/7o-apoio-aos-romeiros-amigos-em-oracao-preparam-se-para-ajudar\"]}]},{\"@type\":\"ImageObject\",\"inLanguage\":\"pt-BR\",\"@id\":\"https:\\\/\\\/redenoticiaz.com.br\\\/litoralsp\\\/2023\\\/09\\\/10\\\/7o-apoio-aos-romeiros-amigos-em-oracao-preparam-se-para-ajudar#primaryimage\",\"url\":\"https:\\\/\\\/redenoticiaz.com.br\\\/litoralsp\\\/wp-content\\\/uploads\\\/sites\\\/3\\\/2023\\\/09\\\/Imagem-do-WhatsApp-de-2023-09-10-as-11.49.15.jpg?v=1694358935\",\"contentUrl\":\"https:\\\/\\\/redenoticiaz.com.br\\\/litoralsp\\\/wp-content\\\/uploads\\\/sites\\\/3\\\/2023\\\/09\\\/Imagem-do-WhatsApp-de-2023-09-10-as-11.49.15.jpg?v=1694358935\",\"width\":1080,\"height\":474},{\"@type\":\"WebSite\",\"@id\":\"https:\\\/\\\/redenoticiaz.com.br\\\/litoralsp\\\/#website\",\"url\":\"https:\\\/\\\/redenoticiaz.com.br\\\/litoralsp\\\/\",\"name\":\"Litoral SP\",\"description\":\"Rede NoticiaZ\",\"publisher\":{\"@id\":\"https:\\\/\\\/redenoticiaz.com.br\\\/litoralsp\\\/#organization\"},\"potentialAction\":[{\"@type\":\"SearchAction\",\"target\":{\"@type\":\"EntryPoint\",\"urlTemplate\":\"https:\\\/\\\/redenoticiaz.com.br\\\/litoralsp\\\/?s={search_term_string}\"},\"query-input\":{\"@type\":\"PropertyValueSpecification\",\"valueRequired\":true,\"valueName\":\"search_term_string\"}}],\"inLanguage\":\"pt-BR\"},{\"@type\":\"Organization\",\"@id\":\"https:\\\/\\\/redenoticiaz.com.br\\\/litoralsp\\\/#organization\",\"name\":\"Litoral SP\",\"url\":\"https:\\\/\\\/redenoticiaz.com.br\\\/litoralsp\\\/\",\"logo\":{\"@type\":\"ImageObject\",\"inLanguage\":\"pt-BR\",\"@id\":\"https:\\\/\\\/redenoticiaz.com.br\\\/litoralsp\\\/#\\\/schema\\\/logo\\\/image\\\/\",\"url\":\"https:\\\/\\\/redenoticiaz.com.br\\\/litoralsp\\\/wp-content\\\/uploads\\\/sites\\\/3\\\/2020\\\/11\\\/logo.jpg\",\"contentUrl\":\"https:\\\/\\\/redenoticiaz.com.br\\\/litoralsp\\\/wp-content\\\/uploads\\\/sites\\\/3\\\/2020\\\/11\\\/logo.jpg\",\"width\":400,\"height\":250,\"caption\":\"Litoral SP\"},\"image\":{\"@id\":\"https:\\\/\\\/redenoticiaz.com.br\\\/litoralsp\\\/#\\\/schema\\\/logo\\\/image\\\/\"}},{\"@type\":\"Person\",\"@id\":\"https:\\\/\\\/redenoticiaz.com.br\\\/litoralsp\\\/#\\\/schema\\\/person\\\/1f84d6e94e6a62d2d81199d7503e9e90\",\"name\":\"Carina Reifonas\",\"image\":{\"@type\":\"ImageObject\",\"inLanguage\":\"pt-BR\",\"@id\":\"https:\\\/\\\/secure.gravatar.com\\\/avatar\\\/04c59859b23696cf867715880f81d5c037e60109730bdb4e6670ec2a2245bc97?s=96&d=mm&r=g\",\"url\":\"https:\\\/\\\/secure.gravatar.com\\\/avatar\\\/04c59859b23696cf867715880f81d5c037e60109730bdb4e6670ec2a2245bc97?s=96&d=mm&r=g\",\"contentUrl\":\"https:\\\/\\\/secure.gravatar.com\\\/avatar\\\/04c59859b23696cf867715880f81d5c037e60109730bdb4e6670ec2a2245bc97?s=96&d=mm&r=g\",\"caption\":\"Carina Reifonas\"},\"url\":\"https:\\\/\\\/redenoticiaz.com.br\\\/litoralsp\\\/author\\\/carinareifonas\"}]}<\/script>\n<!-- \/ Yoast SEO plugin. -->","yoast_head_json":{"title":"7\u00ba Apoio aos Romeiros: amigos em ora\u00e7\u00e3o preparam-se para ajudar - Litoral SP","description":"Est\u00e1 chegando o 7\u00ba Apoio aos Romeiros, um gesto de carinho, amor ao pr\u00f3ximo e devo\u00e7\u00e3o \u00e0queles que seguem em caminhada rumo a Aparecida","robots":{"index":"index","follow":"follow","max-snippet":"max-snippet:-1","max-image-preview":"max-image-preview:large","max-video-preview":"max-video-preview:-1"},"canonical":"https:\/\/redenoticiaz.com.br\/litoralsp\/2023\/09\/10\/7o-apoio-aos-romeiros-amigos-em-oracao-preparam-se-para-ajudar","og_locale":"pt_BR","og_type":"article","og_title":"7\u00ba Apoio aos Romeiros: amigos em ora\u00e7\u00e3o preparam-se para ajudar - Litoral SP","og_description":"Est\u00e1 chegando o 7\u00ba Apoio aos Romeiros, um gesto de carinho, amor ao pr\u00f3ximo e devo\u00e7\u00e3o \u00e0queles que seguem em caminhada rumo a Aparecida","og_url":"https:\/\/redenoticiaz.com.br\/litoralsp\/2023\/09\/10\/7o-apoio-aos-romeiros-amigos-em-oracao-preparam-se-para-ajudar","og_site_name":"Litoral SP","article_published_time":"2023-09-10T15:16:52+00:00","article_modified_time":"2023-09-11T09:26:15+00:00","og_image":[{"width":1080,"height":474,"url":"https:\/\/redenoticiaz.com.br\/litoralsp\/wp-content\/uploads\/sites\/3\/2023\/09\/Imagem-do-WhatsApp-de-2023-09-10-as-11.49.15.jpg?v=1694358935","type":"image\/jpeg"}],"author":"Carina Reifonas","twitter_card":"summary_large_image","twitter_misc":{"Escrito por":"Carina Reifonas","Est. tempo de leitura":"1 minuto"},"schema":{"@context":"https:\/\/schema.org","@graph":[{"@type":"Article","@id":"https:\/\/redenoticiaz.com.br\/litoralsp\/2023\/09\/10\/7o-apoio-aos-romeiros-amigos-em-oracao-preparam-se-para-ajudar#article","isPartOf":{"@id":"https:\/\/redenoticiaz.com.br\/litoralsp\/2023\/09\/10\/7o-apoio-aos-romeiros-amigos-em-oracao-preparam-se-para-ajudar"},"author":{"name":"Carina Reifonas","@id":"https:\/\/redenoticiaz.com.br\/litoralsp\/#\/schema\/person\/1f84d6e94e6a62d2d81199d7503e9e90"},"headline":"7\u00ba Apoio aos Romeiros: amigos em ora\u00e7\u00e3o preparam-se para ajudar","datePublished":"2023-09-10T15:16:52+00:00","dateModified":"2023-09-11T09:26:15+00:00","mainEntityOfPage":{"@id":"https:\/\/redenoticiaz.com.br\/litoralsp\/2023\/09\/10\/7o-apoio-aos-romeiros-amigos-em-oracao-preparam-se-para-ajudar"},"wordCount":167,"commentCount":0,"publisher":{"@id":"https:\/\/redenoticiaz.com.br\/litoralsp\/#organization"},"image":{"@id":"https:\/\/redenoticiaz.com.br\/litoralsp\/2023\/09\/10\/7o-apoio-aos-romeiros-amigos-em-oracao-preparam-se-para-ajudar#primaryimage"},"thumbnailUrl":"https:\/\/redenoticiaz.com.br\/litoralsp\/wp-content\/uploads\/sites\/3\/2023\/09\/Imagem-do-WhatsApp-de-2023-09-10-as-11.49.15.jpg?v=1694358935","keywords":["romeiros","SOLIDARIEDADE"],"articleSection":["A\u00e7\u00e3o Social"],"inLanguage":"pt-BR","potentialAction":[{"@type":"CommentAction","name":"Comment","target":["https:\/\/redenoticiaz.com.br\/litoralsp\/2023\/09\/10\/7o-apoio-aos-romeiros-amigos-em-oracao-preparam-se-para-ajudar#respond"]}]},{"@type":"WebPage","@id":"https:\/\/redenoticiaz.com.br\/litoralsp\/2023\/09\/10\/7o-apoio-aos-romeiros-amigos-em-oracao-preparam-se-para-ajudar","url":"https:\/\/redenoticiaz.com.br\/litoralsp\/2023\/09\/10\/7o-apoio-aos-romeiros-amigos-em-oracao-preparam-se-para-ajudar","name":"7\u00ba Apoio aos Romeiros: amigos em ora\u00e7\u00e3o preparam-se para ajudar - Litoral SP","isPartOf":{"@id":"https:\/\/redenoticiaz.com.br\/litoralsp\/#website"},"primaryImageOfPage":{"@id":"https:\/\/redenoticiaz.com.br\/litoralsp\/2023\/09\/10\/7o-apoio-aos-romeiros-amigos-em-oracao-preparam-se-para-ajudar#primaryimage"},"image":{"@id":"https:\/\/redenoticiaz.com.br\/litoralsp\/2023\/09\/10\/7o-apoio-aos-romeiros-amigos-em-oracao-preparam-se-para-ajudar#primaryimage"},"thumbnailUrl":"https:\/\/redenoticiaz.com.br\/litoralsp\/wp-content\/uploads\/sites\/3\/2023\/09\/Imagem-do-WhatsApp-de-2023-09-10-as-11.49.15.jpg?v=1694358935","datePublished":"2023-09-10T15:16:52+00:00","dateModified":"2023-09-11T09:26:15+00:00","description":"Est\u00e1 chegando o 7\u00ba Apoio aos Romeiros, um gesto de carinho, amor ao pr\u00f3ximo e devo\u00e7\u00e3o \u00e0queles que seguem em caminhada rumo a Aparecida","inLanguage":"pt-BR","potentialAction":[{"@type":"ReadAction","target":["https:\/\/redenoticiaz.com.br\/litoralsp\/2023\/09\/10\/7o-apoio-aos-romeiros-amigos-em-oracao-preparam-se-para-ajudar"]}]},{"@type":"ImageObject","inLanguage":"pt-BR","@id":"https:\/\/redenoticiaz.com.br\/litoralsp\/2023\/09\/10\/7o-apoio-aos-romeiros-amigos-em-oracao-preparam-se-para-ajudar#primaryimage","url":"https:\/\/redenoticiaz.com.br\/litoralsp\/wp-content\/uploads\/sites\/3\/2023\/09\/Imagem-do-WhatsApp-de-2023-09-10-as-11.49.15.jpg?v=1694358935","contentUrl":"https:\/\/redenoticiaz.com.br\/litoralsp\/wp-content\/uploads\/sites\/3\/2023\/09\/Imagem-do-WhatsApp-de-2023-09-10-as-11.49.15.jpg?v=1694358935","width":1080,"height":474},{"@type":"WebSite","@id":"https:\/\/redenoticiaz.com.br\/litoralsp\/#website","url":"https:\/\/redenoticiaz.com.br\/litoralsp\/","name":"Litoral SP","description":"Rede NoticiaZ","publisher":{"@id":"https:\/\/redenoticiaz.com.br\/litoralsp\/#organization"},"potentialAction":[{"@type":"SearchAction","target":{"@type":"EntryPoint","urlTemplate":"https:\/\/redenoticiaz.com.br\/litoralsp\/?s={search_term_string}"},"query-input":{"@type":"PropertyValueSpecification","valueRequired":true,"valueName":"search_term_string"}}],"inLanguage":"pt-BR"},{"@type":"Organization","@id":"https:\/\/redenoticiaz.com.br\/litoralsp\/#organization","name":"Litoral SP","url":"https:\/\/redenoticiaz.com.br\/litoralsp\/","logo":{"@type":"ImageObject","inLanguage":"pt-BR","@id":"https:\/\/redenoticiaz.com.br\/litoralsp\/#\/schema\/logo\/image\/","url":"https:\/\/redenoticiaz.com.br\/litoralsp\/wp-content\/uploads\/sites\/3\/2020\/11\/logo.jpg","contentUrl":"https:\/\/redenoticiaz.com.br\/litoralsp\/wp-content\/uploads\/sites\/3\/2020\/11\/logo.jpg","width":400,"height":250,"caption":"Litoral SP"},"image":{"@id":"https:\/\/redenoticiaz.com.br\/litoralsp\/#\/schema\/logo\/image\/"}},{"@type":"Person","@id":"https:\/\/redenoticiaz.com.br\/litoralsp\/#\/schema\/person\/1f84d6e94e6a62d2d81199d7503e9e90","name":"Carina Reifonas","image":{"@type":"ImageObject","inLanguage":"pt-BR","@id":"https:\/\/secure.gravatar.com\/avatar\/04c59859b23696cf867715880f81d5c037e60109730bdb4e6670ec2a2245bc97?s=96&d=mm&r=g","url":"https:\/\/secure.gravatar.com\/avatar\/04c59859b23696cf867715880f81d5c037e60109730bdb4e6670ec2a2245bc97?s=96&d=mm&r=g","contentUrl":"https:\/\/secure.gravatar.com\/avatar\/04c59859b23696cf867715880f81d5c037e60109730bdb4e6670ec2a2245bc97?s=96&d=mm&r=g","caption":"Carina Reifonas"},"url":"https:\/\/redenoticiaz.com.br\/litoralsp\/author\/carinareifonas"}]}},"_links":{"self":[{"href":"https:\/\/redenoticiaz.com.br\/litoralsp\/wp-json\/wp\/v2\/posts\/110446","targetHints":{"allow":["GET"]}}],"collection":[{"href":"https:\/\/redenoticiaz.com.br\/litoralsp\/wp-json\/wp\/v2\/posts"}],"about":[{"href":"https:\/\/redenoticiaz.com.br\/litoralsp\/wp-json\/wp\/v2\/types\/post"}],"author":[{"embeddable":true,"href":"https:\/\/redenoticiaz.com.br\/litoralsp\/wp-json\/wp\/v2\/users\/30"}],"replies":[{"embeddable":true,"href":"https:\/\/redenoticiaz.com.br\/litoralsp\/wp-json\/wp\/v2\/comments?post=110446"}],"version-history":[{"count":6,"href":"https:\/\/redenoticiaz.com.br\/litoralsp\/wp-json\/wp\/v2\/posts\/110446\/revisions"}],"predecessor-version":[{"id":110475,"href":"https:\/\/redenoticiaz.com.br\/litoralsp\/wp-json\/wp\/v2\/posts\/110446\/revisions\/110475"}],"wp:featuredmedia":[{"embeddable":true,"href":"https:\/\/redenoticiaz.com.br\/litoralsp\/wp-json\/wp\/v2\/media\/110449"}],"wp:attachment":[{"href":"https:\/\/redenoticiaz.com.br\/litoralsp\/wp-json\/wp\/v2\/media?parent=110446"}],"wp:term":[{"taxonomy":"category","embeddable":true,"href":"https:\/\/redenoticiaz.com.br\/litoralsp\/wp-json\/wp\/v2\/categories?post=110446"},{"taxonomy":"post_tag","embeddable":true,"href":"https:\/\/redenoticiaz.com.br\/litoralsp\/wp-json\/wp\/v2\/tags?post=110446"}],"curies":[{"name":"wp","href":"https:\/\/api.w.org\/{rel}","templated":true}]}}