{"id":110478,"date":"2023-09-11T11:43:34","date_gmt":"2023-09-11T14:43:34","guid":{"rendered":"https:\/\/redenoticiaz.com.br\/litoralsp\/?p=110478"},"modified":"2023-09-11T14:57:22","modified_gmt":"2023-09-11T17:57:22","slug":"apos-novas-mortes-no-litoral-prefeitos-participam-de-reuniao-com-governador-de-sao-paulo","status":"publish","type":"post","link":"https:\/\/redenoticiaz.com.br\/litoralsp\/2023\/09\/11\/apos-novas-mortes-no-litoral-prefeitos-participam-de-reuniao-com-governador-de-sao-paulo","title":{"rendered":"Ap\u00f3s novas mortes no Litoral, Prefeitos participam de reuni\u00e3o com Governador de S\u00e3o Paulo"},"content":{"rendered":"<div id=\"chunk-ff9fk\">\n<div class=\"mc-column content-text active-extra-styles \" data-block-type=\"unstyled\" data-block-weight=\"50\" data-block-id=\"3\">\n<p data-track-category=\"Link no Texto\" data-track-links=\"\">Ap\u00f3s novas mortes no Litoral, e o fim da Opera\u00e7\u00e3o Escudo, Prefeitos participam nesta segunda-feira (11) de reuni\u00e3o com Governador de S\u00e3o Paulo, Tarc\u00edsio de Freitas.<\/p>\n<p data-track-category=\"Link no Texto\" data-track-links=\"\">De acordo com as informa\u00e7\u00f5es, o encontro ser\u00e1 realizado no Pal\u00e1cio dos Bandeirantes, e al\u00e9m da seguran\u00e7a, quest\u00f5es de saneamento b\u00e1sico ser\u00e3o discutidas.<\/p>\n<p class=\"content-text__container \" data-track-category=\"Link no Texto\" data-track-links=\"\">O Prefeito de Santos, Rog\u00e9rio Santos, informou ainda que participar\u00e1 de um encontro com o secret\u00e1rio de Desenvolvimento Urbano e Habita\u00e7\u00e3o, Marcelo Branco.<\/p>\n<p data-track-category=\"Link no Texto\" data-track-links=\"\">Para discutir projetos habitacionais que est\u00e3o em desenvolvimento e os futuros projetos de habita\u00e7\u00e3o para a cidade de Santos&#8221;<\/p>\n<\/div>\n<div id=\"chunk-bj9be\">\n<div class=\"mc-column content-text active-extra-styles \" data-block-type=\"unstyled\" data-block-weight=\"49\" data-block-id=\"13\">\n<p class=\"content-text__container \" data-track-category=\"Link no Texto\" data-track-links=\"\">Um inc\u00eandio de grandes propor\u00e7\u00f5es destruir mais de 100 moradias no Caminho S\u00e3o Jos\u00e9, no Dique da Vila Gilda. As fam\u00edlias v\u00edtimas do incidente est\u00e3o sendo acompanhadas pela administra\u00e7\u00e3o municipal.<\/p>\n<p data-track-category=\"Link no Texto\" data-track-links=\"\">De acordo com as informa\u00e7\u00f5es, o Prefeito de S\u00e3o Vicente, Kayo Amado, informou que quest\u00f5es de seguran\u00e7a p\u00fablica s\u00e3o o foco de seu entro.<\/p>\n<p data-track-category=\"Link no Texto\" data-track-links=\"\">Sendo assim, nos \u00faltimos dias, dois policiais militares foram atacados em frente a suas resid\u00eancias, no bairro Cidade N\u00e1utica. Um deles, de 55 anos, n\u00e3o resistiu aos ferimentos e morreu.<\/p>\n<\/div>\n<div id=\"chunk-6ehmf\">\n<div class=\"mc-column content-text active-extra-styles \" data-block-type=\"unstyled\" data-block-weight=\"34\" data-block-id=\"9\"><strong>Leia mais<\/strong><\/div>\n<div data-block-type=\"unstyled\" data-block-weight=\"34\" data-block-id=\"9\"><a href=\"https:\/\/redenoticiaz.com.br\/litoralsp\/2023\/09\/11\/policia-federal-prende-em-flagrante-homem-por-trafico-no-porto-de-santos\">Pol\u00edcia Federal prende em flagrante homem por tr\u00e1fico no Porto de Santos<\/a><\/div>\n<div data-block-type=\"unstyled\" data-block-weight=\"34\" data-block-id=\"9\"><a href=\"https:\/\/redenoticiaz.com.br\/litoralsp\/2023\/09\/10\/video-policial-militar-de-46-anos-sofre-atentado-em-sao-vicente\">V\u00cdDEO \u2013 Policial Militar de 46 anos sofre atentado em S\u00e3o Vicente<\/a><\/div>\n<div data-block-type=\"unstyled\" data-block-weight=\"34\" data-block-id=\"9\"><a href=\"https:\/\/redenoticiaz.com.br\/litoralsp\/2023\/09\/09\/video-morte-de-pm-aposentado-e-lamentada-por-autoridades\">V\u00cdDEO \u2013 Inc\u00eandio no festival The Town em Interlagos<\/a><\/div>\n<\/div>\n<\/div>\n<\/div>\n","protected":false},"excerpt":{"rendered":"<p>Ap\u00f3s novas mortes no Litoral, e o fim da Opera\u00e7\u00e3o Escudo, Prefeitos participam nesta segunda-feira (11) de reuni\u00e3o com Governador de S\u00e3o Paulo, Tarc\u00edsio de Freitas. De acordo com as informa\u00e7\u00f5es, o encontro ser\u00e1 realizado no Pal\u00e1cio dos Bandeirantes, e al\u00e9m da seguran\u00e7a, quest\u00f5es de saneamento b\u00e1sico ser\u00e3o discutidas. O Prefeito de Santos, Rog\u00e9rio Santos, &hellip;<\/p>\n","protected":false},"author":12,"featured_media":110479,"comment_status":"open","ping_status":"closed","sticky":false,"template":"","format":"standard","meta":{"footnotes":""},"categories":[10,180,181],"tags":[67093,67092,11384,59455],"class_list":["post-110478","post","type-post","status-publish","format-standard","has-post-thumbnail","hentry","category-policia","category-santos","category-sao-vicente","tag-atentado-pm","tag-mortes-pm","tag-seguranca","tag-tarcisio-de-freitas"],"yoast_head":"<!-- This site is optimized with the Yoast SEO plugin v27.4 - https:\/\/yoast.com\/product\/yoast-seo-wordpress\/ -->\n<title>Ap\u00f3s novas mortes no Litoral, Prefeitos participam de reuni\u00e3o com Governador de S\u00e3o Paulo - Litoral SP<\/title>\n<meta name=\"description\" content=\"Ap\u00f3s novas mortes no Litoral, e o fim da Opera\u00e7\u00e3o Escudo, Prefeitos participam nesta segunda-feira (11) de reuni\u00e3o com Governador de S\u00e3o Paulo, Tarc\u00edsio de Freitas.\" \/>\n<meta name=\"robots\" content=\"index, follow, max-snippet:-1, max-image-preview:large, max-video-preview:-1\" \/>\n<link rel=\"canonical\" href=\"https:\/\/redenoticiaz.com.br\/litoralsp\/2023\/09\/11\/apos-novas-mortes-no-litoral-prefeitos-participam-de-reuniao-com-governador-de-sao-paulo\" \/>\n<meta property=\"og:locale\" content=\"pt_BR\" \/>\n<meta property=\"og:type\" content=\"article\" \/>\n<meta property=\"og:title\" content=\"Ap\u00f3s novas mortes no Litoral, Prefeitos participam de reuni\u00e3o com Governador de S\u00e3o Paulo - Litoral SP\" \/>\n<meta property=\"og:description\" content=\"Ap\u00f3s novas mortes no Litoral, e o fim da Opera\u00e7\u00e3o Escudo, Prefeitos participam nesta segunda-feira (11) de reuni\u00e3o com Governador de S\u00e3o Paulo, Tarc\u00edsio de Freitas.\" \/>\n<meta property=\"og:url\" content=\"https:\/\/redenoticiaz.com.br\/litoralsp\/2023\/09\/11\/apos-novas-mortes-no-litoral-prefeitos-participam-de-reuniao-com-governador-de-sao-paulo\" \/>\n<meta property=\"og:site_name\" content=\"Litoral SP\" \/>\n<meta property=\"article:published_time\" content=\"2023-09-11T14:43:34+00:00\" \/>\n<meta property=\"article:modified_time\" content=\"2023-09-11T17:57:22+00:00\" \/>\n<meta property=\"og:image\" content=\"https:\/\/redenoticiaz.com.br\/litoralsp\/wp-content\/uploads\/sites\/3\/2023\/09\/design-sem-nome-5-.jpg\" \/>\n\t<meta property=\"og:image:width\" content=\"1000\" \/>\n\t<meta property=\"og:image:height\" content=\"707\" \/>\n\t<meta property=\"og:image:type\" content=\"image\/jpeg\" \/>\n<meta name=\"author\" content=\"Gustavo Silva\" \/>\n<meta name=\"twitter:card\" content=\"summary_large_image\" \/>\n<meta name=\"twitter:label1\" content=\"Escrito por\" \/>\n\t<meta name=\"twitter:data1\" content=\"Gustavo Silva\" \/>\n\t<meta name=\"twitter:label2\" content=\"Est. tempo de leitura\" \/>\n\t<meta name=\"twitter:data2\" content=\"2 minutos\" \/>\n<script type=\"application\/ld+json\" class=\"yoast-schema-graph\">{\"@context\":\"https:\\\/\\\/schema.org\",\"@graph\":[{\"@type\":\"Article\",\"@id\":\"https:\\\/\\\/redenoticiaz.com.br\\\/litoralsp\\\/2023\\\/09\\\/11\\\/apos-novas-mortes-no-litoral-prefeitos-participam-de-reuniao-com-governador-de-sao-paulo#article\",\"isPartOf\":{\"@id\":\"https:\\\/\\\/redenoticiaz.com.br\\\/litoralsp\\\/2023\\\/09\\\/11\\\/apos-novas-mortes-no-litoral-prefeitos-participam-de-reuniao-com-governador-de-sao-paulo\"},\"author\":{\"name\":\"Gustavo Silva\",\"@id\":\"https:\\\/\\\/redenoticiaz.com.br\\\/litoralsp\\\/#\\\/schema\\\/person\\\/16057b37a3c0ee6b096d7f887c566e2e\"},\"headline\":\"Ap\u00f3s novas mortes no Litoral, Prefeitos participam de reuni\u00e3o com Governador de S\u00e3o Paulo\",\"datePublished\":\"2023-09-11T14:43:34+00:00\",\"dateModified\":\"2023-09-11T17:57:22+00:00\",\"mainEntityOfPage\":{\"@id\":\"https:\\\/\\\/redenoticiaz.com.br\\\/litoralsp\\\/2023\\\/09\\\/11\\\/apos-novas-mortes-no-litoral-prefeitos-participam-de-reuniao-com-governador-de-sao-paulo\"},\"wordCount\":260,\"commentCount\":0,\"publisher\":{\"@id\":\"https:\\\/\\\/redenoticiaz.com.br\\\/litoralsp\\\/#organization\"},\"image\":{\"@id\":\"https:\\\/\\\/redenoticiaz.com.br\\\/litoralsp\\\/2023\\\/09\\\/11\\\/apos-novas-mortes-no-litoral-prefeitos-participam-de-reuniao-com-governador-de-sao-paulo#primaryimage\"},\"thumbnailUrl\":\"https:\\\/\\\/redenoticiaz.com.br\\\/litoralsp\\\/wp-content\\\/uploads\\\/sites\\\/3\\\/2023\\\/09\\\/design-sem-nome-5-.jpg\",\"keywords\":[\"atentado pm\",\"mortes pm\",\"seguran\u00e7a\",\"TARC\u00cdSIO DE FREITAS\"],\"articleSection\":[\"Pol\u00edcia\",\"Santos\",\"S\u00e3o Vicente\"],\"inLanguage\":\"pt-BR\",\"potentialAction\":[{\"@type\":\"CommentAction\",\"name\":\"Comment\",\"target\":[\"https:\\\/\\\/redenoticiaz.com.br\\\/litoralsp\\\/2023\\\/09\\\/11\\\/apos-novas-mortes-no-litoral-prefeitos-participam-de-reuniao-com-governador-de-sao-paulo#respond\"]}]},{\"@type\":\"WebPage\",\"@id\":\"https:\\\/\\\/redenoticiaz.com.br\\\/litoralsp\\\/2023\\\/09\\\/11\\\/apos-novas-mortes-no-litoral-prefeitos-participam-de-reuniao-com-governador-de-sao-paulo\",\"url\":\"https:\\\/\\\/redenoticiaz.com.br\\\/litoralsp\\\/2023\\\/09\\\/11\\\/apos-novas-mortes-no-litoral-prefeitos-participam-de-reuniao-com-governador-de-sao-paulo\",\"name\":\"Ap\u00f3s novas mortes no Litoral, Prefeitos participam de reuni\u00e3o com Governador de S\u00e3o Paulo - Litoral SP\",\"isPartOf\":{\"@id\":\"https:\\\/\\\/redenoticiaz.com.br\\\/litoralsp\\\/#website\"},\"primaryImageOfPage\":{\"@id\":\"https:\\\/\\\/redenoticiaz.com.br\\\/litoralsp\\\/2023\\\/09\\\/11\\\/apos-novas-mortes-no-litoral-prefeitos-participam-de-reuniao-com-governador-de-sao-paulo#primaryimage\"},\"image\":{\"@id\":\"https:\\\/\\\/redenoticiaz.com.br\\\/litoralsp\\\/2023\\\/09\\\/11\\\/apos-novas-mortes-no-litoral-prefeitos-participam-de-reuniao-com-governador-de-sao-paulo#primaryimage\"},\"thumbnailUrl\":\"https:\\\/\\\/redenoticiaz.com.br\\\/litoralsp\\\/wp-content\\\/uploads\\\/sites\\\/3\\\/2023\\\/09\\\/design-sem-nome-5-.jpg\",\"datePublished\":\"2023-09-11T14:43:34+00:00\",\"dateModified\":\"2023-09-11T17:57:22+00:00\",\"description\":\"Ap\u00f3s novas mortes no Litoral, e o fim da Opera\u00e7\u00e3o Escudo, Prefeitos participam nesta segunda-feira (11) de reuni\u00e3o com Governador de S\u00e3o Paulo, Tarc\u00edsio de Freitas.\",\"inLanguage\":\"pt-BR\",\"potentialAction\":[{\"@type\":\"ReadAction\",\"target\":[\"https:\\\/\\\/redenoticiaz.com.br\\\/litoralsp\\\/2023\\\/09\\\/11\\\/apos-novas-mortes-no-litoral-prefeitos-participam-de-reuniao-com-governador-de-sao-paulo\"]}]},{\"@type\":\"ImageObject\",\"inLanguage\":\"pt-BR\",\"@id\":\"https:\\\/\\\/redenoticiaz.com.br\\\/litoralsp\\\/2023\\\/09\\\/11\\\/apos-novas-mortes-no-litoral-prefeitos-participam-de-reuniao-com-governador-de-sao-paulo#primaryimage\",\"url\":\"https:\\\/\\\/redenoticiaz.com.br\\\/litoralsp\\\/wp-content\\\/uploads\\\/sites\\\/3\\\/2023\\\/09\\\/design-sem-nome-5-.jpg\",\"contentUrl\":\"https:\\\/\\\/redenoticiaz.com.br\\\/litoralsp\\\/wp-content\\\/uploads\\\/sites\\\/3\\\/2023\\\/09\\\/design-sem-nome-5-.jpg\",\"width\":1000,\"height\":707,\"caption\":\"Ap\u00f3s novas mortes no Litoral, Prefeitos participam de reuni\u00e3o com Governador de S\u00e3o Paulo\"},{\"@type\":\"WebSite\",\"@id\":\"https:\\\/\\\/redenoticiaz.com.br\\\/litoralsp\\\/#website\",\"url\":\"https:\\\/\\\/redenoticiaz.com.br\\\/litoralsp\\\/\",\"name\":\"Litoral SP\",\"description\":\"Rede NoticiaZ\",\"publisher\":{\"@id\":\"https:\\\/\\\/redenoticiaz.com.br\\\/litoralsp\\\/#organization\"},\"potentialAction\":[{\"@type\":\"SearchAction\",\"target\":{\"@type\":\"EntryPoint\",\"urlTemplate\":\"https:\\\/\\\/redenoticiaz.com.br\\\/litoralsp\\\/?s={search_term_string}\"},\"query-input\":{\"@type\":\"PropertyValueSpecification\",\"valueRequired\":true,\"valueName\":\"search_term_string\"}}],\"inLanguage\":\"pt-BR\"},{\"@type\":\"Organization\",\"@id\":\"https:\\\/\\\/redenoticiaz.com.br\\\/litoralsp\\\/#organization\",\"name\":\"Litoral SP\",\"url\":\"https:\\\/\\\/redenoticiaz.com.br\\\/litoralsp\\\/\",\"logo\":{\"@type\":\"ImageObject\",\"inLanguage\":\"pt-BR\",\"@id\":\"https:\\\/\\\/redenoticiaz.com.br\\\/litoralsp\\\/#\\\/schema\\\/logo\\\/image\\\/\",\"url\":\"https:\\\/\\\/redenoticiaz.com.br\\\/litoralsp\\\/wp-content\\\/uploads\\\/sites\\\/3\\\/2020\\\/11\\\/logo.jpg\",\"contentUrl\":\"https:\\\/\\\/redenoticiaz.com.br\\\/litoralsp\\\/wp-content\\\/uploads\\\/sites\\\/3\\\/2020\\\/11\\\/logo.jpg\",\"width\":400,\"height\":250,\"caption\":\"Litoral SP\"},\"image\":{\"@id\":\"https:\\\/\\\/redenoticiaz.com.br\\\/litoralsp\\\/#\\\/schema\\\/logo\\\/image\\\/\"}},{\"@type\":\"Person\",\"@id\":\"https:\\\/\\\/redenoticiaz.com.br\\\/litoralsp\\\/#\\\/schema\\\/person\\\/16057b37a3c0ee6b096d7f887c566e2e\",\"name\":\"Gustavo Silva\",\"image\":{\"@type\":\"ImageObject\",\"inLanguage\":\"pt-BR\",\"@id\":\"https:\\\/\\\/secure.gravatar.com\\\/avatar\\\/3ee4e82f93b26de0a7cf4ea5eb7893da637ed6bb0c9170c58065944c56e28a33?s=96&d=mm&r=g\",\"url\":\"https:\\\/\\\/secure.gravatar.com\\\/avatar\\\/3ee4e82f93b26de0a7cf4ea5eb7893da637ed6bb0c9170c58065944c56e28a33?s=96&d=mm&r=g\",\"contentUrl\":\"https:\\\/\\\/secure.gravatar.com\\\/avatar\\\/3ee4e82f93b26de0a7cf4ea5eb7893da637ed6bb0c9170c58065944c56e28a33?s=96&d=mm&r=g\",\"caption\":\"Gustavo Silva\"},\"url\":\"https:\\\/\\\/redenoticiaz.com.br\\\/litoralsp\\\/author\\\/gustavosilva\"}]}<\/script>\n<!-- \/ Yoast SEO plugin. -->","yoast_head_json":{"title":"Ap\u00f3s novas mortes no Litoral, Prefeitos participam de reuni\u00e3o com Governador de S\u00e3o Paulo - Litoral SP","description":"Ap\u00f3s novas mortes no Litoral, e o fim da Opera\u00e7\u00e3o Escudo, Prefeitos participam nesta segunda-feira (11) de reuni\u00e3o com Governador de S\u00e3o Paulo, Tarc\u00edsio de Freitas.","robots":{"index":"index","follow":"follow","max-snippet":"max-snippet:-1","max-image-preview":"max-image-preview:large","max-video-preview":"max-video-preview:-1"},"canonical":"https:\/\/redenoticiaz.com.br\/litoralsp\/2023\/09\/11\/apos-novas-mortes-no-litoral-prefeitos-participam-de-reuniao-com-governador-de-sao-paulo","og_locale":"pt_BR","og_type":"article","og_title":"Ap\u00f3s novas mortes no Litoral, Prefeitos participam de reuni\u00e3o com Governador de S\u00e3o Paulo - Litoral SP","og_description":"Ap\u00f3s novas mortes no Litoral, e o fim da Opera\u00e7\u00e3o Escudo, Prefeitos participam nesta segunda-feira (11) de reuni\u00e3o com Governador de S\u00e3o Paulo, Tarc\u00edsio de Freitas.","og_url":"https:\/\/redenoticiaz.com.br\/litoralsp\/2023\/09\/11\/apos-novas-mortes-no-litoral-prefeitos-participam-de-reuniao-com-governador-de-sao-paulo","og_site_name":"Litoral SP","article_published_time":"2023-09-11T14:43:34+00:00","article_modified_time":"2023-09-11T17:57:22+00:00","og_image":[{"width":1000,"height":707,"url":"https:\/\/redenoticiaz.com.br\/litoralsp\/wp-content\/uploads\/sites\/3\/2023\/09\/design-sem-nome-5-.jpg","type":"image\/jpeg"}],"author":"Gustavo Silva","twitter_card":"summary_large_image","twitter_misc":{"Escrito por":"Gustavo Silva","Est. tempo de leitura":"2 minutos"},"schema":{"@context":"https:\/\/schema.org","@graph":[{"@type":"Article","@id":"https:\/\/redenoticiaz.com.br\/litoralsp\/2023\/09\/11\/apos-novas-mortes-no-litoral-prefeitos-participam-de-reuniao-com-governador-de-sao-paulo#article","isPartOf":{"@id":"https:\/\/redenoticiaz.com.br\/litoralsp\/2023\/09\/11\/apos-novas-mortes-no-litoral-prefeitos-participam-de-reuniao-com-governador-de-sao-paulo"},"author":{"name":"Gustavo Silva","@id":"https:\/\/redenoticiaz.com.br\/litoralsp\/#\/schema\/person\/16057b37a3c0ee6b096d7f887c566e2e"},"headline":"Ap\u00f3s novas mortes no Litoral, Prefeitos participam de reuni\u00e3o com Governador de S\u00e3o Paulo","datePublished":"2023-09-11T14:43:34+00:00","dateModified":"2023-09-11T17:57:22+00:00","mainEntityOfPage":{"@id":"https:\/\/redenoticiaz.com.br\/litoralsp\/2023\/09\/11\/apos-novas-mortes-no-litoral-prefeitos-participam-de-reuniao-com-governador-de-sao-paulo"},"wordCount":260,"commentCount":0,"publisher":{"@id":"https:\/\/redenoticiaz.com.br\/litoralsp\/#organization"},"image":{"@id":"https:\/\/redenoticiaz.com.br\/litoralsp\/2023\/09\/11\/apos-novas-mortes-no-litoral-prefeitos-participam-de-reuniao-com-governador-de-sao-paulo#primaryimage"},"thumbnailUrl":"https:\/\/redenoticiaz.com.br\/litoralsp\/wp-content\/uploads\/sites\/3\/2023\/09\/design-sem-nome-5-.jpg","keywords":["atentado pm","mortes pm","seguran\u00e7a","TARC\u00cdSIO DE FREITAS"],"articleSection":["Pol\u00edcia","Santos","S\u00e3o Vicente"],"inLanguage":"pt-BR","potentialAction":[{"@type":"CommentAction","name":"Comment","target":["https:\/\/redenoticiaz.com.br\/litoralsp\/2023\/09\/11\/apos-novas-mortes-no-litoral-prefeitos-participam-de-reuniao-com-governador-de-sao-paulo#respond"]}]},{"@type":"WebPage","@id":"https:\/\/redenoticiaz.com.br\/litoralsp\/2023\/09\/11\/apos-novas-mortes-no-litoral-prefeitos-participam-de-reuniao-com-governador-de-sao-paulo","url":"https:\/\/redenoticiaz.com.br\/litoralsp\/2023\/09\/11\/apos-novas-mortes-no-litoral-prefeitos-participam-de-reuniao-com-governador-de-sao-paulo","name":"Ap\u00f3s novas mortes no Litoral, Prefeitos participam de reuni\u00e3o com Governador de S\u00e3o Paulo - Litoral SP","isPartOf":{"@id":"https:\/\/redenoticiaz.com.br\/litoralsp\/#website"},"primaryImageOfPage":{"@id":"https:\/\/redenoticiaz.com.br\/litoralsp\/2023\/09\/11\/apos-novas-mortes-no-litoral-prefeitos-participam-de-reuniao-com-governador-de-sao-paulo#primaryimage"},"image":{"@id":"https:\/\/redenoticiaz.com.br\/litoralsp\/2023\/09\/11\/apos-novas-mortes-no-litoral-prefeitos-participam-de-reuniao-com-governador-de-sao-paulo#primaryimage"},"thumbnailUrl":"https:\/\/redenoticiaz.com.br\/litoralsp\/wp-content\/uploads\/sites\/3\/2023\/09\/design-sem-nome-5-.jpg","datePublished":"2023-09-11T14:43:34+00:00","dateModified":"2023-09-11T17:57:22+00:00","description":"Ap\u00f3s novas mortes no Litoral, e o fim da Opera\u00e7\u00e3o Escudo, Prefeitos participam nesta segunda-feira (11) de reuni\u00e3o com Governador de S\u00e3o Paulo, Tarc\u00edsio de Freitas.","inLanguage":"pt-BR","potentialAction":[{"@type":"ReadAction","target":["https:\/\/redenoticiaz.com.br\/litoralsp\/2023\/09\/11\/apos-novas-mortes-no-litoral-prefeitos-participam-de-reuniao-com-governador-de-sao-paulo"]}]},{"@type":"ImageObject","inLanguage":"pt-BR","@id":"https:\/\/redenoticiaz.com.br\/litoralsp\/2023\/09\/11\/apos-novas-mortes-no-litoral-prefeitos-participam-de-reuniao-com-governador-de-sao-paulo#primaryimage","url":"https:\/\/redenoticiaz.com.br\/litoralsp\/wp-content\/uploads\/sites\/3\/2023\/09\/design-sem-nome-5-.jpg","contentUrl":"https:\/\/redenoticiaz.com.br\/litoralsp\/wp-content\/uploads\/sites\/3\/2023\/09\/design-sem-nome-5-.jpg","width":1000,"height":707,"caption":"Ap\u00f3s novas mortes no Litoral, Prefeitos participam de reuni\u00e3o com Governador de S\u00e3o Paulo"},{"@type":"WebSite","@id":"https:\/\/redenoticiaz.com.br\/litoralsp\/#website","url":"https:\/\/redenoticiaz.com.br\/litoralsp\/","name":"Litoral SP","description":"Rede NoticiaZ","publisher":{"@id":"https:\/\/redenoticiaz.com.br\/litoralsp\/#organization"},"potentialAction":[{"@type":"SearchAction","target":{"@type":"EntryPoint","urlTemplate":"https:\/\/redenoticiaz.com.br\/litoralsp\/?s={search_term_string}"},"query-input":{"@type":"PropertyValueSpecification","valueRequired":true,"valueName":"search_term_string"}}],"inLanguage":"pt-BR"},{"@type":"Organization","@id":"https:\/\/redenoticiaz.com.br\/litoralsp\/#organization","name":"Litoral SP","url":"https:\/\/redenoticiaz.com.br\/litoralsp\/","logo":{"@type":"ImageObject","inLanguage":"pt-BR","@id":"https:\/\/redenoticiaz.com.br\/litoralsp\/#\/schema\/logo\/image\/","url":"https:\/\/redenoticiaz.com.br\/litoralsp\/wp-content\/uploads\/sites\/3\/2020\/11\/logo.jpg","contentUrl":"https:\/\/redenoticiaz.com.br\/litoralsp\/wp-content\/uploads\/sites\/3\/2020\/11\/logo.jpg","width":400,"height":250,"caption":"Litoral SP"},"image":{"@id":"https:\/\/redenoticiaz.com.br\/litoralsp\/#\/schema\/logo\/image\/"}},{"@type":"Person","@id":"https:\/\/redenoticiaz.com.br\/litoralsp\/#\/schema\/person\/16057b37a3c0ee6b096d7f887c566e2e","name":"Gustavo Silva","image":{"@type":"ImageObject","inLanguage":"pt-BR","@id":"https:\/\/secure.gravatar.com\/avatar\/3ee4e82f93b26de0a7cf4ea5eb7893da637ed6bb0c9170c58065944c56e28a33?s=96&d=mm&r=g","url":"https:\/\/secure.gravatar.com\/avatar\/3ee4e82f93b26de0a7cf4ea5eb7893da637ed6bb0c9170c58065944c56e28a33?s=96&d=mm&r=g","contentUrl":"https:\/\/secure.gravatar.com\/avatar\/3ee4e82f93b26de0a7cf4ea5eb7893da637ed6bb0c9170c58065944c56e28a33?s=96&d=mm&r=g","caption":"Gustavo Silva"},"url":"https:\/\/redenoticiaz.com.br\/litoralsp\/author\/gustavosilva"}]}},"_links":{"self":[{"href":"https:\/\/redenoticiaz.com.br\/litoralsp\/wp-json\/wp\/v2\/posts\/110478","targetHints":{"allow":["GET"]}}],"collection":[{"href":"https:\/\/redenoticiaz.com.br\/litoralsp\/wp-json\/wp\/v2\/posts"}],"about":[{"href":"https:\/\/redenoticiaz.com.br\/litoralsp\/wp-json\/wp\/v2\/types\/post"}],"author":[{"embeddable":true,"href":"https:\/\/redenoticiaz.com.br\/litoralsp\/wp-json\/wp\/v2\/users\/12"}],"replies":[{"embeddable":true,"href":"https:\/\/redenoticiaz.com.br\/litoralsp\/wp-json\/wp\/v2\/comments?post=110478"}],"version-history":[{"count":1,"href":"https:\/\/redenoticiaz.com.br\/litoralsp\/wp-json\/wp\/v2\/posts\/110478\/revisions"}],"predecessor-version":[{"id":110480,"href":"https:\/\/redenoticiaz.com.br\/litoralsp\/wp-json\/wp\/v2\/posts\/110478\/revisions\/110480"}],"wp:featuredmedia":[{"embeddable":true,"href":"https:\/\/redenoticiaz.com.br\/litoralsp\/wp-json\/wp\/v2\/media\/110479"}],"wp:attachment":[{"href":"https:\/\/redenoticiaz.com.br\/litoralsp\/wp-json\/wp\/v2\/media?parent=110478"}],"wp:term":[{"taxonomy":"category","embeddable":true,"href":"https:\/\/redenoticiaz.com.br\/litoralsp\/wp-json\/wp\/v2\/categories?post=110478"},{"taxonomy":"post_tag","embeddable":true,"href":"https:\/\/redenoticiaz.com.br\/litoralsp\/wp-json\/wp\/v2\/tags?post=110478"}],"curies":[{"name":"wp","href":"https:\/\/api.w.org\/{rel}","templated":true}]}}