{"id":110484,"date":"2023-09-11T12:04:43","date_gmt":"2023-09-11T15:04:43","guid":{"rendered":"https:\/\/redenoticiaz.com.br\/litoralsp\/?p=110484"},"modified":"2023-09-11T12:04:43","modified_gmt":"2023-09-11T15:04:43","slug":"nova-frente-de-obras-do-vlt-sera-iniciada-na-vila-mathias-em-santos","status":"publish","type":"post","link":"https:\/\/redenoticiaz.com.br\/litoralsp\/2023\/09\/11\/nova-frente-de-obras-do-vlt-sera-iniciada-na-vila-mathias-em-santos","title":{"rendered":"Nova frente de obras do VLT ser\u00e1 iniciada na Vila Mathias em Santos"},"content":{"rendered":"<p>A partir desta segunda-feira (11), uma frente de trabalho das obras de implanta\u00e7\u00e3o da segunda fase do VLT come\u00e7a a atuar na Rua Xavier Pinheiro.<\/p>\n<p>De acordo com as informa\u00e7\u00f5es, a via ficar\u00e1 interditada no trecho entre a Avenida Conselheiro N\u00e9bias e a Rua da Constitui\u00e7\u00e3o, na Vila Mathias.<\/p>\n<p>Ainda de acordo com as informa\u00e7\u00f5es, o bloqueio dever\u00e1 permanecer at\u00e9 o final do pr\u00f3ximo m\u00eas.<\/p>\n<p>Sendo assim, no per\u00edodo, a rota alternativa indicada para os motoristas ser\u00e1 pelas ruas Campos Melo e Em\u00edlio Ribas.<\/p>\n<h2>VLT<\/h2>\n<p>Os detalhes de mais essa fase foram definidos em reuni\u00e3o, na ter\u00e7a-feira (5), na sede da Companhia de Engenharia de Tr\u00e1fego (CET-Santos).<\/p>\n<p>Sendo assim, no encontro, o cronograma das obras, que sofreu adequa\u00e7\u00f5es pela empresa do Governo do Estado e da construtora, foi apresentado \u00e0 equipe da CET para avalia\u00e7\u00e3o da viabilidade quanto \u00e0 parte do tr\u00e2nsito na Cidade.<\/p>\n<p>Por fim, os servi\u00e7os na Xavier Pinheiro ser\u00e3o no cruzamento com a Rua da Constitui\u00e7\u00e3o e v\u00e3o iniciar na segunda-feira, porque antes a CET fez altera\u00e7\u00e3o vi\u00e1ria na Rua Em\u00edlio Ribas &#8211; implementada para outra fase da obra na regi\u00e3o e que ser\u00e1 mantida para essa agora -, para possibilitar a fluidez do tr\u00e2nsito na \u00e1rea. Ap\u00f3s a conclus\u00e3o dos trabalhos, a Em\u00edlio Ribas voltar\u00e1 ao sentido original (m\u00e3o dupla de dire\u00e7\u00e3o, entre as ruas Silva Jardim e Campos Melo).<\/p>\n<p>Enfim, o bloqueio j\u00e1 foi comunicado aos moradores, divulgado no Di\u00e1rio Oficial da Prefeitura (edi\u00e7\u00e3o 5\/9, publica\u00e7\u00e3o da CET-Santos) e estar\u00e1 no aplicativo de mobilidade Waze.<\/p>\n<p><strong>Leia mais<\/strong><\/p>\n<p><a href=\"https:\/\/redenoticiaz.com.br\/litoralsp\/2023\/09\/11\/policia-federal-prende-em-flagrante-homem-por-trafico-no-porto-de-santos\">Pol\u00edcia Federal prende em flagrante homem por tr\u00e1fico no Porto de Santos<\/a><\/p>\n<p><a href=\"https:\/\/redenoticiaz.com.br\/litoralsp\/2023\/05\/29\/mais-um-trecho-no-centro-de-santos-sera-fechado-para-obras-do-vlt\">Fundador da Torcida Jovem do Santos Futebol Clube morre em Santos<\/a><\/p>\n<p><a href=\"https:\/\/redenoticiaz.com.br\/litoralsp\/2023\/05\/14\/transito-de-santos-sofre-alteracoes-devido-a-obras-no-vlt\">Tr\u00e2nsito de Santos sofre altera\u00e7\u00f5es devido a obras no VLT<\/a><\/p>\n","protected":false},"excerpt":{"rendered":"<p>A partir desta segunda-feira (11), uma frente de trabalho das obras de implanta\u00e7\u00e3o da segunda fase do VLT come\u00e7a a atuar na Rua Xavier Pinheiro. De acordo com as informa\u00e7\u00f5es, a via ficar\u00e1 interditada no trecho entre a Avenida Conselheiro N\u00e9bias e a Rua da Constitui\u00e7\u00e3o, na Vila Mathias. Ainda de acordo com as informa\u00e7\u00f5es, &hellip;<\/p>\n","protected":false},"author":12,"featured_media":110485,"comment_status":"open","ping_status":"closed","sticky":false,"template":"","format":"standard","meta":{"footnotes":""},"categories":[180],"tags":[27850,20469,67094,12567],"class_list":["post-110484","post","type-post","status-publish","format-standard","has-post-thumbnail","hentry","category-santos","tag-avenida-conselheiro-nebias","tag-obras-do-vlt","tag-rua-xavier-pinheiro","tag-vila-mathias"],"yoast_head":"<!-- This site is optimized with the Yoast SEO plugin v27.4 - https:\/\/yoast.com\/product\/yoast-seo-wordpress\/ -->\n<title>Nova frente de obras do VLT ser\u00e1 iniciada na Vila Mathias em Santos - Litoral SP<\/title>\n<meta name=\"description\" content=\"A partir desta segunda-feira (11), uma frente de trabalho das obras de implanta\u00e7\u00e3o da segunda fase do VLT come\u00e7a a atuar na Rua Xavier Pinheiro.\" \/>\n<meta name=\"robots\" content=\"index, follow, max-snippet:-1, max-image-preview:large, max-video-preview:-1\" \/>\n<link rel=\"canonical\" href=\"https:\/\/redenoticiaz.com.br\/litoralsp\/2023\/09\/11\/nova-frente-de-obras-do-vlt-sera-iniciada-na-vila-mathias-em-santos\" \/>\n<meta property=\"og:locale\" content=\"pt_BR\" \/>\n<meta property=\"og:type\" content=\"article\" \/>\n<meta property=\"og:title\" content=\"Nova frente de obras do VLT ser\u00e1 iniciada na Vila Mathias em Santos - Litoral SP\" \/>\n<meta property=\"og:description\" content=\"A partir desta segunda-feira (11), uma frente de trabalho das obras de implanta\u00e7\u00e3o da segunda fase do VLT come\u00e7a a atuar na Rua Xavier Pinheiro.\" \/>\n<meta property=\"og:url\" content=\"https:\/\/redenoticiaz.com.br\/litoralsp\/2023\/09\/11\/nova-frente-de-obras-do-vlt-sera-iniciada-na-vila-mathias-em-santos\" \/>\n<meta property=\"og:site_name\" content=\"Litoral SP\" \/>\n<meta property=\"article:published_time\" content=\"2023-09-11T15:04:43+00:00\" \/>\n<meta property=\"og:image\" content=\"https:\/\/redenoticiaz.com.br\/litoralsp\/wp-content\/uploads\/sites\/3\/2023\/09\/whatsapp_image_2023-09-06_at_17.24.29.jpeg\" \/>\n\t<meta property=\"og:image:width\" content=\"1400\" \/>\n\t<meta property=\"og:image:height\" content=\"933\" \/>\n\t<meta property=\"og:image:type\" content=\"image\/jpeg\" \/>\n<meta name=\"author\" content=\"Gustavo Silva\" \/>\n<meta name=\"twitter:card\" content=\"summary_large_image\" \/>\n<meta name=\"twitter:label1\" content=\"Escrito por\" \/>\n\t<meta name=\"twitter:data1\" content=\"Gustavo Silva\" \/>\n\t<meta name=\"twitter:label2\" content=\"Est. tempo de leitura\" \/>\n\t<meta name=\"twitter:data2\" content=\"2 minutos\" \/>\n<script type=\"application\/ld+json\" class=\"yoast-schema-graph\">{\"@context\":\"https:\\\/\\\/schema.org\",\"@graph\":[{\"@type\":\"Article\",\"@id\":\"https:\\\/\\\/redenoticiaz.com.br\\\/litoralsp\\\/2023\\\/09\\\/11\\\/nova-frente-de-obras-do-vlt-sera-iniciada-na-vila-mathias-em-santos#article\",\"isPartOf\":{\"@id\":\"https:\\\/\\\/redenoticiaz.com.br\\\/litoralsp\\\/2023\\\/09\\\/11\\\/nova-frente-de-obras-do-vlt-sera-iniciada-na-vila-mathias-em-santos\"},\"author\":{\"name\":\"Gustavo Silva\",\"@id\":\"https:\\\/\\\/redenoticiaz.com.br\\\/litoralsp\\\/#\\\/schema\\\/person\\\/16057b37a3c0ee6b096d7f887c566e2e\"},\"headline\":\"Nova frente de obras do VLT ser\u00e1 iniciada na Vila Mathias em Santos\",\"datePublished\":\"2023-09-11T15:04:43+00:00\",\"mainEntityOfPage\":{\"@id\":\"https:\\\/\\\/redenoticiaz.com.br\\\/litoralsp\\\/2023\\\/09\\\/11\\\/nova-frente-de-obras-do-vlt-sera-iniciada-na-vila-mathias-em-santos\"},\"wordCount\":330,\"commentCount\":0,\"publisher\":{\"@id\":\"https:\\\/\\\/redenoticiaz.com.br\\\/litoralsp\\\/#organization\"},\"image\":{\"@id\":\"https:\\\/\\\/redenoticiaz.com.br\\\/litoralsp\\\/2023\\\/09\\\/11\\\/nova-frente-de-obras-do-vlt-sera-iniciada-na-vila-mathias-em-santos#primaryimage\"},\"thumbnailUrl\":\"https:\\\/\\\/redenoticiaz.com.br\\\/litoralsp\\\/wp-content\\\/uploads\\\/sites\\\/3\\\/2023\\\/09\\\/whatsapp_image_2023-09-06_at_17.24.29.jpeg\",\"keywords\":[\"AVENIDA CONSELHEIRO N\u00c9BIAS\",\"OBRAS DO VLT\",\"Rua Xavier Pinheiro\",\"VILA MATHIAS\"],\"articleSection\":[\"Santos\"],\"inLanguage\":\"pt-BR\",\"potentialAction\":[{\"@type\":\"CommentAction\",\"name\":\"Comment\",\"target\":[\"https:\\\/\\\/redenoticiaz.com.br\\\/litoralsp\\\/2023\\\/09\\\/11\\\/nova-frente-de-obras-do-vlt-sera-iniciada-na-vila-mathias-em-santos#respond\"]}]},{\"@type\":\"WebPage\",\"@id\":\"https:\\\/\\\/redenoticiaz.com.br\\\/litoralsp\\\/2023\\\/09\\\/11\\\/nova-frente-de-obras-do-vlt-sera-iniciada-na-vila-mathias-em-santos\",\"url\":\"https:\\\/\\\/redenoticiaz.com.br\\\/litoralsp\\\/2023\\\/09\\\/11\\\/nova-frente-de-obras-do-vlt-sera-iniciada-na-vila-mathias-em-santos\",\"name\":\"Nova frente de obras do VLT ser\u00e1 iniciada na Vila Mathias em Santos - Litoral SP\",\"isPartOf\":{\"@id\":\"https:\\\/\\\/redenoticiaz.com.br\\\/litoralsp\\\/#website\"},\"primaryImageOfPage\":{\"@id\":\"https:\\\/\\\/redenoticiaz.com.br\\\/litoralsp\\\/2023\\\/09\\\/11\\\/nova-frente-de-obras-do-vlt-sera-iniciada-na-vila-mathias-em-santos#primaryimage\"},\"image\":{\"@id\":\"https:\\\/\\\/redenoticiaz.com.br\\\/litoralsp\\\/2023\\\/09\\\/11\\\/nova-frente-de-obras-do-vlt-sera-iniciada-na-vila-mathias-em-santos#primaryimage\"},\"thumbnailUrl\":\"https:\\\/\\\/redenoticiaz.com.br\\\/litoralsp\\\/wp-content\\\/uploads\\\/sites\\\/3\\\/2023\\\/09\\\/whatsapp_image_2023-09-06_at_17.24.29.jpeg\",\"datePublished\":\"2023-09-11T15:04:43+00:00\",\"description\":\"A partir desta segunda-feira (11), uma frente de trabalho das obras de implanta\u00e7\u00e3o da segunda fase do VLT come\u00e7a a atuar na Rua Xavier Pinheiro.\",\"inLanguage\":\"pt-BR\",\"potentialAction\":[{\"@type\":\"ReadAction\",\"target\":[\"https:\\\/\\\/redenoticiaz.com.br\\\/litoralsp\\\/2023\\\/09\\\/11\\\/nova-frente-de-obras-do-vlt-sera-iniciada-na-vila-mathias-em-santos\"]}]},{\"@type\":\"ImageObject\",\"inLanguage\":\"pt-BR\",\"@id\":\"https:\\\/\\\/redenoticiaz.com.br\\\/litoralsp\\\/2023\\\/09\\\/11\\\/nova-frente-de-obras-do-vlt-sera-iniciada-na-vila-mathias-em-santos#primaryimage\",\"url\":\"https:\\\/\\\/redenoticiaz.com.br\\\/litoralsp\\\/wp-content\\\/uploads\\\/sites\\\/3\\\/2023\\\/09\\\/whatsapp_image_2023-09-06_at_17.24.29.jpeg\",\"contentUrl\":\"https:\\\/\\\/redenoticiaz.com.br\\\/litoralsp\\\/wp-content\\\/uploads\\\/sites\\\/3\\\/2023\\\/09\\\/whatsapp_image_2023-09-06_at_17.24.29.jpeg\",\"width\":1400,\"height\":933},{\"@type\":\"WebSite\",\"@id\":\"https:\\\/\\\/redenoticiaz.com.br\\\/litoralsp\\\/#website\",\"url\":\"https:\\\/\\\/redenoticiaz.com.br\\\/litoralsp\\\/\",\"name\":\"Litoral SP\",\"description\":\"Rede NoticiaZ\",\"publisher\":{\"@id\":\"https:\\\/\\\/redenoticiaz.com.br\\\/litoralsp\\\/#organization\"},\"potentialAction\":[{\"@type\":\"SearchAction\",\"target\":{\"@type\":\"EntryPoint\",\"urlTemplate\":\"https:\\\/\\\/redenoticiaz.com.br\\\/litoralsp\\\/?s={search_term_string}\"},\"query-input\":{\"@type\":\"PropertyValueSpecification\",\"valueRequired\":true,\"valueName\":\"search_term_string\"}}],\"inLanguage\":\"pt-BR\"},{\"@type\":\"Organization\",\"@id\":\"https:\\\/\\\/redenoticiaz.com.br\\\/litoralsp\\\/#organization\",\"name\":\"Litoral SP\",\"url\":\"https:\\\/\\\/redenoticiaz.com.br\\\/litoralsp\\\/\",\"logo\":{\"@type\":\"ImageObject\",\"inLanguage\":\"pt-BR\",\"@id\":\"https:\\\/\\\/redenoticiaz.com.br\\\/litoralsp\\\/#\\\/schema\\\/logo\\\/image\\\/\",\"url\":\"https:\\\/\\\/redenoticiaz.com.br\\\/litoralsp\\\/wp-content\\\/uploads\\\/sites\\\/3\\\/2020\\\/11\\\/logo.jpg\",\"contentUrl\":\"https:\\\/\\\/redenoticiaz.com.br\\\/litoralsp\\\/wp-content\\\/uploads\\\/sites\\\/3\\\/2020\\\/11\\\/logo.jpg\",\"width\":400,\"height\":250,\"caption\":\"Litoral SP\"},\"image\":{\"@id\":\"https:\\\/\\\/redenoticiaz.com.br\\\/litoralsp\\\/#\\\/schema\\\/logo\\\/image\\\/\"}},{\"@type\":\"Person\",\"@id\":\"https:\\\/\\\/redenoticiaz.com.br\\\/litoralsp\\\/#\\\/schema\\\/person\\\/16057b37a3c0ee6b096d7f887c566e2e\",\"name\":\"Gustavo Silva\",\"image\":{\"@type\":\"ImageObject\",\"inLanguage\":\"pt-BR\",\"@id\":\"https:\\\/\\\/secure.gravatar.com\\\/avatar\\\/3ee4e82f93b26de0a7cf4ea5eb7893da637ed6bb0c9170c58065944c56e28a33?s=96&d=mm&r=g\",\"url\":\"https:\\\/\\\/secure.gravatar.com\\\/avatar\\\/3ee4e82f93b26de0a7cf4ea5eb7893da637ed6bb0c9170c58065944c56e28a33?s=96&d=mm&r=g\",\"contentUrl\":\"https:\\\/\\\/secure.gravatar.com\\\/avatar\\\/3ee4e82f93b26de0a7cf4ea5eb7893da637ed6bb0c9170c58065944c56e28a33?s=96&d=mm&r=g\",\"caption\":\"Gustavo Silva\"},\"url\":\"https:\\\/\\\/redenoticiaz.com.br\\\/litoralsp\\\/author\\\/gustavosilva\"}]}<\/script>\n<!-- \/ Yoast SEO plugin. -->","yoast_head_json":{"title":"Nova frente de obras do VLT ser\u00e1 iniciada na Vila Mathias em Santos - Litoral SP","description":"A partir desta segunda-feira (11), uma frente de trabalho das obras de implanta\u00e7\u00e3o da segunda fase do VLT come\u00e7a a atuar na Rua Xavier Pinheiro.","robots":{"index":"index","follow":"follow","max-snippet":"max-snippet:-1","max-image-preview":"max-image-preview:large","max-video-preview":"max-video-preview:-1"},"canonical":"https:\/\/redenoticiaz.com.br\/litoralsp\/2023\/09\/11\/nova-frente-de-obras-do-vlt-sera-iniciada-na-vila-mathias-em-santos","og_locale":"pt_BR","og_type":"article","og_title":"Nova frente de obras do VLT ser\u00e1 iniciada na Vila Mathias em Santos - Litoral SP","og_description":"A partir desta segunda-feira (11), uma frente de trabalho das obras de implanta\u00e7\u00e3o da segunda fase do VLT come\u00e7a a atuar na Rua Xavier Pinheiro.","og_url":"https:\/\/redenoticiaz.com.br\/litoralsp\/2023\/09\/11\/nova-frente-de-obras-do-vlt-sera-iniciada-na-vila-mathias-em-santos","og_site_name":"Litoral SP","article_published_time":"2023-09-11T15:04:43+00:00","og_image":[{"width":1400,"height":933,"url":"https:\/\/redenoticiaz.com.br\/litoralsp\/wp-content\/uploads\/sites\/3\/2023\/09\/whatsapp_image_2023-09-06_at_17.24.29.jpeg","type":"image\/jpeg"}],"author":"Gustavo Silva","twitter_card":"summary_large_image","twitter_misc":{"Escrito por":"Gustavo Silva","Est. tempo de leitura":"2 minutos"},"schema":{"@context":"https:\/\/schema.org","@graph":[{"@type":"Article","@id":"https:\/\/redenoticiaz.com.br\/litoralsp\/2023\/09\/11\/nova-frente-de-obras-do-vlt-sera-iniciada-na-vila-mathias-em-santos#article","isPartOf":{"@id":"https:\/\/redenoticiaz.com.br\/litoralsp\/2023\/09\/11\/nova-frente-de-obras-do-vlt-sera-iniciada-na-vila-mathias-em-santos"},"author":{"name":"Gustavo Silva","@id":"https:\/\/redenoticiaz.com.br\/litoralsp\/#\/schema\/person\/16057b37a3c0ee6b096d7f887c566e2e"},"headline":"Nova frente de obras do VLT ser\u00e1 iniciada na Vila Mathias em Santos","datePublished":"2023-09-11T15:04:43+00:00","mainEntityOfPage":{"@id":"https:\/\/redenoticiaz.com.br\/litoralsp\/2023\/09\/11\/nova-frente-de-obras-do-vlt-sera-iniciada-na-vila-mathias-em-santos"},"wordCount":330,"commentCount":0,"publisher":{"@id":"https:\/\/redenoticiaz.com.br\/litoralsp\/#organization"},"image":{"@id":"https:\/\/redenoticiaz.com.br\/litoralsp\/2023\/09\/11\/nova-frente-de-obras-do-vlt-sera-iniciada-na-vila-mathias-em-santos#primaryimage"},"thumbnailUrl":"https:\/\/redenoticiaz.com.br\/litoralsp\/wp-content\/uploads\/sites\/3\/2023\/09\/whatsapp_image_2023-09-06_at_17.24.29.jpeg","keywords":["AVENIDA CONSELHEIRO N\u00c9BIAS","OBRAS DO VLT","Rua Xavier Pinheiro","VILA MATHIAS"],"articleSection":["Santos"],"inLanguage":"pt-BR","potentialAction":[{"@type":"CommentAction","name":"Comment","target":["https:\/\/redenoticiaz.com.br\/litoralsp\/2023\/09\/11\/nova-frente-de-obras-do-vlt-sera-iniciada-na-vila-mathias-em-santos#respond"]}]},{"@type":"WebPage","@id":"https:\/\/redenoticiaz.com.br\/litoralsp\/2023\/09\/11\/nova-frente-de-obras-do-vlt-sera-iniciada-na-vila-mathias-em-santos","url":"https:\/\/redenoticiaz.com.br\/litoralsp\/2023\/09\/11\/nova-frente-de-obras-do-vlt-sera-iniciada-na-vila-mathias-em-santos","name":"Nova frente de obras do VLT ser\u00e1 iniciada na Vila Mathias em Santos - Litoral SP","isPartOf":{"@id":"https:\/\/redenoticiaz.com.br\/litoralsp\/#website"},"primaryImageOfPage":{"@id":"https:\/\/redenoticiaz.com.br\/litoralsp\/2023\/09\/11\/nova-frente-de-obras-do-vlt-sera-iniciada-na-vila-mathias-em-santos#primaryimage"},"image":{"@id":"https:\/\/redenoticiaz.com.br\/litoralsp\/2023\/09\/11\/nova-frente-de-obras-do-vlt-sera-iniciada-na-vila-mathias-em-santos#primaryimage"},"thumbnailUrl":"https:\/\/redenoticiaz.com.br\/litoralsp\/wp-content\/uploads\/sites\/3\/2023\/09\/whatsapp_image_2023-09-06_at_17.24.29.jpeg","datePublished":"2023-09-11T15:04:43+00:00","description":"A partir desta segunda-feira (11), uma frente de trabalho das obras de implanta\u00e7\u00e3o da segunda fase do VLT come\u00e7a a atuar na Rua Xavier Pinheiro.","inLanguage":"pt-BR","potentialAction":[{"@type":"ReadAction","target":["https:\/\/redenoticiaz.com.br\/litoralsp\/2023\/09\/11\/nova-frente-de-obras-do-vlt-sera-iniciada-na-vila-mathias-em-santos"]}]},{"@type":"ImageObject","inLanguage":"pt-BR","@id":"https:\/\/redenoticiaz.com.br\/litoralsp\/2023\/09\/11\/nova-frente-de-obras-do-vlt-sera-iniciada-na-vila-mathias-em-santos#primaryimage","url":"https:\/\/redenoticiaz.com.br\/litoralsp\/wp-content\/uploads\/sites\/3\/2023\/09\/whatsapp_image_2023-09-06_at_17.24.29.jpeg","contentUrl":"https:\/\/redenoticiaz.com.br\/litoralsp\/wp-content\/uploads\/sites\/3\/2023\/09\/whatsapp_image_2023-09-06_at_17.24.29.jpeg","width":1400,"height":933},{"@type":"WebSite","@id":"https:\/\/redenoticiaz.com.br\/litoralsp\/#website","url":"https:\/\/redenoticiaz.com.br\/litoralsp\/","name":"Litoral SP","description":"Rede NoticiaZ","publisher":{"@id":"https:\/\/redenoticiaz.com.br\/litoralsp\/#organization"},"potentialAction":[{"@type":"SearchAction","target":{"@type":"EntryPoint","urlTemplate":"https:\/\/redenoticiaz.com.br\/litoralsp\/?s={search_term_string}"},"query-input":{"@type":"PropertyValueSpecification","valueRequired":true,"valueName":"search_term_string"}}],"inLanguage":"pt-BR"},{"@type":"Organization","@id":"https:\/\/redenoticiaz.com.br\/litoralsp\/#organization","name":"Litoral SP","url":"https:\/\/redenoticiaz.com.br\/litoralsp\/","logo":{"@type":"ImageObject","inLanguage":"pt-BR","@id":"https:\/\/redenoticiaz.com.br\/litoralsp\/#\/schema\/logo\/image\/","url":"https:\/\/redenoticiaz.com.br\/litoralsp\/wp-content\/uploads\/sites\/3\/2020\/11\/logo.jpg","contentUrl":"https:\/\/redenoticiaz.com.br\/litoralsp\/wp-content\/uploads\/sites\/3\/2020\/11\/logo.jpg","width":400,"height":250,"caption":"Litoral SP"},"image":{"@id":"https:\/\/redenoticiaz.com.br\/litoralsp\/#\/schema\/logo\/image\/"}},{"@type":"Person","@id":"https:\/\/redenoticiaz.com.br\/litoralsp\/#\/schema\/person\/16057b37a3c0ee6b096d7f887c566e2e","name":"Gustavo Silva","image":{"@type":"ImageObject","inLanguage":"pt-BR","@id":"https:\/\/secure.gravatar.com\/avatar\/3ee4e82f93b26de0a7cf4ea5eb7893da637ed6bb0c9170c58065944c56e28a33?s=96&d=mm&r=g","url":"https:\/\/secure.gravatar.com\/avatar\/3ee4e82f93b26de0a7cf4ea5eb7893da637ed6bb0c9170c58065944c56e28a33?s=96&d=mm&r=g","contentUrl":"https:\/\/secure.gravatar.com\/avatar\/3ee4e82f93b26de0a7cf4ea5eb7893da637ed6bb0c9170c58065944c56e28a33?s=96&d=mm&r=g","caption":"Gustavo Silva"},"url":"https:\/\/redenoticiaz.com.br\/litoralsp\/author\/gustavosilva"}]}},"_links":{"self":[{"href":"https:\/\/redenoticiaz.com.br\/litoralsp\/wp-json\/wp\/v2\/posts\/110484","targetHints":{"allow":["GET"]}}],"collection":[{"href":"https:\/\/redenoticiaz.com.br\/litoralsp\/wp-json\/wp\/v2\/posts"}],"about":[{"href":"https:\/\/redenoticiaz.com.br\/litoralsp\/wp-json\/wp\/v2\/types\/post"}],"author":[{"embeddable":true,"href":"https:\/\/redenoticiaz.com.br\/litoralsp\/wp-json\/wp\/v2\/users\/12"}],"replies":[{"embeddable":true,"href":"https:\/\/redenoticiaz.com.br\/litoralsp\/wp-json\/wp\/v2\/comments?post=110484"}],"version-history":[{"count":1,"href":"https:\/\/redenoticiaz.com.br\/litoralsp\/wp-json\/wp\/v2\/posts\/110484\/revisions"}],"predecessor-version":[{"id":110486,"href":"https:\/\/redenoticiaz.com.br\/litoralsp\/wp-json\/wp\/v2\/posts\/110484\/revisions\/110486"}],"wp:featuredmedia":[{"embeddable":true,"href":"https:\/\/redenoticiaz.com.br\/litoralsp\/wp-json\/wp\/v2\/media\/110485"}],"wp:attachment":[{"href":"https:\/\/redenoticiaz.com.br\/litoralsp\/wp-json\/wp\/v2\/media?parent=110484"}],"wp:term":[{"taxonomy":"category","embeddable":true,"href":"https:\/\/redenoticiaz.com.br\/litoralsp\/wp-json\/wp\/v2\/categories?post=110484"},{"taxonomy":"post_tag","embeddable":true,"href":"https:\/\/redenoticiaz.com.br\/litoralsp\/wp-json\/wp\/v2\/tags?post=110484"}],"curies":[{"name":"wp","href":"https:\/\/api.w.org\/{rel}","templated":true}]}}