{"id":110487,"date":"2023-09-11T12:26:12","date_gmt":"2023-09-11T15:26:12","guid":{"rendered":"https:\/\/redenoticiaz.com.br\/litoralsp\/2023\/09\/11\/governo-denuncia-fake-news-sobre-encerramento-de-doacoes-no-rio-grande-do-sul"},"modified":"2023-09-11T12:26:54","modified_gmt":"2023-09-11T15:26:54","slug":"governo-denuncia-fake-news-sobre-encerramento-de-doacoes-no-rio-grande-do-sul","status":"publish","type":"post","link":"https:\/\/redenoticiaz.com.br\/litoralsp\/2023\/09\/11\/governo-denuncia-fake-news-sobre-encerramento-de-doacoes-no-rio-grande-do-sul","title":{"rendered":"Governo denuncia fake news sobre encerramento de doa\u00e7\u00f5es no Rio Grande do Sul"},"content":{"rendered":"<p>Diversas autoridades do governo federal utilizaram as redes sociais para desmentir as falsas informa\u00e7\u00f5es (fake news) sobre um suposto encerramento de doa\u00e7\u00f5es para as v\u00edtimas dos temporais que atingiram o Rio Grande do Sul.<img decoding=\"async\" src=\"https:\/\/agenciabrasil.ebc.com.br\/ebc.png?id=1554344&amp;o=node\" \/><img decoding=\"async\" src=\"https:\/\/agenciabrasil.ebc.com.br\/ebc.gif?id=1554344&amp;o=node\" \/><\/p>\n<p>A Secretaria de Comunica\u00e7\u00e3o Social da Presid\u00eancia da Rep\u00fablica (Secom), na rede social X um comunicado.<\/p>\n<blockquote><p>\u201cAlerta de fake news: \u00c9 falsa a informa\u00e7\u00e3o de que doa\u00e7\u00f5es teriam parado de ser distribu\u00eddas em Lajeado (RS) por orienta\u00e7\u00e3o do Governo Federal. O Governo j\u00e1 destinou R$ 741 milh\u00f5es para atender as cidades atingidas, e segue dando todo o apoio necess\u00e1rio para os munic\u00edpios do Rio Grande do Sul\u201d<\/p><\/blockquote>\n<p>Tamb\u00e9m pelo X, o caso foi citado pelo ministro da Secom, Paulo Pimenta. \u201cN\u00e3o vamos tolerar nenhuma Fake News. Tentativa de uso pol\u00edtico com dissemina\u00e7\u00e3o de mentiras deve ser denunciada sempre. Respeitem a trag\u00e9dia e a dor das fam\u00edlias!!\u201d, publicou nesta segunda-feira (11) Paulo Pimenta referindo-se \u00e0 informa\u00e7\u00e3o falsa que foi divulgada nos \u00faltimos dias.<\/p>\n<p>O ministro da Justi\u00e7a e Seguran\u00e7a P\u00fablica, Fl\u00e1vio Dino, classificou o caso como \u201ccrime\u201d e informou que j\u00e1 est\u00e1 sendo analisado pela Pol\u00edcia Federal (PF).<\/p>\n<p><strong>Leia mais<\/strong><\/p>\n<p><a href=\"https:\/\/redenoticiaz.com.br\/blog\/2023\/09\/10\/alckmin-anuncia-r-741-milhoes-para-cidades-do-rio-grande-do-sul-afetadas-por-ciclone\">Alckmin anuncia R$ 741 milh\u00f5es para cidades do Rio Grande do Sul, afetadas por ciclone<\/a><\/p>\n<p><a href=\"https:\/\/redenoticiaz.com.br\/blog\/2023\/06\/18\/mortes-no-temporal-do-rio-grande-do-sul-sobem-para-13\">Mortes no temporal do Rio Grande do Sul sobem para 13<\/a><\/p>\n<p><a href=\"https:\/\/redenoticiaz.com.br\/blog\/2022\/12\/14\/quatro-criancas-sao-encontradas-mortas-dentro-de-casa-no-rio-grande-do-sul\">Ciclone no Rio Grande do Sul mata sete pessoas e chuva \u00e9 a maior em 107 anos<\/a><\/p>\n","protected":false},"excerpt":{"rendered":"<p>Diversas autoridades do governo federal utilizaram as redes sociais para desmentir as falsas informa\u00e7\u00f5es (fake news) sobre um suposto encerramento de doa\u00e7\u00f5es para as v\u00edtimas dos temporais que atingiram o Rio Grande do Sul. A Secretaria de Comunica\u00e7\u00e3o Social da Presid\u00eancia da Rep\u00fablica (Secom), na rede social X um comunicado. \u201cAlerta de fake news: \u00c9 &hellip;<\/p>\n","protected":false},"author":12,"featured_media":110488,"comment_status":"open","ping_status":"closed","sticky":false,"template":"","format":"standard","meta":{"footnotes":""},"categories":[6470,1625],"tags":[15886,62018,59412,1548],"class_list":["post-110487","post","type-post","status-publish","format-standard","has-post-thumbnail","hentry","category-acao-social","category-direitos-humanos","tag-fake-news","tag-flavio-dino","tag-presidencia-da-republica","tag-rio-grande-do-sul"],"yoast_head":"<!-- This site is optimized with the Yoast SEO plugin v27.5 - https:\/\/yoast.com\/product\/yoast-seo-wordpress\/ -->\n<title>Governo denuncia fake news sobre encerramento de doa\u00e7\u00f5es no Rio Grande do Sul - Litoral SP<\/title>\n<meta name=\"description\" content=\"Diversas autoridades do governo federal utilizaram as redes sociais para desmentir as falsas informa\u00e7\u00f5es (fake news) sobre um suposto encerramento de doa\u00e7\u00f5es para as v\u00edtimas dos temporais que atingiram o Rio Grande do Sul.\" \/>\n<meta name=\"robots\" content=\"index, follow, max-snippet:-1, max-image-preview:large, max-video-preview:-1\" \/>\n<link rel=\"canonical\" href=\"https:\/\/redenoticiaz.com.br\/litoralsp\/2023\/09\/11\/governo-denuncia-fake-news-sobre-encerramento-de-doacoes-no-rio-grande-do-sul\" \/>\n<meta property=\"og:locale\" content=\"pt_BR\" \/>\n<meta property=\"og:type\" content=\"article\" \/>\n<meta property=\"og:title\" content=\"Governo denuncia fake news sobre encerramento de doa\u00e7\u00f5es no Rio Grande do Sul - Litoral SP\" \/>\n<meta property=\"og:description\" content=\"Diversas autoridades do governo federal utilizaram as redes sociais para desmentir as falsas informa\u00e7\u00f5es (fake news) sobre um suposto encerramento de doa\u00e7\u00f5es para as v\u00edtimas dos temporais que atingiram o Rio Grande do Sul.\" \/>\n<meta property=\"og:url\" content=\"https:\/\/redenoticiaz.com.br\/litoralsp\/2023\/09\/11\/governo-denuncia-fake-news-sobre-encerramento-de-doacoes-no-rio-grande-do-sul\" \/>\n<meta property=\"og:site_name\" content=\"Litoral SP\" \/>\n<meta property=\"article:published_time\" content=\"2023-09-11T15:26:12+00:00\" \/>\n<meta property=\"article:modified_time\" content=\"2023-09-11T15:26:54+00:00\" \/>\n<meta property=\"og:image\" content=\"https:\/\/redenoticiaz.com.br\/litoralsp\/wp-content\/uploads\/sites\/3\/2023\/09\/xxalta_rs_2_jv.jpg?v=1694445938\" \/>\n\t<meta property=\"og:image:width\" content=\"1170\" \/>\n\t<meta property=\"og:image:height\" content=\"700\" \/>\n\t<meta property=\"og:image:type\" content=\"image\/jpeg\" \/>\n<meta name=\"author\" content=\"Gustavo Silva\" \/>\n<meta name=\"twitter:card\" content=\"summary_large_image\" \/>\n<meta name=\"twitter:label1\" content=\"Escrito por\" \/>\n\t<meta name=\"twitter:data1\" content=\"Gustavo Silva\" \/>\n\t<meta name=\"twitter:label2\" content=\"Est. tempo de leitura\" \/>\n\t<meta name=\"twitter:data2\" content=\"2 minutos\" \/>\n<script type=\"application\/ld+json\" class=\"yoast-schema-graph\">{\"@context\":\"https:\\\/\\\/schema.org\",\"@graph\":[{\"@type\":\"Article\",\"@id\":\"https:\\\/\\\/redenoticiaz.com.br\\\/litoralsp\\\/2023\\\/09\\\/11\\\/governo-denuncia-fake-news-sobre-encerramento-de-doacoes-no-rio-grande-do-sul#article\",\"isPartOf\":{\"@id\":\"https:\\\/\\\/redenoticiaz.com.br\\\/litoralsp\\\/2023\\\/09\\\/11\\\/governo-denuncia-fake-news-sobre-encerramento-de-doacoes-no-rio-grande-do-sul\"},\"author\":{\"name\":\"Gustavo Silva\",\"@id\":\"https:\\\/\\\/redenoticiaz.com.br\\\/litoralsp\\\/#\\\/schema\\\/person\\\/16057b37a3c0ee6b096d7f887c566e2e\"},\"headline\":\"Governo denuncia fake news sobre encerramento de doa\u00e7\u00f5es no Rio Grande do Sul\",\"datePublished\":\"2023-09-11T15:26:12+00:00\",\"dateModified\":\"2023-09-11T15:26:54+00:00\",\"mainEntityOfPage\":{\"@id\":\"https:\\\/\\\/redenoticiaz.com.br\\\/litoralsp\\\/2023\\\/09\\\/11\\\/governo-denuncia-fake-news-sobre-encerramento-de-doacoes-no-rio-grande-do-sul\"},\"wordCount\":258,\"commentCount\":0,\"publisher\":{\"@id\":\"https:\\\/\\\/redenoticiaz.com.br\\\/litoralsp\\\/#organization\"},\"image\":{\"@id\":\"https:\\\/\\\/redenoticiaz.com.br\\\/litoralsp\\\/2023\\\/09\\\/11\\\/governo-denuncia-fake-news-sobre-encerramento-de-doacoes-no-rio-grande-do-sul#primaryimage\"},\"thumbnailUrl\":\"https:\\\/\\\/redenoticiaz.com.br\\\/litoralsp\\\/wp-content\\\/uploads\\\/sites\\\/3\\\/2023\\\/09\\\/xxalta_rs_2_jv.jpg?v=1694445938\",\"keywords\":[\"FAKE NEWS\",\"Fl\u00e1vio Dino\",\"PRESID\u00caNCIA DA REP\u00daBLICA\",\"RIO GRANDE DO SUL\"],\"articleSection\":[\"A\u00e7\u00e3o Social\",\"Direitos Humanos\"],\"inLanguage\":\"pt-BR\",\"potentialAction\":[{\"@type\":\"CommentAction\",\"name\":\"Comment\",\"target\":[\"https:\\\/\\\/redenoticiaz.com.br\\\/litoralsp\\\/2023\\\/09\\\/11\\\/governo-denuncia-fake-news-sobre-encerramento-de-doacoes-no-rio-grande-do-sul#respond\"]}]},{\"@type\":\"WebPage\",\"@id\":\"https:\\\/\\\/redenoticiaz.com.br\\\/litoralsp\\\/2023\\\/09\\\/11\\\/governo-denuncia-fake-news-sobre-encerramento-de-doacoes-no-rio-grande-do-sul\",\"url\":\"https:\\\/\\\/redenoticiaz.com.br\\\/litoralsp\\\/2023\\\/09\\\/11\\\/governo-denuncia-fake-news-sobre-encerramento-de-doacoes-no-rio-grande-do-sul\",\"name\":\"Governo denuncia fake news sobre encerramento de doa\u00e7\u00f5es no Rio Grande do Sul - Litoral SP\",\"isPartOf\":{\"@id\":\"https:\\\/\\\/redenoticiaz.com.br\\\/litoralsp\\\/#website\"},\"primaryImageOfPage\":{\"@id\":\"https:\\\/\\\/redenoticiaz.com.br\\\/litoralsp\\\/2023\\\/09\\\/11\\\/governo-denuncia-fake-news-sobre-encerramento-de-doacoes-no-rio-grande-do-sul#primaryimage\"},\"image\":{\"@id\":\"https:\\\/\\\/redenoticiaz.com.br\\\/litoralsp\\\/2023\\\/09\\\/11\\\/governo-denuncia-fake-news-sobre-encerramento-de-doacoes-no-rio-grande-do-sul#primaryimage\"},\"thumbnailUrl\":\"https:\\\/\\\/redenoticiaz.com.br\\\/litoralsp\\\/wp-content\\\/uploads\\\/sites\\\/3\\\/2023\\\/09\\\/xxalta_rs_2_jv.jpg?v=1694445938\",\"datePublished\":\"2023-09-11T15:26:12+00:00\",\"dateModified\":\"2023-09-11T15:26:54+00:00\",\"description\":\"Diversas autoridades do governo federal utilizaram as redes sociais para desmentir as falsas informa\u00e7\u00f5es (fake news) sobre um suposto encerramento de doa\u00e7\u00f5es para as v\u00edtimas dos temporais que atingiram o Rio Grande do Sul.\",\"inLanguage\":\"pt-BR\",\"potentialAction\":[{\"@type\":\"ReadAction\",\"target\":[\"https:\\\/\\\/redenoticiaz.com.br\\\/litoralsp\\\/2023\\\/09\\\/11\\\/governo-denuncia-fake-news-sobre-encerramento-de-doacoes-no-rio-grande-do-sul\"]}]},{\"@type\":\"ImageObject\",\"inLanguage\":\"pt-BR\",\"@id\":\"https:\\\/\\\/redenoticiaz.com.br\\\/litoralsp\\\/2023\\\/09\\\/11\\\/governo-denuncia-fake-news-sobre-encerramento-de-doacoes-no-rio-grande-do-sul#primaryimage\",\"url\":\"https:\\\/\\\/redenoticiaz.com.br\\\/litoralsp\\\/wp-content\\\/uploads\\\/sites\\\/3\\\/2023\\\/09\\\/xxalta_rs_2_jv.jpg?v=1694445938\",\"contentUrl\":\"https:\\\/\\\/redenoticiaz.com.br\\\/litoralsp\\\/wp-content\\\/uploads\\\/sites\\\/3\\\/2023\\\/09\\\/xxalta_rs_2_jv.jpg?v=1694445938\",\"width\":1170,\"height\":700,\"caption\":\"Presid\u00eancia da Rep\u00fablica\"},{\"@type\":\"WebSite\",\"@id\":\"https:\\\/\\\/redenoticiaz.com.br\\\/litoralsp\\\/#website\",\"url\":\"https:\\\/\\\/redenoticiaz.com.br\\\/litoralsp\\\/\",\"name\":\"Litoral SP\",\"description\":\"Rede NoticiaZ\",\"publisher\":{\"@id\":\"https:\\\/\\\/redenoticiaz.com.br\\\/litoralsp\\\/#organization\"},\"potentialAction\":[{\"@type\":\"SearchAction\",\"target\":{\"@type\":\"EntryPoint\",\"urlTemplate\":\"https:\\\/\\\/redenoticiaz.com.br\\\/litoralsp\\\/?s={search_term_string}\"},\"query-input\":{\"@type\":\"PropertyValueSpecification\",\"valueRequired\":true,\"valueName\":\"search_term_string\"}}],\"inLanguage\":\"pt-BR\"},{\"@type\":\"Organization\",\"@id\":\"https:\\\/\\\/redenoticiaz.com.br\\\/litoralsp\\\/#organization\",\"name\":\"Litoral SP\",\"url\":\"https:\\\/\\\/redenoticiaz.com.br\\\/litoralsp\\\/\",\"logo\":{\"@type\":\"ImageObject\",\"inLanguage\":\"pt-BR\",\"@id\":\"https:\\\/\\\/redenoticiaz.com.br\\\/litoralsp\\\/#\\\/schema\\\/logo\\\/image\\\/\",\"url\":\"https:\\\/\\\/redenoticiaz.com.br\\\/litoralsp\\\/wp-content\\\/uploads\\\/sites\\\/3\\\/2020\\\/11\\\/logo.jpg\",\"contentUrl\":\"https:\\\/\\\/redenoticiaz.com.br\\\/litoralsp\\\/wp-content\\\/uploads\\\/sites\\\/3\\\/2020\\\/11\\\/logo.jpg\",\"width\":400,\"height\":250,\"caption\":\"Litoral SP\"},\"image\":{\"@id\":\"https:\\\/\\\/redenoticiaz.com.br\\\/litoralsp\\\/#\\\/schema\\\/logo\\\/image\\\/\"}},{\"@type\":\"Person\",\"@id\":\"https:\\\/\\\/redenoticiaz.com.br\\\/litoralsp\\\/#\\\/schema\\\/person\\\/16057b37a3c0ee6b096d7f887c566e2e\",\"name\":\"Gustavo Silva\",\"image\":{\"@type\":\"ImageObject\",\"inLanguage\":\"pt-BR\",\"@id\":\"https:\\\/\\\/secure.gravatar.com\\\/avatar\\\/3ee4e82f93b26de0a7cf4ea5eb7893da637ed6bb0c9170c58065944c56e28a33?s=96&d=mm&r=g\",\"url\":\"https:\\\/\\\/secure.gravatar.com\\\/avatar\\\/3ee4e82f93b26de0a7cf4ea5eb7893da637ed6bb0c9170c58065944c56e28a33?s=96&d=mm&r=g\",\"contentUrl\":\"https:\\\/\\\/secure.gravatar.com\\\/avatar\\\/3ee4e82f93b26de0a7cf4ea5eb7893da637ed6bb0c9170c58065944c56e28a33?s=96&d=mm&r=g\",\"caption\":\"Gustavo Silva\"},\"url\":\"https:\\\/\\\/redenoticiaz.com.br\\\/litoralsp\\\/author\\\/gustavosilva\"}]}<\/script>\n<!-- \/ Yoast SEO plugin. -->","yoast_head_json":{"title":"Governo denuncia fake news sobre encerramento de doa\u00e7\u00f5es no Rio Grande do Sul - Litoral SP","description":"Diversas autoridades do governo federal utilizaram as redes sociais para desmentir as falsas informa\u00e7\u00f5es (fake news) sobre um suposto encerramento de doa\u00e7\u00f5es para as v\u00edtimas dos temporais que atingiram o Rio Grande do Sul.","robots":{"index":"index","follow":"follow","max-snippet":"max-snippet:-1","max-image-preview":"max-image-preview:large","max-video-preview":"max-video-preview:-1"},"canonical":"https:\/\/redenoticiaz.com.br\/litoralsp\/2023\/09\/11\/governo-denuncia-fake-news-sobre-encerramento-de-doacoes-no-rio-grande-do-sul","og_locale":"pt_BR","og_type":"article","og_title":"Governo denuncia fake news sobre encerramento de doa\u00e7\u00f5es no Rio Grande do Sul - Litoral SP","og_description":"Diversas autoridades do governo federal utilizaram as redes sociais para desmentir as falsas informa\u00e7\u00f5es (fake news) sobre um suposto encerramento de doa\u00e7\u00f5es para as v\u00edtimas dos temporais que atingiram o Rio Grande do Sul.","og_url":"https:\/\/redenoticiaz.com.br\/litoralsp\/2023\/09\/11\/governo-denuncia-fake-news-sobre-encerramento-de-doacoes-no-rio-grande-do-sul","og_site_name":"Litoral SP","article_published_time":"2023-09-11T15:26:12+00:00","article_modified_time":"2023-09-11T15:26:54+00:00","og_image":[{"width":1170,"height":700,"url":"https:\/\/redenoticiaz.com.br\/litoralsp\/wp-content\/uploads\/sites\/3\/2023\/09\/xxalta_rs_2_jv.jpg?v=1694445938","type":"image\/jpeg"}],"author":"Gustavo Silva","twitter_card":"summary_large_image","twitter_misc":{"Escrito por":"Gustavo Silva","Est. tempo de leitura":"2 minutos"},"schema":{"@context":"https:\/\/schema.org","@graph":[{"@type":"Article","@id":"https:\/\/redenoticiaz.com.br\/litoralsp\/2023\/09\/11\/governo-denuncia-fake-news-sobre-encerramento-de-doacoes-no-rio-grande-do-sul#article","isPartOf":{"@id":"https:\/\/redenoticiaz.com.br\/litoralsp\/2023\/09\/11\/governo-denuncia-fake-news-sobre-encerramento-de-doacoes-no-rio-grande-do-sul"},"author":{"name":"Gustavo Silva","@id":"https:\/\/redenoticiaz.com.br\/litoralsp\/#\/schema\/person\/16057b37a3c0ee6b096d7f887c566e2e"},"headline":"Governo denuncia fake news sobre encerramento de doa\u00e7\u00f5es no Rio Grande do Sul","datePublished":"2023-09-11T15:26:12+00:00","dateModified":"2023-09-11T15:26:54+00:00","mainEntityOfPage":{"@id":"https:\/\/redenoticiaz.com.br\/litoralsp\/2023\/09\/11\/governo-denuncia-fake-news-sobre-encerramento-de-doacoes-no-rio-grande-do-sul"},"wordCount":258,"commentCount":0,"publisher":{"@id":"https:\/\/redenoticiaz.com.br\/litoralsp\/#organization"},"image":{"@id":"https:\/\/redenoticiaz.com.br\/litoralsp\/2023\/09\/11\/governo-denuncia-fake-news-sobre-encerramento-de-doacoes-no-rio-grande-do-sul#primaryimage"},"thumbnailUrl":"https:\/\/redenoticiaz.com.br\/litoralsp\/wp-content\/uploads\/sites\/3\/2023\/09\/xxalta_rs_2_jv.jpg?v=1694445938","keywords":["FAKE NEWS","Fl\u00e1vio Dino","PRESID\u00caNCIA DA REP\u00daBLICA","RIO GRANDE DO SUL"],"articleSection":["A\u00e7\u00e3o Social","Direitos Humanos"],"inLanguage":"pt-BR","potentialAction":[{"@type":"CommentAction","name":"Comment","target":["https:\/\/redenoticiaz.com.br\/litoralsp\/2023\/09\/11\/governo-denuncia-fake-news-sobre-encerramento-de-doacoes-no-rio-grande-do-sul#respond"]}]},{"@type":"WebPage","@id":"https:\/\/redenoticiaz.com.br\/litoralsp\/2023\/09\/11\/governo-denuncia-fake-news-sobre-encerramento-de-doacoes-no-rio-grande-do-sul","url":"https:\/\/redenoticiaz.com.br\/litoralsp\/2023\/09\/11\/governo-denuncia-fake-news-sobre-encerramento-de-doacoes-no-rio-grande-do-sul","name":"Governo denuncia fake news sobre encerramento de doa\u00e7\u00f5es no Rio Grande do Sul - Litoral SP","isPartOf":{"@id":"https:\/\/redenoticiaz.com.br\/litoralsp\/#website"},"primaryImageOfPage":{"@id":"https:\/\/redenoticiaz.com.br\/litoralsp\/2023\/09\/11\/governo-denuncia-fake-news-sobre-encerramento-de-doacoes-no-rio-grande-do-sul#primaryimage"},"image":{"@id":"https:\/\/redenoticiaz.com.br\/litoralsp\/2023\/09\/11\/governo-denuncia-fake-news-sobre-encerramento-de-doacoes-no-rio-grande-do-sul#primaryimage"},"thumbnailUrl":"https:\/\/redenoticiaz.com.br\/litoralsp\/wp-content\/uploads\/sites\/3\/2023\/09\/xxalta_rs_2_jv.jpg?v=1694445938","datePublished":"2023-09-11T15:26:12+00:00","dateModified":"2023-09-11T15:26:54+00:00","description":"Diversas autoridades do governo federal utilizaram as redes sociais para desmentir as falsas informa\u00e7\u00f5es (fake news) sobre um suposto encerramento de doa\u00e7\u00f5es para as v\u00edtimas dos temporais que atingiram o Rio Grande do Sul.","inLanguage":"pt-BR","potentialAction":[{"@type":"ReadAction","target":["https:\/\/redenoticiaz.com.br\/litoralsp\/2023\/09\/11\/governo-denuncia-fake-news-sobre-encerramento-de-doacoes-no-rio-grande-do-sul"]}]},{"@type":"ImageObject","inLanguage":"pt-BR","@id":"https:\/\/redenoticiaz.com.br\/litoralsp\/2023\/09\/11\/governo-denuncia-fake-news-sobre-encerramento-de-doacoes-no-rio-grande-do-sul#primaryimage","url":"https:\/\/redenoticiaz.com.br\/litoralsp\/wp-content\/uploads\/sites\/3\/2023\/09\/xxalta_rs_2_jv.jpg?v=1694445938","contentUrl":"https:\/\/redenoticiaz.com.br\/litoralsp\/wp-content\/uploads\/sites\/3\/2023\/09\/xxalta_rs_2_jv.jpg?v=1694445938","width":1170,"height":700,"caption":"Presid\u00eancia da Rep\u00fablica"},{"@type":"WebSite","@id":"https:\/\/redenoticiaz.com.br\/litoralsp\/#website","url":"https:\/\/redenoticiaz.com.br\/litoralsp\/","name":"Litoral SP","description":"Rede NoticiaZ","publisher":{"@id":"https:\/\/redenoticiaz.com.br\/litoralsp\/#organization"},"potentialAction":[{"@type":"SearchAction","target":{"@type":"EntryPoint","urlTemplate":"https:\/\/redenoticiaz.com.br\/litoralsp\/?s={search_term_string}"},"query-input":{"@type":"PropertyValueSpecification","valueRequired":true,"valueName":"search_term_string"}}],"inLanguage":"pt-BR"},{"@type":"Organization","@id":"https:\/\/redenoticiaz.com.br\/litoralsp\/#organization","name":"Litoral SP","url":"https:\/\/redenoticiaz.com.br\/litoralsp\/","logo":{"@type":"ImageObject","inLanguage":"pt-BR","@id":"https:\/\/redenoticiaz.com.br\/litoralsp\/#\/schema\/logo\/image\/","url":"https:\/\/redenoticiaz.com.br\/litoralsp\/wp-content\/uploads\/sites\/3\/2020\/11\/logo.jpg","contentUrl":"https:\/\/redenoticiaz.com.br\/litoralsp\/wp-content\/uploads\/sites\/3\/2020\/11\/logo.jpg","width":400,"height":250,"caption":"Litoral SP"},"image":{"@id":"https:\/\/redenoticiaz.com.br\/litoralsp\/#\/schema\/logo\/image\/"}},{"@type":"Person","@id":"https:\/\/redenoticiaz.com.br\/litoralsp\/#\/schema\/person\/16057b37a3c0ee6b096d7f887c566e2e","name":"Gustavo Silva","image":{"@type":"ImageObject","inLanguage":"pt-BR","@id":"https:\/\/secure.gravatar.com\/avatar\/3ee4e82f93b26de0a7cf4ea5eb7893da637ed6bb0c9170c58065944c56e28a33?s=96&d=mm&r=g","url":"https:\/\/secure.gravatar.com\/avatar\/3ee4e82f93b26de0a7cf4ea5eb7893da637ed6bb0c9170c58065944c56e28a33?s=96&d=mm&r=g","contentUrl":"https:\/\/secure.gravatar.com\/avatar\/3ee4e82f93b26de0a7cf4ea5eb7893da637ed6bb0c9170c58065944c56e28a33?s=96&d=mm&r=g","caption":"Gustavo Silva"},"url":"https:\/\/redenoticiaz.com.br\/litoralsp\/author\/gustavosilva"}]}},"_links":{"self":[{"href":"https:\/\/redenoticiaz.com.br\/litoralsp\/wp-json\/wp\/v2\/posts\/110487","targetHints":{"allow":["GET"]}}],"collection":[{"href":"https:\/\/redenoticiaz.com.br\/litoralsp\/wp-json\/wp\/v2\/posts"}],"about":[{"href":"https:\/\/redenoticiaz.com.br\/litoralsp\/wp-json\/wp\/v2\/types\/post"}],"author":[{"embeddable":true,"href":"https:\/\/redenoticiaz.com.br\/litoralsp\/wp-json\/wp\/v2\/users\/12"}],"replies":[{"embeddable":true,"href":"https:\/\/redenoticiaz.com.br\/litoralsp\/wp-json\/wp\/v2\/comments?post=110487"}],"version-history":[{"count":0,"href":"https:\/\/redenoticiaz.com.br\/litoralsp\/wp-json\/wp\/v2\/posts\/110487\/revisions"}],"wp:featuredmedia":[{"embeddable":true,"href":"https:\/\/redenoticiaz.com.br\/litoralsp\/wp-json\/wp\/v2\/media\/110488"}],"wp:attachment":[{"href":"https:\/\/redenoticiaz.com.br\/litoralsp\/wp-json\/wp\/v2\/media?parent=110487"}],"wp:term":[{"taxonomy":"category","embeddable":true,"href":"https:\/\/redenoticiaz.com.br\/litoralsp\/wp-json\/wp\/v2\/categories?post=110487"},{"taxonomy":"post_tag","embeddable":true,"href":"https:\/\/redenoticiaz.com.br\/litoralsp\/wp-json\/wp\/v2\/tags?post=110487"}],"curies":[{"name":"wp","href":"https:\/\/api.w.org\/{rel}","templated":true}]}}