{"id":110494,"date":"2023-09-11T15:32:05","date_gmt":"2023-09-11T18:32:05","guid":{"rendered":"https:\/\/redenoticiaz.com.br\/litoralsp\/?p=110494"},"modified":"2023-09-11T16:26:23","modified_gmt":"2023-09-11T19:26:23","slug":"dois-homens-sao-baleados-em-mais-uma-noite-violenta-na-baixada-santista","status":"publish","type":"post","link":"https:\/\/redenoticiaz.com.br\/litoralsp\/2023\/09\/11\/dois-homens-sao-baleados-em-mais-uma-noite-violenta-na-baixada-santista","title":{"rendered":"Dois homens s\u00e3o baleados em mais uma noite violenta na Baixada Santista"},"content":{"rendered":"<p data-track-category=\"Link no Texto\" data-track-links=\"\">Dois homens foram baleados em mais uma noite violenta na Baixada Santista na cidade de S\u00e3o Vicente na noite desta \u00faltimo domingo (10).<\/p>\n<p data-track-category=\"Link no Texto\" data-track-links=\"\">De acordo com as informa\u00e7\u00f5es, uma dupla em uma motocicleta passou atirando em uma rua no bairro Vila Nova S\u00e3o Vicente.<\/p>\n<p data-track-category=\"Link no Texto\" data-track-links=\"\">Ainda de acordo com as informa\u00e7\u00f5es, as v\u00edtimas tem 27 e 25 anos e um deles passou por cirurgia j\u00e1 que foi atingido na regi\u00e3o das costas e o outro na bochecha.<\/p>\n<p data-track-category=\"Link no Texto\" data-track-links=\"\">Sendo assim, o caso aconteceu entre as ruas Ubirajara Barroso de Oliveira e Eremita Santana Nascimento.<\/p>\n<p data-track-category=\"Link no Texto\" data-track-links=\"\">Ambos estavam sentados em uma esquina da rua em que moram.<\/p>\n<p data-track-category=\"Link no Texto\" data-track-links=\"\"><strong>Leia mais<\/strong><\/p>\n<p data-track-category=\"Link no Texto\" data-track-links=\"\"><a href=\"https:\/\/redenoticiaz.com.br\/litoralsp\/2023\/09\/06\/guaruja-reforca-seguranca-apos-o-fim-da-operacao-escudo\">Guaruj\u00e1 refor\u00e7a seguran\u00e7a ap\u00f3s o fim da Opera\u00e7\u00e3o Escudo<\/a><\/p>\n<p data-track-category=\"Link no Texto\" data-track-links=\"\"><a href=\"https:\/\/redenoticiaz.com.br\/litoralsp\/2023\/09\/11\/mulher-morre-apos-ser-atropelada-por-trem\">Mulher morre ap\u00f3s ser atropelada por trem<\/a><\/p>\n<p data-track-category=\"Link no Texto\" data-track-links=\"\"><a href=\"https:\/\/redenoticiaz.com.br\/litoralsp\/2023\/09\/11\/policia-federal-prende-em-flagrante-homem-por-trafico-no-porto-de-santos\">Pol\u00edcia Federal prende em flagrante homem por tr\u00e1fico no Porto de Santos<\/a><\/p>\n","protected":false},"excerpt":{"rendered":"<p>Dois homens foram baleados em mais uma noite violenta na Baixada Santista na cidade de S\u00e3o Vicente na noite desta \u00faltimo domingo (10). De acordo com as informa\u00e7\u00f5es, uma dupla em uma motocicleta passou atirando em uma rua no bairro Vila Nova S\u00e3o Vicente. Ainda de acordo com as informa\u00e7\u00f5es, as v\u00edtimas tem 27 e &hellip;<\/p>\n","protected":false},"author":12,"featured_media":110495,"comment_status":"open","ping_status":"closed","sticky":false,"template":"","format":"standard","meta":{"footnotes":""},"categories":[10,181],"tags":[67096,43928,33,67095],"class_list":["post-110494","post","type-post","status-publish","format-standard","has-post-thumbnail","hentry","category-policia","category-sao-vicente","tag-eremita-santana-nascimento","tag-homens-baleados","tag-sao-vicente","tag-ubirajara-barroso-de-oliveira"],"yoast_head":"<!-- This site is optimized with the Yoast SEO plugin v27.4 - https:\/\/yoast.com\/product\/yoast-seo-wordpress\/ -->\n<title>Dois homens s\u00e3o baleados em mais uma noite violenta na Baixada Santista - Litoral SP<\/title>\n<meta name=\"description\" content=\"Dois homens foram baleados em mais uma noite violenta na Baixada Santista na cidade de S\u00e3o Vicente na noite desta \u00faltimo domingo (10).\" \/>\n<meta name=\"robots\" content=\"index, follow, max-snippet:-1, max-image-preview:large, max-video-preview:-1\" \/>\n<link rel=\"canonical\" href=\"https:\/\/redenoticiaz.com.br\/litoralsp\/2023\/09\/11\/dois-homens-sao-baleados-em-mais-uma-noite-violenta-na-baixada-santista\" \/>\n<meta property=\"og:locale\" content=\"pt_BR\" \/>\n<meta property=\"og:type\" content=\"article\" \/>\n<meta property=\"og:title\" content=\"Dois homens s\u00e3o baleados em mais uma noite violenta na Baixada Santista - Litoral SP\" \/>\n<meta property=\"og:description\" content=\"Dois homens foram baleados em mais uma noite violenta na Baixada Santista na cidade de S\u00e3o Vicente na noite desta \u00faltimo domingo (10).\" \/>\n<meta property=\"og:url\" content=\"https:\/\/redenoticiaz.com.br\/litoralsp\/2023\/09\/11\/dois-homens-sao-baleados-em-mais-uma-noite-violenta-na-baixada-santista\" \/>\n<meta property=\"og:site_name\" content=\"Litoral SP\" \/>\n<meta property=\"article:published_time\" content=\"2023-09-11T18:32:05+00:00\" \/>\n<meta property=\"article:modified_time\" content=\"2023-09-11T19:26:23+00:00\" \/>\n<meta property=\"og:image\" content=\"https:\/\/redenoticiaz.com.br\/litoralsp\/wp-content\/uploads\/sites\/3\/2023\/09\/baleados-vila-nova-sv.jpg\" \/>\n\t<meta property=\"og:image:width\" content=\"1000\" \/>\n\t<meta property=\"og:image:height\" content=\"667\" \/>\n\t<meta property=\"og:image:type\" content=\"image\/jpeg\" \/>\n<meta name=\"author\" content=\"Gustavo Silva\" \/>\n<meta name=\"twitter:card\" content=\"summary_large_image\" \/>\n<meta name=\"twitter:label1\" content=\"Escrito por\" \/>\n\t<meta name=\"twitter:data1\" content=\"Gustavo Silva\" \/>\n\t<meta name=\"twitter:label2\" content=\"Est. tempo de leitura\" \/>\n\t<meta name=\"twitter:data2\" content=\"1 minuto\" \/>\n<script type=\"application\/ld+json\" class=\"yoast-schema-graph\">{\"@context\":\"https:\\\/\\\/schema.org\",\"@graph\":[{\"@type\":\"Article\",\"@id\":\"https:\\\/\\\/redenoticiaz.com.br\\\/litoralsp\\\/2023\\\/09\\\/11\\\/dois-homens-sao-baleados-em-mais-uma-noite-violenta-na-baixada-santista#article\",\"isPartOf\":{\"@id\":\"https:\\\/\\\/redenoticiaz.com.br\\\/litoralsp\\\/2023\\\/09\\\/11\\\/dois-homens-sao-baleados-em-mais-uma-noite-violenta-na-baixada-santista\"},\"author\":{\"name\":\"Gustavo Silva\",\"@id\":\"https:\\\/\\\/redenoticiaz.com.br\\\/litoralsp\\\/#\\\/schema\\\/person\\\/16057b37a3c0ee6b096d7f887c566e2e\"},\"headline\":\"Dois homens s\u00e3o baleados em mais uma noite violenta na Baixada Santista\",\"datePublished\":\"2023-09-11T18:32:05+00:00\",\"dateModified\":\"2023-09-11T19:26:23+00:00\",\"mainEntityOfPage\":{\"@id\":\"https:\\\/\\\/redenoticiaz.com.br\\\/litoralsp\\\/2023\\\/09\\\/11\\\/dois-homens-sao-baleados-em-mais-uma-noite-violenta-na-baixada-santista\"},\"wordCount\":156,\"commentCount\":0,\"publisher\":{\"@id\":\"https:\\\/\\\/redenoticiaz.com.br\\\/litoralsp\\\/#organization\"},\"image\":{\"@id\":\"https:\\\/\\\/redenoticiaz.com.br\\\/litoralsp\\\/2023\\\/09\\\/11\\\/dois-homens-sao-baleados-em-mais-uma-noite-violenta-na-baixada-santista#primaryimage\"},\"thumbnailUrl\":\"https:\\\/\\\/redenoticiaz.com.br\\\/litoralsp\\\/wp-content\\\/uploads\\\/sites\\\/3\\\/2023\\\/09\\\/baleados-vila-nova-sv.jpg\",\"keywords\":[\"Eremita Santana Nascimento\",\"HOMENS BALEADOS\",\"S\u00e3o Vicente\",\"Ubirajara Barroso de Oliveira\"],\"articleSection\":[\"Pol\u00edcia\",\"S\u00e3o Vicente\"],\"inLanguage\":\"pt-BR\",\"potentialAction\":[{\"@type\":\"CommentAction\",\"name\":\"Comment\",\"target\":[\"https:\\\/\\\/redenoticiaz.com.br\\\/litoralsp\\\/2023\\\/09\\\/11\\\/dois-homens-sao-baleados-em-mais-uma-noite-violenta-na-baixada-santista#respond\"]}]},{\"@type\":\"WebPage\",\"@id\":\"https:\\\/\\\/redenoticiaz.com.br\\\/litoralsp\\\/2023\\\/09\\\/11\\\/dois-homens-sao-baleados-em-mais-uma-noite-violenta-na-baixada-santista\",\"url\":\"https:\\\/\\\/redenoticiaz.com.br\\\/litoralsp\\\/2023\\\/09\\\/11\\\/dois-homens-sao-baleados-em-mais-uma-noite-violenta-na-baixada-santista\",\"name\":\"Dois homens s\u00e3o baleados em mais uma noite violenta na Baixada Santista - Litoral SP\",\"isPartOf\":{\"@id\":\"https:\\\/\\\/redenoticiaz.com.br\\\/litoralsp\\\/#website\"},\"primaryImageOfPage\":{\"@id\":\"https:\\\/\\\/redenoticiaz.com.br\\\/litoralsp\\\/2023\\\/09\\\/11\\\/dois-homens-sao-baleados-em-mais-uma-noite-violenta-na-baixada-santista#primaryimage\"},\"image\":{\"@id\":\"https:\\\/\\\/redenoticiaz.com.br\\\/litoralsp\\\/2023\\\/09\\\/11\\\/dois-homens-sao-baleados-em-mais-uma-noite-violenta-na-baixada-santista#primaryimage\"},\"thumbnailUrl\":\"https:\\\/\\\/redenoticiaz.com.br\\\/litoralsp\\\/wp-content\\\/uploads\\\/sites\\\/3\\\/2023\\\/09\\\/baleados-vila-nova-sv.jpg\",\"datePublished\":\"2023-09-11T18:32:05+00:00\",\"dateModified\":\"2023-09-11T19:26:23+00:00\",\"description\":\"Dois homens foram baleados em mais uma noite violenta na Baixada Santista na cidade de S\u00e3o Vicente na noite desta \u00faltimo domingo (10).\",\"inLanguage\":\"pt-BR\",\"potentialAction\":[{\"@type\":\"ReadAction\",\"target\":[\"https:\\\/\\\/redenoticiaz.com.br\\\/litoralsp\\\/2023\\\/09\\\/11\\\/dois-homens-sao-baleados-em-mais-uma-noite-violenta-na-baixada-santista\"]}]},{\"@type\":\"ImageObject\",\"inLanguage\":\"pt-BR\",\"@id\":\"https:\\\/\\\/redenoticiaz.com.br\\\/litoralsp\\\/2023\\\/09\\\/11\\\/dois-homens-sao-baleados-em-mais-uma-noite-violenta-na-baixada-santista#primaryimage\",\"url\":\"https:\\\/\\\/redenoticiaz.com.br\\\/litoralsp\\\/wp-content\\\/uploads\\\/sites\\\/3\\\/2023\\\/09\\\/baleados-vila-nova-sv.jpg\",\"contentUrl\":\"https:\\\/\\\/redenoticiaz.com.br\\\/litoralsp\\\/wp-content\\\/uploads\\\/sites\\\/3\\\/2023\\\/09\\\/baleados-vila-nova-sv.jpg\",\"width\":1000,\"height\":667,\"caption\":\"Dois homens s\u00e3o baleados em mais uma noite violenta na Baixada Santista\"},{\"@type\":\"WebSite\",\"@id\":\"https:\\\/\\\/redenoticiaz.com.br\\\/litoralsp\\\/#website\",\"url\":\"https:\\\/\\\/redenoticiaz.com.br\\\/litoralsp\\\/\",\"name\":\"Litoral SP\",\"description\":\"Rede NoticiaZ\",\"publisher\":{\"@id\":\"https:\\\/\\\/redenoticiaz.com.br\\\/litoralsp\\\/#organization\"},\"potentialAction\":[{\"@type\":\"SearchAction\",\"target\":{\"@type\":\"EntryPoint\",\"urlTemplate\":\"https:\\\/\\\/redenoticiaz.com.br\\\/litoralsp\\\/?s={search_term_string}\"},\"query-input\":{\"@type\":\"PropertyValueSpecification\",\"valueRequired\":true,\"valueName\":\"search_term_string\"}}],\"inLanguage\":\"pt-BR\"},{\"@type\":\"Organization\",\"@id\":\"https:\\\/\\\/redenoticiaz.com.br\\\/litoralsp\\\/#organization\",\"name\":\"Litoral SP\",\"url\":\"https:\\\/\\\/redenoticiaz.com.br\\\/litoralsp\\\/\",\"logo\":{\"@type\":\"ImageObject\",\"inLanguage\":\"pt-BR\",\"@id\":\"https:\\\/\\\/redenoticiaz.com.br\\\/litoralsp\\\/#\\\/schema\\\/logo\\\/image\\\/\",\"url\":\"https:\\\/\\\/redenoticiaz.com.br\\\/litoralsp\\\/wp-content\\\/uploads\\\/sites\\\/3\\\/2020\\\/11\\\/logo.jpg\",\"contentUrl\":\"https:\\\/\\\/redenoticiaz.com.br\\\/litoralsp\\\/wp-content\\\/uploads\\\/sites\\\/3\\\/2020\\\/11\\\/logo.jpg\",\"width\":400,\"height\":250,\"caption\":\"Litoral SP\"},\"image\":{\"@id\":\"https:\\\/\\\/redenoticiaz.com.br\\\/litoralsp\\\/#\\\/schema\\\/logo\\\/image\\\/\"}},{\"@type\":\"Person\",\"@id\":\"https:\\\/\\\/redenoticiaz.com.br\\\/litoralsp\\\/#\\\/schema\\\/person\\\/16057b37a3c0ee6b096d7f887c566e2e\",\"name\":\"Gustavo Silva\",\"image\":{\"@type\":\"ImageObject\",\"inLanguage\":\"pt-BR\",\"@id\":\"https:\\\/\\\/secure.gravatar.com\\\/avatar\\\/3ee4e82f93b26de0a7cf4ea5eb7893da637ed6bb0c9170c58065944c56e28a33?s=96&d=mm&r=g\",\"url\":\"https:\\\/\\\/secure.gravatar.com\\\/avatar\\\/3ee4e82f93b26de0a7cf4ea5eb7893da637ed6bb0c9170c58065944c56e28a33?s=96&d=mm&r=g\",\"contentUrl\":\"https:\\\/\\\/secure.gravatar.com\\\/avatar\\\/3ee4e82f93b26de0a7cf4ea5eb7893da637ed6bb0c9170c58065944c56e28a33?s=96&d=mm&r=g\",\"caption\":\"Gustavo Silva\"},\"url\":\"https:\\\/\\\/redenoticiaz.com.br\\\/litoralsp\\\/author\\\/gustavosilva\"}]}<\/script>\n<!-- \/ Yoast SEO plugin. -->","yoast_head_json":{"title":"Dois homens s\u00e3o baleados em mais uma noite violenta na Baixada Santista - Litoral SP","description":"Dois homens foram baleados em mais uma noite violenta na Baixada Santista na cidade de S\u00e3o Vicente na noite desta \u00faltimo domingo (10).","robots":{"index":"index","follow":"follow","max-snippet":"max-snippet:-1","max-image-preview":"max-image-preview:large","max-video-preview":"max-video-preview:-1"},"canonical":"https:\/\/redenoticiaz.com.br\/litoralsp\/2023\/09\/11\/dois-homens-sao-baleados-em-mais-uma-noite-violenta-na-baixada-santista","og_locale":"pt_BR","og_type":"article","og_title":"Dois homens s\u00e3o baleados em mais uma noite violenta na Baixada Santista - Litoral SP","og_description":"Dois homens foram baleados em mais uma noite violenta na Baixada Santista na cidade de S\u00e3o Vicente na noite desta \u00faltimo domingo (10).","og_url":"https:\/\/redenoticiaz.com.br\/litoralsp\/2023\/09\/11\/dois-homens-sao-baleados-em-mais-uma-noite-violenta-na-baixada-santista","og_site_name":"Litoral SP","article_published_time":"2023-09-11T18:32:05+00:00","article_modified_time":"2023-09-11T19:26:23+00:00","og_image":[{"width":1000,"height":667,"url":"https:\/\/redenoticiaz.com.br\/litoralsp\/wp-content\/uploads\/sites\/3\/2023\/09\/baleados-vila-nova-sv.jpg","type":"image\/jpeg"}],"author":"Gustavo Silva","twitter_card":"summary_large_image","twitter_misc":{"Escrito por":"Gustavo Silva","Est. tempo de leitura":"1 minuto"},"schema":{"@context":"https:\/\/schema.org","@graph":[{"@type":"Article","@id":"https:\/\/redenoticiaz.com.br\/litoralsp\/2023\/09\/11\/dois-homens-sao-baleados-em-mais-uma-noite-violenta-na-baixada-santista#article","isPartOf":{"@id":"https:\/\/redenoticiaz.com.br\/litoralsp\/2023\/09\/11\/dois-homens-sao-baleados-em-mais-uma-noite-violenta-na-baixada-santista"},"author":{"name":"Gustavo Silva","@id":"https:\/\/redenoticiaz.com.br\/litoralsp\/#\/schema\/person\/16057b37a3c0ee6b096d7f887c566e2e"},"headline":"Dois homens s\u00e3o baleados em mais uma noite violenta na Baixada Santista","datePublished":"2023-09-11T18:32:05+00:00","dateModified":"2023-09-11T19:26:23+00:00","mainEntityOfPage":{"@id":"https:\/\/redenoticiaz.com.br\/litoralsp\/2023\/09\/11\/dois-homens-sao-baleados-em-mais-uma-noite-violenta-na-baixada-santista"},"wordCount":156,"commentCount":0,"publisher":{"@id":"https:\/\/redenoticiaz.com.br\/litoralsp\/#organization"},"image":{"@id":"https:\/\/redenoticiaz.com.br\/litoralsp\/2023\/09\/11\/dois-homens-sao-baleados-em-mais-uma-noite-violenta-na-baixada-santista#primaryimage"},"thumbnailUrl":"https:\/\/redenoticiaz.com.br\/litoralsp\/wp-content\/uploads\/sites\/3\/2023\/09\/baleados-vila-nova-sv.jpg","keywords":["Eremita Santana Nascimento","HOMENS BALEADOS","S\u00e3o Vicente","Ubirajara Barroso de Oliveira"],"articleSection":["Pol\u00edcia","S\u00e3o Vicente"],"inLanguage":"pt-BR","potentialAction":[{"@type":"CommentAction","name":"Comment","target":["https:\/\/redenoticiaz.com.br\/litoralsp\/2023\/09\/11\/dois-homens-sao-baleados-em-mais-uma-noite-violenta-na-baixada-santista#respond"]}]},{"@type":"WebPage","@id":"https:\/\/redenoticiaz.com.br\/litoralsp\/2023\/09\/11\/dois-homens-sao-baleados-em-mais-uma-noite-violenta-na-baixada-santista","url":"https:\/\/redenoticiaz.com.br\/litoralsp\/2023\/09\/11\/dois-homens-sao-baleados-em-mais-uma-noite-violenta-na-baixada-santista","name":"Dois homens s\u00e3o baleados em mais uma noite violenta na Baixada Santista - Litoral SP","isPartOf":{"@id":"https:\/\/redenoticiaz.com.br\/litoralsp\/#website"},"primaryImageOfPage":{"@id":"https:\/\/redenoticiaz.com.br\/litoralsp\/2023\/09\/11\/dois-homens-sao-baleados-em-mais-uma-noite-violenta-na-baixada-santista#primaryimage"},"image":{"@id":"https:\/\/redenoticiaz.com.br\/litoralsp\/2023\/09\/11\/dois-homens-sao-baleados-em-mais-uma-noite-violenta-na-baixada-santista#primaryimage"},"thumbnailUrl":"https:\/\/redenoticiaz.com.br\/litoralsp\/wp-content\/uploads\/sites\/3\/2023\/09\/baleados-vila-nova-sv.jpg","datePublished":"2023-09-11T18:32:05+00:00","dateModified":"2023-09-11T19:26:23+00:00","description":"Dois homens foram baleados em mais uma noite violenta na Baixada Santista na cidade de S\u00e3o Vicente na noite desta \u00faltimo domingo (10).","inLanguage":"pt-BR","potentialAction":[{"@type":"ReadAction","target":["https:\/\/redenoticiaz.com.br\/litoralsp\/2023\/09\/11\/dois-homens-sao-baleados-em-mais-uma-noite-violenta-na-baixada-santista"]}]},{"@type":"ImageObject","inLanguage":"pt-BR","@id":"https:\/\/redenoticiaz.com.br\/litoralsp\/2023\/09\/11\/dois-homens-sao-baleados-em-mais-uma-noite-violenta-na-baixada-santista#primaryimage","url":"https:\/\/redenoticiaz.com.br\/litoralsp\/wp-content\/uploads\/sites\/3\/2023\/09\/baleados-vila-nova-sv.jpg","contentUrl":"https:\/\/redenoticiaz.com.br\/litoralsp\/wp-content\/uploads\/sites\/3\/2023\/09\/baleados-vila-nova-sv.jpg","width":1000,"height":667,"caption":"Dois homens s\u00e3o baleados em mais uma noite violenta na Baixada Santista"},{"@type":"WebSite","@id":"https:\/\/redenoticiaz.com.br\/litoralsp\/#website","url":"https:\/\/redenoticiaz.com.br\/litoralsp\/","name":"Litoral SP","description":"Rede NoticiaZ","publisher":{"@id":"https:\/\/redenoticiaz.com.br\/litoralsp\/#organization"},"potentialAction":[{"@type":"SearchAction","target":{"@type":"EntryPoint","urlTemplate":"https:\/\/redenoticiaz.com.br\/litoralsp\/?s={search_term_string}"},"query-input":{"@type":"PropertyValueSpecification","valueRequired":true,"valueName":"search_term_string"}}],"inLanguage":"pt-BR"},{"@type":"Organization","@id":"https:\/\/redenoticiaz.com.br\/litoralsp\/#organization","name":"Litoral SP","url":"https:\/\/redenoticiaz.com.br\/litoralsp\/","logo":{"@type":"ImageObject","inLanguage":"pt-BR","@id":"https:\/\/redenoticiaz.com.br\/litoralsp\/#\/schema\/logo\/image\/","url":"https:\/\/redenoticiaz.com.br\/litoralsp\/wp-content\/uploads\/sites\/3\/2020\/11\/logo.jpg","contentUrl":"https:\/\/redenoticiaz.com.br\/litoralsp\/wp-content\/uploads\/sites\/3\/2020\/11\/logo.jpg","width":400,"height":250,"caption":"Litoral SP"},"image":{"@id":"https:\/\/redenoticiaz.com.br\/litoralsp\/#\/schema\/logo\/image\/"}},{"@type":"Person","@id":"https:\/\/redenoticiaz.com.br\/litoralsp\/#\/schema\/person\/16057b37a3c0ee6b096d7f887c566e2e","name":"Gustavo Silva","image":{"@type":"ImageObject","inLanguage":"pt-BR","@id":"https:\/\/secure.gravatar.com\/avatar\/3ee4e82f93b26de0a7cf4ea5eb7893da637ed6bb0c9170c58065944c56e28a33?s=96&d=mm&r=g","url":"https:\/\/secure.gravatar.com\/avatar\/3ee4e82f93b26de0a7cf4ea5eb7893da637ed6bb0c9170c58065944c56e28a33?s=96&d=mm&r=g","contentUrl":"https:\/\/secure.gravatar.com\/avatar\/3ee4e82f93b26de0a7cf4ea5eb7893da637ed6bb0c9170c58065944c56e28a33?s=96&d=mm&r=g","caption":"Gustavo Silva"},"url":"https:\/\/redenoticiaz.com.br\/litoralsp\/author\/gustavosilva"}]}},"_links":{"self":[{"href":"https:\/\/redenoticiaz.com.br\/litoralsp\/wp-json\/wp\/v2\/posts\/110494","targetHints":{"allow":["GET"]}}],"collection":[{"href":"https:\/\/redenoticiaz.com.br\/litoralsp\/wp-json\/wp\/v2\/posts"}],"about":[{"href":"https:\/\/redenoticiaz.com.br\/litoralsp\/wp-json\/wp\/v2\/types\/post"}],"author":[{"embeddable":true,"href":"https:\/\/redenoticiaz.com.br\/litoralsp\/wp-json\/wp\/v2\/users\/12"}],"replies":[{"embeddable":true,"href":"https:\/\/redenoticiaz.com.br\/litoralsp\/wp-json\/wp\/v2\/comments?post=110494"}],"version-history":[{"count":1,"href":"https:\/\/redenoticiaz.com.br\/litoralsp\/wp-json\/wp\/v2\/posts\/110494\/revisions"}],"predecessor-version":[{"id":110496,"href":"https:\/\/redenoticiaz.com.br\/litoralsp\/wp-json\/wp\/v2\/posts\/110494\/revisions\/110496"}],"wp:featuredmedia":[{"embeddable":true,"href":"https:\/\/redenoticiaz.com.br\/litoralsp\/wp-json\/wp\/v2\/media\/110495"}],"wp:attachment":[{"href":"https:\/\/redenoticiaz.com.br\/litoralsp\/wp-json\/wp\/v2\/media?parent=110494"}],"wp:term":[{"taxonomy":"category","embeddable":true,"href":"https:\/\/redenoticiaz.com.br\/litoralsp\/wp-json\/wp\/v2\/categories?post=110494"},{"taxonomy":"post_tag","embeddable":true,"href":"https:\/\/redenoticiaz.com.br\/litoralsp\/wp-json\/wp\/v2\/tags?post=110494"}],"curies":[{"name":"wp","href":"https:\/\/api.w.org\/{rel}","templated":true}]}}