{"id":110527,"date":"2023-09-12T16:49:45","date_gmt":"2023-09-12T19:49:45","guid":{"rendered":"https:\/\/redenoticiaz.com.br\/litoralsp\/?p=110527"},"modified":"2023-09-12T16:49:45","modified_gmt":"2023-09-12T19:49:45","slug":"dois-homens-sao-presos-apos-furtos-em-santos","status":"publish","type":"post","link":"https:\/\/redenoticiaz.com.br\/litoralsp\/2023\/09\/12\/dois-homens-sao-presos-apos-furtos-em-santos","title":{"rendered":"Dois homens s\u00e3o presos ap\u00f3s furtos em Santos"},"content":{"rendered":"<p>Com o apoio das c\u00e2meras do Centro de Controle Operacional (CCO), agentes da Guarda Civil Municipal de Santos (GCM) prenderam em flagrante dois homens ap\u00f3s furtos nos bairros do Centro e Gonzaga neste feriado prolongado.<\/p>\n<p>De acordo com as informa\u00e7\u00f5es, uma das a\u00e7\u00f5es ocorreu na manh\u00e3 do \u00faltimo dia 10, quando o monitoramento flagrou um homem retirando duas baterias de um letreiro digital de tr\u00e2nsito localizado na sa\u00edda do t\u00fanel Rubens Ferreira Martins, sentido praia\/Centro.<\/p>\n<p>Ainda de acordo com as informa\u00e7\u00f5es, os guardas se deslocaram at\u00e9 o local e conseguiram deter o indiv\u00edduo embaixo do viaduto, ao lado do t\u00fanel.<\/p>\n<p>Sendo assim, com ele, foi apreendida uma mochila contendo uma chave de boca, um martelo e um ponteiro de metal. Segundo o boletim policial, o autor do crime contou com a ajuda de um outro comparsa, que n\u00e3o foi localizado pelos guardas municipais.<\/p>\n<p>Sendo assim, o homem foi preso e encaminhado \u00e0 Central de Pol\u00edcia Judici\u00e1ria de Santos (CPJ), permanecendo \u00e0 disposi\u00e7\u00e3o da justi\u00e7a.<\/p>\n<h2 id=\"menu1\">Bicicleta<\/h2>\n<p>No domingo \u00e0 tarde, 10, por volta das 13h, agentes da GCM que operam as c\u00e2meras do CCO visualizaram um homem for\u00e7ando o cadeado de uma bicicleta estacionada em um biciclet\u00e1rio, localizado na Pra\u00e7a da Independ\u00eancia. Ele tenta sair com o ve\u00edculo ap\u00f3s quebrar a trava de seguran\u00e7a, mas \u00e9 impedido por populares que tamb\u00e9m presenciaram o crime. Ap\u00f3s a tentativa frustrada, o homem foge a p\u00e9.<\/p>\n<p>Alertada pelo CCO sobre o ocorrido, uma equipe da GCM utilizando motos (Rotam) saiu na captura do acusado, conseguindo det\u00ea-lo na esquina das ruas Bahia e Floriano Peixoto. Ele foi preso e encaminhado \u00e0 delegacia e a bicicleta devolvida \u00e0 v\u00edtima.<\/p>\n<p><strong>Leia mais<\/strong><\/p>\n<p><a href=\"https:\/\/redenoticiaz.com.br\/litoralsp\/2023\/09\/11\/nova-frente-de-obras-do-vlt-sera-iniciada-na-vila-mathias-em-santos\">Nova frente de obras do VLT ser\u00e1 iniciada na Vila Mathias em Santos<\/a><\/p>\n<p><a href=\"https:\/\/redenoticiaz.com.br\/litoralsp\/2023\/09\/11\/policia-federal-prende-em-flagrante-homem-por-trafico-no-porto-de-santos\">Pol\u00edcia Federal prende em flagrante homem por tr\u00e1fico no Porto de Santos<\/a><\/p>\n<p><a href=\"https:\/\/redenoticiaz.com.br\/litoralsp\/2023\/09\/10\/fundador-da-torcida-jovem-do-santos-futebol-clube-morre-em-santos\">Fundador da Torcida Jovem do Santos Futebol Clube morre em Santos<\/a><\/p>\n","protected":false},"excerpt":{"rendered":"<p>Com o apoio das c\u00e2meras do Centro de Controle Operacional (CCO), agentes da Guarda Civil Municipal de Santos (GCM) prenderam em flagrante dois homens ap\u00f3s furtos nos bairros do Centro e Gonzaga neste feriado prolongado. De acordo com as informa\u00e7\u00f5es, uma das a\u00e7\u00f5es ocorreu na manh\u00e3 do \u00faltimo dia 10, quando o monitoramento flagrou um &hellip;<\/p>\n","protected":false},"author":12,"featured_media":110528,"comment_status":"open","ping_status":"closed","sticky":false,"template":"","format":"standard","meta":{"footnotes":""},"categories":[10,180],"tags":[4850,3892,9470,986],"class_list":["post-110527","post","type-post","status-publish","format-standard","has-post-thumbnail","hentry","category-policia","category-santos","tag-centro","tag-furto","tag-gonzaga","tag-santos"],"yoast_head":"<!-- This site is optimized with the Yoast SEO plugin v27.4 - https:\/\/yoast.com\/product\/yoast-seo-wordpress\/ -->\n<title>Dois homens s\u00e3o presos ap\u00f3s furtos em Santos - Litoral SP<\/title>\n<meta name=\"description\" content=\"Com o apoio das c\u00e2meras do Centro de Controle Operacional (CCO), agentes da Guarda Civil Municipal de Santos (GCM) prenderam em flagrante dois homens ap\u00f3s furtos nos bairros do Centro e Gonzaga neste feriado prolongado.\" \/>\n<meta name=\"robots\" content=\"index, follow, max-snippet:-1, max-image-preview:large, max-video-preview:-1\" \/>\n<link rel=\"canonical\" href=\"https:\/\/redenoticiaz.com.br\/litoralsp\/2023\/09\/12\/dois-homens-sao-presos-apos-furtos-em-santos\" \/>\n<meta property=\"og:locale\" content=\"pt_BR\" \/>\n<meta property=\"og:type\" content=\"article\" \/>\n<meta property=\"og:title\" content=\"Dois homens s\u00e3o presos ap\u00f3s furtos em Santos - Litoral SP\" \/>\n<meta property=\"og:description\" content=\"Com o apoio das c\u00e2meras do Centro de Controle Operacional (CCO), agentes da Guarda Civil Municipal de Santos (GCM) prenderam em flagrante dois homens ap\u00f3s furtos nos bairros do Centro e Gonzaga neste feriado prolongado.\" \/>\n<meta property=\"og:url\" content=\"https:\/\/redenoticiaz.com.br\/litoralsp\/2023\/09\/12\/dois-homens-sao-presos-apos-furtos-em-santos\" \/>\n<meta property=\"og:site_name\" content=\"Litoral SP\" \/>\n<meta property=\"article:published_time\" content=\"2023-09-12T19:49:45+00:00\" \/>\n<meta property=\"og:image\" content=\"https:\/\/redenoticiaz.com.br\/litoralsp\/wp-content\/uploads\/sites\/3\/2023\/09\/fotos_bike_4.jpg\" \/>\n\t<meta property=\"og:image:width\" content=\"1200\" \/>\n\t<meta property=\"og:image:height\" content=\"675\" \/>\n\t<meta property=\"og:image:type\" content=\"image\/jpeg\" \/>\n<meta name=\"author\" content=\"Gustavo Silva\" \/>\n<meta name=\"twitter:card\" content=\"summary_large_image\" \/>\n<meta name=\"twitter:label1\" content=\"Escrito por\" \/>\n\t<meta name=\"twitter:data1\" content=\"Gustavo Silva\" \/>\n\t<meta name=\"twitter:label2\" content=\"Est. tempo de leitura\" \/>\n\t<meta name=\"twitter:data2\" content=\"2 minutos\" \/>\n<script type=\"application\/ld+json\" class=\"yoast-schema-graph\">{\"@context\":\"https:\\\/\\\/schema.org\",\"@graph\":[{\"@type\":\"Article\",\"@id\":\"https:\\\/\\\/redenoticiaz.com.br\\\/litoralsp\\\/2023\\\/09\\\/12\\\/dois-homens-sao-presos-apos-furtos-em-santos#article\",\"isPartOf\":{\"@id\":\"https:\\\/\\\/redenoticiaz.com.br\\\/litoralsp\\\/2023\\\/09\\\/12\\\/dois-homens-sao-presos-apos-furtos-em-santos\"},\"author\":{\"name\":\"Gustavo Silva\",\"@id\":\"https:\\\/\\\/redenoticiaz.com.br\\\/litoralsp\\\/#\\\/schema\\\/person\\\/16057b37a3c0ee6b096d7f887c566e2e\"},\"headline\":\"Dois homens s\u00e3o presos ap\u00f3s furtos em Santos\",\"datePublished\":\"2023-09-12T19:49:45+00:00\",\"mainEntityOfPage\":{\"@id\":\"https:\\\/\\\/redenoticiaz.com.br\\\/litoralsp\\\/2023\\\/09\\\/12\\\/dois-homens-sao-presos-apos-furtos-em-santos\"},\"wordCount\":343,\"commentCount\":0,\"publisher\":{\"@id\":\"https:\\\/\\\/redenoticiaz.com.br\\\/litoralsp\\\/#organization\"},\"image\":{\"@id\":\"https:\\\/\\\/redenoticiaz.com.br\\\/litoralsp\\\/2023\\\/09\\\/12\\\/dois-homens-sao-presos-apos-furtos-em-santos#primaryimage\"},\"thumbnailUrl\":\"https:\\\/\\\/redenoticiaz.com.br\\\/litoralsp\\\/wp-content\\\/uploads\\\/sites\\\/3\\\/2023\\\/09\\\/fotos_bike_4.jpg\",\"keywords\":[\"CENTRO\",\"furto\",\"GONZAGA\",\"Santos\"],\"articleSection\":[\"Pol\u00edcia\",\"Santos\"],\"inLanguage\":\"pt-BR\",\"potentialAction\":[{\"@type\":\"CommentAction\",\"name\":\"Comment\",\"target\":[\"https:\\\/\\\/redenoticiaz.com.br\\\/litoralsp\\\/2023\\\/09\\\/12\\\/dois-homens-sao-presos-apos-furtos-em-santos#respond\"]}]},{\"@type\":\"WebPage\",\"@id\":\"https:\\\/\\\/redenoticiaz.com.br\\\/litoralsp\\\/2023\\\/09\\\/12\\\/dois-homens-sao-presos-apos-furtos-em-santos\",\"url\":\"https:\\\/\\\/redenoticiaz.com.br\\\/litoralsp\\\/2023\\\/09\\\/12\\\/dois-homens-sao-presos-apos-furtos-em-santos\",\"name\":\"Dois homens s\u00e3o presos ap\u00f3s furtos em Santos - Litoral SP\",\"isPartOf\":{\"@id\":\"https:\\\/\\\/redenoticiaz.com.br\\\/litoralsp\\\/#website\"},\"primaryImageOfPage\":{\"@id\":\"https:\\\/\\\/redenoticiaz.com.br\\\/litoralsp\\\/2023\\\/09\\\/12\\\/dois-homens-sao-presos-apos-furtos-em-santos#primaryimage\"},\"image\":{\"@id\":\"https:\\\/\\\/redenoticiaz.com.br\\\/litoralsp\\\/2023\\\/09\\\/12\\\/dois-homens-sao-presos-apos-furtos-em-santos#primaryimage\"},\"thumbnailUrl\":\"https:\\\/\\\/redenoticiaz.com.br\\\/litoralsp\\\/wp-content\\\/uploads\\\/sites\\\/3\\\/2023\\\/09\\\/fotos_bike_4.jpg\",\"datePublished\":\"2023-09-12T19:49:45+00:00\",\"description\":\"Com o apoio das c\u00e2meras do Centro de Controle Operacional (CCO), agentes da Guarda Civil Municipal de Santos (GCM) prenderam em flagrante dois homens ap\u00f3s furtos nos bairros do Centro e Gonzaga neste feriado prolongado.\",\"inLanguage\":\"pt-BR\",\"potentialAction\":[{\"@type\":\"ReadAction\",\"target\":[\"https:\\\/\\\/redenoticiaz.com.br\\\/litoralsp\\\/2023\\\/09\\\/12\\\/dois-homens-sao-presos-apos-furtos-em-santos\"]}]},{\"@type\":\"ImageObject\",\"inLanguage\":\"pt-BR\",\"@id\":\"https:\\\/\\\/redenoticiaz.com.br\\\/litoralsp\\\/2023\\\/09\\\/12\\\/dois-homens-sao-presos-apos-furtos-em-santos#primaryimage\",\"url\":\"https:\\\/\\\/redenoticiaz.com.br\\\/litoralsp\\\/wp-content\\\/uploads\\\/sites\\\/3\\\/2023\\\/09\\\/fotos_bike_4.jpg\",\"contentUrl\":\"https:\\\/\\\/redenoticiaz.com.br\\\/litoralsp\\\/wp-content\\\/uploads\\\/sites\\\/3\\\/2023\\\/09\\\/fotos_bike_4.jpg\",\"width\":1200,\"height\":675,\"caption\":\"Dois homens s\u00e3o presos ap\u00f3s furtos em Santos\"},{\"@type\":\"WebSite\",\"@id\":\"https:\\\/\\\/redenoticiaz.com.br\\\/litoralsp\\\/#website\",\"url\":\"https:\\\/\\\/redenoticiaz.com.br\\\/litoralsp\\\/\",\"name\":\"Litoral SP\",\"description\":\"Rede NoticiaZ\",\"publisher\":{\"@id\":\"https:\\\/\\\/redenoticiaz.com.br\\\/litoralsp\\\/#organization\"},\"potentialAction\":[{\"@type\":\"SearchAction\",\"target\":{\"@type\":\"EntryPoint\",\"urlTemplate\":\"https:\\\/\\\/redenoticiaz.com.br\\\/litoralsp\\\/?s={search_term_string}\"},\"query-input\":{\"@type\":\"PropertyValueSpecification\",\"valueRequired\":true,\"valueName\":\"search_term_string\"}}],\"inLanguage\":\"pt-BR\"},{\"@type\":\"Organization\",\"@id\":\"https:\\\/\\\/redenoticiaz.com.br\\\/litoralsp\\\/#organization\",\"name\":\"Litoral SP\",\"url\":\"https:\\\/\\\/redenoticiaz.com.br\\\/litoralsp\\\/\",\"logo\":{\"@type\":\"ImageObject\",\"inLanguage\":\"pt-BR\",\"@id\":\"https:\\\/\\\/redenoticiaz.com.br\\\/litoralsp\\\/#\\\/schema\\\/logo\\\/image\\\/\",\"url\":\"https:\\\/\\\/redenoticiaz.com.br\\\/litoralsp\\\/wp-content\\\/uploads\\\/sites\\\/3\\\/2020\\\/11\\\/logo.jpg\",\"contentUrl\":\"https:\\\/\\\/redenoticiaz.com.br\\\/litoralsp\\\/wp-content\\\/uploads\\\/sites\\\/3\\\/2020\\\/11\\\/logo.jpg\",\"width\":400,\"height\":250,\"caption\":\"Litoral SP\"},\"image\":{\"@id\":\"https:\\\/\\\/redenoticiaz.com.br\\\/litoralsp\\\/#\\\/schema\\\/logo\\\/image\\\/\"}},{\"@type\":\"Person\",\"@id\":\"https:\\\/\\\/redenoticiaz.com.br\\\/litoralsp\\\/#\\\/schema\\\/person\\\/16057b37a3c0ee6b096d7f887c566e2e\",\"name\":\"Gustavo Silva\",\"image\":{\"@type\":\"ImageObject\",\"inLanguage\":\"pt-BR\",\"@id\":\"https:\\\/\\\/secure.gravatar.com\\\/avatar\\\/3ee4e82f93b26de0a7cf4ea5eb7893da637ed6bb0c9170c58065944c56e28a33?s=96&d=mm&r=g\",\"url\":\"https:\\\/\\\/secure.gravatar.com\\\/avatar\\\/3ee4e82f93b26de0a7cf4ea5eb7893da637ed6bb0c9170c58065944c56e28a33?s=96&d=mm&r=g\",\"contentUrl\":\"https:\\\/\\\/secure.gravatar.com\\\/avatar\\\/3ee4e82f93b26de0a7cf4ea5eb7893da637ed6bb0c9170c58065944c56e28a33?s=96&d=mm&r=g\",\"caption\":\"Gustavo Silva\"},\"url\":\"https:\\\/\\\/redenoticiaz.com.br\\\/litoralsp\\\/author\\\/gustavosilva\"}]}<\/script>\n<!-- \/ Yoast SEO plugin. -->","yoast_head_json":{"title":"Dois homens s\u00e3o presos ap\u00f3s furtos em Santos - Litoral SP","description":"Com o apoio das c\u00e2meras do Centro de Controle Operacional (CCO), agentes da Guarda Civil Municipal de Santos (GCM) prenderam em flagrante dois homens ap\u00f3s furtos nos bairros do Centro e Gonzaga neste feriado prolongado.","robots":{"index":"index","follow":"follow","max-snippet":"max-snippet:-1","max-image-preview":"max-image-preview:large","max-video-preview":"max-video-preview:-1"},"canonical":"https:\/\/redenoticiaz.com.br\/litoralsp\/2023\/09\/12\/dois-homens-sao-presos-apos-furtos-em-santos","og_locale":"pt_BR","og_type":"article","og_title":"Dois homens s\u00e3o presos ap\u00f3s furtos em Santos - Litoral SP","og_description":"Com o apoio das c\u00e2meras do Centro de Controle Operacional (CCO), agentes da Guarda Civil Municipal de Santos (GCM) prenderam em flagrante dois homens ap\u00f3s furtos nos bairros do Centro e Gonzaga neste feriado prolongado.","og_url":"https:\/\/redenoticiaz.com.br\/litoralsp\/2023\/09\/12\/dois-homens-sao-presos-apos-furtos-em-santos","og_site_name":"Litoral SP","article_published_time":"2023-09-12T19:49:45+00:00","og_image":[{"width":1200,"height":675,"url":"https:\/\/redenoticiaz.com.br\/litoralsp\/wp-content\/uploads\/sites\/3\/2023\/09\/fotos_bike_4.jpg","type":"image\/jpeg"}],"author":"Gustavo Silva","twitter_card":"summary_large_image","twitter_misc":{"Escrito por":"Gustavo Silva","Est. tempo de leitura":"2 minutos"},"schema":{"@context":"https:\/\/schema.org","@graph":[{"@type":"Article","@id":"https:\/\/redenoticiaz.com.br\/litoralsp\/2023\/09\/12\/dois-homens-sao-presos-apos-furtos-em-santos#article","isPartOf":{"@id":"https:\/\/redenoticiaz.com.br\/litoralsp\/2023\/09\/12\/dois-homens-sao-presos-apos-furtos-em-santos"},"author":{"name":"Gustavo Silva","@id":"https:\/\/redenoticiaz.com.br\/litoralsp\/#\/schema\/person\/16057b37a3c0ee6b096d7f887c566e2e"},"headline":"Dois homens s\u00e3o presos ap\u00f3s furtos em Santos","datePublished":"2023-09-12T19:49:45+00:00","mainEntityOfPage":{"@id":"https:\/\/redenoticiaz.com.br\/litoralsp\/2023\/09\/12\/dois-homens-sao-presos-apos-furtos-em-santos"},"wordCount":343,"commentCount":0,"publisher":{"@id":"https:\/\/redenoticiaz.com.br\/litoralsp\/#organization"},"image":{"@id":"https:\/\/redenoticiaz.com.br\/litoralsp\/2023\/09\/12\/dois-homens-sao-presos-apos-furtos-em-santos#primaryimage"},"thumbnailUrl":"https:\/\/redenoticiaz.com.br\/litoralsp\/wp-content\/uploads\/sites\/3\/2023\/09\/fotos_bike_4.jpg","keywords":["CENTRO","furto","GONZAGA","Santos"],"articleSection":["Pol\u00edcia","Santos"],"inLanguage":"pt-BR","potentialAction":[{"@type":"CommentAction","name":"Comment","target":["https:\/\/redenoticiaz.com.br\/litoralsp\/2023\/09\/12\/dois-homens-sao-presos-apos-furtos-em-santos#respond"]}]},{"@type":"WebPage","@id":"https:\/\/redenoticiaz.com.br\/litoralsp\/2023\/09\/12\/dois-homens-sao-presos-apos-furtos-em-santos","url":"https:\/\/redenoticiaz.com.br\/litoralsp\/2023\/09\/12\/dois-homens-sao-presos-apos-furtos-em-santos","name":"Dois homens s\u00e3o presos ap\u00f3s furtos em Santos - Litoral SP","isPartOf":{"@id":"https:\/\/redenoticiaz.com.br\/litoralsp\/#website"},"primaryImageOfPage":{"@id":"https:\/\/redenoticiaz.com.br\/litoralsp\/2023\/09\/12\/dois-homens-sao-presos-apos-furtos-em-santos#primaryimage"},"image":{"@id":"https:\/\/redenoticiaz.com.br\/litoralsp\/2023\/09\/12\/dois-homens-sao-presos-apos-furtos-em-santos#primaryimage"},"thumbnailUrl":"https:\/\/redenoticiaz.com.br\/litoralsp\/wp-content\/uploads\/sites\/3\/2023\/09\/fotos_bike_4.jpg","datePublished":"2023-09-12T19:49:45+00:00","description":"Com o apoio das c\u00e2meras do Centro de Controle Operacional (CCO), agentes da Guarda Civil Municipal de Santos (GCM) prenderam em flagrante dois homens ap\u00f3s furtos nos bairros do Centro e Gonzaga neste feriado prolongado.","inLanguage":"pt-BR","potentialAction":[{"@type":"ReadAction","target":["https:\/\/redenoticiaz.com.br\/litoralsp\/2023\/09\/12\/dois-homens-sao-presos-apos-furtos-em-santos"]}]},{"@type":"ImageObject","inLanguage":"pt-BR","@id":"https:\/\/redenoticiaz.com.br\/litoralsp\/2023\/09\/12\/dois-homens-sao-presos-apos-furtos-em-santos#primaryimage","url":"https:\/\/redenoticiaz.com.br\/litoralsp\/wp-content\/uploads\/sites\/3\/2023\/09\/fotos_bike_4.jpg","contentUrl":"https:\/\/redenoticiaz.com.br\/litoralsp\/wp-content\/uploads\/sites\/3\/2023\/09\/fotos_bike_4.jpg","width":1200,"height":675,"caption":"Dois homens s\u00e3o presos ap\u00f3s furtos em Santos"},{"@type":"WebSite","@id":"https:\/\/redenoticiaz.com.br\/litoralsp\/#website","url":"https:\/\/redenoticiaz.com.br\/litoralsp\/","name":"Litoral SP","description":"Rede NoticiaZ","publisher":{"@id":"https:\/\/redenoticiaz.com.br\/litoralsp\/#organization"},"potentialAction":[{"@type":"SearchAction","target":{"@type":"EntryPoint","urlTemplate":"https:\/\/redenoticiaz.com.br\/litoralsp\/?s={search_term_string}"},"query-input":{"@type":"PropertyValueSpecification","valueRequired":true,"valueName":"search_term_string"}}],"inLanguage":"pt-BR"},{"@type":"Organization","@id":"https:\/\/redenoticiaz.com.br\/litoralsp\/#organization","name":"Litoral SP","url":"https:\/\/redenoticiaz.com.br\/litoralsp\/","logo":{"@type":"ImageObject","inLanguage":"pt-BR","@id":"https:\/\/redenoticiaz.com.br\/litoralsp\/#\/schema\/logo\/image\/","url":"https:\/\/redenoticiaz.com.br\/litoralsp\/wp-content\/uploads\/sites\/3\/2020\/11\/logo.jpg","contentUrl":"https:\/\/redenoticiaz.com.br\/litoralsp\/wp-content\/uploads\/sites\/3\/2020\/11\/logo.jpg","width":400,"height":250,"caption":"Litoral SP"},"image":{"@id":"https:\/\/redenoticiaz.com.br\/litoralsp\/#\/schema\/logo\/image\/"}},{"@type":"Person","@id":"https:\/\/redenoticiaz.com.br\/litoralsp\/#\/schema\/person\/16057b37a3c0ee6b096d7f887c566e2e","name":"Gustavo Silva","image":{"@type":"ImageObject","inLanguage":"pt-BR","@id":"https:\/\/secure.gravatar.com\/avatar\/3ee4e82f93b26de0a7cf4ea5eb7893da637ed6bb0c9170c58065944c56e28a33?s=96&d=mm&r=g","url":"https:\/\/secure.gravatar.com\/avatar\/3ee4e82f93b26de0a7cf4ea5eb7893da637ed6bb0c9170c58065944c56e28a33?s=96&d=mm&r=g","contentUrl":"https:\/\/secure.gravatar.com\/avatar\/3ee4e82f93b26de0a7cf4ea5eb7893da637ed6bb0c9170c58065944c56e28a33?s=96&d=mm&r=g","caption":"Gustavo Silva"},"url":"https:\/\/redenoticiaz.com.br\/litoralsp\/author\/gustavosilva"}]}},"_links":{"self":[{"href":"https:\/\/redenoticiaz.com.br\/litoralsp\/wp-json\/wp\/v2\/posts\/110527","targetHints":{"allow":["GET"]}}],"collection":[{"href":"https:\/\/redenoticiaz.com.br\/litoralsp\/wp-json\/wp\/v2\/posts"}],"about":[{"href":"https:\/\/redenoticiaz.com.br\/litoralsp\/wp-json\/wp\/v2\/types\/post"}],"author":[{"embeddable":true,"href":"https:\/\/redenoticiaz.com.br\/litoralsp\/wp-json\/wp\/v2\/users\/12"}],"replies":[{"embeddable":true,"href":"https:\/\/redenoticiaz.com.br\/litoralsp\/wp-json\/wp\/v2\/comments?post=110527"}],"version-history":[{"count":1,"href":"https:\/\/redenoticiaz.com.br\/litoralsp\/wp-json\/wp\/v2\/posts\/110527\/revisions"}],"predecessor-version":[{"id":110529,"href":"https:\/\/redenoticiaz.com.br\/litoralsp\/wp-json\/wp\/v2\/posts\/110527\/revisions\/110529"}],"wp:featuredmedia":[{"embeddable":true,"href":"https:\/\/redenoticiaz.com.br\/litoralsp\/wp-json\/wp\/v2\/media\/110528"}],"wp:attachment":[{"href":"https:\/\/redenoticiaz.com.br\/litoralsp\/wp-json\/wp\/v2\/media?parent=110527"}],"wp:term":[{"taxonomy":"category","embeddable":true,"href":"https:\/\/redenoticiaz.com.br\/litoralsp\/wp-json\/wp\/v2\/categories?post=110527"},{"taxonomy":"post_tag","embeddable":true,"href":"https:\/\/redenoticiaz.com.br\/litoralsp\/wp-json\/wp\/v2\/tags?post=110527"}],"curies":[{"name":"wp","href":"https:\/\/api.w.org\/{rel}","templated":true}]}}