{"id":110546,"date":"2023-09-13T12:45:20","date_gmt":"2023-09-13T15:45:20","guid":{"rendered":"https:\/\/redenoticiaz.com.br\/litoralsp\/?p=110546"},"modified":"2023-09-13T12:45:20","modified_gmt":"2023-09-13T15:45:20","slug":"santos-anuncia-pacote-de-investimentos-na-area-da-seguranca","status":"publish","type":"post","link":"https:\/\/redenoticiaz.com.br\/litoralsp\/2023\/09\/13\/santos-anuncia-pacote-de-investimentos-na-area-da-seguranca","title":{"rendered":"Santos anuncia pacote de investimentos na \u00e1rea da seguran\u00e7a"},"content":{"rendered":"<p>Contrata\u00e7\u00e3o de mais 200 guardas civis municipais, cria\u00e7\u00e3o de Plano de Cargos, Carreiras e Sal\u00e1rios (PCCS) espec\u00edfico para a categoria, entrega de novas viaturas e armas, compra de drones de alta performance e uma nova base para o grupamento Rondas Ostensivas Municipais (ROMU) na Regi\u00e3o Central.<\/p>\n<p>Estes s\u00e3o os destaques do &#8216;Santos Mais Segura&#8217;, plano da Prefeitura em prol da seguran\u00e7a e monitoramento urbano.<\/p>\n<p>O pacote de medidas e investimentos foi anunciado pelo prefeito de Santos, Rog\u00e9rio Santos, na manh\u00e3 desta ter\u00e7a-feira (12).<\/p>\n<p>O chefe do Executivo ressaltou que a partir do concurso para ingresso de mais 200 guardas, o efetivo passar\u00e1 a ser de 632 agentes.<\/p>\n<p>O edital do concurso p\u00fablico ser\u00e1 divulgado nesta quarta-feira (13) no Di\u00e1rio Oficial do Munic\u00edpio (www.santos.sp.gov.br) e o in\u00edcio das inscri\u00e7\u00f5es ser\u00e1 a partir de segunda-feira (18).<\/p>\n<p><strong>Leia mais<\/strong><\/p>\n<p><a href=\"https:\/\/redenoticiaz.com.br\/litoralsp\/2023\/09\/12\/cratera-se-abre-no-meio-de-avenida-em-santos\">Cratera se abre no meio de avenida em Santos<\/a><\/p>\n<p><a href=\"https:\/\/redenoticiaz.com.br\/litoralsp\/2023\/09\/12\/dois-homens-sao-presos-apos-furtos-em-santos\">Dois homens s\u00e3o presos ap\u00f3s furtos em Santos<\/a><\/p>\n","protected":false},"excerpt":{"rendered":"<p>Contrata\u00e7\u00e3o de mais 200 guardas civis municipais, cria\u00e7\u00e3o de Plano de Cargos, Carreiras e Sal\u00e1rios (PCCS) espec\u00edfico para a categoria, entrega de novas viaturas e armas, compra de drones de alta performance e uma nova base para o grupamento Rondas Ostensivas Municipais (ROMU) na Regi\u00e3o Central. Estes s\u00e3o os destaques do &#8216;Santos Mais Segura&#8217;, plano &hellip;<\/p>\n","protected":false},"author":12,"featured_media":110547,"comment_status":"open","ping_status":"closed","sticky":false,"template":"","format":"standard","meta":{"footnotes":""},"categories":[180],"tags":[67122,986,67123,11384],"class_list":["post-110546","post","type-post","status-publish","format-standard","has-post-thumbnail","hentry","category-santos","tag-pacote","tag-santos","tag-santos-segura","tag-seguranca"],"yoast_head":"<!-- This site is optimized with the Yoast SEO plugin v27.4 - https:\/\/yoast.com\/product\/yoast-seo-wordpress\/ -->\n<title>Santos anuncia pacote de investimentos na \u00e1rea da seguran\u00e7a - Litoral SP<\/title>\n<meta name=\"description\" content=\"Contrata\u00e7\u00e3o de mais 200 guardas civis municipais, cria\u00e7\u00e3o de Plano de Cargos, Carreiras e Sal\u00e1rios (PCCS) espec\u00edfico para a categoria, entrega de novas viaturas e armas, compra de drones de alta performance e uma nova base para o grupamento Rondas Ostensivas Municipais (ROMU) na Regi\u00e3o Central.\" \/>\n<meta name=\"robots\" content=\"index, follow, max-snippet:-1, max-image-preview:large, max-video-preview:-1\" \/>\n<link rel=\"canonical\" href=\"https:\/\/redenoticiaz.com.br\/litoralsp\/2023\/09\/13\/santos-anuncia-pacote-de-investimentos-na-area-da-seguranca\" \/>\n<meta property=\"og:locale\" content=\"pt_BR\" \/>\n<meta property=\"og:type\" content=\"article\" \/>\n<meta property=\"og:title\" content=\"Santos anuncia pacote de investimentos na \u00e1rea da seguran\u00e7a - Litoral SP\" \/>\n<meta property=\"og:description\" content=\"Contrata\u00e7\u00e3o de mais 200 guardas civis municipais, cria\u00e7\u00e3o de Plano de Cargos, Carreiras e Sal\u00e1rios (PCCS) espec\u00edfico para a categoria, entrega de novas viaturas e armas, compra de drones de alta performance e uma nova base para o grupamento Rondas Ostensivas Municipais (ROMU) na Regi\u00e3o Central.\" \/>\n<meta property=\"og:url\" content=\"https:\/\/redenoticiaz.com.br\/litoralsp\/2023\/09\/13\/santos-anuncia-pacote-de-investimentos-na-area-da-seguranca\" \/>\n<meta property=\"og:site_name\" content=\"Litoral SP\" \/>\n<meta property=\"article:published_time\" content=\"2023-09-13T15:45:20+00:00\" \/>\n<meta property=\"og:image\" content=\"https:\/\/redenoticiaz.com.br\/litoralsp\/wp-content\/uploads\/sites\/3\/2023\/09\/raimundo_rosa_4707.jpg\" \/>\n\t<meta property=\"og:image:width\" content=\"1127\" \/>\n\t<meta property=\"og:image:height\" content=\"751\" \/>\n\t<meta property=\"og:image:type\" content=\"image\/jpeg\" \/>\n<meta name=\"author\" content=\"Gustavo Silva\" \/>\n<meta name=\"twitter:card\" content=\"summary_large_image\" \/>\n<meta name=\"twitter:label1\" content=\"Escrito por\" \/>\n\t<meta name=\"twitter:data1\" content=\"Gustavo Silva\" \/>\n\t<meta name=\"twitter:label2\" content=\"Est. tempo de leitura\" \/>\n\t<meta name=\"twitter:data2\" content=\"1 minuto\" \/>\n<script type=\"application\/ld+json\" class=\"yoast-schema-graph\">{\"@context\":\"https:\\\/\\\/schema.org\",\"@graph\":[{\"@type\":\"Article\",\"@id\":\"https:\\\/\\\/redenoticiaz.com.br\\\/litoralsp\\\/2023\\\/09\\\/13\\\/santos-anuncia-pacote-de-investimentos-na-area-da-seguranca#article\",\"isPartOf\":{\"@id\":\"https:\\\/\\\/redenoticiaz.com.br\\\/litoralsp\\\/2023\\\/09\\\/13\\\/santos-anuncia-pacote-de-investimentos-na-area-da-seguranca\"},\"author\":{\"name\":\"Gustavo Silva\",\"@id\":\"https:\\\/\\\/redenoticiaz.com.br\\\/litoralsp\\\/#\\\/schema\\\/person\\\/16057b37a3c0ee6b096d7f887c566e2e\"},\"headline\":\"Santos anuncia pacote de investimentos na \u00e1rea da seguran\u00e7a\",\"datePublished\":\"2023-09-13T15:45:20+00:00\",\"mainEntityOfPage\":{\"@id\":\"https:\\\/\\\/redenoticiaz.com.br\\\/litoralsp\\\/2023\\\/09\\\/13\\\/santos-anuncia-pacote-de-investimentos-na-area-da-seguranca\"},\"wordCount\":177,\"commentCount\":0,\"publisher\":{\"@id\":\"https:\\\/\\\/redenoticiaz.com.br\\\/litoralsp\\\/#organization\"},\"image\":{\"@id\":\"https:\\\/\\\/redenoticiaz.com.br\\\/litoralsp\\\/2023\\\/09\\\/13\\\/santos-anuncia-pacote-de-investimentos-na-area-da-seguranca#primaryimage\"},\"thumbnailUrl\":\"https:\\\/\\\/redenoticiaz.com.br\\\/litoralsp\\\/wp-content\\\/uploads\\\/sites\\\/3\\\/2023\\\/09\\\/raimundo_rosa_4707.jpg\",\"keywords\":[\"pacote\",\"Santos\",\"santos segura\",\"seguran\u00e7a\"],\"articleSection\":[\"Santos\"],\"inLanguage\":\"pt-BR\",\"potentialAction\":[{\"@type\":\"CommentAction\",\"name\":\"Comment\",\"target\":[\"https:\\\/\\\/redenoticiaz.com.br\\\/litoralsp\\\/2023\\\/09\\\/13\\\/santos-anuncia-pacote-de-investimentos-na-area-da-seguranca#respond\"]}]},{\"@type\":\"WebPage\",\"@id\":\"https:\\\/\\\/redenoticiaz.com.br\\\/litoralsp\\\/2023\\\/09\\\/13\\\/santos-anuncia-pacote-de-investimentos-na-area-da-seguranca\",\"url\":\"https:\\\/\\\/redenoticiaz.com.br\\\/litoralsp\\\/2023\\\/09\\\/13\\\/santos-anuncia-pacote-de-investimentos-na-area-da-seguranca\",\"name\":\"Santos anuncia pacote de investimentos na \u00e1rea da seguran\u00e7a - Litoral SP\",\"isPartOf\":{\"@id\":\"https:\\\/\\\/redenoticiaz.com.br\\\/litoralsp\\\/#website\"},\"primaryImageOfPage\":{\"@id\":\"https:\\\/\\\/redenoticiaz.com.br\\\/litoralsp\\\/2023\\\/09\\\/13\\\/santos-anuncia-pacote-de-investimentos-na-area-da-seguranca#primaryimage\"},\"image\":{\"@id\":\"https:\\\/\\\/redenoticiaz.com.br\\\/litoralsp\\\/2023\\\/09\\\/13\\\/santos-anuncia-pacote-de-investimentos-na-area-da-seguranca#primaryimage\"},\"thumbnailUrl\":\"https:\\\/\\\/redenoticiaz.com.br\\\/litoralsp\\\/wp-content\\\/uploads\\\/sites\\\/3\\\/2023\\\/09\\\/raimundo_rosa_4707.jpg\",\"datePublished\":\"2023-09-13T15:45:20+00:00\",\"description\":\"Contrata\u00e7\u00e3o de mais 200 guardas civis municipais, cria\u00e7\u00e3o de Plano de Cargos, Carreiras e Sal\u00e1rios (PCCS) espec\u00edfico para a categoria, entrega de novas viaturas e armas, compra de drones de alta performance e uma nova base para o grupamento Rondas Ostensivas Municipais (ROMU) na Regi\u00e3o Central.\",\"inLanguage\":\"pt-BR\",\"potentialAction\":[{\"@type\":\"ReadAction\",\"target\":[\"https:\\\/\\\/redenoticiaz.com.br\\\/litoralsp\\\/2023\\\/09\\\/13\\\/santos-anuncia-pacote-de-investimentos-na-area-da-seguranca\"]}]},{\"@type\":\"ImageObject\",\"inLanguage\":\"pt-BR\",\"@id\":\"https:\\\/\\\/redenoticiaz.com.br\\\/litoralsp\\\/2023\\\/09\\\/13\\\/santos-anuncia-pacote-de-investimentos-na-area-da-seguranca#primaryimage\",\"url\":\"https:\\\/\\\/redenoticiaz.com.br\\\/litoralsp\\\/wp-content\\\/uploads\\\/sites\\\/3\\\/2023\\\/09\\\/raimundo_rosa_4707.jpg\",\"contentUrl\":\"https:\\\/\\\/redenoticiaz.com.br\\\/litoralsp\\\/wp-content\\\/uploads\\\/sites\\\/3\\\/2023\\\/09\\\/raimundo_rosa_4707.jpg\",\"width\":1127,\"height\":751,\"caption\":\"Santos anuncia pacote de investimentos na \u00e1rea da seguran\u00e7a\"},{\"@type\":\"WebSite\",\"@id\":\"https:\\\/\\\/redenoticiaz.com.br\\\/litoralsp\\\/#website\",\"url\":\"https:\\\/\\\/redenoticiaz.com.br\\\/litoralsp\\\/\",\"name\":\"Litoral SP\",\"description\":\"Rede NoticiaZ\",\"publisher\":{\"@id\":\"https:\\\/\\\/redenoticiaz.com.br\\\/litoralsp\\\/#organization\"},\"potentialAction\":[{\"@type\":\"SearchAction\",\"target\":{\"@type\":\"EntryPoint\",\"urlTemplate\":\"https:\\\/\\\/redenoticiaz.com.br\\\/litoralsp\\\/?s={search_term_string}\"},\"query-input\":{\"@type\":\"PropertyValueSpecification\",\"valueRequired\":true,\"valueName\":\"search_term_string\"}}],\"inLanguage\":\"pt-BR\"},{\"@type\":\"Organization\",\"@id\":\"https:\\\/\\\/redenoticiaz.com.br\\\/litoralsp\\\/#organization\",\"name\":\"Litoral SP\",\"url\":\"https:\\\/\\\/redenoticiaz.com.br\\\/litoralsp\\\/\",\"logo\":{\"@type\":\"ImageObject\",\"inLanguage\":\"pt-BR\",\"@id\":\"https:\\\/\\\/redenoticiaz.com.br\\\/litoralsp\\\/#\\\/schema\\\/logo\\\/image\\\/\",\"url\":\"https:\\\/\\\/redenoticiaz.com.br\\\/litoralsp\\\/wp-content\\\/uploads\\\/sites\\\/3\\\/2020\\\/11\\\/logo.jpg\",\"contentUrl\":\"https:\\\/\\\/redenoticiaz.com.br\\\/litoralsp\\\/wp-content\\\/uploads\\\/sites\\\/3\\\/2020\\\/11\\\/logo.jpg\",\"width\":400,\"height\":250,\"caption\":\"Litoral SP\"},\"image\":{\"@id\":\"https:\\\/\\\/redenoticiaz.com.br\\\/litoralsp\\\/#\\\/schema\\\/logo\\\/image\\\/\"}},{\"@type\":\"Person\",\"@id\":\"https:\\\/\\\/redenoticiaz.com.br\\\/litoralsp\\\/#\\\/schema\\\/person\\\/16057b37a3c0ee6b096d7f887c566e2e\",\"name\":\"Gustavo Silva\",\"image\":{\"@type\":\"ImageObject\",\"inLanguage\":\"pt-BR\",\"@id\":\"https:\\\/\\\/secure.gravatar.com\\\/avatar\\\/3ee4e82f93b26de0a7cf4ea5eb7893da637ed6bb0c9170c58065944c56e28a33?s=96&d=mm&r=g\",\"url\":\"https:\\\/\\\/secure.gravatar.com\\\/avatar\\\/3ee4e82f93b26de0a7cf4ea5eb7893da637ed6bb0c9170c58065944c56e28a33?s=96&d=mm&r=g\",\"contentUrl\":\"https:\\\/\\\/secure.gravatar.com\\\/avatar\\\/3ee4e82f93b26de0a7cf4ea5eb7893da637ed6bb0c9170c58065944c56e28a33?s=96&d=mm&r=g\",\"caption\":\"Gustavo Silva\"},\"url\":\"https:\\\/\\\/redenoticiaz.com.br\\\/litoralsp\\\/author\\\/gustavosilva\"}]}<\/script>\n<!-- \/ Yoast SEO plugin. -->","yoast_head_json":{"title":"Santos anuncia pacote de investimentos na \u00e1rea da seguran\u00e7a - Litoral SP","description":"Contrata\u00e7\u00e3o de mais 200 guardas civis municipais, cria\u00e7\u00e3o de Plano de Cargos, Carreiras e Sal\u00e1rios (PCCS) espec\u00edfico para a categoria, entrega de novas viaturas e armas, compra de drones de alta performance e uma nova base para o grupamento Rondas Ostensivas Municipais (ROMU) na Regi\u00e3o Central.","robots":{"index":"index","follow":"follow","max-snippet":"max-snippet:-1","max-image-preview":"max-image-preview:large","max-video-preview":"max-video-preview:-1"},"canonical":"https:\/\/redenoticiaz.com.br\/litoralsp\/2023\/09\/13\/santos-anuncia-pacote-de-investimentos-na-area-da-seguranca","og_locale":"pt_BR","og_type":"article","og_title":"Santos anuncia pacote de investimentos na \u00e1rea da seguran\u00e7a - Litoral SP","og_description":"Contrata\u00e7\u00e3o de mais 200 guardas civis municipais, cria\u00e7\u00e3o de Plano de Cargos, Carreiras e Sal\u00e1rios (PCCS) espec\u00edfico para a categoria, entrega de novas viaturas e armas, compra de drones de alta performance e uma nova base para o grupamento Rondas Ostensivas Municipais (ROMU) na Regi\u00e3o Central.","og_url":"https:\/\/redenoticiaz.com.br\/litoralsp\/2023\/09\/13\/santos-anuncia-pacote-de-investimentos-na-area-da-seguranca","og_site_name":"Litoral SP","article_published_time":"2023-09-13T15:45:20+00:00","og_image":[{"width":1127,"height":751,"url":"https:\/\/redenoticiaz.com.br\/litoralsp\/wp-content\/uploads\/sites\/3\/2023\/09\/raimundo_rosa_4707.jpg","type":"image\/jpeg"}],"author":"Gustavo Silva","twitter_card":"summary_large_image","twitter_misc":{"Escrito por":"Gustavo Silva","Est. tempo de leitura":"1 minuto"},"schema":{"@context":"https:\/\/schema.org","@graph":[{"@type":"Article","@id":"https:\/\/redenoticiaz.com.br\/litoralsp\/2023\/09\/13\/santos-anuncia-pacote-de-investimentos-na-area-da-seguranca#article","isPartOf":{"@id":"https:\/\/redenoticiaz.com.br\/litoralsp\/2023\/09\/13\/santos-anuncia-pacote-de-investimentos-na-area-da-seguranca"},"author":{"name":"Gustavo Silva","@id":"https:\/\/redenoticiaz.com.br\/litoralsp\/#\/schema\/person\/16057b37a3c0ee6b096d7f887c566e2e"},"headline":"Santos anuncia pacote de investimentos na \u00e1rea da seguran\u00e7a","datePublished":"2023-09-13T15:45:20+00:00","mainEntityOfPage":{"@id":"https:\/\/redenoticiaz.com.br\/litoralsp\/2023\/09\/13\/santos-anuncia-pacote-de-investimentos-na-area-da-seguranca"},"wordCount":177,"commentCount":0,"publisher":{"@id":"https:\/\/redenoticiaz.com.br\/litoralsp\/#organization"},"image":{"@id":"https:\/\/redenoticiaz.com.br\/litoralsp\/2023\/09\/13\/santos-anuncia-pacote-de-investimentos-na-area-da-seguranca#primaryimage"},"thumbnailUrl":"https:\/\/redenoticiaz.com.br\/litoralsp\/wp-content\/uploads\/sites\/3\/2023\/09\/raimundo_rosa_4707.jpg","keywords":["pacote","Santos","santos segura","seguran\u00e7a"],"articleSection":["Santos"],"inLanguage":"pt-BR","potentialAction":[{"@type":"CommentAction","name":"Comment","target":["https:\/\/redenoticiaz.com.br\/litoralsp\/2023\/09\/13\/santos-anuncia-pacote-de-investimentos-na-area-da-seguranca#respond"]}]},{"@type":"WebPage","@id":"https:\/\/redenoticiaz.com.br\/litoralsp\/2023\/09\/13\/santos-anuncia-pacote-de-investimentos-na-area-da-seguranca","url":"https:\/\/redenoticiaz.com.br\/litoralsp\/2023\/09\/13\/santos-anuncia-pacote-de-investimentos-na-area-da-seguranca","name":"Santos anuncia pacote de investimentos na \u00e1rea da seguran\u00e7a - Litoral SP","isPartOf":{"@id":"https:\/\/redenoticiaz.com.br\/litoralsp\/#website"},"primaryImageOfPage":{"@id":"https:\/\/redenoticiaz.com.br\/litoralsp\/2023\/09\/13\/santos-anuncia-pacote-de-investimentos-na-area-da-seguranca#primaryimage"},"image":{"@id":"https:\/\/redenoticiaz.com.br\/litoralsp\/2023\/09\/13\/santos-anuncia-pacote-de-investimentos-na-area-da-seguranca#primaryimage"},"thumbnailUrl":"https:\/\/redenoticiaz.com.br\/litoralsp\/wp-content\/uploads\/sites\/3\/2023\/09\/raimundo_rosa_4707.jpg","datePublished":"2023-09-13T15:45:20+00:00","description":"Contrata\u00e7\u00e3o de mais 200 guardas civis municipais, cria\u00e7\u00e3o de Plano de Cargos, Carreiras e Sal\u00e1rios (PCCS) espec\u00edfico para a categoria, entrega de novas viaturas e armas, compra de drones de alta performance e uma nova base para o grupamento Rondas Ostensivas Municipais (ROMU) na Regi\u00e3o Central.","inLanguage":"pt-BR","potentialAction":[{"@type":"ReadAction","target":["https:\/\/redenoticiaz.com.br\/litoralsp\/2023\/09\/13\/santos-anuncia-pacote-de-investimentos-na-area-da-seguranca"]}]},{"@type":"ImageObject","inLanguage":"pt-BR","@id":"https:\/\/redenoticiaz.com.br\/litoralsp\/2023\/09\/13\/santos-anuncia-pacote-de-investimentos-na-area-da-seguranca#primaryimage","url":"https:\/\/redenoticiaz.com.br\/litoralsp\/wp-content\/uploads\/sites\/3\/2023\/09\/raimundo_rosa_4707.jpg","contentUrl":"https:\/\/redenoticiaz.com.br\/litoralsp\/wp-content\/uploads\/sites\/3\/2023\/09\/raimundo_rosa_4707.jpg","width":1127,"height":751,"caption":"Santos anuncia pacote de investimentos na \u00e1rea da seguran\u00e7a"},{"@type":"WebSite","@id":"https:\/\/redenoticiaz.com.br\/litoralsp\/#website","url":"https:\/\/redenoticiaz.com.br\/litoralsp\/","name":"Litoral SP","description":"Rede NoticiaZ","publisher":{"@id":"https:\/\/redenoticiaz.com.br\/litoralsp\/#organization"},"potentialAction":[{"@type":"SearchAction","target":{"@type":"EntryPoint","urlTemplate":"https:\/\/redenoticiaz.com.br\/litoralsp\/?s={search_term_string}"},"query-input":{"@type":"PropertyValueSpecification","valueRequired":true,"valueName":"search_term_string"}}],"inLanguage":"pt-BR"},{"@type":"Organization","@id":"https:\/\/redenoticiaz.com.br\/litoralsp\/#organization","name":"Litoral SP","url":"https:\/\/redenoticiaz.com.br\/litoralsp\/","logo":{"@type":"ImageObject","inLanguage":"pt-BR","@id":"https:\/\/redenoticiaz.com.br\/litoralsp\/#\/schema\/logo\/image\/","url":"https:\/\/redenoticiaz.com.br\/litoralsp\/wp-content\/uploads\/sites\/3\/2020\/11\/logo.jpg","contentUrl":"https:\/\/redenoticiaz.com.br\/litoralsp\/wp-content\/uploads\/sites\/3\/2020\/11\/logo.jpg","width":400,"height":250,"caption":"Litoral SP"},"image":{"@id":"https:\/\/redenoticiaz.com.br\/litoralsp\/#\/schema\/logo\/image\/"}},{"@type":"Person","@id":"https:\/\/redenoticiaz.com.br\/litoralsp\/#\/schema\/person\/16057b37a3c0ee6b096d7f887c566e2e","name":"Gustavo Silva","image":{"@type":"ImageObject","inLanguage":"pt-BR","@id":"https:\/\/secure.gravatar.com\/avatar\/3ee4e82f93b26de0a7cf4ea5eb7893da637ed6bb0c9170c58065944c56e28a33?s=96&d=mm&r=g","url":"https:\/\/secure.gravatar.com\/avatar\/3ee4e82f93b26de0a7cf4ea5eb7893da637ed6bb0c9170c58065944c56e28a33?s=96&d=mm&r=g","contentUrl":"https:\/\/secure.gravatar.com\/avatar\/3ee4e82f93b26de0a7cf4ea5eb7893da637ed6bb0c9170c58065944c56e28a33?s=96&d=mm&r=g","caption":"Gustavo Silva"},"url":"https:\/\/redenoticiaz.com.br\/litoralsp\/author\/gustavosilva"}]}},"_links":{"self":[{"href":"https:\/\/redenoticiaz.com.br\/litoralsp\/wp-json\/wp\/v2\/posts\/110546","targetHints":{"allow":["GET"]}}],"collection":[{"href":"https:\/\/redenoticiaz.com.br\/litoralsp\/wp-json\/wp\/v2\/posts"}],"about":[{"href":"https:\/\/redenoticiaz.com.br\/litoralsp\/wp-json\/wp\/v2\/types\/post"}],"author":[{"embeddable":true,"href":"https:\/\/redenoticiaz.com.br\/litoralsp\/wp-json\/wp\/v2\/users\/12"}],"replies":[{"embeddable":true,"href":"https:\/\/redenoticiaz.com.br\/litoralsp\/wp-json\/wp\/v2\/comments?post=110546"}],"version-history":[{"count":1,"href":"https:\/\/redenoticiaz.com.br\/litoralsp\/wp-json\/wp\/v2\/posts\/110546\/revisions"}],"predecessor-version":[{"id":110548,"href":"https:\/\/redenoticiaz.com.br\/litoralsp\/wp-json\/wp\/v2\/posts\/110546\/revisions\/110548"}],"wp:featuredmedia":[{"embeddable":true,"href":"https:\/\/redenoticiaz.com.br\/litoralsp\/wp-json\/wp\/v2\/media\/110547"}],"wp:attachment":[{"href":"https:\/\/redenoticiaz.com.br\/litoralsp\/wp-json\/wp\/v2\/media?parent=110546"}],"wp:term":[{"taxonomy":"category","embeddable":true,"href":"https:\/\/redenoticiaz.com.br\/litoralsp\/wp-json\/wp\/v2\/categories?post=110546"},{"taxonomy":"post_tag","embeddable":true,"href":"https:\/\/redenoticiaz.com.br\/litoralsp\/wp-json\/wp\/v2\/tags?post=110546"}],"curies":[{"name":"wp","href":"https:\/\/api.w.org\/{rel}","templated":true}]}}