{"id":110554,"date":"2023-09-13T13:25:04","date_gmt":"2023-09-13T16:25:04","guid":{"rendered":"https:\/\/redenoticiaz.com.br\/litoralsp\/2023\/09\/13\/dia-da-consciencia-negra-e-estabelecido-como-feriado-em-sao-paulo"},"modified":"2023-09-13T16:33:08","modified_gmt":"2023-09-13T19:33:08","slug":"dia-da-consciencia-negra-e-estabelecido-como-feriado-em-sao-paulo","status":"publish","type":"post","link":"https:\/\/redenoticiaz.com.br\/litoralsp\/2023\/09\/13\/dia-da-consciencia-negra-e-estabelecido-como-feriado-em-sao-paulo","title":{"rendered":"Dia da Consci\u00eancia Negra \u00e9 estabelecido como feriado em S\u00e3o Paulo"},"content":{"rendered":"<p>O governador de S\u00e3o Paulo, <a href=\"https:\/\/redenoticiaz.com.br\/blog\/2023\/07\/06\/tarcisio-se-encontra-com-haddad-e-causa-furia-de-bolsonaro\">Tarc\u00edsio de Freitas<\/a> (Republicanos), sancionou o projeto de lei proposto pelo deputado estadual Teonilio Barba (PT), estabelecendo o Dia da Consci\u00eancia Negra, celebrado em 20 de novembro, como feriado oficial em todo o estado de <a href=\"https:\/\/redenoticiaz.com.br\/blog\/2023\/09\/01\/governador-de-sao-paulo-emite-nota-sobre-a-explosao-da-metalurgica-em-cabreuva\">S\u00e3o Paulo<\/a>. Essa medida entra em vigor j\u00e1 neste ano.<\/p>\n<p>Embora o Dia da Consci\u00eancia Negra j\u00e1 fosse feriado em algumas localidades paulistas, ele ainda n\u00e3o fazia parte do calend\u00e1rio oficial de feriados do estado.<\/p>\n<p>A data, que celebra a mem\u00f3ria do l\u00edder quilombola Zumbi dos Palmares e representa a resist\u00eancia contra a opress\u00e3o da escravid\u00e3o, \u00e9 observada no Brasil desde os anos 70 e se tornou feriado em algumas cidades do pa\u00eds a partir de 2003.<\/p>\n<p>Leia mais<\/p>\n<p><a href=\"https:\/\/redenoticiaz.com.br\/blog\/2023\/09\/13\/brasileiro-condenado-a-prisao-perpetua-nos-eua-e-capturado-apos-megaoperacao\">Brasileiro condenado \u00e0 pris\u00e3o perp\u00e9tua nos EUA \u00e9 capturado ap\u00f3s megaopera\u00e7\u00e3o<\/a><\/p>\n<p><a href=\"https:\/\/redenoticiaz.com.br\/blog\/2023\/09\/12\/dirigente-que-beijou-jogadora-espanhola-e-convocado-a-depor-na-espanha\">Dirigente que beijou jogadora espanhola \u00e9 convocado a depor na Espanha<\/a><\/p>\n","protected":false},"excerpt":{"rendered":"<p>O governador de S\u00e3o Paulo, Tarc\u00edsio de Freitas (Republicanos), sancionou o projeto de lei proposto pelo deputado estadual Teonilio Barba (PT), estabelecendo o Dia da Consci\u00eancia Negra, celebrado em 20 de novembro, como feriado oficial em todo o estado de S\u00e3o Paulo. Essa medida entra em vigor j\u00e1 neste ano. Embora o Dia da Consci\u00eancia &hellip;<\/p>\n","protected":false},"author":30,"featured_media":110555,"comment_status":"open","ping_status":"closed","sticky":false,"template":"","format":"standard","meta":{"footnotes":""},"categories":[15],"tags":[1626,3541,65,59455],"class_list":["post-110554","post","type-post","status-publish","format-standard","has-post-thumbnail","hentry","category-politica","tag-consciencia-negra","tag-feriado","tag-sao-paulo","tag-tarcisio-de-freitas"],"yoast_head":"<!-- This site is optimized with the Yoast SEO plugin v27.4 - https:\/\/yoast.com\/product\/yoast-seo-wordpress\/ -->\n<title>Dia da Consci\u00eancia Negra \u00e9 estabelecido como feriado em S\u00e3o Paulo - Litoral SP<\/title>\n<meta name=\"description\" content=\"O governador de S\u00e3o Paulo, Tarc\u00edsio de Freitas (Republicanos), sancionou o projeto de lei proposto pelo deputado estadual Teonilio Barba (PT), estabelecendo o Dia da Consci\u00eancia Negra, celebrado em 20 de novembro, como feriado oficial em todo o estado de S\u00e3o Paulo.\" \/>\n<meta name=\"robots\" content=\"index, follow, max-snippet:-1, max-image-preview:large, max-video-preview:-1\" \/>\n<link rel=\"canonical\" href=\"https:\/\/redenoticiaz.com.br\/litoralsp\/2023\/09\/13\/dia-da-consciencia-negra-e-estabelecido-como-feriado-em-sao-paulo\" \/>\n<meta property=\"og:locale\" content=\"pt_BR\" \/>\n<meta property=\"og:type\" content=\"article\" \/>\n<meta property=\"og:title\" content=\"Dia da Consci\u00eancia Negra \u00e9 estabelecido como feriado em S\u00e3o Paulo - Litoral SP\" \/>\n<meta property=\"og:description\" content=\"O governador de S\u00e3o Paulo, Tarc\u00edsio de Freitas (Republicanos), sancionou o projeto de lei proposto pelo deputado estadual Teonilio Barba (PT), estabelecendo o Dia da Consci\u00eancia Negra, celebrado em 20 de novembro, como feriado oficial em todo o estado de S\u00e3o Paulo.\" \/>\n<meta property=\"og:url\" content=\"https:\/\/redenoticiaz.com.br\/litoralsp\/2023\/09\/13\/dia-da-consciencia-negra-e-estabelecido-como-feriado-em-sao-paulo\" \/>\n<meta property=\"og:site_name\" content=\"Litoral SP\" \/>\n<meta property=\"article:published_time\" content=\"2023-09-13T16:25:04+00:00\" \/>\n<meta property=\"article:modified_time\" content=\"2023-09-13T19:33:08+00:00\" \/>\n<meta property=\"og:image\" content=\"https:\/\/redenoticiaz.com.br\/litoralsp\/wp-content\/uploads\/sites\/3\/2023\/09\/Captura-de-tela-2023-09-13-131032.jpg?v=1694622247\" \/>\n\t<meta property=\"og:image:width\" content=\"539\" \/>\n\t<meta property=\"og:image:height\" content=\"360\" \/>\n\t<meta property=\"og:image:type\" content=\"image\/jpeg\" \/>\n<meta name=\"author\" content=\"Carina Reifonas\" \/>\n<meta name=\"twitter:card\" content=\"summary_large_image\" \/>\n<meta name=\"twitter:label1\" content=\"Escrito por\" \/>\n\t<meta name=\"twitter:data1\" content=\"Carina Reifonas\" \/>\n\t<meta name=\"twitter:label2\" content=\"Est. tempo de leitura\" \/>\n\t<meta name=\"twitter:data2\" content=\"1 minuto\" \/>\n<script type=\"application\/ld+json\" class=\"yoast-schema-graph\">{\"@context\":\"https:\\\/\\\/schema.org\",\"@graph\":[{\"@type\":\"Article\",\"@id\":\"https:\\\/\\\/redenoticiaz.com.br\\\/litoralsp\\\/2023\\\/09\\\/13\\\/dia-da-consciencia-negra-e-estabelecido-como-feriado-em-sao-paulo#article\",\"isPartOf\":{\"@id\":\"https:\\\/\\\/redenoticiaz.com.br\\\/litoralsp\\\/2023\\\/09\\\/13\\\/dia-da-consciencia-negra-e-estabelecido-como-feriado-em-sao-paulo\"},\"author\":{\"name\":\"Carina Reifonas\",\"@id\":\"https:\\\/\\\/redenoticiaz.com.br\\\/litoralsp\\\/#\\\/schema\\\/person\\\/1f84d6e94e6a62d2d81199d7503e9e90\"},\"headline\":\"Dia da Consci\u00eancia Negra \u00e9 estabelecido como feriado em S\u00e3o Paulo\",\"datePublished\":\"2023-09-13T16:25:04+00:00\",\"dateModified\":\"2023-09-13T19:33:08+00:00\",\"mainEntityOfPage\":{\"@id\":\"https:\\\/\\\/redenoticiaz.com.br\\\/litoralsp\\\/2023\\\/09\\\/13\\\/dia-da-consciencia-negra-e-estabelecido-como-feriado-em-sao-paulo\"},\"wordCount\":163,\"commentCount\":0,\"publisher\":{\"@id\":\"https:\\\/\\\/redenoticiaz.com.br\\\/litoralsp\\\/#organization\"},\"image\":{\"@id\":\"https:\\\/\\\/redenoticiaz.com.br\\\/litoralsp\\\/2023\\\/09\\\/13\\\/dia-da-consciencia-negra-e-estabelecido-como-feriado-em-sao-paulo#primaryimage\"},\"thumbnailUrl\":\"https:\\\/\\\/redenoticiaz.com.br\\\/litoralsp\\\/wp-content\\\/uploads\\\/sites\\\/3\\\/2023\\\/09\\\/Captura-de-tela-2023-09-13-131032.jpg?v=1694622247\",\"keywords\":[\"CONSCI\u00caNCIA NEGRA\",\"feriado\",\"S\u00e3o Paulo\",\"TARC\u00cdSIO DE FREITAS\"],\"articleSection\":[\"Pol\u00edtica\"],\"inLanguage\":\"pt-BR\",\"potentialAction\":[{\"@type\":\"CommentAction\",\"name\":\"Comment\",\"target\":[\"https:\\\/\\\/redenoticiaz.com.br\\\/litoralsp\\\/2023\\\/09\\\/13\\\/dia-da-consciencia-negra-e-estabelecido-como-feriado-em-sao-paulo#respond\"]}]},{\"@type\":\"WebPage\",\"@id\":\"https:\\\/\\\/redenoticiaz.com.br\\\/litoralsp\\\/2023\\\/09\\\/13\\\/dia-da-consciencia-negra-e-estabelecido-como-feriado-em-sao-paulo\",\"url\":\"https:\\\/\\\/redenoticiaz.com.br\\\/litoralsp\\\/2023\\\/09\\\/13\\\/dia-da-consciencia-negra-e-estabelecido-como-feriado-em-sao-paulo\",\"name\":\"Dia da Consci\u00eancia Negra \u00e9 estabelecido como feriado em S\u00e3o Paulo - Litoral SP\",\"isPartOf\":{\"@id\":\"https:\\\/\\\/redenoticiaz.com.br\\\/litoralsp\\\/#website\"},\"primaryImageOfPage\":{\"@id\":\"https:\\\/\\\/redenoticiaz.com.br\\\/litoralsp\\\/2023\\\/09\\\/13\\\/dia-da-consciencia-negra-e-estabelecido-como-feriado-em-sao-paulo#primaryimage\"},\"image\":{\"@id\":\"https:\\\/\\\/redenoticiaz.com.br\\\/litoralsp\\\/2023\\\/09\\\/13\\\/dia-da-consciencia-negra-e-estabelecido-como-feriado-em-sao-paulo#primaryimage\"},\"thumbnailUrl\":\"https:\\\/\\\/redenoticiaz.com.br\\\/litoralsp\\\/wp-content\\\/uploads\\\/sites\\\/3\\\/2023\\\/09\\\/Captura-de-tela-2023-09-13-131032.jpg?v=1694622247\",\"datePublished\":\"2023-09-13T16:25:04+00:00\",\"dateModified\":\"2023-09-13T19:33:08+00:00\",\"description\":\"O governador de S\u00e3o Paulo, Tarc\u00edsio de Freitas (Republicanos), sancionou o projeto de lei proposto pelo deputado estadual Teonilio Barba (PT), estabelecendo o Dia da Consci\u00eancia Negra, celebrado em 20 de novembro, como feriado oficial em todo o estado de S\u00e3o Paulo.\",\"inLanguage\":\"pt-BR\",\"potentialAction\":[{\"@type\":\"ReadAction\",\"target\":[\"https:\\\/\\\/redenoticiaz.com.br\\\/litoralsp\\\/2023\\\/09\\\/13\\\/dia-da-consciencia-negra-e-estabelecido-como-feriado-em-sao-paulo\"]}]},{\"@type\":\"ImageObject\",\"inLanguage\":\"pt-BR\",\"@id\":\"https:\\\/\\\/redenoticiaz.com.br\\\/litoralsp\\\/2023\\\/09\\\/13\\\/dia-da-consciencia-negra-e-estabelecido-como-feriado-em-sao-paulo#primaryimage\",\"url\":\"https:\\\/\\\/redenoticiaz.com.br\\\/litoralsp\\\/wp-content\\\/uploads\\\/sites\\\/3\\\/2023\\\/09\\\/Captura-de-tela-2023-09-13-131032.jpg?v=1694622247\",\"contentUrl\":\"https:\\\/\\\/redenoticiaz.com.br\\\/litoralsp\\\/wp-content\\\/uploads\\\/sites\\\/3\\\/2023\\\/09\\\/Captura-de-tela-2023-09-13-131032.jpg?v=1694622247\",\"width\":539,\"height\":360,\"caption\":\"Cr\u00e9dito: Reprodu\u00e7\u00e3o\"},{\"@type\":\"WebSite\",\"@id\":\"https:\\\/\\\/redenoticiaz.com.br\\\/litoralsp\\\/#website\",\"url\":\"https:\\\/\\\/redenoticiaz.com.br\\\/litoralsp\\\/\",\"name\":\"Litoral SP\",\"description\":\"Rede NoticiaZ\",\"publisher\":{\"@id\":\"https:\\\/\\\/redenoticiaz.com.br\\\/litoralsp\\\/#organization\"},\"potentialAction\":[{\"@type\":\"SearchAction\",\"target\":{\"@type\":\"EntryPoint\",\"urlTemplate\":\"https:\\\/\\\/redenoticiaz.com.br\\\/litoralsp\\\/?s={search_term_string}\"},\"query-input\":{\"@type\":\"PropertyValueSpecification\",\"valueRequired\":true,\"valueName\":\"search_term_string\"}}],\"inLanguage\":\"pt-BR\"},{\"@type\":\"Organization\",\"@id\":\"https:\\\/\\\/redenoticiaz.com.br\\\/litoralsp\\\/#organization\",\"name\":\"Litoral SP\",\"url\":\"https:\\\/\\\/redenoticiaz.com.br\\\/litoralsp\\\/\",\"logo\":{\"@type\":\"ImageObject\",\"inLanguage\":\"pt-BR\",\"@id\":\"https:\\\/\\\/redenoticiaz.com.br\\\/litoralsp\\\/#\\\/schema\\\/logo\\\/image\\\/\",\"url\":\"https:\\\/\\\/redenoticiaz.com.br\\\/litoralsp\\\/wp-content\\\/uploads\\\/sites\\\/3\\\/2020\\\/11\\\/logo.jpg\",\"contentUrl\":\"https:\\\/\\\/redenoticiaz.com.br\\\/litoralsp\\\/wp-content\\\/uploads\\\/sites\\\/3\\\/2020\\\/11\\\/logo.jpg\",\"width\":400,\"height\":250,\"caption\":\"Litoral SP\"},\"image\":{\"@id\":\"https:\\\/\\\/redenoticiaz.com.br\\\/litoralsp\\\/#\\\/schema\\\/logo\\\/image\\\/\"}},{\"@type\":\"Person\",\"@id\":\"https:\\\/\\\/redenoticiaz.com.br\\\/litoralsp\\\/#\\\/schema\\\/person\\\/1f84d6e94e6a62d2d81199d7503e9e90\",\"name\":\"Carina Reifonas\",\"image\":{\"@type\":\"ImageObject\",\"inLanguage\":\"pt-BR\",\"@id\":\"https:\\\/\\\/secure.gravatar.com\\\/avatar\\\/04c59859b23696cf867715880f81d5c037e60109730bdb4e6670ec2a2245bc97?s=96&d=mm&r=g\",\"url\":\"https:\\\/\\\/secure.gravatar.com\\\/avatar\\\/04c59859b23696cf867715880f81d5c037e60109730bdb4e6670ec2a2245bc97?s=96&d=mm&r=g\",\"contentUrl\":\"https:\\\/\\\/secure.gravatar.com\\\/avatar\\\/04c59859b23696cf867715880f81d5c037e60109730bdb4e6670ec2a2245bc97?s=96&d=mm&r=g\",\"caption\":\"Carina Reifonas\"},\"url\":\"https:\\\/\\\/redenoticiaz.com.br\\\/litoralsp\\\/author\\\/carinareifonas\"}]}<\/script>\n<!-- \/ Yoast SEO plugin. -->","yoast_head_json":{"title":"Dia da Consci\u00eancia Negra \u00e9 estabelecido como feriado em S\u00e3o Paulo - Litoral SP","description":"O governador de S\u00e3o Paulo, Tarc\u00edsio de Freitas (Republicanos), sancionou o projeto de lei proposto pelo deputado estadual Teonilio Barba (PT), estabelecendo o Dia da Consci\u00eancia Negra, celebrado em 20 de novembro, como feriado oficial em todo o estado de S\u00e3o Paulo.","robots":{"index":"index","follow":"follow","max-snippet":"max-snippet:-1","max-image-preview":"max-image-preview:large","max-video-preview":"max-video-preview:-1"},"canonical":"https:\/\/redenoticiaz.com.br\/litoralsp\/2023\/09\/13\/dia-da-consciencia-negra-e-estabelecido-como-feriado-em-sao-paulo","og_locale":"pt_BR","og_type":"article","og_title":"Dia da Consci\u00eancia Negra \u00e9 estabelecido como feriado em S\u00e3o Paulo - Litoral SP","og_description":"O governador de S\u00e3o Paulo, Tarc\u00edsio de Freitas (Republicanos), sancionou o projeto de lei proposto pelo deputado estadual Teonilio Barba (PT), estabelecendo o Dia da Consci\u00eancia Negra, celebrado em 20 de novembro, como feriado oficial em todo o estado de S\u00e3o Paulo.","og_url":"https:\/\/redenoticiaz.com.br\/litoralsp\/2023\/09\/13\/dia-da-consciencia-negra-e-estabelecido-como-feriado-em-sao-paulo","og_site_name":"Litoral SP","article_published_time":"2023-09-13T16:25:04+00:00","article_modified_time":"2023-09-13T19:33:08+00:00","og_image":[{"width":539,"height":360,"url":"https:\/\/redenoticiaz.com.br\/litoralsp\/wp-content\/uploads\/sites\/3\/2023\/09\/Captura-de-tela-2023-09-13-131032.jpg?v=1694622247","type":"image\/jpeg"}],"author":"Carina Reifonas","twitter_card":"summary_large_image","twitter_misc":{"Escrito por":"Carina Reifonas","Est. tempo de leitura":"1 minuto"},"schema":{"@context":"https:\/\/schema.org","@graph":[{"@type":"Article","@id":"https:\/\/redenoticiaz.com.br\/litoralsp\/2023\/09\/13\/dia-da-consciencia-negra-e-estabelecido-como-feriado-em-sao-paulo#article","isPartOf":{"@id":"https:\/\/redenoticiaz.com.br\/litoralsp\/2023\/09\/13\/dia-da-consciencia-negra-e-estabelecido-como-feriado-em-sao-paulo"},"author":{"name":"Carina Reifonas","@id":"https:\/\/redenoticiaz.com.br\/litoralsp\/#\/schema\/person\/1f84d6e94e6a62d2d81199d7503e9e90"},"headline":"Dia da Consci\u00eancia Negra \u00e9 estabelecido como feriado em S\u00e3o Paulo","datePublished":"2023-09-13T16:25:04+00:00","dateModified":"2023-09-13T19:33:08+00:00","mainEntityOfPage":{"@id":"https:\/\/redenoticiaz.com.br\/litoralsp\/2023\/09\/13\/dia-da-consciencia-negra-e-estabelecido-como-feriado-em-sao-paulo"},"wordCount":163,"commentCount":0,"publisher":{"@id":"https:\/\/redenoticiaz.com.br\/litoralsp\/#organization"},"image":{"@id":"https:\/\/redenoticiaz.com.br\/litoralsp\/2023\/09\/13\/dia-da-consciencia-negra-e-estabelecido-como-feriado-em-sao-paulo#primaryimage"},"thumbnailUrl":"https:\/\/redenoticiaz.com.br\/litoralsp\/wp-content\/uploads\/sites\/3\/2023\/09\/Captura-de-tela-2023-09-13-131032.jpg?v=1694622247","keywords":["CONSCI\u00caNCIA NEGRA","feriado","S\u00e3o Paulo","TARC\u00cdSIO DE FREITAS"],"articleSection":["Pol\u00edtica"],"inLanguage":"pt-BR","potentialAction":[{"@type":"CommentAction","name":"Comment","target":["https:\/\/redenoticiaz.com.br\/litoralsp\/2023\/09\/13\/dia-da-consciencia-negra-e-estabelecido-como-feriado-em-sao-paulo#respond"]}]},{"@type":"WebPage","@id":"https:\/\/redenoticiaz.com.br\/litoralsp\/2023\/09\/13\/dia-da-consciencia-negra-e-estabelecido-como-feriado-em-sao-paulo","url":"https:\/\/redenoticiaz.com.br\/litoralsp\/2023\/09\/13\/dia-da-consciencia-negra-e-estabelecido-como-feriado-em-sao-paulo","name":"Dia da Consci\u00eancia Negra \u00e9 estabelecido como feriado em S\u00e3o Paulo - Litoral SP","isPartOf":{"@id":"https:\/\/redenoticiaz.com.br\/litoralsp\/#website"},"primaryImageOfPage":{"@id":"https:\/\/redenoticiaz.com.br\/litoralsp\/2023\/09\/13\/dia-da-consciencia-negra-e-estabelecido-como-feriado-em-sao-paulo#primaryimage"},"image":{"@id":"https:\/\/redenoticiaz.com.br\/litoralsp\/2023\/09\/13\/dia-da-consciencia-negra-e-estabelecido-como-feriado-em-sao-paulo#primaryimage"},"thumbnailUrl":"https:\/\/redenoticiaz.com.br\/litoralsp\/wp-content\/uploads\/sites\/3\/2023\/09\/Captura-de-tela-2023-09-13-131032.jpg?v=1694622247","datePublished":"2023-09-13T16:25:04+00:00","dateModified":"2023-09-13T19:33:08+00:00","description":"O governador de S\u00e3o Paulo, Tarc\u00edsio de Freitas (Republicanos), sancionou o projeto de lei proposto pelo deputado estadual Teonilio Barba (PT), estabelecendo o Dia da Consci\u00eancia Negra, celebrado em 20 de novembro, como feriado oficial em todo o estado de S\u00e3o Paulo.","inLanguage":"pt-BR","potentialAction":[{"@type":"ReadAction","target":["https:\/\/redenoticiaz.com.br\/litoralsp\/2023\/09\/13\/dia-da-consciencia-negra-e-estabelecido-como-feriado-em-sao-paulo"]}]},{"@type":"ImageObject","inLanguage":"pt-BR","@id":"https:\/\/redenoticiaz.com.br\/litoralsp\/2023\/09\/13\/dia-da-consciencia-negra-e-estabelecido-como-feriado-em-sao-paulo#primaryimage","url":"https:\/\/redenoticiaz.com.br\/litoralsp\/wp-content\/uploads\/sites\/3\/2023\/09\/Captura-de-tela-2023-09-13-131032.jpg?v=1694622247","contentUrl":"https:\/\/redenoticiaz.com.br\/litoralsp\/wp-content\/uploads\/sites\/3\/2023\/09\/Captura-de-tela-2023-09-13-131032.jpg?v=1694622247","width":539,"height":360,"caption":"Cr\u00e9dito: Reprodu\u00e7\u00e3o"},{"@type":"WebSite","@id":"https:\/\/redenoticiaz.com.br\/litoralsp\/#website","url":"https:\/\/redenoticiaz.com.br\/litoralsp\/","name":"Litoral SP","description":"Rede NoticiaZ","publisher":{"@id":"https:\/\/redenoticiaz.com.br\/litoralsp\/#organization"},"potentialAction":[{"@type":"SearchAction","target":{"@type":"EntryPoint","urlTemplate":"https:\/\/redenoticiaz.com.br\/litoralsp\/?s={search_term_string}"},"query-input":{"@type":"PropertyValueSpecification","valueRequired":true,"valueName":"search_term_string"}}],"inLanguage":"pt-BR"},{"@type":"Organization","@id":"https:\/\/redenoticiaz.com.br\/litoralsp\/#organization","name":"Litoral SP","url":"https:\/\/redenoticiaz.com.br\/litoralsp\/","logo":{"@type":"ImageObject","inLanguage":"pt-BR","@id":"https:\/\/redenoticiaz.com.br\/litoralsp\/#\/schema\/logo\/image\/","url":"https:\/\/redenoticiaz.com.br\/litoralsp\/wp-content\/uploads\/sites\/3\/2020\/11\/logo.jpg","contentUrl":"https:\/\/redenoticiaz.com.br\/litoralsp\/wp-content\/uploads\/sites\/3\/2020\/11\/logo.jpg","width":400,"height":250,"caption":"Litoral SP"},"image":{"@id":"https:\/\/redenoticiaz.com.br\/litoralsp\/#\/schema\/logo\/image\/"}},{"@type":"Person","@id":"https:\/\/redenoticiaz.com.br\/litoralsp\/#\/schema\/person\/1f84d6e94e6a62d2d81199d7503e9e90","name":"Carina Reifonas","image":{"@type":"ImageObject","inLanguage":"pt-BR","@id":"https:\/\/secure.gravatar.com\/avatar\/04c59859b23696cf867715880f81d5c037e60109730bdb4e6670ec2a2245bc97?s=96&d=mm&r=g","url":"https:\/\/secure.gravatar.com\/avatar\/04c59859b23696cf867715880f81d5c037e60109730bdb4e6670ec2a2245bc97?s=96&d=mm&r=g","contentUrl":"https:\/\/secure.gravatar.com\/avatar\/04c59859b23696cf867715880f81d5c037e60109730bdb4e6670ec2a2245bc97?s=96&d=mm&r=g","caption":"Carina Reifonas"},"url":"https:\/\/redenoticiaz.com.br\/litoralsp\/author\/carinareifonas"}]}},"_links":{"self":[{"href":"https:\/\/redenoticiaz.com.br\/litoralsp\/wp-json\/wp\/v2\/posts\/110554","targetHints":{"allow":["GET"]}}],"collection":[{"href":"https:\/\/redenoticiaz.com.br\/litoralsp\/wp-json\/wp\/v2\/posts"}],"about":[{"href":"https:\/\/redenoticiaz.com.br\/litoralsp\/wp-json\/wp\/v2\/types\/post"}],"author":[{"embeddable":true,"href":"https:\/\/redenoticiaz.com.br\/litoralsp\/wp-json\/wp\/v2\/users\/30"}],"replies":[{"embeddable":true,"href":"https:\/\/redenoticiaz.com.br\/litoralsp\/wp-json\/wp\/v2\/comments?post=110554"}],"version-history":[{"count":2,"href":"https:\/\/redenoticiaz.com.br\/litoralsp\/wp-json\/wp\/v2\/posts\/110554\/revisions"}],"predecessor-version":[{"id":110566,"href":"https:\/\/redenoticiaz.com.br\/litoralsp\/wp-json\/wp\/v2\/posts\/110554\/revisions\/110566"}],"wp:featuredmedia":[{"embeddable":true,"href":"https:\/\/redenoticiaz.com.br\/litoralsp\/wp-json\/wp\/v2\/media\/110555"}],"wp:attachment":[{"href":"https:\/\/redenoticiaz.com.br\/litoralsp\/wp-json\/wp\/v2\/media?parent=110554"}],"wp:term":[{"taxonomy":"category","embeddable":true,"href":"https:\/\/redenoticiaz.com.br\/litoralsp\/wp-json\/wp\/v2\/categories?post=110554"},{"taxonomy":"post_tag","embeddable":true,"href":"https:\/\/redenoticiaz.com.br\/litoralsp\/wp-json\/wp\/v2\/tags?post=110554"}],"curies":[{"name":"wp","href":"https:\/\/api.w.org\/{rel}","templated":true}]}}