{"id":110580,"date":"2023-09-13T18:18:38","date_gmt":"2023-09-13T21:18:38","guid":{"rendered":"https:\/\/redenoticiaz.com.br\/litoralsp\/?p=110580"},"modified":"2023-09-13T18:19:18","modified_gmt":"2023-09-13T21:19:18","slug":"video-imprensa-internacional-exalta-anitta-em-premiacao-da-mtv","status":"publish","type":"post","link":"https:\/\/redenoticiaz.com.br\/litoralsp\/2023\/09\/13\/video-imprensa-internacional-exalta-anitta-em-premiacao-da-mtv","title":{"rendered":"V\u00cdDEO \u2013 Imprensa Internacional exalta Anitta em premia\u00e7\u00e3o da MTV"},"content":{"rendered":"<div id=\"chunk-8sr7n\">\n<div class=\"mc-column content-text active-extra-styles \" data-block-type=\"unstyled\" data-block-weight=\"56\" data-block-id=\"3\">\n<p>A cantora brasileira Anittta est\u00e1 sendo exaltada pela imprensa Internacional ap\u00f3s sua participa\u00e7\u00e3o no MTV Video Music Awards 2023 nos Estados Unidos.<\/p>\n<p>De acordo com as informa\u00e7\u00f5es, carioca garantiu a sua segunda vit\u00f3ria consecutiva na categoria de &#8220;Melhor Clipe de M\u00fasica Latina&#8221; com &#8220;Funk Rave&#8221; no\u00a0VMA 2023.<\/p>\n<p class=\"content-text__container codex-paragraph codex-paragraph--large\">Ainda de acordo com as informa\u00e7\u00f5es, Anitta subiu no palco do VMA 3 vezes nesta ter\u00e7a-feira (12), a primeira para cantar um medley de seu EP &#8220;A Favela Love Story&#8221;.<\/p>\n<p>https:\/\/www.youtube.com\/watch?v=TWFcZ70aeSw&#038;pp=ygUGQU5JVFRB<\/p>\n<p>A segunda com a banda de K-pop Tomorrow X Together que cantaram a m\u00fasica &#8220;Back for More&#8221; e a terceira, para receber o pr\u00eamio.<\/p>\n<p><iframe loading=\"lazy\" title=\"TXT feat. Anitta - &quot;Back For More&quot; | 2023 VMAs\" width=\"500\" height=\"281\" src=\"https:\/\/www.youtube.com\/embed\/VskZNUqQM_Y?feature=oembed\" frameborder=\"0\" allow=\"accelerometer; autoplay; clipboard-write; encrypted-media; gyroscope; picture-in-picture; web-share\" referrerpolicy=\"strict-origin-when-cross-origin\" allowfullscreen><\/iframe><\/p>\n<p>&nbsp;<\/p>\n<p>O &#8220;Moonman&#8221;, como apelidaram a estatueta da premia\u00e7\u00e3o, foi entregue pela tamb\u00e9m Latina, Th\u00e1lia.<\/p>\n<p>Leia mais<\/p>\n<p><a href=\"https:\/\/redenoticiaz.com.br\/litoralsp\/2023\/08\/26\/anitta-gil-d2-e-outros-artistas-celebram-legado-de-mc-marcinho\">Anitta, Gil, D2 e outros artistas celebram legado de MC Marcinho<\/a><\/p>\n<p><a href=\"https:\/\/redenoticiaz.com.br\/litoralsp\/2023\/07\/02\/anitta-sensualiza-em-nova-musica-funk-rave-veja\">Anitta, Gil, D2 e outros artistas celebram legado de MC Marcinho<\/a><\/p>\n<\/div>\n<\/div>\n","protected":false},"excerpt":{"rendered":"<p>A cantora brasileira Anittta est\u00e1 sendo exaltada pela imprensa Internacional ap\u00f3s sua participa\u00e7\u00e3o no MTV Video Music Awards 2023 nos Estados Unidos. De acordo com as informa\u00e7\u00f5es, carioca garantiu a sua segunda vit\u00f3ria consecutiva na categoria de &#8220;Melhor Clipe de M\u00fasica Latina&#8221; com &#8220;Funk Rave&#8221; no\u00a0VMA 2023. Ainda de acordo com as informa\u00e7\u00f5es, Anitta subiu &hellip;<\/p>\n","protected":false},"author":12,"featured_media":110581,"comment_status":"open","ping_status":"closed","sticky":false,"template":"","format":"standard","meta":{"footnotes":""},"categories":[60954,170],"tags":[4754,67139,65896,67140],"class_list":["post-110580","post","type-post","status-publish","format-standard","has-post-thumbnail","hentry","category-celebridades","category-entretenimento","tag-anitta","tag-back-for-more","tag-funk-rave","tag-used-to-be"],"yoast_head":"<!-- This site is optimized with the Yoast SEO plugin v28.4 - https:\/\/yoast.com\/product\/yoast-seo-wordpress\/ -->\n<title>V\u00cdDEO \u2013 Imprensa Internacional exalta Anitta em premia\u00e7\u00e3o da MTV - Litoral SP<\/title>\n<meta name=\"description\" content=\"A cantora brasileira Anittta est\u00e1 sendo exaltada pela imprensa Internacional ap\u00f3s sua participa\u00e7\u00e3o no MTV Video Music Awards 2023 nos Estados Unidos.\" \/>\n<meta name=\"robots\" content=\"index, follow, max-snippet:-1, max-image-preview:large, max-video-preview:-1\" \/>\n<link rel=\"canonical\" href=\"https:\/\/redenoticiaz.com.br\/litoralsp\/2023\/09\/13\/video-imprensa-internacional-exalta-anitta-em-premiacao-da-mtv\" \/>\n<meta property=\"og:locale\" content=\"pt_BR\" \/>\n<meta property=\"og:type\" content=\"article\" \/>\n<meta property=\"og:title\" content=\"V\u00cdDEO \u2013 Imprensa Internacional exalta Anitta em premia\u00e7\u00e3o da MTV - Litoral SP\" \/>\n<meta property=\"og:description\" content=\"A cantora brasileira Anittta est\u00e1 sendo exaltada pela imprensa Internacional ap\u00f3s sua participa\u00e7\u00e3o no MTV Video Music Awards 2023 nos Estados Unidos.\" \/>\n<meta property=\"og:url\" content=\"https:\/\/redenoticiaz.com.br\/litoralsp\/2023\/09\/13\/video-imprensa-internacional-exalta-anitta-em-premiacao-da-mtv\" \/>\n<meta property=\"og:site_name\" content=\"Litoral SP\" \/>\n<meta property=\"article:published_time\" content=\"2023-09-13T21:18:38+00:00\" \/>\n<meta property=\"article:modified_time\" content=\"2023-09-13T21:19:18+00:00\" \/>\n<meta property=\"og:image\" content=\"https:\/\/redenoticiaz.com.br\/litoralsp\/wp-content\/uploads\/sites\/3\/2023\/09\/2023-09-13t015019z-1620828617-hp1ej9d053tal-rtrmadp-3-awards-mtv-vma.jpg\" \/>\n\t<meta property=\"og:image:width\" content=\"984\" \/>\n\t<meta property=\"og:image:height\" content=\"620\" \/>\n\t<meta property=\"og:image:type\" content=\"image\/jpeg\" \/>\n<meta name=\"author\" content=\"Gustavo Silva\" \/>\n<meta name=\"twitter:card\" content=\"summary_large_image\" \/>\n<meta name=\"twitter:label1\" content=\"Escrito por\" \/>\n\t<meta name=\"twitter:data1\" content=\"Gustavo Silva\" \/>\n\t<meta name=\"twitter:label2\" content=\"Est. tempo de leitura\" \/>\n\t<meta name=\"twitter:data2\" content=\"1 minuto\" \/>\n<script type=\"application\/ld+json\" class=\"yoast-schema-graph\">{\"@context\":\"https:\\\/\\\/schema.org\",\"@graph\":[{\"@type\":\"Article\",\"@id\":\"https:\\\/\\\/redenoticiaz.com.br\\\/litoralsp\\\/2023\\\/09\\\/13\\\/video-imprensa-internacional-exalta-anitta-em-premiacao-da-mtv#article\",\"isPartOf\":{\"@id\":\"https:\\\/\\\/redenoticiaz.com.br\\\/litoralsp\\\/2023\\\/09\\\/13\\\/video-imprensa-internacional-exalta-anitta-em-premiacao-da-mtv\"},\"author\":{\"name\":\"Gustavo Silva\",\"@id\":\"https:\\\/\\\/redenoticiaz.com.br\\\/litoralsp\\\/#\\\/schema\\\/person\\\/16057b37a3c0ee6b096d7f887c566e2e\"},\"headline\":\"V\u00cdDEO \u2013 Imprensa Internacional exalta Anitta em premia\u00e7\u00e3o da MTV\",\"datePublished\":\"2023-09-13T21:18:38+00:00\",\"dateModified\":\"2023-09-13T21:19:18+00:00\",\"mainEntityOfPage\":{\"@id\":\"https:\\\/\\\/redenoticiaz.com.br\\\/litoralsp\\\/2023\\\/09\\\/13\\\/video-imprensa-internacional-exalta-anitta-em-premiacao-da-mtv\"},\"wordCount\":184,\"commentCount\":0,\"publisher\":{\"@id\":\"https:\\\/\\\/redenoticiaz.com.br\\\/litoralsp\\\/#organization\"},\"image\":{\"@id\":\"https:\\\/\\\/redenoticiaz.com.br\\\/litoralsp\\\/2023\\\/09\\\/13\\\/video-imprensa-internacional-exalta-anitta-em-premiacao-da-mtv#primaryimage\"},\"thumbnailUrl\":\"https:\\\/\\\/redenoticiaz.com.br\\\/litoralsp\\\/wp-content\\\/uploads\\\/sites\\\/3\\\/2023\\\/09\\\/2023-09-13t015019z-1620828617-hp1ej9d053tal-rtrmadp-3-awards-mtv-vma.jpg\",\"keywords\":[\"ANITTA\",\"back for more\",\"funk rave\",\"used to be\"],\"articleSection\":[\"Celebridades\",\"Entretenimento\"],\"inLanguage\":\"pt-BR\",\"potentialAction\":[{\"@type\":\"CommentAction\",\"name\":\"Comment\",\"target\":[\"https:\\\/\\\/redenoticiaz.com.br\\\/litoralsp\\\/2023\\\/09\\\/13\\\/video-imprensa-internacional-exalta-anitta-em-premiacao-da-mtv#respond\"]}]},{\"@type\":\"WebPage\",\"@id\":\"https:\\\/\\\/redenoticiaz.com.br\\\/litoralsp\\\/2023\\\/09\\\/13\\\/video-imprensa-internacional-exalta-anitta-em-premiacao-da-mtv\",\"url\":\"https:\\\/\\\/redenoticiaz.com.br\\\/litoralsp\\\/2023\\\/09\\\/13\\\/video-imprensa-internacional-exalta-anitta-em-premiacao-da-mtv\",\"name\":\"V\u00cdDEO \u2013 Imprensa Internacional exalta Anitta em premia\u00e7\u00e3o da MTV - Litoral SP\",\"isPartOf\":{\"@id\":\"https:\\\/\\\/redenoticiaz.com.br\\\/litoralsp\\\/#website\"},\"primaryImageOfPage\":{\"@id\":\"https:\\\/\\\/redenoticiaz.com.br\\\/litoralsp\\\/2023\\\/09\\\/13\\\/video-imprensa-internacional-exalta-anitta-em-premiacao-da-mtv#primaryimage\"},\"image\":{\"@id\":\"https:\\\/\\\/redenoticiaz.com.br\\\/litoralsp\\\/2023\\\/09\\\/13\\\/video-imprensa-internacional-exalta-anitta-em-premiacao-da-mtv#primaryimage\"},\"thumbnailUrl\":\"https:\\\/\\\/redenoticiaz.com.br\\\/litoralsp\\\/wp-content\\\/uploads\\\/sites\\\/3\\\/2023\\\/09\\\/2023-09-13t015019z-1620828617-hp1ej9d053tal-rtrmadp-3-awards-mtv-vma.jpg\",\"datePublished\":\"2023-09-13T21:18:38+00:00\",\"dateModified\":\"2023-09-13T21:19:18+00:00\",\"description\":\"A cantora brasileira Anittta est\u00e1 sendo exaltada pela imprensa Internacional ap\u00f3s sua participa\u00e7\u00e3o no MTV Video Music Awards 2023 nos Estados Unidos.\",\"inLanguage\":\"pt-BR\",\"potentialAction\":[{\"@type\":\"ReadAction\",\"target\":[\"https:\\\/\\\/redenoticiaz.com.br\\\/litoralsp\\\/2023\\\/09\\\/13\\\/video-imprensa-internacional-exalta-anitta-em-premiacao-da-mtv\"]}]},{\"@type\":\"ImageObject\",\"inLanguage\":\"pt-BR\",\"@id\":\"https:\\\/\\\/redenoticiaz.com.br\\\/litoralsp\\\/2023\\\/09\\\/13\\\/video-imprensa-internacional-exalta-anitta-em-premiacao-da-mtv#primaryimage\",\"url\":\"https:\\\/\\\/redenoticiaz.com.br\\\/litoralsp\\\/wp-content\\\/uploads\\\/sites\\\/3\\\/2023\\\/09\\\/2023-09-13t015019z-1620828617-hp1ej9d053tal-rtrmadp-3-awards-mtv-vma.jpg\",\"contentUrl\":\"https:\\\/\\\/redenoticiaz.com.br\\\/litoralsp\\\/wp-content\\\/uploads\\\/sites\\\/3\\\/2023\\\/09\\\/2023-09-13t015019z-1620828617-hp1ej9d053tal-rtrmadp-3-awards-mtv-vma.jpg\",\"width\":984,\"height\":620,\"caption\":\"Imprensa Internacional exalta Anitta em premia\u00e7\u00e3o da MTV\"},{\"@type\":\"WebSite\",\"@id\":\"https:\\\/\\\/redenoticiaz.com.br\\\/litoralsp\\\/#website\",\"url\":\"https:\\\/\\\/redenoticiaz.com.br\\\/litoralsp\\\/\",\"name\":\"Litoral SP\",\"description\":\"Rede NoticiaZ\",\"publisher\":{\"@id\":\"https:\\\/\\\/redenoticiaz.com.br\\\/litoralsp\\\/#organization\"},\"potentialAction\":[{\"@type\":\"SearchAction\",\"target\":{\"@type\":\"EntryPoint\",\"urlTemplate\":\"https:\\\/\\\/redenoticiaz.com.br\\\/litoralsp\\\/?s={search_term_string}\"},\"query-input\":{\"@type\":\"PropertyValueSpecification\",\"valueRequired\":true,\"valueName\":\"search_term_string\"}}],\"inLanguage\":\"pt-BR\"},{\"@type\":\"Organization\",\"@id\":\"https:\\\/\\\/redenoticiaz.com.br\\\/litoralsp\\\/#organization\",\"name\":\"Litoral SP\",\"url\":\"https:\\\/\\\/redenoticiaz.com.br\\\/litoralsp\\\/\",\"logo\":{\"@type\":\"ImageObject\",\"inLanguage\":\"pt-BR\",\"@id\":\"https:\\\/\\\/redenoticiaz.com.br\\\/litoralsp\\\/#\\\/schema\\\/logo\\\/image\\\/\",\"url\":\"https:\\\/\\\/redenoticiaz.com.br\\\/litoralsp\\\/wp-content\\\/uploads\\\/sites\\\/3\\\/2020\\\/11\\\/logo.jpg\",\"contentUrl\":\"https:\\\/\\\/redenoticiaz.com.br\\\/litoralsp\\\/wp-content\\\/uploads\\\/sites\\\/3\\\/2020\\\/11\\\/logo.jpg\",\"width\":400,\"height\":250,\"caption\":\"Litoral SP\"},\"image\":{\"@id\":\"https:\\\/\\\/redenoticiaz.com.br\\\/litoralsp\\\/#\\\/schema\\\/logo\\\/image\\\/\"}},{\"@type\":\"Person\",\"@id\":\"https:\\\/\\\/redenoticiaz.com.br\\\/litoralsp\\\/#\\\/schema\\\/person\\\/16057b37a3c0ee6b096d7f887c566e2e\",\"name\":\"Gustavo Silva\",\"image\":{\"@type\":\"ImageObject\",\"inLanguage\":\"pt-BR\",\"@id\":\"https:\\\/\\\/secure.gravatar.com\\\/avatar\\\/3ee4e82f93b26de0a7cf4ea5eb7893da637ed6bb0c9170c58065944c56e28a33?s=96&d=mm&r=g\",\"url\":\"https:\\\/\\\/secure.gravatar.com\\\/avatar\\\/3ee4e82f93b26de0a7cf4ea5eb7893da637ed6bb0c9170c58065944c56e28a33?s=96&d=mm&r=g\",\"contentUrl\":\"https:\\\/\\\/secure.gravatar.com\\\/avatar\\\/3ee4e82f93b26de0a7cf4ea5eb7893da637ed6bb0c9170c58065944c56e28a33?s=96&d=mm&r=g\",\"caption\":\"Gustavo Silva\"},\"url\":\"https:\\\/\\\/redenoticiaz.com.br\\\/litoralsp\\\/author\\\/gustavosilva\"}]}<\/script>\n<!-- \/ Yoast SEO plugin. -->","yoast_head_json":{"title":"V\u00cdDEO \u2013 Imprensa Internacional exalta Anitta em premia\u00e7\u00e3o da MTV - Litoral SP","description":"A cantora brasileira Anittta est\u00e1 sendo exaltada pela imprensa Internacional ap\u00f3s sua participa\u00e7\u00e3o no MTV Video Music Awards 2023 nos Estados Unidos.","robots":{"index":"index","follow":"follow","max-snippet":"max-snippet:-1","max-image-preview":"max-image-preview:large","max-video-preview":"max-video-preview:-1"},"canonical":"https:\/\/redenoticiaz.com.br\/litoralsp\/2023\/09\/13\/video-imprensa-internacional-exalta-anitta-em-premiacao-da-mtv","og_locale":"pt_BR","og_type":"article","og_title":"V\u00cdDEO \u2013 Imprensa Internacional exalta Anitta em premia\u00e7\u00e3o da MTV - Litoral SP","og_description":"A cantora brasileira Anittta est\u00e1 sendo exaltada pela imprensa Internacional ap\u00f3s sua participa\u00e7\u00e3o no MTV Video Music Awards 2023 nos Estados Unidos.","og_url":"https:\/\/redenoticiaz.com.br\/litoralsp\/2023\/09\/13\/video-imprensa-internacional-exalta-anitta-em-premiacao-da-mtv","og_site_name":"Litoral SP","article_published_time":"2023-09-13T21:18:38+00:00","article_modified_time":"2023-09-13T21:19:18+00:00","og_image":[{"width":984,"height":620,"url":"https:\/\/redenoticiaz.com.br\/litoralsp\/wp-content\/uploads\/sites\/3\/2023\/09\/2023-09-13t015019z-1620828617-hp1ej9d053tal-rtrmadp-3-awards-mtv-vma.jpg","type":"image\/jpeg"}],"author":"Gustavo Silva","twitter_card":"summary_large_image","twitter_misc":{"Escrito por":"Gustavo Silva","Est. tempo de leitura":"1 minuto"},"schema":{"@context":"https:\/\/schema.org","@graph":[{"@type":"Article","@id":"https:\/\/redenoticiaz.com.br\/litoralsp\/2023\/09\/13\/video-imprensa-internacional-exalta-anitta-em-premiacao-da-mtv#article","isPartOf":{"@id":"https:\/\/redenoticiaz.com.br\/litoralsp\/2023\/09\/13\/video-imprensa-internacional-exalta-anitta-em-premiacao-da-mtv"},"author":{"name":"Gustavo Silva","@id":"https:\/\/redenoticiaz.com.br\/litoralsp\/#\/schema\/person\/16057b37a3c0ee6b096d7f887c566e2e"},"headline":"V\u00cdDEO \u2013 Imprensa Internacional exalta Anitta em premia\u00e7\u00e3o da MTV","datePublished":"2023-09-13T21:18:38+00:00","dateModified":"2023-09-13T21:19:18+00:00","mainEntityOfPage":{"@id":"https:\/\/redenoticiaz.com.br\/litoralsp\/2023\/09\/13\/video-imprensa-internacional-exalta-anitta-em-premiacao-da-mtv"},"wordCount":184,"commentCount":0,"publisher":{"@id":"https:\/\/redenoticiaz.com.br\/litoralsp\/#organization"},"image":{"@id":"https:\/\/redenoticiaz.com.br\/litoralsp\/2023\/09\/13\/video-imprensa-internacional-exalta-anitta-em-premiacao-da-mtv#primaryimage"},"thumbnailUrl":"https:\/\/redenoticiaz.com.br\/litoralsp\/wp-content\/uploads\/sites\/3\/2023\/09\/2023-09-13t015019z-1620828617-hp1ej9d053tal-rtrmadp-3-awards-mtv-vma.jpg","keywords":["ANITTA","back for more","funk rave","used to be"],"articleSection":["Celebridades","Entretenimento"],"inLanguage":"pt-BR","potentialAction":[{"@type":"CommentAction","name":"Comment","target":["https:\/\/redenoticiaz.com.br\/litoralsp\/2023\/09\/13\/video-imprensa-internacional-exalta-anitta-em-premiacao-da-mtv#respond"]}]},{"@type":"WebPage","@id":"https:\/\/redenoticiaz.com.br\/litoralsp\/2023\/09\/13\/video-imprensa-internacional-exalta-anitta-em-premiacao-da-mtv","url":"https:\/\/redenoticiaz.com.br\/litoralsp\/2023\/09\/13\/video-imprensa-internacional-exalta-anitta-em-premiacao-da-mtv","name":"V\u00cdDEO \u2013 Imprensa Internacional exalta Anitta em premia\u00e7\u00e3o da MTV - Litoral SP","isPartOf":{"@id":"https:\/\/redenoticiaz.com.br\/litoralsp\/#website"},"primaryImageOfPage":{"@id":"https:\/\/redenoticiaz.com.br\/litoralsp\/2023\/09\/13\/video-imprensa-internacional-exalta-anitta-em-premiacao-da-mtv#primaryimage"},"image":{"@id":"https:\/\/redenoticiaz.com.br\/litoralsp\/2023\/09\/13\/video-imprensa-internacional-exalta-anitta-em-premiacao-da-mtv#primaryimage"},"thumbnailUrl":"https:\/\/redenoticiaz.com.br\/litoralsp\/wp-content\/uploads\/sites\/3\/2023\/09\/2023-09-13t015019z-1620828617-hp1ej9d053tal-rtrmadp-3-awards-mtv-vma.jpg","datePublished":"2023-09-13T21:18:38+00:00","dateModified":"2023-09-13T21:19:18+00:00","description":"A cantora brasileira Anittta est\u00e1 sendo exaltada pela imprensa Internacional ap\u00f3s sua participa\u00e7\u00e3o no MTV Video Music Awards 2023 nos Estados Unidos.","inLanguage":"pt-BR","potentialAction":[{"@type":"ReadAction","target":["https:\/\/redenoticiaz.com.br\/litoralsp\/2023\/09\/13\/video-imprensa-internacional-exalta-anitta-em-premiacao-da-mtv"]}]},{"@type":"ImageObject","inLanguage":"pt-BR","@id":"https:\/\/redenoticiaz.com.br\/litoralsp\/2023\/09\/13\/video-imprensa-internacional-exalta-anitta-em-premiacao-da-mtv#primaryimage","url":"https:\/\/redenoticiaz.com.br\/litoralsp\/wp-content\/uploads\/sites\/3\/2023\/09\/2023-09-13t015019z-1620828617-hp1ej9d053tal-rtrmadp-3-awards-mtv-vma.jpg","contentUrl":"https:\/\/redenoticiaz.com.br\/litoralsp\/wp-content\/uploads\/sites\/3\/2023\/09\/2023-09-13t015019z-1620828617-hp1ej9d053tal-rtrmadp-3-awards-mtv-vma.jpg","width":984,"height":620,"caption":"Imprensa Internacional exalta Anitta em premia\u00e7\u00e3o da MTV"},{"@type":"WebSite","@id":"https:\/\/redenoticiaz.com.br\/litoralsp\/#website","url":"https:\/\/redenoticiaz.com.br\/litoralsp\/","name":"Litoral SP","description":"Rede NoticiaZ","publisher":{"@id":"https:\/\/redenoticiaz.com.br\/litoralsp\/#organization"},"potentialAction":[{"@type":"SearchAction","target":{"@type":"EntryPoint","urlTemplate":"https:\/\/redenoticiaz.com.br\/litoralsp\/?s={search_term_string}"},"query-input":{"@type":"PropertyValueSpecification","valueRequired":true,"valueName":"search_term_string"}}],"inLanguage":"pt-BR"},{"@type":"Organization","@id":"https:\/\/redenoticiaz.com.br\/litoralsp\/#organization","name":"Litoral SP","url":"https:\/\/redenoticiaz.com.br\/litoralsp\/","logo":{"@type":"ImageObject","inLanguage":"pt-BR","@id":"https:\/\/redenoticiaz.com.br\/litoralsp\/#\/schema\/logo\/image\/","url":"https:\/\/redenoticiaz.com.br\/litoralsp\/wp-content\/uploads\/sites\/3\/2020\/11\/logo.jpg","contentUrl":"https:\/\/redenoticiaz.com.br\/litoralsp\/wp-content\/uploads\/sites\/3\/2020\/11\/logo.jpg","width":400,"height":250,"caption":"Litoral SP"},"image":{"@id":"https:\/\/redenoticiaz.com.br\/litoralsp\/#\/schema\/logo\/image\/"}},{"@type":"Person","@id":"https:\/\/redenoticiaz.com.br\/litoralsp\/#\/schema\/person\/16057b37a3c0ee6b096d7f887c566e2e","name":"Gustavo Silva","image":{"@type":"ImageObject","inLanguage":"pt-BR","@id":"https:\/\/secure.gravatar.com\/avatar\/3ee4e82f93b26de0a7cf4ea5eb7893da637ed6bb0c9170c58065944c56e28a33?s=96&d=mm&r=g","url":"https:\/\/secure.gravatar.com\/avatar\/3ee4e82f93b26de0a7cf4ea5eb7893da637ed6bb0c9170c58065944c56e28a33?s=96&d=mm&r=g","contentUrl":"https:\/\/secure.gravatar.com\/avatar\/3ee4e82f93b26de0a7cf4ea5eb7893da637ed6bb0c9170c58065944c56e28a33?s=96&d=mm&r=g","caption":"Gustavo Silva"},"url":"https:\/\/redenoticiaz.com.br\/litoralsp\/author\/gustavosilva"}]}},"_links":{"self":[{"href":"https:\/\/redenoticiaz.com.br\/litoralsp\/wp-json\/wp\/v2\/posts\/110580","targetHints":{"allow":["GET"]}}],"collection":[{"href":"https:\/\/redenoticiaz.com.br\/litoralsp\/wp-json\/wp\/v2\/posts"}],"about":[{"href":"https:\/\/redenoticiaz.com.br\/litoralsp\/wp-json\/wp\/v2\/types\/post"}],"author":[{"embeddable":true,"href":"https:\/\/redenoticiaz.com.br\/litoralsp\/wp-json\/wp\/v2\/users\/12"}],"replies":[{"embeddable":true,"href":"https:\/\/redenoticiaz.com.br\/litoralsp\/wp-json\/wp\/v2\/comments?post=110580"}],"version-history":[{"count":2,"href":"https:\/\/redenoticiaz.com.br\/litoralsp\/wp-json\/wp\/v2\/posts\/110580\/revisions"}],"predecessor-version":[{"id":110583,"href":"https:\/\/redenoticiaz.com.br\/litoralsp\/wp-json\/wp\/v2\/posts\/110580\/revisions\/110583"}],"wp:featuredmedia":[{"embeddable":true,"href":"https:\/\/redenoticiaz.com.br\/litoralsp\/wp-json\/wp\/v2\/media\/110581"}],"wp:attachment":[{"href":"https:\/\/redenoticiaz.com.br\/litoralsp\/wp-json\/wp\/v2\/media?parent=110580"}],"wp:term":[{"taxonomy":"category","embeddable":true,"href":"https:\/\/redenoticiaz.com.br\/litoralsp\/wp-json\/wp\/v2\/categories?post=110580"},{"taxonomy":"post_tag","embeddable":true,"href":"https:\/\/redenoticiaz.com.br\/litoralsp\/wp-json\/wp\/v2\/tags?post=110580"}],"curies":[{"name":"wp","href":"https:\/\/api.w.org\/{rel}","templated":true}]}}