{"id":110645,"date":"2023-09-15T22:46:33","date_gmt":"2023-09-16T01:46:33","guid":{"rendered":"https:\/\/redenoticiaz.com.br\/litoralsp\/?p=110645"},"modified":"2023-09-15T22:46:33","modified_gmt":"2023-09-16T01:46:33","slug":"homem-e-preso-por-furto-de-condensadora-em-ubs","status":"publish","type":"post","link":"https:\/\/redenoticiaz.com.br\/litoralsp\/2023\/09\/15\/homem-e-preso-por-furto-de-condensadora-em-ubs","title":{"rendered":"Homem \u00e9 preso por furto de condensadora em UBS"},"content":{"rendered":"<p>A Guarda Civil Municipal (GCM) de Bertioga deteve um homem em flagrante por ter furtado uma condensadora de uma Unidade B\u00e1sica de Sa\u00fade (UBS) na tarde desta sexta-feira, 15.<\/p>\n<p>O indiv\u00edduo identificado foi encaminhado \u00e0 Delegacia de Pol\u00edcia da Cidade, onde foi lavrado um Auto de Pris\u00e3o em Flagrante Delito em seu desfavor, em tese, pela pr\u00e1tica do crime de furto qualificado.<\/p>\n<p>A GCM foi acionada pelo n\u00famero 153. O autor do crime confessou ter subtra\u00eddo o aparelho com a inten\u00e7\u00e3o de desmont\u00e1-lo para obter lucro com a venda das pe\u00e7as, especialmente se houvesse cobre.<\/p>\n<p>O Munic\u00edpio conta com o patrulhamento da GCM por toda a cidade e monitoramento 24 horas pelo Centro Operacional de Imagens de Bertioga (Coibe). As den\u00fancias podem ser feitas pelo 153 ou pelo 190.<\/p>\n<p>Leia mais<\/p>\n<p><a href=\"https:\/\/redenoticiaz.com.br\/litoralsp\/2023\/09\/08\/homem-e-flagrado-depredando-comercio-em-bertioga\">Homem \u00e9 flagrado depredando com\u00e9rcio em Bertioga<\/a><\/p>\n<p><a href=\"https:\/\/redenoticiaz.com.br\/litoralsp\/2023\/08\/27\/ave-e-jararaca-sao-resgatados-em-bertioga\">Ave e Jararaca s\u00e3o resgatados em Bertioga<\/a><\/p>\n","protected":false},"excerpt":{"rendered":"<p>A Guarda Civil Municipal (GCM) de Bertioga deteve um homem em flagrante por ter furtado uma condensadora de uma Unidade B\u00e1sica de Sa\u00fade (UBS) na tarde desta sexta-feira, 15. O indiv\u00edduo identificado foi encaminhado \u00e0 Delegacia de Pol\u00edcia da Cidade, onde foi lavrado um Auto de Pris\u00e3o em Flagrante Delito em seu desfavor, em tese, &hellip;<\/p>\n","protected":false},"author":12,"featured_media":110646,"comment_status":"open","ping_status":"closed","sticky":false,"template":"","format":"standard","meta":{"footnotes":""},"categories":[1107],"tags":[1038,4244,43,14196],"class_list":["post-110645","post","type-post","status-publish","format-standard","has-post-thumbnail","hentry","category-bertioga","tag-bertioga","tag-gcm","tag-guarda-municipal","tag-ubs"],"yoast_head":"<!-- This site is optimized with the Yoast SEO plugin v27.5 - https:\/\/yoast.com\/product\/yoast-seo-wordpress\/ -->\n<title>Homem \u00e9 preso por furto de condensadora em UBS - Litoral SP<\/title>\n<meta name=\"description\" content=\"A Guarda Civil Municipal (GCM) de Bertioga deteve um homem em flagrante por ter furtado uma condensadora de uma Unidade B\u00e1sica de Sa\u00fade (UBS) na tarde desta sexta-feira, 15.\" \/>\n<meta name=\"robots\" content=\"index, follow, max-snippet:-1, max-image-preview:large, max-video-preview:-1\" \/>\n<link rel=\"canonical\" href=\"https:\/\/redenoticiaz.com.br\/litoralsp\/2023\/09\/15\/homem-e-preso-por-furto-de-condensadora-em-ubs\" \/>\n<meta property=\"og:locale\" content=\"pt_BR\" \/>\n<meta property=\"og:type\" content=\"article\" \/>\n<meta property=\"og:title\" content=\"Homem \u00e9 preso por furto de condensadora em UBS - Litoral SP\" \/>\n<meta property=\"og:description\" content=\"A Guarda Civil Municipal (GCM) de Bertioga deteve um homem em flagrante por ter furtado uma condensadora de uma Unidade B\u00e1sica de Sa\u00fade (UBS) na tarde desta sexta-feira, 15.\" \/>\n<meta property=\"og:url\" content=\"https:\/\/redenoticiaz.com.br\/litoralsp\/2023\/09\/15\/homem-e-preso-por-furto-de-condensadora-em-ubs\" \/>\n<meta property=\"og:site_name\" content=\"Litoral SP\" \/>\n<meta property=\"article:published_time\" content=\"2023-09-16T01:46:33+00:00\" \/>\n<meta property=\"og:image\" content=\"https:\/\/redenoticiaz.com.br\/litoralsp\/wp-content\/uploads\/sites\/3\/2023\/09\/Delegacia-1-1024x576.png\" \/>\n\t<meta property=\"og:image:width\" content=\"1024\" \/>\n\t<meta property=\"og:image:height\" content=\"576\" \/>\n\t<meta property=\"og:image:type\" content=\"image\/png\" \/>\n<meta name=\"author\" content=\"Gustavo Silva\" \/>\n<meta name=\"twitter:card\" content=\"summary_large_image\" \/>\n<meta name=\"twitter:label1\" content=\"Escrito por\" \/>\n\t<meta name=\"twitter:data1\" content=\"Gustavo Silva\" \/>\n\t<meta name=\"twitter:label2\" content=\"Est. tempo de leitura\" \/>\n\t<meta name=\"twitter:data2\" content=\"1 minuto\" \/>\n<script type=\"application\/ld+json\" class=\"yoast-schema-graph\">{\"@context\":\"https:\\\/\\\/schema.org\",\"@graph\":[{\"@type\":\"Article\",\"@id\":\"https:\\\/\\\/redenoticiaz.com.br\\\/litoralsp\\\/2023\\\/09\\\/15\\\/homem-e-preso-por-furto-de-condensadora-em-ubs#article\",\"isPartOf\":{\"@id\":\"https:\\\/\\\/redenoticiaz.com.br\\\/litoralsp\\\/2023\\\/09\\\/15\\\/homem-e-preso-por-furto-de-condensadora-em-ubs\"},\"author\":{\"name\":\"Gustavo Silva\",\"@id\":\"https:\\\/\\\/redenoticiaz.com.br\\\/litoralsp\\\/#\\\/schema\\\/person\\\/16057b37a3c0ee6b096d7f887c566e2e\"},\"headline\":\"Homem \u00e9 preso por furto de condensadora em UBS\",\"datePublished\":\"2023-09-16T01:46:33+00:00\",\"mainEntityOfPage\":{\"@id\":\"https:\\\/\\\/redenoticiaz.com.br\\\/litoralsp\\\/2023\\\/09\\\/15\\\/homem-e-preso-por-furto-de-condensadora-em-ubs\"},\"wordCount\":161,\"commentCount\":0,\"publisher\":{\"@id\":\"https:\\\/\\\/redenoticiaz.com.br\\\/litoralsp\\\/#organization\"},\"image\":{\"@id\":\"https:\\\/\\\/redenoticiaz.com.br\\\/litoralsp\\\/2023\\\/09\\\/15\\\/homem-e-preso-por-furto-de-condensadora-em-ubs#primaryimage\"},\"thumbnailUrl\":\"https:\\\/\\\/redenoticiaz.com.br\\\/litoralsp\\\/wp-content\\\/uploads\\\/sites\\\/3\\\/2023\\\/09\\\/Delegacia-1.png\",\"keywords\":[\"BERTIOGA\",\"GCM\",\"guarda municipal\",\"UBS\"],\"articleSection\":[\"Bertioga\"],\"inLanguage\":\"pt-BR\",\"potentialAction\":[{\"@type\":\"CommentAction\",\"name\":\"Comment\",\"target\":[\"https:\\\/\\\/redenoticiaz.com.br\\\/litoralsp\\\/2023\\\/09\\\/15\\\/homem-e-preso-por-furto-de-condensadora-em-ubs#respond\"]}]},{\"@type\":\"WebPage\",\"@id\":\"https:\\\/\\\/redenoticiaz.com.br\\\/litoralsp\\\/2023\\\/09\\\/15\\\/homem-e-preso-por-furto-de-condensadora-em-ubs\",\"url\":\"https:\\\/\\\/redenoticiaz.com.br\\\/litoralsp\\\/2023\\\/09\\\/15\\\/homem-e-preso-por-furto-de-condensadora-em-ubs\",\"name\":\"Homem \u00e9 preso por furto de condensadora em UBS - Litoral SP\",\"isPartOf\":{\"@id\":\"https:\\\/\\\/redenoticiaz.com.br\\\/litoralsp\\\/#website\"},\"primaryImageOfPage\":{\"@id\":\"https:\\\/\\\/redenoticiaz.com.br\\\/litoralsp\\\/2023\\\/09\\\/15\\\/homem-e-preso-por-furto-de-condensadora-em-ubs#primaryimage\"},\"image\":{\"@id\":\"https:\\\/\\\/redenoticiaz.com.br\\\/litoralsp\\\/2023\\\/09\\\/15\\\/homem-e-preso-por-furto-de-condensadora-em-ubs#primaryimage\"},\"thumbnailUrl\":\"https:\\\/\\\/redenoticiaz.com.br\\\/litoralsp\\\/wp-content\\\/uploads\\\/sites\\\/3\\\/2023\\\/09\\\/Delegacia-1.png\",\"datePublished\":\"2023-09-16T01:46:33+00:00\",\"description\":\"A Guarda Civil Municipal (GCM) de Bertioga deteve um homem em flagrante por ter furtado uma condensadora de uma Unidade B\u00e1sica de Sa\u00fade (UBS) na tarde desta sexta-feira, 15.\",\"inLanguage\":\"pt-BR\",\"potentialAction\":[{\"@type\":\"ReadAction\",\"target\":[\"https:\\\/\\\/redenoticiaz.com.br\\\/litoralsp\\\/2023\\\/09\\\/15\\\/homem-e-preso-por-furto-de-condensadora-em-ubs\"]}]},{\"@type\":\"ImageObject\",\"inLanguage\":\"pt-BR\",\"@id\":\"https:\\\/\\\/redenoticiaz.com.br\\\/litoralsp\\\/2023\\\/09\\\/15\\\/homem-e-preso-por-furto-de-condensadora-em-ubs#primaryimage\",\"url\":\"https:\\\/\\\/redenoticiaz.com.br\\\/litoralsp\\\/wp-content\\\/uploads\\\/sites\\\/3\\\/2023\\\/09\\\/Delegacia-1.png\",\"contentUrl\":\"https:\\\/\\\/redenoticiaz.com.br\\\/litoralsp\\\/wp-content\\\/uploads\\\/sites\\\/3\\\/2023\\\/09\\\/Delegacia-1.png\",\"width\":1599,\"height\":899,\"caption\":\"Homem \u00e9 preso por furto de condensadora em UBS\"},{\"@type\":\"WebSite\",\"@id\":\"https:\\\/\\\/redenoticiaz.com.br\\\/litoralsp\\\/#website\",\"url\":\"https:\\\/\\\/redenoticiaz.com.br\\\/litoralsp\\\/\",\"name\":\"Litoral SP\",\"description\":\"Rede NoticiaZ\",\"publisher\":{\"@id\":\"https:\\\/\\\/redenoticiaz.com.br\\\/litoralsp\\\/#organization\"},\"potentialAction\":[{\"@type\":\"SearchAction\",\"target\":{\"@type\":\"EntryPoint\",\"urlTemplate\":\"https:\\\/\\\/redenoticiaz.com.br\\\/litoralsp\\\/?s={search_term_string}\"},\"query-input\":{\"@type\":\"PropertyValueSpecification\",\"valueRequired\":true,\"valueName\":\"search_term_string\"}}],\"inLanguage\":\"pt-BR\"},{\"@type\":\"Organization\",\"@id\":\"https:\\\/\\\/redenoticiaz.com.br\\\/litoralsp\\\/#organization\",\"name\":\"Litoral SP\",\"url\":\"https:\\\/\\\/redenoticiaz.com.br\\\/litoralsp\\\/\",\"logo\":{\"@type\":\"ImageObject\",\"inLanguage\":\"pt-BR\",\"@id\":\"https:\\\/\\\/redenoticiaz.com.br\\\/litoralsp\\\/#\\\/schema\\\/logo\\\/image\\\/\",\"url\":\"https:\\\/\\\/redenoticiaz.com.br\\\/litoralsp\\\/wp-content\\\/uploads\\\/sites\\\/3\\\/2020\\\/11\\\/logo.jpg\",\"contentUrl\":\"https:\\\/\\\/redenoticiaz.com.br\\\/litoralsp\\\/wp-content\\\/uploads\\\/sites\\\/3\\\/2020\\\/11\\\/logo.jpg\",\"width\":400,\"height\":250,\"caption\":\"Litoral SP\"},\"image\":{\"@id\":\"https:\\\/\\\/redenoticiaz.com.br\\\/litoralsp\\\/#\\\/schema\\\/logo\\\/image\\\/\"}},{\"@type\":\"Person\",\"@id\":\"https:\\\/\\\/redenoticiaz.com.br\\\/litoralsp\\\/#\\\/schema\\\/person\\\/16057b37a3c0ee6b096d7f887c566e2e\",\"name\":\"Gustavo Silva\",\"image\":{\"@type\":\"ImageObject\",\"inLanguage\":\"pt-BR\",\"@id\":\"https:\\\/\\\/secure.gravatar.com\\\/avatar\\\/3ee4e82f93b26de0a7cf4ea5eb7893da637ed6bb0c9170c58065944c56e28a33?s=96&d=mm&r=g\",\"url\":\"https:\\\/\\\/secure.gravatar.com\\\/avatar\\\/3ee4e82f93b26de0a7cf4ea5eb7893da637ed6bb0c9170c58065944c56e28a33?s=96&d=mm&r=g\",\"contentUrl\":\"https:\\\/\\\/secure.gravatar.com\\\/avatar\\\/3ee4e82f93b26de0a7cf4ea5eb7893da637ed6bb0c9170c58065944c56e28a33?s=96&d=mm&r=g\",\"caption\":\"Gustavo Silva\"},\"url\":\"https:\\\/\\\/redenoticiaz.com.br\\\/litoralsp\\\/author\\\/gustavosilva\"}]}<\/script>\n<!-- \/ Yoast SEO plugin. -->","yoast_head_json":{"title":"Homem \u00e9 preso por furto de condensadora em UBS - Litoral SP","description":"A Guarda Civil Municipal (GCM) de Bertioga deteve um homem em flagrante por ter furtado uma condensadora de uma Unidade B\u00e1sica de Sa\u00fade (UBS) na tarde desta sexta-feira, 15.","robots":{"index":"index","follow":"follow","max-snippet":"max-snippet:-1","max-image-preview":"max-image-preview:large","max-video-preview":"max-video-preview:-1"},"canonical":"https:\/\/redenoticiaz.com.br\/litoralsp\/2023\/09\/15\/homem-e-preso-por-furto-de-condensadora-em-ubs","og_locale":"pt_BR","og_type":"article","og_title":"Homem \u00e9 preso por furto de condensadora em UBS - Litoral SP","og_description":"A Guarda Civil Municipal (GCM) de Bertioga deteve um homem em flagrante por ter furtado uma condensadora de uma Unidade B\u00e1sica de Sa\u00fade (UBS) na tarde desta sexta-feira, 15.","og_url":"https:\/\/redenoticiaz.com.br\/litoralsp\/2023\/09\/15\/homem-e-preso-por-furto-de-condensadora-em-ubs","og_site_name":"Litoral SP","article_published_time":"2023-09-16T01:46:33+00:00","og_image":[{"width":1024,"height":576,"url":"https:\/\/redenoticiaz.com.br\/litoralsp\/wp-content\/uploads\/sites\/3\/2023\/09\/Delegacia-1-1024x576.png","type":"image\/png"}],"author":"Gustavo Silva","twitter_card":"summary_large_image","twitter_misc":{"Escrito por":"Gustavo Silva","Est. tempo de leitura":"1 minuto"},"schema":{"@context":"https:\/\/schema.org","@graph":[{"@type":"Article","@id":"https:\/\/redenoticiaz.com.br\/litoralsp\/2023\/09\/15\/homem-e-preso-por-furto-de-condensadora-em-ubs#article","isPartOf":{"@id":"https:\/\/redenoticiaz.com.br\/litoralsp\/2023\/09\/15\/homem-e-preso-por-furto-de-condensadora-em-ubs"},"author":{"name":"Gustavo Silva","@id":"https:\/\/redenoticiaz.com.br\/litoralsp\/#\/schema\/person\/16057b37a3c0ee6b096d7f887c566e2e"},"headline":"Homem \u00e9 preso por furto de condensadora em UBS","datePublished":"2023-09-16T01:46:33+00:00","mainEntityOfPage":{"@id":"https:\/\/redenoticiaz.com.br\/litoralsp\/2023\/09\/15\/homem-e-preso-por-furto-de-condensadora-em-ubs"},"wordCount":161,"commentCount":0,"publisher":{"@id":"https:\/\/redenoticiaz.com.br\/litoralsp\/#organization"},"image":{"@id":"https:\/\/redenoticiaz.com.br\/litoralsp\/2023\/09\/15\/homem-e-preso-por-furto-de-condensadora-em-ubs#primaryimage"},"thumbnailUrl":"https:\/\/redenoticiaz.com.br\/litoralsp\/wp-content\/uploads\/sites\/3\/2023\/09\/Delegacia-1.png","keywords":["BERTIOGA","GCM","guarda municipal","UBS"],"articleSection":["Bertioga"],"inLanguage":"pt-BR","potentialAction":[{"@type":"CommentAction","name":"Comment","target":["https:\/\/redenoticiaz.com.br\/litoralsp\/2023\/09\/15\/homem-e-preso-por-furto-de-condensadora-em-ubs#respond"]}]},{"@type":"WebPage","@id":"https:\/\/redenoticiaz.com.br\/litoralsp\/2023\/09\/15\/homem-e-preso-por-furto-de-condensadora-em-ubs","url":"https:\/\/redenoticiaz.com.br\/litoralsp\/2023\/09\/15\/homem-e-preso-por-furto-de-condensadora-em-ubs","name":"Homem \u00e9 preso por furto de condensadora em UBS - Litoral SP","isPartOf":{"@id":"https:\/\/redenoticiaz.com.br\/litoralsp\/#website"},"primaryImageOfPage":{"@id":"https:\/\/redenoticiaz.com.br\/litoralsp\/2023\/09\/15\/homem-e-preso-por-furto-de-condensadora-em-ubs#primaryimage"},"image":{"@id":"https:\/\/redenoticiaz.com.br\/litoralsp\/2023\/09\/15\/homem-e-preso-por-furto-de-condensadora-em-ubs#primaryimage"},"thumbnailUrl":"https:\/\/redenoticiaz.com.br\/litoralsp\/wp-content\/uploads\/sites\/3\/2023\/09\/Delegacia-1.png","datePublished":"2023-09-16T01:46:33+00:00","description":"A Guarda Civil Municipal (GCM) de Bertioga deteve um homem em flagrante por ter furtado uma condensadora de uma Unidade B\u00e1sica de Sa\u00fade (UBS) na tarde desta sexta-feira, 15.","inLanguage":"pt-BR","potentialAction":[{"@type":"ReadAction","target":["https:\/\/redenoticiaz.com.br\/litoralsp\/2023\/09\/15\/homem-e-preso-por-furto-de-condensadora-em-ubs"]}]},{"@type":"ImageObject","inLanguage":"pt-BR","@id":"https:\/\/redenoticiaz.com.br\/litoralsp\/2023\/09\/15\/homem-e-preso-por-furto-de-condensadora-em-ubs#primaryimage","url":"https:\/\/redenoticiaz.com.br\/litoralsp\/wp-content\/uploads\/sites\/3\/2023\/09\/Delegacia-1.png","contentUrl":"https:\/\/redenoticiaz.com.br\/litoralsp\/wp-content\/uploads\/sites\/3\/2023\/09\/Delegacia-1.png","width":1599,"height":899,"caption":"Homem \u00e9 preso por furto de condensadora em UBS"},{"@type":"WebSite","@id":"https:\/\/redenoticiaz.com.br\/litoralsp\/#website","url":"https:\/\/redenoticiaz.com.br\/litoralsp\/","name":"Litoral SP","description":"Rede NoticiaZ","publisher":{"@id":"https:\/\/redenoticiaz.com.br\/litoralsp\/#organization"},"potentialAction":[{"@type":"SearchAction","target":{"@type":"EntryPoint","urlTemplate":"https:\/\/redenoticiaz.com.br\/litoralsp\/?s={search_term_string}"},"query-input":{"@type":"PropertyValueSpecification","valueRequired":true,"valueName":"search_term_string"}}],"inLanguage":"pt-BR"},{"@type":"Organization","@id":"https:\/\/redenoticiaz.com.br\/litoralsp\/#organization","name":"Litoral SP","url":"https:\/\/redenoticiaz.com.br\/litoralsp\/","logo":{"@type":"ImageObject","inLanguage":"pt-BR","@id":"https:\/\/redenoticiaz.com.br\/litoralsp\/#\/schema\/logo\/image\/","url":"https:\/\/redenoticiaz.com.br\/litoralsp\/wp-content\/uploads\/sites\/3\/2020\/11\/logo.jpg","contentUrl":"https:\/\/redenoticiaz.com.br\/litoralsp\/wp-content\/uploads\/sites\/3\/2020\/11\/logo.jpg","width":400,"height":250,"caption":"Litoral SP"},"image":{"@id":"https:\/\/redenoticiaz.com.br\/litoralsp\/#\/schema\/logo\/image\/"}},{"@type":"Person","@id":"https:\/\/redenoticiaz.com.br\/litoralsp\/#\/schema\/person\/16057b37a3c0ee6b096d7f887c566e2e","name":"Gustavo Silva","image":{"@type":"ImageObject","inLanguage":"pt-BR","@id":"https:\/\/secure.gravatar.com\/avatar\/3ee4e82f93b26de0a7cf4ea5eb7893da637ed6bb0c9170c58065944c56e28a33?s=96&d=mm&r=g","url":"https:\/\/secure.gravatar.com\/avatar\/3ee4e82f93b26de0a7cf4ea5eb7893da637ed6bb0c9170c58065944c56e28a33?s=96&d=mm&r=g","contentUrl":"https:\/\/secure.gravatar.com\/avatar\/3ee4e82f93b26de0a7cf4ea5eb7893da637ed6bb0c9170c58065944c56e28a33?s=96&d=mm&r=g","caption":"Gustavo Silva"},"url":"https:\/\/redenoticiaz.com.br\/litoralsp\/author\/gustavosilva"}]}},"_links":{"self":[{"href":"https:\/\/redenoticiaz.com.br\/litoralsp\/wp-json\/wp\/v2\/posts\/110645","targetHints":{"allow":["GET"]}}],"collection":[{"href":"https:\/\/redenoticiaz.com.br\/litoralsp\/wp-json\/wp\/v2\/posts"}],"about":[{"href":"https:\/\/redenoticiaz.com.br\/litoralsp\/wp-json\/wp\/v2\/types\/post"}],"author":[{"embeddable":true,"href":"https:\/\/redenoticiaz.com.br\/litoralsp\/wp-json\/wp\/v2\/users\/12"}],"replies":[{"embeddable":true,"href":"https:\/\/redenoticiaz.com.br\/litoralsp\/wp-json\/wp\/v2\/comments?post=110645"}],"version-history":[{"count":1,"href":"https:\/\/redenoticiaz.com.br\/litoralsp\/wp-json\/wp\/v2\/posts\/110645\/revisions"}],"predecessor-version":[{"id":110647,"href":"https:\/\/redenoticiaz.com.br\/litoralsp\/wp-json\/wp\/v2\/posts\/110645\/revisions\/110647"}],"wp:featuredmedia":[{"embeddable":true,"href":"https:\/\/redenoticiaz.com.br\/litoralsp\/wp-json\/wp\/v2\/media\/110646"}],"wp:attachment":[{"href":"https:\/\/redenoticiaz.com.br\/litoralsp\/wp-json\/wp\/v2\/media?parent=110645"}],"wp:term":[{"taxonomy":"category","embeddable":true,"href":"https:\/\/redenoticiaz.com.br\/litoralsp\/wp-json\/wp\/v2\/categories?post=110645"},{"taxonomy":"post_tag","embeddable":true,"href":"https:\/\/redenoticiaz.com.br\/litoralsp\/wp-json\/wp\/v2\/tags?post=110645"}],"curies":[{"name":"wp","href":"https:\/\/api.w.org\/{rel}","templated":true}]}}