{"id":110654,"date":"2023-09-17T15:00:11","date_gmt":"2023-09-17T18:00:11","guid":{"rendered":"https:\/\/redenoticiaz.com.br\/litoralsp\/?p=110654"},"modified":"2023-09-15T23:17:44","modified_gmt":"2023-09-16T02:17:44","slug":"especialistas-defendem-obrigatoriedade-de-diploma-para-jornalistas","status":"publish","type":"post","link":"https:\/\/redenoticiaz.com.br\/litoralsp\/2023\/09\/17\/especialistas-defendem-obrigatoriedade-de-diploma-para-jornalistas","title":{"rendered":"Especialistas defendem obrigatoriedade de diploma para jornalistas"},"content":{"rendered":"<p>A forma\u00e7\u00e3o adequada para o exerc\u00edcio do jornalismo profissional \u00e9 requisito b\u00e1sico para que a veicula\u00e7\u00e3o de informa\u00e7\u00f5es de qualidade ajude no combate \u00e0 desinforma\u00e7\u00e3o promovida pelas fake news.<\/p>\n<p>Nesse sentido, especialistas defendem que o Supremo Tribunal Federal (STF) reveja a decis\u00e3o, tomada em 2009, de retirar a obrigatoriedade de diploma para o exerc\u00edcio da profiss\u00e3o.<img decoding=\"async\" src=\"https:\/\/agenciabrasil.ebc.com.br\/ebc.png?id=1555690&amp;o=node\" \/><img decoding=\"async\" src=\"https:\/\/agenciabrasil.ebc.com.br\/ebc.gif?id=1555690&amp;o=node\" \/><\/p>\n<p>Essa \u00e9 uma das conclus\u00f5es do painel Jornalismo e ag\u00eancias de checagem na defesa da democracia, do semin\u00e1rio Combate \u00e0 Desinforma\u00e7\u00e3o e Defesa da Democracia, promovido pelo STF em parceria com universidades p\u00fablicas.<\/p>\n<p>Coordenador de Rela\u00e7\u00f5es Institucionais da Rede Nacional de Combate \u00e0 Desinforma\u00e7\u00e3o (RNCD), Marcos Urup\u00e1 defende que o diploma \u00e9 um elemento-chave para a adequada forma\u00e7\u00e3o do profissional jornalista. \u201cA meu ver, a quest\u00e3o do diploma \u00e9 uma das virtudes da comunica\u00e7\u00e3o\u201d, disse.<\/p>\n<blockquote><p>\u201cQuando voc\u00ea coloca essa quest\u00e3o de valoriza\u00e7\u00e3o, o diploma \u00e9 uma dessas valoriza\u00e7\u00f5es. Estamos falando de profissionais, de uma categoria profissional hist\u00f3rica que tem uma rela\u00e7\u00e3o direta com a condi\u00e7\u00e3o da democracia desse pa\u00eds; que estiveram na vanguarda da luta pela democracia. Os jornalistas foram perseguidos, assim como professores universit\u00e1rios e servidores p\u00fablicos na \u00e9poca da ditadura\u201d, disse Urup\u00e1.<\/p><\/blockquote>\n<p>Leia mais<\/p>\n<p><a href=\"https:\/\/redenoticiaz.com.br\/blog\/2023\/06\/20\/diplomata-da-republica-tcheca-faz-visita-a-batatuba-sao-paulo\">Diplomata da Rep\u00fablica Tcheca faz visita \u00e0 Batatuba, S\u00e3o Paulo<\/a><\/p>\n<p><a href=\"https:\/\/redenoticiaz.com.br\/blog\/2023\/09\/15\/golpe-do-morango-vitima-tem-prejuizo-de-r-12-mil\">Golpe do morango: v\u00edtima tem preju\u00edzo de R$ 12 mil<\/a><\/p>\n","protected":false},"excerpt":{"rendered":"<p>A forma\u00e7\u00e3o adequada para o exerc\u00edcio do jornalismo profissional \u00e9 requisito b\u00e1sico para que a veicula\u00e7\u00e3o de informa\u00e7\u00f5es de qualidade ajude no combate \u00e0 desinforma\u00e7\u00e3o promovida pelas fake news. Nesse sentido, especialistas defendem que o Supremo Tribunal Federal (STF) reveja a decis\u00e3o, tomada em 2009, de retirar a obrigatoriedade de diploma para o exerc\u00edcio da &hellip;<\/p>\n","protected":false},"author":12,"featured_media":6849,"comment_status":"open","ping_status":"closed","sticky":false,"template":"","format":"standard","meta":{"footnotes":""},"categories":[44,4,22],"tags":[67162,15886,18807],"class_list":["post-110654","post","type-post","status-publish","format-standard","has-post-thumbnail","hentry","category-educacao","category-geral","category-justica","tag-diploma","tag-fake-news","tag-jornalistas"],"yoast_head":"<!-- This site is optimized with the Yoast SEO plugin v27.4 - https:\/\/yoast.com\/product\/yoast-seo-wordpress\/ -->\n<title>Especialistas defendem obrigatoriedade de diploma para jornalistas - Litoral SP<\/title>\n<meta name=\"description\" content=\"A forma\u00e7\u00e3o adequada para o exerc\u00edcio do jornalismo profissional \u00e9 requisito b\u00e1sico para que a veicula\u00e7\u00e3o de informa\u00e7\u00f5es de qualidade ajude no combate \u00e0 desinforma\u00e7\u00e3o promovida pelas fake news.\" \/>\n<meta name=\"robots\" content=\"index, follow, max-snippet:-1, max-image-preview:large, max-video-preview:-1\" \/>\n<link rel=\"canonical\" href=\"https:\/\/redenoticiaz.com.br\/litoralsp\/2023\/09\/17\/especialistas-defendem-obrigatoriedade-de-diploma-para-jornalistas\" \/>\n<meta property=\"og:locale\" content=\"pt_BR\" \/>\n<meta property=\"og:type\" content=\"article\" \/>\n<meta property=\"og:title\" content=\"Especialistas defendem obrigatoriedade de diploma para jornalistas - Litoral SP\" \/>\n<meta property=\"og:description\" content=\"A forma\u00e7\u00e3o adequada para o exerc\u00edcio do jornalismo profissional \u00e9 requisito b\u00e1sico para que a veicula\u00e7\u00e3o de informa\u00e7\u00f5es de qualidade ajude no combate \u00e0 desinforma\u00e7\u00e3o promovida pelas fake news.\" \/>\n<meta property=\"og:url\" content=\"https:\/\/redenoticiaz.com.br\/litoralsp\/2023\/09\/17\/especialistas-defendem-obrigatoriedade-de-diploma-para-jornalistas\" \/>\n<meta property=\"og:site_name\" content=\"Litoral SP\" \/>\n<meta property=\"article:published_time\" content=\"2023-09-17T18:00:11+00:00\" \/>\n<meta property=\"og:image\" content=\"https:\/\/redenoticiaz.com.br\/litoralsp\/wp-content\/uploads\/sites\/3\/2021\/04\/jornalista.jpg\" \/>\n\t<meta property=\"og:image:width\" content=\"780\" \/>\n\t<meta property=\"og:image:height\" content=\"520\" \/>\n\t<meta property=\"og:image:type\" content=\"image\/jpeg\" \/>\n<meta name=\"author\" content=\"Gustavo Silva\" \/>\n<meta name=\"twitter:card\" content=\"summary_large_image\" \/>\n<meta name=\"twitter:label1\" content=\"Escrito por\" \/>\n\t<meta name=\"twitter:data1\" content=\"Gustavo Silva\" \/>\n\t<meta name=\"twitter:label2\" content=\"Est. tempo de leitura\" \/>\n\t<meta name=\"twitter:data2\" content=\"2 minutos\" \/>\n<script type=\"application\/ld+json\" class=\"yoast-schema-graph\">{\"@context\":\"https:\\\/\\\/schema.org\",\"@graph\":[{\"@type\":\"Article\",\"@id\":\"https:\\\/\\\/redenoticiaz.com.br\\\/litoralsp\\\/2023\\\/09\\\/17\\\/especialistas-defendem-obrigatoriedade-de-diploma-para-jornalistas#article\",\"isPartOf\":{\"@id\":\"https:\\\/\\\/redenoticiaz.com.br\\\/litoralsp\\\/2023\\\/09\\\/17\\\/especialistas-defendem-obrigatoriedade-de-diploma-para-jornalistas\"},\"author\":{\"name\":\"Gustavo Silva\",\"@id\":\"https:\\\/\\\/redenoticiaz.com.br\\\/litoralsp\\\/#\\\/schema\\\/person\\\/16057b37a3c0ee6b096d7f887c566e2e\"},\"headline\":\"Especialistas defendem obrigatoriedade de diploma para jornalistas\",\"datePublished\":\"2023-09-17T18:00:11+00:00\",\"mainEntityOfPage\":{\"@id\":\"https:\\\/\\\/redenoticiaz.com.br\\\/litoralsp\\\/2023\\\/09\\\/17\\\/especialistas-defendem-obrigatoriedade-de-diploma-para-jornalistas\"},\"wordCount\":240,\"commentCount\":0,\"publisher\":{\"@id\":\"https:\\\/\\\/redenoticiaz.com.br\\\/litoralsp\\\/#organization\"},\"image\":{\"@id\":\"https:\\\/\\\/redenoticiaz.com.br\\\/litoralsp\\\/2023\\\/09\\\/17\\\/especialistas-defendem-obrigatoriedade-de-diploma-para-jornalistas#primaryimage\"},\"thumbnailUrl\":\"https:\\\/\\\/redenoticiaz.com.br\\\/litoralsp\\\/wp-content\\\/uploads\\\/sites\\\/3\\\/2021\\\/04\\\/jornalista.jpg\",\"keywords\":[\"diploma\",\"FAKE NEWS\",\"JORNALISTAS\"],\"articleSection\":[\"Educa\u00e7\u00e3o\",\"Geral\",\"Justi\u00e7a\"],\"inLanguage\":\"pt-BR\",\"potentialAction\":[{\"@type\":\"CommentAction\",\"name\":\"Comment\",\"target\":[\"https:\\\/\\\/redenoticiaz.com.br\\\/litoralsp\\\/2023\\\/09\\\/17\\\/especialistas-defendem-obrigatoriedade-de-diploma-para-jornalistas#respond\"]}]},{\"@type\":\"WebPage\",\"@id\":\"https:\\\/\\\/redenoticiaz.com.br\\\/litoralsp\\\/2023\\\/09\\\/17\\\/especialistas-defendem-obrigatoriedade-de-diploma-para-jornalistas\",\"url\":\"https:\\\/\\\/redenoticiaz.com.br\\\/litoralsp\\\/2023\\\/09\\\/17\\\/especialistas-defendem-obrigatoriedade-de-diploma-para-jornalistas\",\"name\":\"Especialistas defendem obrigatoriedade de diploma para jornalistas - Litoral SP\",\"isPartOf\":{\"@id\":\"https:\\\/\\\/redenoticiaz.com.br\\\/litoralsp\\\/#website\"},\"primaryImageOfPage\":{\"@id\":\"https:\\\/\\\/redenoticiaz.com.br\\\/litoralsp\\\/2023\\\/09\\\/17\\\/especialistas-defendem-obrigatoriedade-de-diploma-para-jornalistas#primaryimage\"},\"image\":{\"@id\":\"https:\\\/\\\/redenoticiaz.com.br\\\/litoralsp\\\/2023\\\/09\\\/17\\\/especialistas-defendem-obrigatoriedade-de-diploma-para-jornalistas#primaryimage\"},\"thumbnailUrl\":\"https:\\\/\\\/redenoticiaz.com.br\\\/litoralsp\\\/wp-content\\\/uploads\\\/sites\\\/3\\\/2021\\\/04\\\/jornalista.jpg\",\"datePublished\":\"2023-09-17T18:00:11+00:00\",\"description\":\"A forma\u00e7\u00e3o adequada para o exerc\u00edcio do jornalismo profissional \u00e9 requisito b\u00e1sico para que a veicula\u00e7\u00e3o de informa\u00e7\u00f5es de qualidade ajude no combate \u00e0 desinforma\u00e7\u00e3o promovida pelas fake news.\",\"inLanguage\":\"pt-BR\",\"potentialAction\":[{\"@type\":\"ReadAction\",\"target\":[\"https:\\\/\\\/redenoticiaz.com.br\\\/litoralsp\\\/2023\\\/09\\\/17\\\/especialistas-defendem-obrigatoriedade-de-diploma-para-jornalistas\"]}]},{\"@type\":\"ImageObject\",\"inLanguage\":\"pt-BR\",\"@id\":\"https:\\\/\\\/redenoticiaz.com.br\\\/litoralsp\\\/2023\\\/09\\\/17\\\/especialistas-defendem-obrigatoriedade-de-diploma-para-jornalistas#primaryimage\",\"url\":\"https:\\\/\\\/redenoticiaz.com.br\\\/litoralsp\\\/wp-content\\\/uploads\\\/sites\\\/3\\\/2021\\\/04\\\/jornalista.jpg\",\"contentUrl\":\"https:\\\/\\\/redenoticiaz.com.br\\\/litoralsp\\\/wp-content\\\/uploads\\\/sites\\\/3\\\/2021\\\/04\\\/jornalista.jpg\",\"width\":780,\"height\":520,\"caption\":\"Cr\u00e9ditos: Reprodu\u00e7\u00e3o.\"},{\"@type\":\"WebSite\",\"@id\":\"https:\\\/\\\/redenoticiaz.com.br\\\/litoralsp\\\/#website\",\"url\":\"https:\\\/\\\/redenoticiaz.com.br\\\/litoralsp\\\/\",\"name\":\"Litoral SP\",\"description\":\"Rede NoticiaZ\",\"publisher\":{\"@id\":\"https:\\\/\\\/redenoticiaz.com.br\\\/litoralsp\\\/#organization\"},\"potentialAction\":[{\"@type\":\"SearchAction\",\"target\":{\"@type\":\"EntryPoint\",\"urlTemplate\":\"https:\\\/\\\/redenoticiaz.com.br\\\/litoralsp\\\/?s={search_term_string}\"},\"query-input\":{\"@type\":\"PropertyValueSpecification\",\"valueRequired\":true,\"valueName\":\"search_term_string\"}}],\"inLanguage\":\"pt-BR\"},{\"@type\":\"Organization\",\"@id\":\"https:\\\/\\\/redenoticiaz.com.br\\\/litoralsp\\\/#organization\",\"name\":\"Litoral SP\",\"url\":\"https:\\\/\\\/redenoticiaz.com.br\\\/litoralsp\\\/\",\"logo\":{\"@type\":\"ImageObject\",\"inLanguage\":\"pt-BR\",\"@id\":\"https:\\\/\\\/redenoticiaz.com.br\\\/litoralsp\\\/#\\\/schema\\\/logo\\\/image\\\/\",\"url\":\"https:\\\/\\\/redenoticiaz.com.br\\\/litoralsp\\\/wp-content\\\/uploads\\\/sites\\\/3\\\/2020\\\/11\\\/logo.jpg\",\"contentUrl\":\"https:\\\/\\\/redenoticiaz.com.br\\\/litoralsp\\\/wp-content\\\/uploads\\\/sites\\\/3\\\/2020\\\/11\\\/logo.jpg\",\"width\":400,\"height\":250,\"caption\":\"Litoral SP\"},\"image\":{\"@id\":\"https:\\\/\\\/redenoticiaz.com.br\\\/litoralsp\\\/#\\\/schema\\\/logo\\\/image\\\/\"}},{\"@type\":\"Person\",\"@id\":\"https:\\\/\\\/redenoticiaz.com.br\\\/litoralsp\\\/#\\\/schema\\\/person\\\/16057b37a3c0ee6b096d7f887c566e2e\",\"name\":\"Gustavo Silva\",\"image\":{\"@type\":\"ImageObject\",\"inLanguage\":\"pt-BR\",\"@id\":\"https:\\\/\\\/secure.gravatar.com\\\/avatar\\\/3ee4e82f93b26de0a7cf4ea5eb7893da637ed6bb0c9170c58065944c56e28a33?s=96&d=mm&r=g\",\"url\":\"https:\\\/\\\/secure.gravatar.com\\\/avatar\\\/3ee4e82f93b26de0a7cf4ea5eb7893da637ed6bb0c9170c58065944c56e28a33?s=96&d=mm&r=g\",\"contentUrl\":\"https:\\\/\\\/secure.gravatar.com\\\/avatar\\\/3ee4e82f93b26de0a7cf4ea5eb7893da637ed6bb0c9170c58065944c56e28a33?s=96&d=mm&r=g\",\"caption\":\"Gustavo Silva\"},\"url\":\"https:\\\/\\\/redenoticiaz.com.br\\\/litoralsp\\\/author\\\/gustavosilva\"}]}<\/script>\n<!-- \/ Yoast SEO plugin. -->","yoast_head_json":{"title":"Especialistas defendem obrigatoriedade de diploma para jornalistas - Litoral SP","description":"A forma\u00e7\u00e3o adequada para o exerc\u00edcio do jornalismo profissional \u00e9 requisito b\u00e1sico para que a veicula\u00e7\u00e3o de informa\u00e7\u00f5es de qualidade ajude no combate \u00e0 desinforma\u00e7\u00e3o promovida pelas fake news.","robots":{"index":"index","follow":"follow","max-snippet":"max-snippet:-1","max-image-preview":"max-image-preview:large","max-video-preview":"max-video-preview:-1"},"canonical":"https:\/\/redenoticiaz.com.br\/litoralsp\/2023\/09\/17\/especialistas-defendem-obrigatoriedade-de-diploma-para-jornalistas","og_locale":"pt_BR","og_type":"article","og_title":"Especialistas defendem obrigatoriedade de diploma para jornalistas - Litoral SP","og_description":"A forma\u00e7\u00e3o adequada para o exerc\u00edcio do jornalismo profissional \u00e9 requisito b\u00e1sico para que a veicula\u00e7\u00e3o de informa\u00e7\u00f5es de qualidade ajude no combate \u00e0 desinforma\u00e7\u00e3o promovida pelas fake news.","og_url":"https:\/\/redenoticiaz.com.br\/litoralsp\/2023\/09\/17\/especialistas-defendem-obrigatoriedade-de-diploma-para-jornalistas","og_site_name":"Litoral SP","article_published_time":"2023-09-17T18:00:11+00:00","og_image":[{"width":780,"height":520,"url":"https:\/\/redenoticiaz.com.br\/litoralsp\/wp-content\/uploads\/sites\/3\/2021\/04\/jornalista.jpg","type":"image\/jpeg"}],"author":"Gustavo Silva","twitter_card":"summary_large_image","twitter_misc":{"Escrito por":"Gustavo Silva","Est. tempo de leitura":"2 minutos"},"schema":{"@context":"https:\/\/schema.org","@graph":[{"@type":"Article","@id":"https:\/\/redenoticiaz.com.br\/litoralsp\/2023\/09\/17\/especialistas-defendem-obrigatoriedade-de-diploma-para-jornalistas#article","isPartOf":{"@id":"https:\/\/redenoticiaz.com.br\/litoralsp\/2023\/09\/17\/especialistas-defendem-obrigatoriedade-de-diploma-para-jornalistas"},"author":{"name":"Gustavo Silva","@id":"https:\/\/redenoticiaz.com.br\/litoralsp\/#\/schema\/person\/16057b37a3c0ee6b096d7f887c566e2e"},"headline":"Especialistas defendem obrigatoriedade de diploma para jornalistas","datePublished":"2023-09-17T18:00:11+00:00","mainEntityOfPage":{"@id":"https:\/\/redenoticiaz.com.br\/litoralsp\/2023\/09\/17\/especialistas-defendem-obrigatoriedade-de-diploma-para-jornalistas"},"wordCount":240,"commentCount":0,"publisher":{"@id":"https:\/\/redenoticiaz.com.br\/litoralsp\/#organization"},"image":{"@id":"https:\/\/redenoticiaz.com.br\/litoralsp\/2023\/09\/17\/especialistas-defendem-obrigatoriedade-de-diploma-para-jornalistas#primaryimage"},"thumbnailUrl":"https:\/\/redenoticiaz.com.br\/litoralsp\/wp-content\/uploads\/sites\/3\/2021\/04\/jornalista.jpg","keywords":["diploma","FAKE NEWS","JORNALISTAS"],"articleSection":["Educa\u00e7\u00e3o","Geral","Justi\u00e7a"],"inLanguage":"pt-BR","potentialAction":[{"@type":"CommentAction","name":"Comment","target":["https:\/\/redenoticiaz.com.br\/litoralsp\/2023\/09\/17\/especialistas-defendem-obrigatoriedade-de-diploma-para-jornalistas#respond"]}]},{"@type":"WebPage","@id":"https:\/\/redenoticiaz.com.br\/litoralsp\/2023\/09\/17\/especialistas-defendem-obrigatoriedade-de-diploma-para-jornalistas","url":"https:\/\/redenoticiaz.com.br\/litoralsp\/2023\/09\/17\/especialistas-defendem-obrigatoriedade-de-diploma-para-jornalistas","name":"Especialistas defendem obrigatoriedade de diploma para jornalistas - Litoral SP","isPartOf":{"@id":"https:\/\/redenoticiaz.com.br\/litoralsp\/#website"},"primaryImageOfPage":{"@id":"https:\/\/redenoticiaz.com.br\/litoralsp\/2023\/09\/17\/especialistas-defendem-obrigatoriedade-de-diploma-para-jornalistas#primaryimage"},"image":{"@id":"https:\/\/redenoticiaz.com.br\/litoralsp\/2023\/09\/17\/especialistas-defendem-obrigatoriedade-de-diploma-para-jornalistas#primaryimage"},"thumbnailUrl":"https:\/\/redenoticiaz.com.br\/litoralsp\/wp-content\/uploads\/sites\/3\/2021\/04\/jornalista.jpg","datePublished":"2023-09-17T18:00:11+00:00","description":"A forma\u00e7\u00e3o adequada para o exerc\u00edcio do jornalismo profissional \u00e9 requisito b\u00e1sico para que a veicula\u00e7\u00e3o de informa\u00e7\u00f5es de qualidade ajude no combate \u00e0 desinforma\u00e7\u00e3o promovida pelas fake news.","inLanguage":"pt-BR","potentialAction":[{"@type":"ReadAction","target":["https:\/\/redenoticiaz.com.br\/litoralsp\/2023\/09\/17\/especialistas-defendem-obrigatoriedade-de-diploma-para-jornalistas"]}]},{"@type":"ImageObject","inLanguage":"pt-BR","@id":"https:\/\/redenoticiaz.com.br\/litoralsp\/2023\/09\/17\/especialistas-defendem-obrigatoriedade-de-diploma-para-jornalistas#primaryimage","url":"https:\/\/redenoticiaz.com.br\/litoralsp\/wp-content\/uploads\/sites\/3\/2021\/04\/jornalista.jpg","contentUrl":"https:\/\/redenoticiaz.com.br\/litoralsp\/wp-content\/uploads\/sites\/3\/2021\/04\/jornalista.jpg","width":780,"height":520,"caption":"Cr\u00e9ditos: Reprodu\u00e7\u00e3o."},{"@type":"WebSite","@id":"https:\/\/redenoticiaz.com.br\/litoralsp\/#website","url":"https:\/\/redenoticiaz.com.br\/litoralsp\/","name":"Litoral SP","description":"Rede NoticiaZ","publisher":{"@id":"https:\/\/redenoticiaz.com.br\/litoralsp\/#organization"},"potentialAction":[{"@type":"SearchAction","target":{"@type":"EntryPoint","urlTemplate":"https:\/\/redenoticiaz.com.br\/litoralsp\/?s={search_term_string}"},"query-input":{"@type":"PropertyValueSpecification","valueRequired":true,"valueName":"search_term_string"}}],"inLanguage":"pt-BR"},{"@type":"Organization","@id":"https:\/\/redenoticiaz.com.br\/litoralsp\/#organization","name":"Litoral SP","url":"https:\/\/redenoticiaz.com.br\/litoralsp\/","logo":{"@type":"ImageObject","inLanguage":"pt-BR","@id":"https:\/\/redenoticiaz.com.br\/litoralsp\/#\/schema\/logo\/image\/","url":"https:\/\/redenoticiaz.com.br\/litoralsp\/wp-content\/uploads\/sites\/3\/2020\/11\/logo.jpg","contentUrl":"https:\/\/redenoticiaz.com.br\/litoralsp\/wp-content\/uploads\/sites\/3\/2020\/11\/logo.jpg","width":400,"height":250,"caption":"Litoral SP"},"image":{"@id":"https:\/\/redenoticiaz.com.br\/litoralsp\/#\/schema\/logo\/image\/"}},{"@type":"Person","@id":"https:\/\/redenoticiaz.com.br\/litoralsp\/#\/schema\/person\/16057b37a3c0ee6b096d7f887c566e2e","name":"Gustavo Silva","image":{"@type":"ImageObject","inLanguage":"pt-BR","@id":"https:\/\/secure.gravatar.com\/avatar\/3ee4e82f93b26de0a7cf4ea5eb7893da637ed6bb0c9170c58065944c56e28a33?s=96&d=mm&r=g","url":"https:\/\/secure.gravatar.com\/avatar\/3ee4e82f93b26de0a7cf4ea5eb7893da637ed6bb0c9170c58065944c56e28a33?s=96&d=mm&r=g","contentUrl":"https:\/\/secure.gravatar.com\/avatar\/3ee4e82f93b26de0a7cf4ea5eb7893da637ed6bb0c9170c58065944c56e28a33?s=96&d=mm&r=g","caption":"Gustavo Silva"},"url":"https:\/\/redenoticiaz.com.br\/litoralsp\/author\/gustavosilva"}]}},"_links":{"self":[{"href":"https:\/\/redenoticiaz.com.br\/litoralsp\/wp-json\/wp\/v2\/posts\/110654","targetHints":{"allow":["GET"]}}],"collection":[{"href":"https:\/\/redenoticiaz.com.br\/litoralsp\/wp-json\/wp\/v2\/posts"}],"about":[{"href":"https:\/\/redenoticiaz.com.br\/litoralsp\/wp-json\/wp\/v2\/types\/post"}],"author":[{"embeddable":true,"href":"https:\/\/redenoticiaz.com.br\/litoralsp\/wp-json\/wp\/v2\/users\/12"}],"replies":[{"embeddable":true,"href":"https:\/\/redenoticiaz.com.br\/litoralsp\/wp-json\/wp\/v2\/comments?post=110654"}],"version-history":[{"count":0,"href":"https:\/\/redenoticiaz.com.br\/litoralsp\/wp-json\/wp\/v2\/posts\/110654\/revisions"}],"wp:featuredmedia":[{"embeddable":true,"href":"https:\/\/redenoticiaz.com.br\/litoralsp\/wp-json\/wp\/v2\/media\/6849"}],"wp:attachment":[{"href":"https:\/\/redenoticiaz.com.br\/litoralsp\/wp-json\/wp\/v2\/media?parent=110654"}],"wp:term":[{"taxonomy":"category","embeddable":true,"href":"https:\/\/redenoticiaz.com.br\/litoralsp\/wp-json\/wp\/v2\/categories?post=110654"},{"taxonomy":"post_tag","embeddable":true,"href":"https:\/\/redenoticiaz.com.br\/litoralsp\/wp-json\/wp\/v2\/tags?post=110654"}],"curies":[{"name":"wp","href":"https:\/\/api.w.org\/{rel}","templated":true}]}}