{"id":110701,"date":"2023-09-18T16:54:36","date_gmt":"2023-09-18T19:54:36","guid":{"rendered":"https:\/\/redenoticiaz.com.br\/litoralsp\/?p=110701"},"modified":"2023-09-18T16:54:36","modified_gmt":"2023-09-18T19:54:36","slug":"cidade-de-santos-amplia-quantidade-de-cameras-nas-vias","status":"publish","type":"post","link":"https:\/\/redenoticiaz.com.br\/litoralsp\/2023\/09\/18\/cidade-de-santos-amplia-quantidade-de-cameras-nas-vias","title":{"rendered":"Cidade de Santos amplia quantidade de c\u00e2meras nas vias"},"content":{"rendered":"<p>O Centro de Controle Operacional (CCO) da Prefeitura de Santos est\u00e1 disponibilizando \u00e0 popula\u00e7\u00e3o as imagens em tempo real (24h) de mais 15 c\u00e2meras instaladas em vias p\u00fablicas da Cidade.<\/p>\n<p>De acordo com as informa\u00e7\u00f5es, para acess\u00e1-las, basta ingressar no link <a href=\"http:\/\/www.santos.sp.gov.br\/santosaovivo\" target=\"_blank\" rel=\"noopener\">www.santos.sp.gov.br\/santosaovivo<\/a>.<\/p>\n<p>Ainda de acordo com as informa\u00e7\u00f5es, lan\u00e7ado h\u00e1 dois anos, o Santos Ao Vivo conta agora com 64 pontos dispon\u00edveis aos mun\u00edcipes e visitantes, que podem verificar antes de sair de casa, ou at\u00e9 mesmo no trajeto para algum compromisso ou passeio, as condi\u00e7\u00f5es das ruas e avenidas de grande movimenta\u00e7\u00e3o.<\/p>\n<p>Sendo assim, a\u00a0consulta pode ser feita tanto por computadores quanto por dispositivos m\u00f3veis, como celulares, notebooks e tablets, com acesso \u00e0 internet.<\/p>\n<p><strong>Leia mais<\/strong><\/p>\n<p><a href=\"https:\/\/redenoticiaz.com.br\/litoralsp\/2023\/09\/17\/jovem-acusado-de-degolar-mae-em-santos-e-morto-apos-confronto-com-a-pm\">Jovem acusado de degolar m\u00e3e em Santos \u00e9 morto ap\u00f3s confronto com a PM<\/a><\/p>\n<p><a href=\"https:\/\/redenoticiaz.com.br\/litoralsp\/2023\/09\/15\/santos-tera-orcamento-de-r-48-bilhoes-em-2024\">Santos ter\u00e1 Or\u00e7amento de R$ 4,8 bilh\u00f5es em 2024<\/a><\/p>\n<p><a href=\"https:\/\/redenoticiaz.com.br\/litoralsp\/2023\/09\/15\/guarda-municipal-de-santos-prende-homem-por-furto-no-cemiterio-do-saboo\">Guarda Municipal de Santos prende homem por furto no cemit\u00e9rio do Sabo\u00f3<\/a><\/p>\n","protected":false},"excerpt":{"rendered":"<p>O Centro de Controle Operacional (CCO) da Prefeitura de Santos est\u00e1 disponibilizando \u00e0 popula\u00e7\u00e3o as imagens em tempo real (24h) de mais 15 c\u00e2meras instaladas em vias p\u00fablicas da Cidade. De acordo com as informa\u00e7\u00f5es, para acess\u00e1-las, basta ingressar no link www.santos.sp.gov.br\/santosaovivo. Ainda de acordo com as informa\u00e7\u00f5es, lan\u00e7ado h\u00e1 dois anos, o Santos Ao &hellip;<\/p>\n","protected":false},"author":12,"featured_media":110702,"comment_status":"open","ping_status":"closed","sticky":false,"template":"","format":"standard","meta":{"footnotes":""},"categories":[180],"tags":[13600,986],"class_list":["post-110701","post","type-post","status-publish","format-standard","has-post-thumbnail","hentry","category-santos","tag-cameras","tag-santos"],"yoast_head":"<!-- This site is optimized with the Yoast SEO plugin v27.5 - https:\/\/yoast.com\/product\/yoast-seo-wordpress\/ -->\n<title>Cidade de Santos amplia quantidade de c\u00e2meras nas vias - Litoral SP<\/title>\n<meta name=\"description\" content=\"O Centro de Controle Operacional (CCO) da Prefeitura de Santos est\u00e1 disponibilizando \u00e0 popula\u00e7\u00e3o as imagens em tempo real (24h) de mais 15 c\u00e2meras instaladas em vias p\u00fablicas da Cidade.\" \/>\n<meta name=\"robots\" content=\"index, follow, max-snippet:-1, max-image-preview:large, max-video-preview:-1\" \/>\n<link rel=\"canonical\" href=\"https:\/\/redenoticiaz.com.br\/litoralsp\/2023\/09\/18\/cidade-de-santos-amplia-quantidade-de-cameras-nas-vias\" \/>\n<meta property=\"og:locale\" content=\"pt_BR\" \/>\n<meta property=\"og:type\" content=\"article\" \/>\n<meta property=\"og:title\" content=\"Cidade de Santos amplia quantidade de c\u00e2meras nas vias - Litoral SP\" \/>\n<meta property=\"og:description\" content=\"O Centro de Controle Operacional (CCO) da Prefeitura de Santos est\u00e1 disponibilizando \u00e0 popula\u00e7\u00e3o as imagens em tempo real (24h) de mais 15 c\u00e2meras instaladas em vias p\u00fablicas da Cidade.\" \/>\n<meta property=\"og:url\" content=\"https:\/\/redenoticiaz.com.br\/litoralsp\/2023\/09\/18\/cidade-de-santos-amplia-quantidade-de-cameras-nas-vias\" \/>\n<meta property=\"og:site_name\" content=\"Litoral SP\" \/>\n<meta property=\"article:published_time\" content=\"2023-09-18T19:54:36+00:00\" \/>\n<meta property=\"og:image\" content=\"https:\/\/redenoticiaz.com.br\/litoralsp\/wp-content\/uploads\/sites\/3\/2023\/09\/camera_josemenino.jpg\" \/>\n\t<meta property=\"og:image:width\" content=\"1400\" \/>\n\t<meta property=\"og:image:height\" content=\"986\" \/>\n\t<meta property=\"og:image:type\" content=\"image\/jpeg\" \/>\n<meta name=\"author\" content=\"Gustavo Silva\" \/>\n<meta name=\"twitter:card\" content=\"summary_large_image\" \/>\n<meta name=\"twitter:label1\" content=\"Escrito por\" \/>\n\t<meta name=\"twitter:data1\" content=\"Gustavo Silva\" \/>\n\t<meta name=\"twitter:label2\" content=\"Est. tempo de leitura\" \/>\n\t<meta name=\"twitter:data2\" content=\"1 minuto\" \/>\n<script type=\"application\/ld+json\" class=\"yoast-schema-graph\">{\"@context\":\"https:\\\/\\\/schema.org\",\"@graph\":[{\"@type\":\"Article\",\"@id\":\"https:\\\/\\\/redenoticiaz.com.br\\\/litoralsp\\\/2023\\\/09\\\/18\\\/cidade-de-santos-amplia-quantidade-de-cameras-nas-vias#article\",\"isPartOf\":{\"@id\":\"https:\\\/\\\/redenoticiaz.com.br\\\/litoralsp\\\/2023\\\/09\\\/18\\\/cidade-de-santos-amplia-quantidade-de-cameras-nas-vias\"},\"author\":{\"name\":\"Gustavo Silva\",\"@id\":\"https:\\\/\\\/redenoticiaz.com.br\\\/litoralsp\\\/#\\\/schema\\\/person\\\/16057b37a3c0ee6b096d7f887c566e2e\"},\"headline\":\"Cidade de Santos amplia quantidade de c\u00e2meras nas vias\",\"datePublished\":\"2023-09-18T19:54:36+00:00\",\"mainEntityOfPage\":{\"@id\":\"https:\\\/\\\/redenoticiaz.com.br\\\/litoralsp\\\/2023\\\/09\\\/18\\\/cidade-de-santos-amplia-quantidade-de-cameras-nas-vias\"},\"wordCount\":178,\"commentCount\":0,\"publisher\":{\"@id\":\"https:\\\/\\\/redenoticiaz.com.br\\\/litoralsp\\\/#organization\"},\"image\":{\"@id\":\"https:\\\/\\\/redenoticiaz.com.br\\\/litoralsp\\\/2023\\\/09\\\/18\\\/cidade-de-santos-amplia-quantidade-de-cameras-nas-vias#primaryimage\"},\"thumbnailUrl\":\"https:\\\/\\\/redenoticiaz.com.br\\\/litoralsp\\\/wp-content\\\/uploads\\\/sites\\\/3\\\/2023\\\/09\\\/camera_josemenino.jpg\",\"keywords\":[\"C\u00c2MERAS\",\"Santos\"],\"articleSection\":[\"Santos\"],\"inLanguage\":\"pt-BR\",\"potentialAction\":[{\"@type\":\"CommentAction\",\"name\":\"Comment\",\"target\":[\"https:\\\/\\\/redenoticiaz.com.br\\\/litoralsp\\\/2023\\\/09\\\/18\\\/cidade-de-santos-amplia-quantidade-de-cameras-nas-vias#respond\"]}]},{\"@type\":\"WebPage\",\"@id\":\"https:\\\/\\\/redenoticiaz.com.br\\\/litoralsp\\\/2023\\\/09\\\/18\\\/cidade-de-santos-amplia-quantidade-de-cameras-nas-vias\",\"url\":\"https:\\\/\\\/redenoticiaz.com.br\\\/litoralsp\\\/2023\\\/09\\\/18\\\/cidade-de-santos-amplia-quantidade-de-cameras-nas-vias\",\"name\":\"Cidade de Santos amplia quantidade de c\u00e2meras nas vias - Litoral SP\",\"isPartOf\":{\"@id\":\"https:\\\/\\\/redenoticiaz.com.br\\\/litoralsp\\\/#website\"},\"primaryImageOfPage\":{\"@id\":\"https:\\\/\\\/redenoticiaz.com.br\\\/litoralsp\\\/2023\\\/09\\\/18\\\/cidade-de-santos-amplia-quantidade-de-cameras-nas-vias#primaryimage\"},\"image\":{\"@id\":\"https:\\\/\\\/redenoticiaz.com.br\\\/litoralsp\\\/2023\\\/09\\\/18\\\/cidade-de-santos-amplia-quantidade-de-cameras-nas-vias#primaryimage\"},\"thumbnailUrl\":\"https:\\\/\\\/redenoticiaz.com.br\\\/litoralsp\\\/wp-content\\\/uploads\\\/sites\\\/3\\\/2023\\\/09\\\/camera_josemenino.jpg\",\"datePublished\":\"2023-09-18T19:54:36+00:00\",\"description\":\"O Centro de Controle Operacional (CCO) da Prefeitura de Santos est\u00e1 disponibilizando \u00e0 popula\u00e7\u00e3o as imagens em tempo real (24h) de mais 15 c\u00e2meras instaladas em vias p\u00fablicas da Cidade.\",\"inLanguage\":\"pt-BR\",\"potentialAction\":[{\"@type\":\"ReadAction\",\"target\":[\"https:\\\/\\\/redenoticiaz.com.br\\\/litoralsp\\\/2023\\\/09\\\/18\\\/cidade-de-santos-amplia-quantidade-de-cameras-nas-vias\"]}]},{\"@type\":\"ImageObject\",\"inLanguage\":\"pt-BR\",\"@id\":\"https:\\\/\\\/redenoticiaz.com.br\\\/litoralsp\\\/2023\\\/09\\\/18\\\/cidade-de-santos-amplia-quantidade-de-cameras-nas-vias#primaryimage\",\"url\":\"https:\\\/\\\/redenoticiaz.com.br\\\/litoralsp\\\/wp-content\\\/uploads\\\/sites\\\/3\\\/2023\\\/09\\\/camera_josemenino.jpg\",\"contentUrl\":\"https:\\\/\\\/redenoticiaz.com.br\\\/litoralsp\\\/wp-content\\\/uploads\\\/sites\\\/3\\\/2023\\\/09\\\/camera_josemenino.jpg\",\"width\":1400,\"height\":986,\"caption\":\"Cidade de Santos amplia quantidade de c\u00e2meras nas vias\"},{\"@type\":\"WebSite\",\"@id\":\"https:\\\/\\\/redenoticiaz.com.br\\\/litoralsp\\\/#website\",\"url\":\"https:\\\/\\\/redenoticiaz.com.br\\\/litoralsp\\\/\",\"name\":\"Litoral SP\",\"description\":\"Rede NoticiaZ\",\"publisher\":{\"@id\":\"https:\\\/\\\/redenoticiaz.com.br\\\/litoralsp\\\/#organization\"},\"potentialAction\":[{\"@type\":\"SearchAction\",\"target\":{\"@type\":\"EntryPoint\",\"urlTemplate\":\"https:\\\/\\\/redenoticiaz.com.br\\\/litoralsp\\\/?s={search_term_string}\"},\"query-input\":{\"@type\":\"PropertyValueSpecification\",\"valueRequired\":true,\"valueName\":\"search_term_string\"}}],\"inLanguage\":\"pt-BR\"},{\"@type\":\"Organization\",\"@id\":\"https:\\\/\\\/redenoticiaz.com.br\\\/litoralsp\\\/#organization\",\"name\":\"Litoral SP\",\"url\":\"https:\\\/\\\/redenoticiaz.com.br\\\/litoralsp\\\/\",\"logo\":{\"@type\":\"ImageObject\",\"inLanguage\":\"pt-BR\",\"@id\":\"https:\\\/\\\/redenoticiaz.com.br\\\/litoralsp\\\/#\\\/schema\\\/logo\\\/image\\\/\",\"url\":\"https:\\\/\\\/redenoticiaz.com.br\\\/litoralsp\\\/wp-content\\\/uploads\\\/sites\\\/3\\\/2020\\\/11\\\/logo.jpg\",\"contentUrl\":\"https:\\\/\\\/redenoticiaz.com.br\\\/litoralsp\\\/wp-content\\\/uploads\\\/sites\\\/3\\\/2020\\\/11\\\/logo.jpg\",\"width\":400,\"height\":250,\"caption\":\"Litoral SP\"},\"image\":{\"@id\":\"https:\\\/\\\/redenoticiaz.com.br\\\/litoralsp\\\/#\\\/schema\\\/logo\\\/image\\\/\"}},{\"@type\":\"Person\",\"@id\":\"https:\\\/\\\/redenoticiaz.com.br\\\/litoralsp\\\/#\\\/schema\\\/person\\\/16057b37a3c0ee6b096d7f887c566e2e\",\"name\":\"Gustavo Silva\",\"image\":{\"@type\":\"ImageObject\",\"inLanguage\":\"pt-BR\",\"@id\":\"https:\\\/\\\/secure.gravatar.com\\\/avatar\\\/3ee4e82f93b26de0a7cf4ea5eb7893da637ed6bb0c9170c58065944c56e28a33?s=96&d=mm&r=g\",\"url\":\"https:\\\/\\\/secure.gravatar.com\\\/avatar\\\/3ee4e82f93b26de0a7cf4ea5eb7893da637ed6bb0c9170c58065944c56e28a33?s=96&d=mm&r=g\",\"contentUrl\":\"https:\\\/\\\/secure.gravatar.com\\\/avatar\\\/3ee4e82f93b26de0a7cf4ea5eb7893da637ed6bb0c9170c58065944c56e28a33?s=96&d=mm&r=g\",\"caption\":\"Gustavo Silva\"},\"url\":\"https:\\\/\\\/redenoticiaz.com.br\\\/litoralsp\\\/author\\\/gustavosilva\"}]}<\/script>\n<!-- \/ Yoast SEO plugin. -->","yoast_head_json":{"title":"Cidade de Santos amplia quantidade de c\u00e2meras nas vias - Litoral SP","description":"O Centro de Controle Operacional (CCO) da Prefeitura de Santos est\u00e1 disponibilizando \u00e0 popula\u00e7\u00e3o as imagens em tempo real (24h) de mais 15 c\u00e2meras instaladas em vias p\u00fablicas da Cidade.","robots":{"index":"index","follow":"follow","max-snippet":"max-snippet:-1","max-image-preview":"max-image-preview:large","max-video-preview":"max-video-preview:-1"},"canonical":"https:\/\/redenoticiaz.com.br\/litoralsp\/2023\/09\/18\/cidade-de-santos-amplia-quantidade-de-cameras-nas-vias","og_locale":"pt_BR","og_type":"article","og_title":"Cidade de Santos amplia quantidade de c\u00e2meras nas vias - Litoral SP","og_description":"O Centro de Controle Operacional (CCO) da Prefeitura de Santos est\u00e1 disponibilizando \u00e0 popula\u00e7\u00e3o as imagens em tempo real (24h) de mais 15 c\u00e2meras instaladas em vias p\u00fablicas da Cidade.","og_url":"https:\/\/redenoticiaz.com.br\/litoralsp\/2023\/09\/18\/cidade-de-santos-amplia-quantidade-de-cameras-nas-vias","og_site_name":"Litoral SP","article_published_time":"2023-09-18T19:54:36+00:00","og_image":[{"width":1400,"height":986,"url":"https:\/\/redenoticiaz.com.br\/litoralsp\/wp-content\/uploads\/sites\/3\/2023\/09\/camera_josemenino.jpg","type":"image\/jpeg"}],"author":"Gustavo Silva","twitter_card":"summary_large_image","twitter_misc":{"Escrito por":"Gustavo Silva","Est. tempo de leitura":"1 minuto"},"schema":{"@context":"https:\/\/schema.org","@graph":[{"@type":"Article","@id":"https:\/\/redenoticiaz.com.br\/litoralsp\/2023\/09\/18\/cidade-de-santos-amplia-quantidade-de-cameras-nas-vias#article","isPartOf":{"@id":"https:\/\/redenoticiaz.com.br\/litoralsp\/2023\/09\/18\/cidade-de-santos-amplia-quantidade-de-cameras-nas-vias"},"author":{"name":"Gustavo Silva","@id":"https:\/\/redenoticiaz.com.br\/litoralsp\/#\/schema\/person\/16057b37a3c0ee6b096d7f887c566e2e"},"headline":"Cidade de Santos amplia quantidade de c\u00e2meras nas vias","datePublished":"2023-09-18T19:54:36+00:00","mainEntityOfPage":{"@id":"https:\/\/redenoticiaz.com.br\/litoralsp\/2023\/09\/18\/cidade-de-santos-amplia-quantidade-de-cameras-nas-vias"},"wordCount":178,"commentCount":0,"publisher":{"@id":"https:\/\/redenoticiaz.com.br\/litoralsp\/#organization"},"image":{"@id":"https:\/\/redenoticiaz.com.br\/litoralsp\/2023\/09\/18\/cidade-de-santos-amplia-quantidade-de-cameras-nas-vias#primaryimage"},"thumbnailUrl":"https:\/\/redenoticiaz.com.br\/litoralsp\/wp-content\/uploads\/sites\/3\/2023\/09\/camera_josemenino.jpg","keywords":["C\u00c2MERAS","Santos"],"articleSection":["Santos"],"inLanguage":"pt-BR","potentialAction":[{"@type":"CommentAction","name":"Comment","target":["https:\/\/redenoticiaz.com.br\/litoralsp\/2023\/09\/18\/cidade-de-santos-amplia-quantidade-de-cameras-nas-vias#respond"]}]},{"@type":"WebPage","@id":"https:\/\/redenoticiaz.com.br\/litoralsp\/2023\/09\/18\/cidade-de-santos-amplia-quantidade-de-cameras-nas-vias","url":"https:\/\/redenoticiaz.com.br\/litoralsp\/2023\/09\/18\/cidade-de-santos-amplia-quantidade-de-cameras-nas-vias","name":"Cidade de Santos amplia quantidade de c\u00e2meras nas vias - Litoral SP","isPartOf":{"@id":"https:\/\/redenoticiaz.com.br\/litoralsp\/#website"},"primaryImageOfPage":{"@id":"https:\/\/redenoticiaz.com.br\/litoralsp\/2023\/09\/18\/cidade-de-santos-amplia-quantidade-de-cameras-nas-vias#primaryimage"},"image":{"@id":"https:\/\/redenoticiaz.com.br\/litoralsp\/2023\/09\/18\/cidade-de-santos-amplia-quantidade-de-cameras-nas-vias#primaryimage"},"thumbnailUrl":"https:\/\/redenoticiaz.com.br\/litoralsp\/wp-content\/uploads\/sites\/3\/2023\/09\/camera_josemenino.jpg","datePublished":"2023-09-18T19:54:36+00:00","description":"O Centro de Controle Operacional (CCO) da Prefeitura de Santos est\u00e1 disponibilizando \u00e0 popula\u00e7\u00e3o as imagens em tempo real (24h) de mais 15 c\u00e2meras instaladas em vias p\u00fablicas da Cidade.","inLanguage":"pt-BR","potentialAction":[{"@type":"ReadAction","target":["https:\/\/redenoticiaz.com.br\/litoralsp\/2023\/09\/18\/cidade-de-santos-amplia-quantidade-de-cameras-nas-vias"]}]},{"@type":"ImageObject","inLanguage":"pt-BR","@id":"https:\/\/redenoticiaz.com.br\/litoralsp\/2023\/09\/18\/cidade-de-santos-amplia-quantidade-de-cameras-nas-vias#primaryimage","url":"https:\/\/redenoticiaz.com.br\/litoralsp\/wp-content\/uploads\/sites\/3\/2023\/09\/camera_josemenino.jpg","contentUrl":"https:\/\/redenoticiaz.com.br\/litoralsp\/wp-content\/uploads\/sites\/3\/2023\/09\/camera_josemenino.jpg","width":1400,"height":986,"caption":"Cidade de Santos amplia quantidade de c\u00e2meras nas vias"},{"@type":"WebSite","@id":"https:\/\/redenoticiaz.com.br\/litoralsp\/#website","url":"https:\/\/redenoticiaz.com.br\/litoralsp\/","name":"Litoral SP","description":"Rede NoticiaZ","publisher":{"@id":"https:\/\/redenoticiaz.com.br\/litoralsp\/#organization"},"potentialAction":[{"@type":"SearchAction","target":{"@type":"EntryPoint","urlTemplate":"https:\/\/redenoticiaz.com.br\/litoralsp\/?s={search_term_string}"},"query-input":{"@type":"PropertyValueSpecification","valueRequired":true,"valueName":"search_term_string"}}],"inLanguage":"pt-BR"},{"@type":"Organization","@id":"https:\/\/redenoticiaz.com.br\/litoralsp\/#organization","name":"Litoral SP","url":"https:\/\/redenoticiaz.com.br\/litoralsp\/","logo":{"@type":"ImageObject","inLanguage":"pt-BR","@id":"https:\/\/redenoticiaz.com.br\/litoralsp\/#\/schema\/logo\/image\/","url":"https:\/\/redenoticiaz.com.br\/litoralsp\/wp-content\/uploads\/sites\/3\/2020\/11\/logo.jpg","contentUrl":"https:\/\/redenoticiaz.com.br\/litoralsp\/wp-content\/uploads\/sites\/3\/2020\/11\/logo.jpg","width":400,"height":250,"caption":"Litoral SP"},"image":{"@id":"https:\/\/redenoticiaz.com.br\/litoralsp\/#\/schema\/logo\/image\/"}},{"@type":"Person","@id":"https:\/\/redenoticiaz.com.br\/litoralsp\/#\/schema\/person\/16057b37a3c0ee6b096d7f887c566e2e","name":"Gustavo Silva","image":{"@type":"ImageObject","inLanguage":"pt-BR","@id":"https:\/\/secure.gravatar.com\/avatar\/3ee4e82f93b26de0a7cf4ea5eb7893da637ed6bb0c9170c58065944c56e28a33?s=96&d=mm&r=g","url":"https:\/\/secure.gravatar.com\/avatar\/3ee4e82f93b26de0a7cf4ea5eb7893da637ed6bb0c9170c58065944c56e28a33?s=96&d=mm&r=g","contentUrl":"https:\/\/secure.gravatar.com\/avatar\/3ee4e82f93b26de0a7cf4ea5eb7893da637ed6bb0c9170c58065944c56e28a33?s=96&d=mm&r=g","caption":"Gustavo Silva"},"url":"https:\/\/redenoticiaz.com.br\/litoralsp\/author\/gustavosilva"}]}},"_links":{"self":[{"href":"https:\/\/redenoticiaz.com.br\/litoralsp\/wp-json\/wp\/v2\/posts\/110701","targetHints":{"allow":["GET"]}}],"collection":[{"href":"https:\/\/redenoticiaz.com.br\/litoralsp\/wp-json\/wp\/v2\/posts"}],"about":[{"href":"https:\/\/redenoticiaz.com.br\/litoralsp\/wp-json\/wp\/v2\/types\/post"}],"author":[{"embeddable":true,"href":"https:\/\/redenoticiaz.com.br\/litoralsp\/wp-json\/wp\/v2\/users\/12"}],"replies":[{"embeddable":true,"href":"https:\/\/redenoticiaz.com.br\/litoralsp\/wp-json\/wp\/v2\/comments?post=110701"}],"version-history":[{"count":1,"href":"https:\/\/redenoticiaz.com.br\/litoralsp\/wp-json\/wp\/v2\/posts\/110701\/revisions"}],"predecessor-version":[{"id":110703,"href":"https:\/\/redenoticiaz.com.br\/litoralsp\/wp-json\/wp\/v2\/posts\/110701\/revisions\/110703"}],"wp:featuredmedia":[{"embeddable":true,"href":"https:\/\/redenoticiaz.com.br\/litoralsp\/wp-json\/wp\/v2\/media\/110702"}],"wp:attachment":[{"href":"https:\/\/redenoticiaz.com.br\/litoralsp\/wp-json\/wp\/v2\/media?parent=110701"}],"wp:term":[{"taxonomy":"category","embeddable":true,"href":"https:\/\/redenoticiaz.com.br\/litoralsp\/wp-json\/wp\/v2\/categories?post=110701"},{"taxonomy":"post_tag","embeddable":true,"href":"https:\/\/redenoticiaz.com.br\/litoralsp\/wp-json\/wp\/v2\/tags?post=110701"}],"curies":[{"name":"wp","href":"https:\/\/api.w.org\/{rel}","templated":true}]}}