{"id":110715,"date":"2023-09-18T20:48:56","date_gmt":"2023-09-18T23:48:56","guid":{"rendered":"https:\/\/redenoticiaz.com.br\/litoralsp\/?p=110715"},"modified":"2023-09-18T20:48:56","modified_gmt":"2023-09-18T23:48:56","slug":"primeira-fase-das-obras-do-parque-valongo-comeca-esta-semana","status":"publish","type":"post","link":"https:\/\/redenoticiaz.com.br\/litoralsp\/2023\/09\/18\/primeira-fase-das-obras-do-parque-valongo-comeca-esta-semana","title":{"rendered":"Primeira fase das obras do Parque Valongo come\u00e7a esta semana"},"content":{"rendered":"<p>A primeira fase das obras do parque Valongo come\u00e7a na quinta-feira (21) anunciou o\u00a0 prefeito Rog\u00e9rio Santos durante vistorias ao local,.<\/p>\n<p>De acordo com as informa\u00e7\u00f5es, o projeto, com recursos da iniciativa privada, vai transformar \u00e1reas de antigos armaz\u00e9ns portu\u00e1rios, no Centro, em espa\u00e7o de lazer.<\/p>\n<p>Ainda de acordo com as informa\u00e7\u00f5es, a previs\u00e3o de entrega desta fase \u00e9 at\u00e9 julho de 2024.<\/p>\n<p>O in\u00edcio dos trabalhos tamb\u00e9m ser\u00e1 acompanhado pelo novo ministro dos Portos e Aeroportos, Silvio Costa Filho, que estar\u00e1 na Cidade na mesma data.<\/p>\n<p>Nesta etapa, ser\u00e3o realizadas restaura\u00e7\u00e3o e revitaliza\u00e7\u00e3o do armaz\u00e9m 4 e da casa de pedra, que fica ao lado, al\u00e9m da constru\u00e7\u00e3o da infraestrutura da \u00e1rea de lazer.<\/p>\n<p>As obras ser\u00e3o executadas pela Cofco International Brasil, por meio do Termo de Responsabilidade de Implanta\u00e7\u00e3o de Medidas Mitigadoras e\/ou Compensat\u00f3rias (Trimmc).<\/p>\n<p>Sendo assim, o Trimmc prev\u00ea o investimento de R$ 15 milh\u00f5es por parte da empresa.<\/p>\n<p>Al\u00e9m disso, est\u00e3o previstos mais R$ 5 milh\u00f5es advindos do Trimmc fechado com a Ecoporto no m\u00eas passado &#8211; valor que ser\u00e1 destinado para complementar a primeira etapa do projeto. Est\u00e1 prevista a constru\u00e7\u00e3o da parte n\u00e1utica, p\u00ederes e um playground, que foi um dos pedidos acatados durante as audi\u00eancias p\u00fablicas.<\/p>\n<p><strong>Leia mais<\/strong><\/p>\n<p><a href=\"https:\/\/redenoticiaz.com.br\/litoralsp\/2023\/01\/15\/obra-do-vlt-de-santos-interdita-rua-no-valongo\">Empresa portu\u00e1ria de Santos vai mudar para a regi\u00e3o do Valongo<\/a><\/p>\n<p><a href=\"https:\/\/redenoticiaz.com.br\/litoralsp\/2023\/05\/15\/video-santos-assina-termo-que-custeara-obras-no-parque-do-valongo-na-area-portuaria-da-cidade\">V\u00cdDEO \u2013 Santos assina termo que custear\u00e1 obras no Parque do Valongo na \u00e1rea portu\u00e1ria da cidade<\/a><\/p>\n","protected":false},"excerpt":{"rendered":"<p>A primeira fase das obras do parque Valongo come\u00e7a na quinta-feira (21) anunciou o\u00a0 prefeito Rog\u00e9rio Santos durante vistorias ao local,. De acordo com as informa\u00e7\u00f5es, o projeto, com recursos da iniciativa privada, vai transformar \u00e1reas de antigos armaz\u00e9ns portu\u00e1rios, no Centro, em espa\u00e7o de lazer. Ainda de acordo com as informa\u00e7\u00f5es, a previs\u00e3o de &hellip;<\/p>\n","protected":false},"author":12,"featured_media":110716,"comment_status":"open","ping_status":"closed","sticky":false,"template":"","format":"standard","meta":{"footnotes":""},"categories":[180],"tags":[67180,986,6667],"class_list":["post-110715","post","type-post","status-publish","format-standard","has-post-thumbnail","hentry","category-santos","tag-parque-valongo","tag-santos","tag-valongo"],"yoast_head":"<!-- This site is optimized with the Yoast SEO plugin v27.5 - https:\/\/yoast.com\/product\/yoast-seo-wordpress\/ -->\n<title>Primeira fase das obras do Parque Valongo come\u00e7a esta semana - Litoral SP<\/title>\n<meta name=\"description\" content=\"A primeira fase das obras do parque Valongo come\u00e7a na quinta-feira (21) anunciou o\u00a0 prefeito Rog\u00e9rio Santos durante vistorias ao local,.\" \/>\n<meta name=\"robots\" content=\"index, follow, max-snippet:-1, max-image-preview:large, max-video-preview:-1\" \/>\n<link rel=\"canonical\" href=\"https:\/\/redenoticiaz.com.br\/litoralsp\/2023\/09\/18\/primeira-fase-das-obras-do-parque-valongo-comeca-esta-semana\" \/>\n<meta property=\"og:locale\" content=\"pt_BR\" \/>\n<meta property=\"og:type\" content=\"article\" \/>\n<meta property=\"og:title\" content=\"Primeira fase das obras do Parque Valongo come\u00e7a esta semana - Litoral SP\" \/>\n<meta property=\"og:description\" content=\"A primeira fase das obras do parque Valongo come\u00e7a na quinta-feira (21) anunciou o\u00a0 prefeito Rog\u00e9rio Santos durante vistorias ao local,.\" \/>\n<meta property=\"og:url\" content=\"https:\/\/redenoticiaz.com.br\/litoralsp\/2023\/09\/18\/primeira-fase-das-obras-do-parque-valongo-comeca-esta-semana\" \/>\n<meta property=\"og:site_name\" content=\"Litoral SP\" \/>\n<meta property=\"article:published_time\" content=\"2023-09-18T23:48:56+00:00\" \/>\n<meta property=\"og:image\" content=\"https:\/\/redenoticiaz.com.br\/litoralsp\/wp-content\/uploads\/sites\/3\/2023\/09\/whatsapp_image_2023-09-18_at_14.12.04_1.jpeg\" \/>\n\t<meta property=\"og:image:width\" content=\"1200\" \/>\n\t<meta property=\"og:image:height\" content=\"675\" \/>\n\t<meta property=\"og:image:type\" content=\"image\/jpeg\" \/>\n<meta name=\"author\" content=\"Gustavo Silva\" \/>\n<meta name=\"twitter:card\" content=\"summary_large_image\" \/>\n<meta name=\"twitter:label1\" content=\"Escrito por\" \/>\n\t<meta name=\"twitter:data1\" content=\"Gustavo Silva\" \/>\n\t<meta name=\"twitter:label2\" content=\"Est. tempo de leitura\" \/>\n\t<meta name=\"twitter:data2\" content=\"2 minutos\" \/>\n<script type=\"application\/ld+json\" class=\"yoast-schema-graph\">{\"@context\":\"https:\\\/\\\/schema.org\",\"@graph\":[{\"@type\":\"Article\",\"@id\":\"https:\\\/\\\/redenoticiaz.com.br\\\/litoralsp\\\/2023\\\/09\\\/18\\\/primeira-fase-das-obras-do-parque-valongo-comeca-esta-semana#article\",\"isPartOf\":{\"@id\":\"https:\\\/\\\/redenoticiaz.com.br\\\/litoralsp\\\/2023\\\/09\\\/18\\\/primeira-fase-das-obras-do-parque-valongo-comeca-esta-semana\"},\"author\":{\"name\":\"Gustavo Silva\",\"@id\":\"https:\\\/\\\/redenoticiaz.com.br\\\/litoralsp\\\/#\\\/schema\\\/person\\\/16057b37a3c0ee6b096d7f887c566e2e\"},\"headline\":\"Primeira fase das obras do Parque Valongo come\u00e7a esta semana\",\"datePublished\":\"2023-09-18T23:48:56+00:00\",\"mainEntityOfPage\":{\"@id\":\"https:\\\/\\\/redenoticiaz.com.br\\\/litoralsp\\\/2023\\\/09\\\/18\\\/primeira-fase-das-obras-do-parque-valongo-comeca-esta-semana\"},\"wordCount\":271,\"commentCount\":0,\"publisher\":{\"@id\":\"https:\\\/\\\/redenoticiaz.com.br\\\/litoralsp\\\/#organization\"},\"image\":{\"@id\":\"https:\\\/\\\/redenoticiaz.com.br\\\/litoralsp\\\/2023\\\/09\\\/18\\\/primeira-fase-das-obras-do-parque-valongo-comeca-esta-semana#primaryimage\"},\"thumbnailUrl\":\"https:\\\/\\\/redenoticiaz.com.br\\\/litoralsp\\\/wp-content\\\/uploads\\\/sites\\\/3\\\/2023\\\/09\\\/whatsapp_image_2023-09-18_at_14.12.04_1.jpeg\",\"keywords\":[\"parque valongo\",\"Santos\",\"VALONGO\"],\"articleSection\":[\"Santos\"],\"inLanguage\":\"pt-BR\",\"potentialAction\":[{\"@type\":\"CommentAction\",\"name\":\"Comment\",\"target\":[\"https:\\\/\\\/redenoticiaz.com.br\\\/litoralsp\\\/2023\\\/09\\\/18\\\/primeira-fase-das-obras-do-parque-valongo-comeca-esta-semana#respond\"]}]},{\"@type\":\"WebPage\",\"@id\":\"https:\\\/\\\/redenoticiaz.com.br\\\/litoralsp\\\/2023\\\/09\\\/18\\\/primeira-fase-das-obras-do-parque-valongo-comeca-esta-semana\",\"url\":\"https:\\\/\\\/redenoticiaz.com.br\\\/litoralsp\\\/2023\\\/09\\\/18\\\/primeira-fase-das-obras-do-parque-valongo-comeca-esta-semana\",\"name\":\"Primeira fase das obras do Parque Valongo come\u00e7a esta semana - Litoral SP\",\"isPartOf\":{\"@id\":\"https:\\\/\\\/redenoticiaz.com.br\\\/litoralsp\\\/#website\"},\"primaryImageOfPage\":{\"@id\":\"https:\\\/\\\/redenoticiaz.com.br\\\/litoralsp\\\/2023\\\/09\\\/18\\\/primeira-fase-das-obras-do-parque-valongo-comeca-esta-semana#primaryimage\"},\"image\":{\"@id\":\"https:\\\/\\\/redenoticiaz.com.br\\\/litoralsp\\\/2023\\\/09\\\/18\\\/primeira-fase-das-obras-do-parque-valongo-comeca-esta-semana#primaryimage\"},\"thumbnailUrl\":\"https:\\\/\\\/redenoticiaz.com.br\\\/litoralsp\\\/wp-content\\\/uploads\\\/sites\\\/3\\\/2023\\\/09\\\/whatsapp_image_2023-09-18_at_14.12.04_1.jpeg\",\"datePublished\":\"2023-09-18T23:48:56+00:00\",\"description\":\"A primeira fase das obras do parque Valongo come\u00e7a na quinta-feira (21) anunciou o\u00a0 prefeito Rog\u00e9rio Santos durante vistorias ao local,.\",\"inLanguage\":\"pt-BR\",\"potentialAction\":[{\"@type\":\"ReadAction\",\"target\":[\"https:\\\/\\\/redenoticiaz.com.br\\\/litoralsp\\\/2023\\\/09\\\/18\\\/primeira-fase-das-obras-do-parque-valongo-comeca-esta-semana\"]}]},{\"@type\":\"ImageObject\",\"inLanguage\":\"pt-BR\",\"@id\":\"https:\\\/\\\/redenoticiaz.com.br\\\/litoralsp\\\/2023\\\/09\\\/18\\\/primeira-fase-das-obras-do-parque-valongo-comeca-esta-semana#primaryimage\",\"url\":\"https:\\\/\\\/redenoticiaz.com.br\\\/litoralsp\\\/wp-content\\\/uploads\\\/sites\\\/3\\\/2023\\\/09\\\/whatsapp_image_2023-09-18_at_14.12.04_1.jpeg\",\"contentUrl\":\"https:\\\/\\\/redenoticiaz.com.br\\\/litoralsp\\\/wp-content\\\/uploads\\\/sites\\\/3\\\/2023\\\/09\\\/whatsapp_image_2023-09-18_at_14.12.04_1.jpeg\",\"width\":1200,\"height\":675,\"caption\":\"o projeto, com recursos da iniciativa privada, vai transformar \u00e1reas de antigos armaz\u00e9ns portu\u00e1rios, no Centro, em espa\u00e7o de lazer\"},{\"@type\":\"WebSite\",\"@id\":\"https:\\\/\\\/redenoticiaz.com.br\\\/litoralsp\\\/#website\",\"url\":\"https:\\\/\\\/redenoticiaz.com.br\\\/litoralsp\\\/\",\"name\":\"Litoral SP\",\"description\":\"Rede NoticiaZ\",\"publisher\":{\"@id\":\"https:\\\/\\\/redenoticiaz.com.br\\\/litoralsp\\\/#organization\"},\"potentialAction\":[{\"@type\":\"SearchAction\",\"target\":{\"@type\":\"EntryPoint\",\"urlTemplate\":\"https:\\\/\\\/redenoticiaz.com.br\\\/litoralsp\\\/?s={search_term_string}\"},\"query-input\":{\"@type\":\"PropertyValueSpecification\",\"valueRequired\":true,\"valueName\":\"search_term_string\"}}],\"inLanguage\":\"pt-BR\"},{\"@type\":\"Organization\",\"@id\":\"https:\\\/\\\/redenoticiaz.com.br\\\/litoralsp\\\/#organization\",\"name\":\"Litoral SP\",\"url\":\"https:\\\/\\\/redenoticiaz.com.br\\\/litoralsp\\\/\",\"logo\":{\"@type\":\"ImageObject\",\"inLanguage\":\"pt-BR\",\"@id\":\"https:\\\/\\\/redenoticiaz.com.br\\\/litoralsp\\\/#\\\/schema\\\/logo\\\/image\\\/\",\"url\":\"https:\\\/\\\/redenoticiaz.com.br\\\/litoralsp\\\/wp-content\\\/uploads\\\/sites\\\/3\\\/2020\\\/11\\\/logo.jpg\",\"contentUrl\":\"https:\\\/\\\/redenoticiaz.com.br\\\/litoralsp\\\/wp-content\\\/uploads\\\/sites\\\/3\\\/2020\\\/11\\\/logo.jpg\",\"width\":400,\"height\":250,\"caption\":\"Litoral SP\"},\"image\":{\"@id\":\"https:\\\/\\\/redenoticiaz.com.br\\\/litoralsp\\\/#\\\/schema\\\/logo\\\/image\\\/\"}},{\"@type\":\"Person\",\"@id\":\"https:\\\/\\\/redenoticiaz.com.br\\\/litoralsp\\\/#\\\/schema\\\/person\\\/16057b37a3c0ee6b096d7f887c566e2e\",\"name\":\"Gustavo Silva\",\"image\":{\"@type\":\"ImageObject\",\"inLanguage\":\"pt-BR\",\"@id\":\"https:\\\/\\\/secure.gravatar.com\\\/avatar\\\/3ee4e82f93b26de0a7cf4ea5eb7893da637ed6bb0c9170c58065944c56e28a33?s=96&d=mm&r=g\",\"url\":\"https:\\\/\\\/secure.gravatar.com\\\/avatar\\\/3ee4e82f93b26de0a7cf4ea5eb7893da637ed6bb0c9170c58065944c56e28a33?s=96&d=mm&r=g\",\"contentUrl\":\"https:\\\/\\\/secure.gravatar.com\\\/avatar\\\/3ee4e82f93b26de0a7cf4ea5eb7893da637ed6bb0c9170c58065944c56e28a33?s=96&d=mm&r=g\",\"caption\":\"Gustavo Silva\"},\"url\":\"https:\\\/\\\/redenoticiaz.com.br\\\/litoralsp\\\/author\\\/gustavosilva\"}]}<\/script>\n<!-- \/ Yoast SEO plugin. -->","yoast_head_json":{"title":"Primeira fase das obras do Parque Valongo come\u00e7a esta semana - Litoral SP","description":"A primeira fase das obras do parque Valongo come\u00e7a na quinta-feira (21) anunciou o\u00a0 prefeito Rog\u00e9rio Santos durante vistorias ao local,.","robots":{"index":"index","follow":"follow","max-snippet":"max-snippet:-1","max-image-preview":"max-image-preview:large","max-video-preview":"max-video-preview:-1"},"canonical":"https:\/\/redenoticiaz.com.br\/litoralsp\/2023\/09\/18\/primeira-fase-das-obras-do-parque-valongo-comeca-esta-semana","og_locale":"pt_BR","og_type":"article","og_title":"Primeira fase das obras do Parque Valongo come\u00e7a esta semana - Litoral SP","og_description":"A primeira fase das obras do parque Valongo come\u00e7a na quinta-feira (21) anunciou o\u00a0 prefeito Rog\u00e9rio Santos durante vistorias ao local,.","og_url":"https:\/\/redenoticiaz.com.br\/litoralsp\/2023\/09\/18\/primeira-fase-das-obras-do-parque-valongo-comeca-esta-semana","og_site_name":"Litoral SP","article_published_time":"2023-09-18T23:48:56+00:00","og_image":[{"width":1200,"height":675,"url":"https:\/\/redenoticiaz.com.br\/litoralsp\/wp-content\/uploads\/sites\/3\/2023\/09\/whatsapp_image_2023-09-18_at_14.12.04_1.jpeg","type":"image\/jpeg"}],"author":"Gustavo Silva","twitter_card":"summary_large_image","twitter_misc":{"Escrito por":"Gustavo Silva","Est. tempo de leitura":"2 minutos"},"schema":{"@context":"https:\/\/schema.org","@graph":[{"@type":"Article","@id":"https:\/\/redenoticiaz.com.br\/litoralsp\/2023\/09\/18\/primeira-fase-das-obras-do-parque-valongo-comeca-esta-semana#article","isPartOf":{"@id":"https:\/\/redenoticiaz.com.br\/litoralsp\/2023\/09\/18\/primeira-fase-das-obras-do-parque-valongo-comeca-esta-semana"},"author":{"name":"Gustavo Silva","@id":"https:\/\/redenoticiaz.com.br\/litoralsp\/#\/schema\/person\/16057b37a3c0ee6b096d7f887c566e2e"},"headline":"Primeira fase das obras do Parque Valongo come\u00e7a esta semana","datePublished":"2023-09-18T23:48:56+00:00","mainEntityOfPage":{"@id":"https:\/\/redenoticiaz.com.br\/litoralsp\/2023\/09\/18\/primeira-fase-das-obras-do-parque-valongo-comeca-esta-semana"},"wordCount":271,"commentCount":0,"publisher":{"@id":"https:\/\/redenoticiaz.com.br\/litoralsp\/#organization"},"image":{"@id":"https:\/\/redenoticiaz.com.br\/litoralsp\/2023\/09\/18\/primeira-fase-das-obras-do-parque-valongo-comeca-esta-semana#primaryimage"},"thumbnailUrl":"https:\/\/redenoticiaz.com.br\/litoralsp\/wp-content\/uploads\/sites\/3\/2023\/09\/whatsapp_image_2023-09-18_at_14.12.04_1.jpeg","keywords":["parque valongo","Santos","VALONGO"],"articleSection":["Santos"],"inLanguage":"pt-BR","potentialAction":[{"@type":"CommentAction","name":"Comment","target":["https:\/\/redenoticiaz.com.br\/litoralsp\/2023\/09\/18\/primeira-fase-das-obras-do-parque-valongo-comeca-esta-semana#respond"]}]},{"@type":"WebPage","@id":"https:\/\/redenoticiaz.com.br\/litoralsp\/2023\/09\/18\/primeira-fase-das-obras-do-parque-valongo-comeca-esta-semana","url":"https:\/\/redenoticiaz.com.br\/litoralsp\/2023\/09\/18\/primeira-fase-das-obras-do-parque-valongo-comeca-esta-semana","name":"Primeira fase das obras do Parque Valongo come\u00e7a esta semana - Litoral SP","isPartOf":{"@id":"https:\/\/redenoticiaz.com.br\/litoralsp\/#website"},"primaryImageOfPage":{"@id":"https:\/\/redenoticiaz.com.br\/litoralsp\/2023\/09\/18\/primeira-fase-das-obras-do-parque-valongo-comeca-esta-semana#primaryimage"},"image":{"@id":"https:\/\/redenoticiaz.com.br\/litoralsp\/2023\/09\/18\/primeira-fase-das-obras-do-parque-valongo-comeca-esta-semana#primaryimage"},"thumbnailUrl":"https:\/\/redenoticiaz.com.br\/litoralsp\/wp-content\/uploads\/sites\/3\/2023\/09\/whatsapp_image_2023-09-18_at_14.12.04_1.jpeg","datePublished":"2023-09-18T23:48:56+00:00","description":"A primeira fase das obras do parque Valongo come\u00e7a na quinta-feira (21) anunciou o\u00a0 prefeito Rog\u00e9rio Santos durante vistorias ao local,.","inLanguage":"pt-BR","potentialAction":[{"@type":"ReadAction","target":["https:\/\/redenoticiaz.com.br\/litoralsp\/2023\/09\/18\/primeira-fase-das-obras-do-parque-valongo-comeca-esta-semana"]}]},{"@type":"ImageObject","inLanguage":"pt-BR","@id":"https:\/\/redenoticiaz.com.br\/litoralsp\/2023\/09\/18\/primeira-fase-das-obras-do-parque-valongo-comeca-esta-semana#primaryimage","url":"https:\/\/redenoticiaz.com.br\/litoralsp\/wp-content\/uploads\/sites\/3\/2023\/09\/whatsapp_image_2023-09-18_at_14.12.04_1.jpeg","contentUrl":"https:\/\/redenoticiaz.com.br\/litoralsp\/wp-content\/uploads\/sites\/3\/2023\/09\/whatsapp_image_2023-09-18_at_14.12.04_1.jpeg","width":1200,"height":675,"caption":"o projeto, com recursos da iniciativa privada, vai transformar \u00e1reas de antigos armaz\u00e9ns portu\u00e1rios, no Centro, em espa\u00e7o de lazer"},{"@type":"WebSite","@id":"https:\/\/redenoticiaz.com.br\/litoralsp\/#website","url":"https:\/\/redenoticiaz.com.br\/litoralsp\/","name":"Litoral SP","description":"Rede NoticiaZ","publisher":{"@id":"https:\/\/redenoticiaz.com.br\/litoralsp\/#organization"},"potentialAction":[{"@type":"SearchAction","target":{"@type":"EntryPoint","urlTemplate":"https:\/\/redenoticiaz.com.br\/litoralsp\/?s={search_term_string}"},"query-input":{"@type":"PropertyValueSpecification","valueRequired":true,"valueName":"search_term_string"}}],"inLanguage":"pt-BR"},{"@type":"Organization","@id":"https:\/\/redenoticiaz.com.br\/litoralsp\/#organization","name":"Litoral SP","url":"https:\/\/redenoticiaz.com.br\/litoralsp\/","logo":{"@type":"ImageObject","inLanguage":"pt-BR","@id":"https:\/\/redenoticiaz.com.br\/litoralsp\/#\/schema\/logo\/image\/","url":"https:\/\/redenoticiaz.com.br\/litoralsp\/wp-content\/uploads\/sites\/3\/2020\/11\/logo.jpg","contentUrl":"https:\/\/redenoticiaz.com.br\/litoralsp\/wp-content\/uploads\/sites\/3\/2020\/11\/logo.jpg","width":400,"height":250,"caption":"Litoral SP"},"image":{"@id":"https:\/\/redenoticiaz.com.br\/litoralsp\/#\/schema\/logo\/image\/"}},{"@type":"Person","@id":"https:\/\/redenoticiaz.com.br\/litoralsp\/#\/schema\/person\/16057b37a3c0ee6b096d7f887c566e2e","name":"Gustavo Silva","image":{"@type":"ImageObject","inLanguage":"pt-BR","@id":"https:\/\/secure.gravatar.com\/avatar\/3ee4e82f93b26de0a7cf4ea5eb7893da637ed6bb0c9170c58065944c56e28a33?s=96&d=mm&r=g","url":"https:\/\/secure.gravatar.com\/avatar\/3ee4e82f93b26de0a7cf4ea5eb7893da637ed6bb0c9170c58065944c56e28a33?s=96&d=mm&r=g","contentUrl":"https:\/\/secure.gravatar.com\/avatar\/3ee4e82f93b26de0a7cf4ea5eb7893da637ed6bb0c9170c58065944c56e28a33?s=96&d=mm&r=g","caption":"Gustavo Silva"},"url":"https:\/\/redenoticiaz.com.br\/litoralsp\/author\/gustavosilva"}]}},"_links":{"self":[{"href":"https:\/\/redenoticiaz.com.br\/litoralsp\/wp-json\/wp\/v2\/posts\/110715","targetHints":{"allow":["GET"]}}],"collection":[{"href":"https:\/\/redenoticiaz.com.br\/litoralsp\/wp-json\/wp\/v2\/posts"}],"about":[{"href":"https:\/\/redenoticiaz.com.br\/litoralsp\/wp-json\/wp\/v2\/types\/post"}],"author":[{"embeddable":true,"href":"https:\/\/redenoticiaz.com.br\/litoralsp\/wp-json\/wp\/v2\/users\/12"}],"replies":[{"embeddable":true,"href":"https:\/\/redenoticiaz.com.br\/litoralsp\/wp-json\/wp\/v2\/comments?post=110715"}],"version-history":[{"count":1,"href":"https:\/\/redenoticiaz.com.br\/litoralsp\/wp-json\/wp\/v2\/posts\/110715\/revisions"}],"predecessor-version":[{"id":110717,"href":"https:\/\/redenoticiaz.com.br\/litoralsp\/wp-json\/wp\/v2\/posts\/110715\/revisions\/110717"}],"wp:featuredmedia":[{"embeddable":true,"href":"https:\/\/redenoticiaz.com.br\/litoralsp\/wp-json\/wp\/v2\/media\/110716"}],"wp:attachment":[{"href":"https:\/\/redenoticiaz.com.br\/litoralsp\/wp-json\/wp\/v2\/media?parent=110715"}],"wp:term":[{"taxonomy":"category","embeddable":true,"href":"https:\/\/redenoticiaz.com.br\/litoralsp\/wp-json\/wp\/v2\/categories?post=110715"},{"taxonomy":"post_tag","embeddable":true,"href":"https:\/\/redenoticiaz.com.br\/litoralsp\/wp-json\/wp\/v2\/tags?post=110715"}],"curies":[{"name":"wp","href":"https:\/\/api.w.org\/{rel}","templated":true}]}}