{"id":110752,"date":"2023-09-23T14:00:01","date_gmt":"2023-09-23T17:00:01","guid":{"rendered":"https:\/\/redenoticiaz.com.br\/litoralsp\/?p=110752"},"modified":"2023-09-19T21:57:00","modified_gmt":"2023-09-20T00:57:00","slug":"tarifa-reduzida-de-importacao-de-12-produtos-de-aco-subira-em-outubro","status":"publish","type":"post","link":"https:\/\/redenoticiaz.com.br\/litoralsp\/2023\/09\/23\/tarifa-reduzida-de-importacao-de-12-produtos-de-aco-subira-em-outubro","title":{"rendered":"Tarifa reduzida de importa\u00e7\u00e3o de 12 produtos de a\u00e7o subir\u00e1 em outubro"},"content":{"rendered":"<p>Um total de 12 produtos de a\u00e7o que estavam com tarifa de importa\u00e7\u00e3o reduzida em 10% desde o ano passado voltar\u00e1 a entrar no pa\u00eds com as al\u00edquotas originais, de 9,6% a 12,8%. O Comit\u00ea Executivo de Gest\u00e3o (Gecex) da C\u00e2mara de Com\u00e9rcio Exterior (Camex) aprovou, nesta ter\u00e7a-feira (19), antecipa\u00e7\u00e3o do fim do benef\u00edcio, que originalmente acabaria em 1\u00ba de janeiro e deixar\u00e1 de vigorar a partir de 1\u00ba de outubro.<img decoding=\"async\" src=\"https:\/\/agenciabrasil.ebc.com.br\/ebc.png?id=1556354&amp;o=node\" \/><img decoding=\"async\" src=\"https:\/\/agenciabrasil.ebc.com.br\/ebc.gif?id=1556354&amp;o=node\" \/><\/p>\n<p>Segundo o Minist\u00e9rio do Desenvolvimento, Ind\u00fastria, Com\u00e9rcio e Servi\u00e7os (MDIC), a medida atende \u00e0 reivindica\u00e7\u00e3o dos fabricantes nacionais de a\u00e7o, que poder\u00e3o competir de maneira mais equilibrada com os produtores internacionais. Nos \u00faltimos anos, informou a pasta, v\u00e1rios pa\u00edses, como a China, passaram a vender ao Brasil a\u00e7o a pre\u00e7os abaixo do mercado porque diversos governos, como M\u00e9xico e Estados Unidos, elevaram as tarifas para barrar essas importa\u00e7\u00f5es.<\/p>\n<p>Os 12 itens que voltar\u00e3o a pagar a tarifa original s\u00e3o os seguintes: bobinas grossas, tr\u00eas tipos de bobinas a quente, dois tipos de bobinas a frio, chapas galvanizadas, chapas revestidas de alum\u00ednio e zinco, fios-m\u00e1quina, barra inox a frio e dois tipos de tubos sem costura.<\/p>\n<p>Segundo o (MDIC), apenas no primeiro semestre deste ano, foram importados 1,5 milh\u00e3o de toneladas desses produtos, com alta de at\u00e9 714% em rela\u00e7\u00e3o ao primeiro semestre de 2022, dependendo do item.<\/p>\n<h2>Lista covid<\/h2>\n<p>Na pr\u00f3xima reuni\u00e3o, em outubro, o Gecex avaliar\u00e1 o pedido do Minist\u00e9rio da Sa\u00fade para excluir 221 produtos da Lista Covid, criada no in\u00edcio da pandemia da covid-19 para permitir a importa\u00e7\u00e3o emergencial de insumos para o enfrentamento da doen\u00e7a com al\u00edquota reduzida. No encontro desta ter\u00e7a-feira, o Minist\u00e9rio pediu a manuten\u00e7\u00e3o na lista de apenas oito dos 229 itens originais.<\/p>\n<p>Entre os itens a serem mantidos, est\u00e3o medicamentos e dispositivos m\u00e9dicos.<\/p>\n<p><strong>Leia mais<\/strong><\/p>\n<p><a href=\"https:\/\/redenoticiaz.com.br\/blog\/2023\/09\/10\/covid-19-51-da-populacao-quer-julgamento-e-punicao-por-mortes\">Covid-19: 51% da popula\u00e7\u00e3o quer julgamento e puni\u00e7\u00e3o por mortes<\/a><\/p>\n<p><a href=\"https:\/\/redenoticiaz.com.br\/blog\/2023\/09\/19\/video-universitarios-criam-paredao-de-bunda-para-provocar-rivais\">V\u00cdDEO \u2013 Universit\u00e1rios criam \u201cpared\u00e3o de bunda\u201d para provocar rivais<\/a><\/p>\n","protected":false},"excerpt":{"rendered":"<p>Um total de 12 produtos de a\u00e7o que estavam com tarifa de importa\u00e7\u00e3o reduzida em 10% desde o ano passado voltar\u00e1 a entrar no pa\u00eds com as al\u00edquotas originais, de 9,6% a 12,8%. O Comit\u00ea Executivo de Gest\u00e3o (Gecex) da C\u00e2mara de Com\u00e9rcio Exterior (Camex) aprovou, nesta ter\u00e7a-feira (19), antecipa\u00e7\u00e3o do fim do benef\u00edcio, que &hellip;<\/p>\n","protected":false},"author":12,"featured_media":107768,"comment_status":"open","ping_status":"closed","sticky":false,"template":"","format":"standard","meta":{"footnotes":""},"categories":[97],"tags":[18337,56684,1672],"class_list":["post-110752","post","type-post","status-publish","format-standard","has-post-thumbnail","hentry","category-economia","tag-covid","tag-lista","tag-tarifa"],"yoast_head":"<!-- This site is optimized with the Yoast SEO plugin v27.4 - https:\/\/yoast.com\/product\/yoast-seo-wordpress\/ -->\n<title>Tarifa reduzida de importa\u00e7\u00e3o de 12 produtos de a\u00e7o subir\u00e1 em outubro - Litoral SP<\/title>\n<meta name=\"description\" content=\"Um total de 12 produtos de a\u00e7o que estavam com tarifa de importa\u00e7\u00e3o reduzida em 10% desde o ano passado voltar\u00e1 a entrar no pa\u00eds com as al\u00edquotas originais, de 9,6% a 12,8%.\" \/>\n<meta name=\"robots\" content=\"index, follow, max-snippet:-1, max-image-preview:large, max-video-preview:-1\" \/>\n<link rel=\"canonical\" href=\"https:\/\/redenoticiaz.com.br\/litoralsp\/2023\/09\/23\/tarifa-reduzida-de-importacao-de-12-produtos-de-aco-subira-em-outubro\" \/>\n<meta property=\"og:locale\" content=\"pt_BR\" \/>\n<meta property=\"og:type\" content=\"article\" \/>\n<meta property=\"og:title\" content=\"Tarifa reduzida de importa\u00e7\u00e3o de 12 produtos de a\u00e7o subir\u00e1 em outubro - Litoral SP\" \/>\n<meta property=\"og:description\" content=\"Um total de 12 produtos de a\u00e7o que estavam com tarifa de importa\u00e7\u00e3o reduzida em 10% desde o ano passado voltar\u00e1 a entrar no pa\u00eds com as al\u00edquotas originais, de 9,6% a 12,8%.\" \/>\n<meta property=\"og:url\" content=\"https:\/\/redenoticiaz.com.br\/litoralsp\/2023\/09\/23\/tarifa-reduzida-de-importacao-de-12-produtos-de-aco-subira-em-outubro\" \/>\n<meta property=\"og:site_name\" content=\"Litoral SP\" \/>\n<meta property=\"article:published_time\" content=\"2023-09-23T17:00:01+00:00\" \/>\n<meta property=\"og:image\" content=\"https:\/\/redenoticiaz.com.br\/litoralsp\/wp-content\/uploads\/sites\/3\/2023\/06\/2022-01-06t155235z_1_lynxmpei050mm_rtroptp_4_volkswagen-brazil.jpg?v=1687992109\" \/>\n\t<meta property=\"og:image:width\" content=\"1170\" \/>\n\t<meta property=\"og:image:height\" content=\"700\" \/>\n\t<meta property=\"og:image:type\" content=\"image\/jpeg\" \/>\n<meta name=\"author\" content=\"Gustavo Silva\" \/>\n<meta name=\"twitter:card\" content=\"summary_large_image\" \/>\n<meta name=\"twitter:label1\" content=\"Escrito por\" \/>\n\t<meta name=\"twitter:data1\" content=\"Gustavo Silva\" \/>\n\t<meta name=\"twitter:label2\" content=\"Est. tempo de leitura\" \/>\n\t<meta name=\"twitter:data2\" content=\"3 minutos\" \/>\n<script type=\"application\/ld+json\" class=\"yoast-schema-graph\">{\"@context\":\"https:\\\/\\\/schema.org\",\"@graph\":[{\"@type\":\"Article\",\"@id\":\"https:\\\/\\\/redenoticiaz.com.br\\\/litoralsp\\\/2023\\\/09\\\/23\\\/tarifa-reduzida-de-importacao-de-12-produtos-de-aco-subira-em-outubro#article\",\"isPartOf\":{\"@id\":\"https:\\\/\\\/redenoticiaz.com.br\\\/litoralsp\\\/2023\\\/09\\\/23\\\/tarifa-reduzida-de-importacao-de-12-produtos-de-aco-subira-em-outubro\"},\"author\":{\"name\":\"Gustavo Silva\",\"@id\":\"https:\\\/\\\/redenoticiaz.com.br\\\/litoralsp\\\/#\\\/schema\\\/person\\\/16057b37a3c0ee6b096d7f887c566e2e\"},\"headline\":\"Tarifa reduzida de importa\u00e7\u00e3o de 12 produtos de a\u00e7o subir\u00e1 em outubro\",\"datePublished\":\"2023-09-23T17:00:01+00:00\",\"mainEntityOfPage\":{\"@id\":\"https:\\\/\\\/redenoticiaz.com.br\\\/litoralsp\\\/2023\\\/09\\\/23\\\/tarifa-reduzida-de-importacao-de-12-produtos-de-aco-subira-em-outubro\"},\"wordCount\":359,\"commentCount\":0,\"publisher\":{\"@id\":\"https:\\\/\\\/redenoticiaz.com.br\\\/litoralsp\\\/#organization\"},\"image\":{\"@id\":\"https:\\\/\\\/redenoticiaz.com.br\\\/litoralsp\\\/2023\\\/09\\\/23\\\/tarifa-reduzida-de-importacao-de-12-produtos-de-aco-subira-em-outubro#primaryimage\"},\"thumbnailUrl\":\"https:\\\/\\\/redenoticiaz.com.br\\\/litoralsp\\\/wp-content\\\/uploads\\\/sites\\\/3\\\/2023\\\/06\\\/2022-01-06t155235z_1_lynxmpei050mm_rtroptp_4_volkswagen-brazil.jpg?v=1687992109\",\"keywords\":[\"COVID\",\"LISTA\",\"TARIFA\"],\"articleSection\":[\"Economia\"],\"inLanguage\":\"pt-BR\",\"potentialAction\":[{\"@type\":\"CommentAction\",\"name\":\"Comment\",\"target\":[\"https:\\\/\\\/redenoticiaz.com.br\\\/litoralsp\\\/2023\\\/09\\\/23\\\/tarifa-reduzida-de-importacao-de-12-produtos-de-aco-subira-em-outubro#respond\"]}]},{\"@type\":\"WebPage\",\"@id\":\"https:\\\/\\\/redenoticiaz.com.br\\\/litoralsp\\\/2023\\\/09\\\/23\\\/tarifa-reduzida-de-importacao-de-12-produtos-de-aco-subira-em-outubro\",\"url\":\"https:\\\/\\\/redenoticiaz.com.br\\\/litoralsp\\\/2023\\\/09\\\/23\\\/tarifa-reduzida-de-importacao-de-12-produtos-de-aco-subira-em-outubro\",\"name\":\"Tarifa reduzida de importa\u00e7\u00e3o de 12 produtos de a\u00e7o subir\u00e1 em outubro - Litoral SP\",\"isPartOf\":{\"@id\":\"https:\\\/\\\/redenoticiaz.com.br\\\/litoralsp\\\/#website\"},\"primaryImageOfPage\":{\"@id\":\"https:\\\/\\\/redenoticiaz.com.br\\\/litoralsp\\\/2023\\\/09\\\/23\\\/tarifa-reduzida-de-importacao-de-12-produtos-de-aco-subira-em-outubro#primaryimage\"},\"image\":{\"@id\":\"https:\\\/\\\/redenoticiaz.com.br\\\/litoralsp\\\/2023\\\/09\\\/23\\\/tarifa-reduzida-de-importacao-de-12-produtos-de-aco-subira-em-outubro#primaryimage\"},\"thumbnailUrl\":\"https:\\\/\\\/redenoticiaz.com.br\\\/litoralsp\\\/wp-content\\\/uploads\\\/sites\\\/3\\\/2023\\\/06\\\/2022-01-06t155235z_1_lynxmpei050mm_rtroptp_4_volkswagen-brazil.jpg?v=1687992109\",\"datePublished\":\"2023-09-23T17:00:01+00:00\",\"description\":\"Um total de 12 produtos de a\u00e7o que estavam com tarifa de importa\u00e7\u00e3o reduzida em 10% desde o ano passado voltar\u00e1 a entrar no pa\u00eds com as al\u00edquotas originais, de 9,6% a 12,8%.\",\"inLanguage\":\"pt-BR\",\"potentialAction\":[{\"@type\":\"ReadAction\",\"target\":[\"https:\\\/\\\/redenoticiaz.com.br\\\/litoralsp\\\/2023\\\/09\\\/23\\\/tarifa-reduzida-de-importacao-de-12-produtos-de-aco-subira-em-outubro\"]}]},{\"@type\":\"ImageObject\",\"inLanguage\":\"pt-BR\",\"@id\":\"https:\\\/\\\/redenoticiaz.com.br\\\/litoralsp\\\/2023\\\/09\\\/23\\\/tarifa-reduzida-de-importacao-de-12-produtos-de-aco-subira-em-outubro#primaryimage\",\"url\":\"https:\\\/\\\/redenoticiaz.com.br\\\/litoralsp\\\/wp-content\\\/uploads\\\/sites\\\/3\\\/2023\\\/06\\\/2022-01-06t155235z_1_lynxmpei050mm_rtroptp_4_volkswagen-brazil.jpg?v=1687992109\",\"contentUrl\":\"https:\\\/\\\/redenoticiaz.com.br\\\/litoralsp\\\/wp-content\\\/uploads\\\/sites\\\/3\\\/2023\\\/06\\\/2022-01-06t155235z_1_lynxmpei050mm_rtroptp_4_volkswagen-brazil.jpg?v=1687992109\",\"width\":1170,\"height\":700,\"caption\":\"Volkswagen suspende produ\u00e7\u00e3o de carros no pa\u00eds\"},{\"@type\":\"WebSite\",\"@id\":\"https:\\\/\\\/redenoticiaz.com.br\\\/litoralsp\\\/#website\",\"url\":\"https:\\\/\\\/redenoticiaz.com.br\\\/litoralsp\\\/\",\"name\":\"Litoral SP\",\"description\":\"Rede NoticiaZ\",\"publisher\":{\"@id\":\"https:\\\/\\\/redenoticiaz.com.br\\\/litoralsp\\\/#organization\"},\"potentialAction\":[{\"@type\":\"SearchAction\",\"target\":{\"@type\":\"EntryPoint\",\"urlTemplate\":\"https:\\\/\\\/redenoticiaz.com.br\\\/litoralsp\\\/?s={search_term_string}\"},\"query-input\":{\"@type\":\"PropertyValueSpecification\",\"valueRequired\":true,\"valueName\":\"search_term_string\"}}],\"inLanguage\":\"pt-BR\"},{\"@type\":\"Organization\",\"@id\":\"https:\\\/\\\/redenoticiaz.com.br\\\/litoralsp\\\/#organization\",\"name\":\"Litoral SP\",\"url\":\"https:\\\/\\\/redenoticiaz.com.br\\\/litoralsp\\\/\",\"logo\":{\"@type\":\"ImageObject\",\"inLanguage\":\"pt-BR\",\"@id\":\"https:\\\/\\\/redenoticiaz.com.br\\\/litoralsp\\\/#\\\/schema\\\/logo\\\/image\\\/\",\"url\":\"https:\\\/\\\/redenoticiaz.com.br\\\/litoralsp\\\/wp-content\\\/uploads\\\/sites\\\/3\\\/2020\\\/11\\\/logo.jpg\",\"contentUrl\":\"https:\\\/\\\/redenoticiaz.com.br\\\/litoralsp\\\/wp-content\\\/uploads\\\/sites\\\/3\\\/2020\\\/11\\\/logo.jpg\",\"width\":400,\"height\":250,\"caption\":\"Litoral SP\"},\"image\":{\"@id\":\"https:\\\/\\\/redenoticiaz.com.br\\\/litoralsp\\\/#\\\/schema\\\/logo\\\/image\\\/\"}},{\"@type\":\"Person\",\"@id\":\"https:\\\/\\\/redenoticiaz.com.br\\\/litoralsp\\\/#\\\/schema\\\/person\\\/16057b37a3c0ee6b096d7f887c566e2e\",\"name\":\"Gustavo Silva\",\"image\":{\"@type\":\"ImageObject\",\"inLanguage\":\"pt-BR\",\"@id\":\"https:\\\/\\\/secure.gravatar.com\\\/avatar\\\/3ee4e82f93b26de0a7cf4ea5eb7893da637ed6bb0c9170c58065944c56e28a33?s=96&d=mm&r=g\",\"url\":\"https:\\\/\\\/secure.gravatar.com\\\/avatar\\\/3ee4e82f93b26de0a7cf4ea5eb7893da637ed6bb0c9170c58065944c56e28a33?s=96&d=mm&r=g\",\"contentUrl\":\"https:\\\/\\\/secure.gravatar.com\\\/avatar\\\/3ee4e82f93b26de0a7cf4ea5eb7893da637ed6bb0c9170c58065944c56e28a33?s=96&d=mm&r=g\",\"caption\":\"Gustavo Silva\"},\"url\":\"https:\\\/\\\/redenoticiaz.com.br\\\/litoralsp\\\/author\\\/gustavosilva\"}]}<\/script>\n<!-- \/ Yoast SEO plugin. -->","yoast_head_json":{"title":"Tarifa reduzida de importa\u00e7\u00e3o de 12 produtos de a\u00e7o subir\u00e1 em outubro - Litoral SP","description":"Um total de 12 produtos de a\u00e7o que estavam com tarifa de importa\u00e7\u00e3o reduzida em 10% desde o ano passado voltar\u00e1 a entrar no pa\u00eds com as al\u00edquotas originais, de 9,6% a 12,8%.","robots":{"index":"index","follow":"follow","max-snippet":"max-snippet:-1","max-image-preview":"max-image-preview:large","max-video-preview":"max-video-preview:-1"},"canonical":"https:\/\/redenoticiaz.com.br\/litoralsp\/2023\/09\/23\/tarifa-reduzida-de-importacao-de-12-produtos-de-aco-subira-em-outubro","og_locale":"pt_BR","og_type":"article","og_title":"Tarifa reduzida de importa\u00e7\u00e3o de 12 produtos de a\u00e7o subir\u00e1 em outubro - Litoral SP","og_description":"Um total de 12 produtos de a\u00e7o que estavam com tarifa de importa\u00e7\u00e3o reduzida em 10% desde o ano passado voltar\u00e1 a entrar no pa\u00eds com as al\u00edquotas originais, de 9,6% a 12,8%.","og_url":"https:\/\/redenoticiaz.com.br\/litoralsp\/2023\/09\/23\/tarifa-reduzida-de-importacao-de-12-produtos-de-aco-subira-em-outubro","og_site_name":"Litoral SP","article_published_time":"2023-09-23T17:00:01+00:00","og_image":[{"width":1170,"height":700,"url":"https:\/\/redenoticiaz.com.br\/litoralsp\/wp-content\/uploads\/sites\/3\/2023\/06\/2022-01-06t155235z_1_lynxmpei050mm_rtroptp_4_volkswagen-brazil.jpg?v=1687992109","type":"image\/jpeg"}],"author":"Gustavo Silva","twitter_card":"summary_large_image","twitter_misc":{"Escrito por":"Gustavo Silva","Est. tempo de leitura":"3 minutos"},"schema":{"@context":"https:\/\/schema.org","@graph":[{"@type":"Article","@id":"https:\/\/redenoticiaz.com.br\/litoralsp\/2023\/09\/23\/tarifa-reduzida-de-importacao-de-12-produtos-de-aco-subira-em-outubro#article","isPartOf":{"@id":"https:\/\/redenoticiaz.com.br\/litoralsp\/2023\/09\/23\/tarifa-reduzida-de-importacao-de-12-produtos-de-aco-subira-em-outubro"},"author":{"name":"Gustavo Silva","@id":"https:\/\/redenoticiaz.com.br\/litoralsp\/#\/schema\/person\/16057b37a3c0ee6b096d7f887c566e2e"},"headline":"Tarifa reduzida de importa\u00e7\u00e3o de 12 produtos de a\u00e7o subir\u00e1 em outubro","datePublished":"2023-09-23T17:00:01+00:00","mainEntityOfPage":{"@id":"https:\/\/redenoticiaz.com.br\/litoralsp\/2023\/09\/23\/tarifa-reduzida-de-importacao-de-12-produtos-de-aco-subira-em-outubro"},"wordCount":359,"commentCount":0,"publisher":{"@id":"https:\/\/redenoticiaz.com.br\/litoralsp\/#organization"},"image":{"@id":"https:\/\/redenoticiaz.com.br\/litoralsp\/2023\/09\/23\/tarifa-reduzida-de-importacao-de-12-produtos-de-aco-subira-em-outubro#primaryimage"},"thumbnailUrl":"https:\/\/redenoticiaz.com.br\/litoralsp\/wp-content\/uploads\/sites\/3\/2023\/06\/2022-01-06t155235z_1_lynxmpei050mm_rtroptp_4_volkswagen-brazil.jpg?v=1687992109","keywords":["COVID","LISTA","TARIFA"],"articleSection":["Economia"],"inLanguage":"pt-BR","potentialAction":[{"@type":"CommentAction","name":"Comment","target":["https:\/\/redenoticiaz.com.br\/litoralsp\/2023\/09\/23\/tarifa-reduzida-de-importacao-de-12-produtos-de-aco-subira-em-outubro#respond"]}]},{"@type":"WebPage","@id":"https:\/\/redenoticiaz.com.br\/litoralsp\/2023\/09\/23\/tarifa-reduzida-de-importacao-de-12-produtos-de-aco-subira-em-outubro","url":"https:\/\/redenoticiaz.com.br\/litoralsp\/2023\/09\/23\/tarifa-reduzida-de-importacao-de-12-produtos-de-aco-subira-em-outubro","name":"Tarifa reduzida de importa\u00e7\u00e3o de 12 produtos de a\u00e7o subir\u00e1 em outubro - Litoral SP","isPartOf":{"@id":"https:\/\/redenoticiaz.com.br\/litoralsp\/#website"},"primaryImageOfPage":{"@id":"https:\/\/redenoticiaz.com.br\/litoralsp\/2023\/09\/23\/tarifa-reduzida-de-importacao-de-12-produtos-de-aco-subira-em-outubro#primaryimage"},"image":{"@id":"https:\/\/redenoticiaz.com.br\/litoralsp\/2023\/09\/23\/tarifa-reduzida-de-importacao-de-12-produtos-de-aco-subira-em-outubro#primaryimage"},"thumbnailUrl":"https:\/\/redenoticiaz.com.br\/litoralsp\/wp-content\/uploads\/sites\/3\/2023\/06\/2022-01-06t155235z_1_lynxmpei050mm_rtroptp_4_volkswagen-brazil.jpg?v=1687992109","datePublished":"2023-09-23T17:00:01+00:00","description":"Um total de 12 produtos de a\u00e7o que estavam com tarifa de importa\u00e7\u00e3o reduzida em 10% desde o ano passado voltar\u00e1 a entrar no pa\u00eds com as al\u00edquotas originais, de 9,6% a 12,8%.","inLanguage":"pt-BR","potentialAction":[{"@type":"ReadAction","target":["https:\/\/redenoticiaz.com.br\/litoralsp\/2023\/09\/23\/tarifa-reduzida-de-importacao-de-12-produtos-de-aco-subira-em-outubro"]}]},{"@type":"ImageObject","inLanguage":"pt-BR","@id":"https:\/\/redenoticiaz.com.br\/litoralsp\/2023\/09\/23\/tarifa-reduzida-de-importacao-de-12-produtos-de-aco-subira-em-outubro#primaryimage","url":"https:\/\/redenoticiaz.com.br\/litoralsp\/wp-content\/uploads\/sites\/3\/2023\/06\/2022-01-06t155235z_1_lynxmpei050mm_rtroptp_4_volkswagen-brazil.jpg?v=1687992109","contentUrl":"https:\/\/redenoticiaz.com.br\/litoralsp\/wp-content\/uploads\/sites\/3\/2023\/06\/2022-01-06t155235z_1_lynxmpei050mm_rtroptp_4_volkswagen-brazil.jpg?v=1687992109","width":1170,"height":700,"caption":"Volkswagen suspende produ\u00e7\u00e3o de carros no pa\u00eds"},{"@type":"WebSite","@id":"https:\/\/redenoticiaz.com.br\/litoralsp\/#website","url":"https:\/\/redenoticiaz.com.br\/litoralsp\/","name":"Litoral SP","description":"Rede NoticiaZ","publisher":{"@id":"https:\/\/redenoticiaz.com.br\/litoralsp\/#organization"},"potentialAction":[{"@type":"SearchAction","target":{"@type":"EntryPoint","urlTemplate":"https:\/\/redenoticiaz.com.br\/litoralsp\/?s={search_term_string}"},"query-input":{"@type":"PropertyValueSpecification","valueRequired":true,"valueName":"search_term_string"}}],"inLanguage":"pt-BR"},{"@type":"Organization","@id":"https:\/\/redenoticiaz.com.br\/litoralsp\/#organization","name":"Litoral SP","url":"https:\/\/redenoticiaz.com.br\/litoralsp\/","logo":{"@type":"ImageObject","inLanguage":"pt-BR","@id":"https:\/\/redenoticiaz.com.br\/litoralsp\/#\/schema\/logo\/image\/","url":"https:\/\/redenoticiaz.com.br\/litoralsp\/wp-content\/uploads\/sites\/3\/2020\/11\/logo.jpg","contentUrl":"https:\/\/redenoticiaz.com.br\/litoralsp\/wp-content\/uploads\/sites\/3\/2020\/11\/logo.jpg","width":400,"height":250,"caption":"Litoral SP"},"image":{"@id":"https:\/\/redenoticiaz.com.br\/litoralsp\/#\/schema\/logo\/image\/"}},{"@type":"Person","@id":"https:\/\/redenoticiaz.com.br\/litoralsp\/#\/schema\/person\/16057b37a3c0ee6b096d7f887c566e2e","name":"Gustavo Silva","image":{"@type":"ImageObject","inLanguage":"pt-BR","@id":"https:\/\/secure.gravatar.com\/avatar\/3ee4e82f93b26de0a7cf4ea5eb7893da637ed6bb0c9170c58065944c56e28a33?s=96&d=mm&r=g","url":"https:\/\/secure.gravatar.com\/avatar\/3ee4e82f93b26de0a7cf4ea5eb7893da637ed6bb0c9170c58065944c56e28a33?s=96&d=mm&r=g","contentUrl":"https:\/\/secure.gravatar.com\/avatar\/3ee4e82f93b26de0a7cf4ea5eb7893da637ed6bb0c9170c58065944c56e28a33?s=96&d=mm&r=g","caption":"Gustavo Silva"},"url":"https:\/\/redenoticiaz.com.br\/litoralsp\/author\/gustavosilva"}]}},"_links":{"self":[{"href":"https:\/\/redenoticiaz.com.br\/litoralsp\/wp-json\/wp\/v2\/posts\/110752","targetHints":{"allow":["GET"]}}],"collection":[{"href":"https:\/\/redenoticiaz.com.br\/litoralsp\/wp-json\/wp\/v2\/posts"}],"about":[{"href":"https:\/\/redenoticiaz.com.br\/litoralsp\/wp-json\/wp\/v2\/types\/post"}],"author":[{"embeddable":true,"href":"https:\/\/redenoticiaz.com.br\/litoralsp\/wp-json\/wp\/v2\/users\/12"}],"replies":[{"embeddable":true,"href":"https:\/\/redenoticiaz.com.br\/litoralsp\/wp-json\/wp\/v2\/comments?post=110752"}],"version-history":[{"count":0,"href":"https:\/\/redenoticiaz.com.br\/litoralsp\/wp-json\/wp\/v2\/posts\/110752\/revisions"}],"wp:featuredmedia":[{"embeddable":true,"href":"https:\/\/redenoticiaz.com.br\/litoralsp\/wp-json\/wp\/v2\/media\/107768"}],"wp:attachment":[{"href":"https:\/\/redenoticiaz.com.br\/litoralsp\/wp-json\/wp\/v2\/media?parent=110752"}],"wp:term":[{"taxonomy":"category","embeddable":true,"href":"https:\/\/redenoticiaz.com.br\/litoralsp\/wp-json\/wp\/v2\/categories?post=110752"},{"taxonomy":"post_tag","embeddable":true,"href":"https:\/\/redenoticiaz.com.br\/litoralsp\/wp-json\/wp\/v2\/tags?post=110752"}],"curies":[{"name":"wp","href":"https:\/\/api.w.org\/{rel}","templated":true}]}}