{"id":110807,"date":"2023-09-24T08:00:39","date_gmt":"2023-09-24T11:00:39","guid":{"rendered":"https:\/\/redenoticiaz.com.br\/litoralsp\/?p=110807"},"modified":"2023-09-21T17:40:16","modified_gmt":"2023-09-21T20:40:16","slug":"nosso-sonho-a-historia-de-claudinho-e-buchecha-nos-cinemas","status":"publish","type":"post","link":"https:\/\/redenoticiaz.com.br\/litoralsp\/2023\/09\/24\/nosso-sonho-a-historia-de-claudinho-e-buchecha-nos-cinemas","title":{"rendered":"\u2018Nosso Sonho\u2019, a hist\u00f3ria de Claudinho e Buchecha nos cinemas"},"content":{"rendered":"<p>&#8220;Nosso Sonho&#8221;, a cinebiografia de Claudinho e Buchecha, entrou em cartaz nos cinemas de todo o pa\u00eds. Dirigido por Eduardo Albergaria (&#8220;Happy Hour &#8211; Verdades e Consequ\u00eancias&#8221;). Assista ao trailer oficial.<\/p>\n<p>Contado a partir do ponto de vista de Buchecha, &#8220;Nosso Sonho&#8221; destaca a for\u00e7a de supera\u00e7\u00e3o da dupla e resgata a hist\u00f3ria por tr\u00e1s da fama que pouca gente conhece, desde a amizade ainda na inf\u00e2ncia, em uma comunidade de Niter\u00f3i, at\u00e9 a conquista do Brasil todo com a poesia da periferia.<\/p>\n<p>O p\u00fablico tamb\u00e9m conhecer\u00e1 como foram compostas algumas das can\u00e7\u00f5es que conquistam gera\u00e7\u00f5es at\u00e9 hoje.<\/p>\n<p>Os protagonistas Lucas Penteado e Juan Paiva d\u00e3o vida a Claudinho e Buchecha na tela grande e cantam sucessos da dupla como &#8220;S\u00f3 Love&#8221;, &#8220;Coisa de Cinema&#8221; e a ic\u00f4nica &#8220;Nosso Sonho&#8221;, que d\u00e1 t\u00edtulo ao filme.<\/p>\n<h3>Trailer:<\/h3>\n<p><iframe loading=\"lazy\" title=\"NOSSO SONHO | Trailer Oficial\" width=\"500\" height=\"281\" src=\"https:\/\/www.youtube.com\/embed\/03b2WGh0G6U?feature=oembed\" frameborder=\"0\" allow=\"accelerometer; autoplay; clipboard-write; encrypted-media; gyroscope; picture-in-picture; web-share\" referrerpolicy=\"strict-origin-when-cross-origin\" allowfullscreen><\/iframe><\/p>\n<p>No elenco se destacam Tatiana Tiburcio e Nando Cunha, que interpretam Dona Etelma e Souza, os pais do Buchecha; Lell\u00ea e Clara Moneke, que vivem Rosana e Vanessa, as namoradas dos m\u00fasicos; e Vinicius &#8220;Boca de 09&#8221; e Gustavo Coelho, que fazem Claudinho e Buchecha na inf\u00e2ncia, respectivamente.<\/p>\n<p>O filme conta com participa\u00e7\u00f5es especiais de Antonio Pitanga, como Seu Am\u00e9rico, Isabela Garcia, como Dona Judite, Neg\u00e3o da BL como um DJ do baile, e FP do Trem Bala e Gabriel do Borel, como a dupla Cidinha e Doca, e ainda Fl\u00e1via Souza e Reinaldo J\u00fanior.<\/p>\n<p>&#8220;Nosso Sonho&#8221; teve sua estreia internacional em 16 de setembro, no Inffinito Brazilian Film Festival.<\/p>\n<p>O pr\u00f3ximo evento marcado para a exibi\u00e7\u00e3o do filme \u00e9 o Los Angeles Brazilian Film Festival, que acontece de 23 a 26 de outubro.<\/p>\n","protected":false},"excerpt":{"rendered":"<p>&#8220;Nosso Sonho&#8221;, a cinebiografia de Claudinho e Buchecha, entrou em cartaz nos cinemas de todo o pa\u00eds. Dirigido por Eduardo Albergaria (&#8220;Happy Hour &#8211; Verdades e Consequ\u00eancias&#8221;). Assista ao trailer oficial. Contado a partir do ponto de vista de Buchecha, &#8220;Nosso Sonho&#8221; destaca a for\u00e7a de supera\u00e7\u00e3o da dupla e resgata a hist\u00f3ria por tr\u00e1s &hellip;<\/p>\n","protected":false},"author":30,"featured_media":110821,"comment_status":"open","ping_status":"closed","sticky":false,"template":"","format":"standard","meta":{"footnotes":""},"categories":[62064],"tags":[44750,67216,20229,67217,53805],"class_list":["post-110807","post","type-post","status-publish","format-standard","has-post-thumbnail","hentry","category-cameraz","tag-cinema","tag-claudinho-e-buchecha","tag-filmes","tag-nosso-sonho","tag-trailer"],"yoast_head":"<!-- This site is optimized with the Yoast SEO plugin v27.5 - https:\/\/yoast.com\/product\/yoast-seo-wordpress\/ -->\n<title>\u2018Nosso Sonho\u2019, a hist\u00f3ria de Claudinho e Buchecha nos cinemas - Litoral SP<\/title>\n<meta name=\"description\" content=\"&quot;Nosso Sonho&quot;, a cinebiografia de Claudinho e Buchecha, entrou em cartaz nos cinemas de todo o pa\u00eds. Dirigido por Eduardo Albergaria.\" \/>\n<meta name=\"robots\" content=\"index, follow, max-snippet:-1, max-image-preview:large, max-video-preview:-1\" \/>\n<link rel=\"canonical\" href=\"https:\/\/redenoticiaz.com.br\/litoralsp\/2023\/09\/24\/nosso-sonho-a-historia-de-claudinho-e-buchecha-nos-cinemas\" \/>\n<meta property=\"og:locale\" content=\"pt_BR\" \/>\n<meta property=\"og:type\" content=\"article\" \/>\n<meta property=\"og:title\" content=\"\u2018Nosso Sonho\u2019, a hist\u00f3ria de Claudinho e Buchecha nos cinemas - Litoral SP\" \/>\n<meta property=\"og:description\" content=\"&quot;Nosso Sonho&quot;, a cinebiografia de Claudinho e Buchecha, entrou em cartaz nos cinemas de todo o pa\u00eds. Dirigido por Eduardo Albergaria.\" \/>\n<meta property=\"og:url\" content=\"https:\/\/redenoticiaz.com.br\/litoralsp\/2023\/09\/24\/nosso-sonho-a-historia-de-claudinho-e-buchecha-nos-cinemas\" \/>\n<meta property=\"og:site_name\" content=\"Litoral SP\" \/>\n<meta property=\"article:published_time\" content=\"2023-09-24T11:00:39+00:00\" \/>\n<meta property=\"og:image\" content=\"https:\/\/redenoticiaz.com.br\/litoralsp\/wp-content\/uploads\/sites\/3\/2023\/09\/A029C001_220525FI-1625_Joao-Atala-scaled.jpg\" \/>\n\t<meta property=\"og:image:width\" content=\"1920\" \/>\n\t<meta property=\"og:image:height\" content=\"709\" \/>\n\t<meta property=\"og:image:type\" content=\"image\/jpeg\" \/>\n<meta name=\"author\" content=\"Carina Reifonas\" \/>\n<meta name=\"twitter:card\" content=\"summary_large_image\" \/>\n<meta name=\"twitter:label1\" content=\"Escrito por\" \/>\n\t<meta name=\"twitter:data1\" content=\"Carina Reifonas\" \/>\n\t<meta name=\"twitter:label2\" content=\"Est. tempo de leitura\" \/>\n\t<meta name=\"twitter:data2\" content=\"2 minutos\" \/>\n<script type=\"application\/ld+json\" class=\"yoast-schema-graph\">{\"@context\":\"https:\\\/\\\/schema.org\",\"@graph\":[{\"@type\":\"Article\",\"@id\":\"https:\\\/\\\/redenoticiaz.com.br\\\/litoralsp\\\/2023\\\/09\\\/24\\\/nosso-sonho-a-historia-de-claudinho-e-buchecha-nos-cinemas#article\",\"isPartOf\":{\"@id\":\"https:\\\/\\\/redenoticiaz.com.br\\\/litoralsp\\\/2023\\\/09\\\/24\\\/nosso-sonho-a-historia-de-claudinho-e-buchecha-nos-cinemas\"},\"author\":{\"name\":\"Carina Reifonas\",\"@id\":\"https:\\\/\\\/redenoticiaz.com.br\\\/litoralsp\\\/#\\\/schema\\\/person\\\/1f84d6e94e6a62d2d81199d7503e9e90\"},\"headline\":\"\u2018Nosso Sonho\u2019, a hist\u00f3ria de Claudinho e Buchecha nos cinemas\",\"datePublished\":\"2023-09-24T11:00:39+00:00\",\"mainEntityOfPage\":{\"@id\":\"https:\\\/\\\/redenoticiaz.com.br\\\/litoralsp\\\/2023\\\/09\\\/24\\\/nosso-sonho-a-historia-de-claudinho-e-buchecha-nos-cinemas\"},\"wordCount\":312,\"commentCount\":0,\"publisher\":{\"@id\":\"https:\\\/\\\/redenoticiaz.com.br\\\/litoralsp\\\/#organization\"},\"image\":{\"@id\":\"https:\\\/\\\/redenoticiaz.com.br\\\/litoralsp\\\/2023\\\/09\\\/24\\\/nosso-sonho-a-historia-de-claudinho-e-buchecha-nos-cinemas#primaryimage\"},\"thumbnailUrl\":\"https:\\\/\\\/redenoticiaz.com.br\\\/litoralsp\\\/wp-content\\\/uploads\\\/sites\\\/3\\\/2023\\\/09\\\/A029C001_220525FI-1625_Joao-Atala-scaled.jpg\",\"keywords\":[\"CINEMA\",\"Claudinho e Buchecha\",\"FILMES\",\"nosso sonho\",\"TRAILER\"],\"articleSection\":[\"C\u00e2mera Z\"],\"inLanguage\":\"pt-BR\",\"potentialAction\":[{\"@type\":\"CommentAction\",\"name\":\"Comment\",\"target\":[\"https:\\\/\\\/redenoticiaz.com.br\\\/litoralsp\\\/2023\\\/09\\\/24\\\/nosso-sonho-a-historia-de-claudinho-e-buchecha-nos-cinemas#respond\"]}]},{\"@type\":\"WebPage\",\"@id\":\"https:\\\/\\\/redenoticiaz.com.br\\\/litoralsp\\\/2023\\\/09\\\/24\\\/nosso-sonho-a-historia-de-claudinho-e-buchecha-nos-cinemas\",\"url\":\"https:\\\/\\\/redenoticiaz.com.br\\\/litoralsp\\\/2023\\\/09\\\/24\\\/nosso-sonho-a-historia-de-claudinho-e-buchecha-nos-cinemas\",\"name\":\"\u2018Nosso Sonho\u2019, a hist\u00f3ria de Claudinho e Buchecha nos cinemas - Litoral SP\",\"isPartOf\":{\"@id\":\"https:\\\/\\\/redenoticiaz.com.br\\\/litoralsp\\\/#website\"},\"primaryImageOfPage\":{\"@id\":\"https:\\\/\\\/redenoticiaz.com.br\\\/litoralsp\\\/2023\\\/09\\\/24\\\/nosso-sonho-a-historia-de-claudinho-e-buchecha-nos-cinemas#primaryimage\"},\"image\":{\"@id\":\"https:\\\/\\\/redenoticiaz.com.br\\\/litoralsp\\\/2023\\\/09\\\/24\\\/nosso-sonho-a-historia-de-claudinho-e-buchecha-nos-cinemas#primaryimage\"},\"thumbnailUrl\":\"https:\\\/\\\/redenoticiaz.com.br\\\/litoralsp\\\/wp-content\\\/uploads\\\/sites\\\/3\\\/2023\\\/09\\\/A029C001_220525FI-1625_Joao-Atala-scaled.jpg\",\"datePublished\":\"2023-09-24T11:00:39+00:00\",\"description\":\"\\\"Nosso Sonho\\\", a cinebiografia de Claudinho e Buchecha, entrou em cartaz nos cinemas de todo o pa\u00eds. Dirigido por Eduardo Albergaria.\",\"inLanguage\":\"pt-BR\",\"potentialAction\":[{\"@type\":\"ReadAction\",\"target\":[\"https:\\\/\\\/redenoticiaz.com.br\\\/litoralsp\\\/2023\\\/09\\\/24\\\/nosso-sonho-a-historia-de-claudinho-e-buchecha-nos-cinemas\"]}]},{\"@type\":\"ImageObject\",\"inLanguage\":\"pt-BR\",\"@id\":\"https:\\\/\\\/redenoticiaz.com.br\\\/litoralsp\\\/2023\\\/09\\\/24\\\/nosso-sonho-a-historia-de-claudinho-e-buchecha-nos-cinemas#primaryimage\",\"url\":\"https:\\\/\\\/redenoticiaz.com.br\\\/litoralsp\\\/wp-content\\\/uploads\\\/sites\\\/3\\\/2023\\\/09\\\/A029C001_220525FI-1625_Joao-Atala-scaled.jpg\",\"contentUrl\":\"https:\\\/\\\/redenoticiaz.com.br\\\/litoralsp\\\/wp-content\\\/uploads\\\/sites\\\/3\\\/2023\\\/09\\\/A029C001_220525FI-1625_Joao-Atala-scaled.jpg\",\"width\":1920,\"height\":709},{\"@type\":\"WebSite\",\"@id\":\"https:\\\/\\\/redenoticiaz.com.br\\\/litoralsp\\\/#website\",\"url\":\"https:\\\/\\\/redenoticiaz.com.br\\\/litoralsp\\\/\",\"name\":\"Litoral SP\",\"description\":\"Rede NoticiaZ\",\"publisher\":{\"@id\":\"https:\\\/\\\/redenoticiaz.com.br\\\/litoralsp\\\/#organization\"},\"potentialAction\":[{\"@type\":\"SearchAction\",\"target\":{\"@type\":\"EntryPoint\",\"urlTemplate\":\"https:\\\/\\\/redenoticiaz.com.br\\\/litoralsp\\\/?s={search_term_string}\"},\"query-input\":{\"@type\":\"PropertyValueSpecification\",\"valueRequired\":true,\"valueName\":\"search_term_string\"}}],\"inLanguage\":\"pt-BR\"},{\"@type\":\"Organization\",\"@id\":\"https:\\\/\\\/redenoticiaz.com.br\\\/litoralsp\\\/#organization\",\"name\":\"Litoral SP\",\"url\":\"https:\\\/\\\/redenoticiaz.com.br\\\/litoralsp\\\/\",\"logo\":{\"@type\":\"ImageObject\",\"inLanguage\":\"pt-BR\",\"@id\":\"https:\\\/\\\/redenoticiaz.com.br\\\/litoralsp\\\/#\\\/schema\\\/logo\\\/image\\\/\",\"url\":\"https:\\\/\\\/redenoticiaz.com.br\\\/litoralsp\\\/wp-content\\\/uploads\\\/sites\\\/3\\\/2020\\\/11\\\/logo.jpg\",\"contentUrl\":\"https:\\\/\\\/redenoticiaz.com.br\\\/litoralsp\\\/wp-content\\\/uploads\\\/sites\\\/3\\\/2020\\\/11\\\/logo.jpg\",\"width\":400,\"height\":250,\"caption\":\"Litoral SP\"},\"image\":{\"@id\":\"https:\\\/\\\/redenoticiaz.com.br\\\/litoralsp\\\/#\\\/schema\\\/logo\\\/image\\\/\"}},{\"@type\":\"Person\",\"@id\":\"https:\\\/\\\/redenoticiaz.com.br\\\/litoralsp\\\/#\\\/schema\\\/person\\\/1f84d6e94e6a62d2d81199d7503e9e90\",\"name\":\"Carina Reifonas\",\"image\":{\"@type\":\"ImageObject\",\"inLanguage\":\"pt-BR\",\"@id\":\"https:\\\/\\\/secure.gravatar.com\\\/avatar\\\/04c59859b23696cf867715880f81d5c037e60109730bdb4e6670ec2a2245bc97?s=96&d=mm&r=g\",\"url\":\"https:\\\/\\\/secure.gravatar.com\\\/avatar\\\/04c59859b23696cf867715880f81d5c037e60109730bdb4e6670ec2a2245bc97?s=96&d=mm&r=g\",\"contentUrl\":\"https:\\\/\\\/secure.gravatar.com\\\/avatar\\\/04c59859b23696cf867715880f81d5c037e60109730bdb4e6670ec2a2245bc97?s=96&d=mm&r=g\",\"caption\":\"Carina Reifonas\"},\"url\":\"https:\\\/\\\/redenoticiaz.com.br\\\/litoralsp\\\/author\\\/carinareifonas\"}]}<\/script>\n<!-- \/ Yoast SEO plugin. -->","yoast_head_json":{"title":"\u2018Nosso Sonho\u2019, a hist\u00f3ria de Claudinho e Buchecha nos cinemas - Litoral SP","description":"\"Nosso Sonho\", a cinebiografia de Claudinho e Buchecha, entrou em cartaz nos cinemas de todo o pa\u00eds. Dirigido por Eduardo Albergaria.","robots":{"index":"index","follow":"follow","max-snippet":"max-snippet:-1","max-image-preview":"max-image-preview:large","max-video-preview":"max-video-preview:-1"},"canonical":"https:\/\/redenoticiaz.com.br\/litoralsp\/2023\/09\/24\/nosso-sonho-a-historia-de-claudinho-e-buchecha-nos-cinemas","og_locale":"pt_BR","og_type":"article","og_title":"\u2018Nosso Sonho\u2019, a hist\u00f3ria de Claudinho e Buchecha nos cinemas - Litoral SP","og_description":"\"Nosso Sonho\", a cinebiografia de Claudinho e Buchecha, entrou em cartaz nos cinemas de todo o pa\u00eds. Dirigido por Eduardo Albergaria.","og_url":"https:\/\/redenoticiaz.com.br\/litoralsp\/2023\/09\/24\/nosso-sonho-a-historia-de-claudinho-e-buchecha-nos-cinemas","og_site_name":"Litoral SP","article_published_time":"2023-09-24T11:00:39+00:00","og_image":[{"width":1920,"height":709,"url":"https:\/\/redenoticiaz.com.br\/litoralsp\/wp-content\/uploads\/sites\/3\/2023\/09\/A029C001_220525FI-1625_Joao-Atala-scaled.jpg","type":"image\/jpeg"}],"author":"Carina Reifonas","twitter_card":"summary_large_image","twitter_misc":{"Escrito por":"Carina Reifonas","Est. tempo de leitura":"2 minutos"},"schema":{"@context":"https:\/\/schema.org","@graph":[{"@type":"Article","@id":"https:\/\/redenoticiaz.com.br\/litoralsp\/2023\/09\/24\/nosso-sonho-a-historia-de-claudinho-e-buchecha-nos-cinemas#article","isPartOf":{"@id":"https:\/\/redenoticiaz.com.br\/litoralsp\/2023\/09\/24\/nosso-sonho-a-historia-de-claudinho-e-buchecha-nos-cinemas"},"author":{"name":"Carina Reifonas","@id":"https:\/\/redenoticiaz.com.br\/litoralsp\/#\/schema\/person\/1f84d6e94e6a62d2d81199d7503e9e90"},"headline":"\u2018Nosso Sonho\u2019, a hist\u00f3ria de Claudinho e Buchecha nos cinemas","datePublished":"2023-09-24T11:00:39+00:00","mainEntityOfPage":{"@id":"https:\/\/redenoticiaz.com.br\/litoralsp\/2023\/09\/24\/nosso-sonho-a-historia-de-claudinho-e-buchecha-nos-cinemas"},"wordCount":312,"commentCount":0,"publisher":{"@id":"https:\/\/redenoticiaz.com.br\/litoralsp\/#organization"},"image":{"@id":"https:\/\/redenoticiaz.com.br\/litoralsp\/2023\/09\/24\/nosso-sonho-a-historia-de-claudinho-e-buchecha-nos-cinemas#primaryimage"},"thumbnailUrl":"https:\/\/redenoticiaz.com.br\/litoralsp\/wp-content\/uploads\/sites\/3\/2023\/09\/A029C001_220525FI-1625_Joao-Atala-scaled.jpg","keywords":["CINEMA","Claudinho e Buchecha","FILMES","nosso sonho","TRAILER"],"articleSection":["C\u00e2mera Z"],"inLanguage":"pt-BR","potentialAction":[{"@type":"CommentAction","name":"Comment","target":["https:\/\/redenoticiaz.com.br\/litoralsp\/2023\/09\/24\/nosso-sonho-a-historia-de-claudinho-e-buchecha-nos-cinemas#respond"]}]},{"@type":"WebPage","@id":"https:\/\/redenoticiaz.com.br\/litoralsp\/2023\/09\/24\/nosso-sonho-a-historia-de-claudinho-e-buchecha-nos-cinemas","url":"https:\/\/redenoticiaz.com.br\/litoralsp\/2023\/09\/24\/nosso-sonho-a-historia-de-claudinho-e-buchecha-nos-cinemas","name":"\u2018Nosso Sonho\u2019, a hist\u00f3ria de Claudinho e Buchecha nos cinemas - Litoral SP","isPartOf":{"@id":"https:\/\/redenoticiaz.com.br\/litoralsp\/#website"},"primaryImageOfPage":{"@id":"https:\/\/redenoticiaz.com.br\/litoralsp\/2023\/09\/24\/nosso-sonho-a-historia-de-claudinho-e-buchecha-nos-cinemas#primaryimage"},"image":{"@id":"https:\/\/redenoticiaz.com.br\/litoralsp\/2023\/09\/24\/nosso-sonho-a-historia-de-claudinho-e-buchecha-nos-cinemas#primaryimage"},"thumbnailUrl":"https:\/\/redenoticiaz.com.br\/litoralsp\/wp-content\/uploads\/sites\/3\/2023\/09\/A029C001_220525FI-1625_Joao-Atala-scaled.jpg","datePublished":"2023-09-24T11:00:39+00:00","description":"\"Nosso Sonho\", a cinebiografia de Claudinho e Buchecha, entrou em cartaz nos cinemas de todo o pa\u00eds. Dirigido por Eduardo Albergaria.","inLanguage":"pt-BR","potentialAction":[{"@type":"ReadAction","target":["https:\/\/redenoticiaz.com.br\/litoralsp\/2023\/09\/24\/nosso-sonho-a-historia-de-claudinho-e-buchecha-nos-cinemas"]}]},{"@type":"ImageObject","inLanguage":"pt-BR","@id":"https:\/\/redenoticiaz.com.br\/litoralsp\/2023\/09\/24\/nosso-sonho-a-historia-de-claudinho-e-buchecha-nos-cinemas#primaryimage","url":"https:\/\/redenoticiaz.com.br\/litoralsp\/wp-content\/uploads\/sites\/3\/2023\/09\/A029C001_220525FI-1625_Joao-Atala-scaled.jpg","contentUrl":"https:\/\/redenoticiaz.com.br\/litoralsp\/wp-content\/uploads\/sites\/3\/2023\/09\/A029C001_220525FI-1625_Joao-Atala-scaled.jpg","width":1920,"height":709},{"@type":"WebSite","@id":"https:\/\/redenoticiaz.com.br\/litoralsp\/#website","url":"https:\/\/redenoticiaz.com.br\/litoralsp\/","name":"Litoral SP","description":"Rede NoticiaZ","publisher":{"@id":"https:\/\/redenoticiaz.com.br\/litoralsp\/#organization"},"potentialAction":[{"@type":"SearchAction","target":{"@type":"EntryPoint","urlTemplate":"https:\/\/redenoticiaz.com.br\/litoralsp\/?s={search_term_string}"},"query-input":{"@type":"PropertyValueSpecification","valueRequired":true,"valueName":"search_term_string"}}],"inLanguage":"pt-BR"},{"@type":"Organization","@id":"https:\/\/redenoticiaz.com.br\/litoralsp\/#organization","name":"Litoral SP","url":"https:\/\/redenoticiaz.com.br\/litoralsp\/","logo":{"@type":"ImageObject","inLanguage":"pt-BR","@id":"https:\/\/redenoticiaz.com.br\/litoralsp\/#\/schema\/logo\/image\/","url":"https:\/\/redenoticiaz.com.br\/litoralsp\/wp-content\/uploads\/sites\/3\/2020\/11\/logo.jpg","contentUrl":"https:\/\/redenoticiaz.com.br\/litoralsp\/wp-content\/uploads\/sites\/3\/2020\/11\/logo.jpg","width":400,"height":250,"caption":"Litoral SP"},"image":{"@id":"https:\/\/redenoticiaz.com.br\/litoralsp\/#\/schema\/logo\/image\/"}},{"@type":"Person","@id":"https:\/\/redenoticiaz.com.br\/litoralsp\/#\/schema\/person\/1f84d6e94e6a62d2d81199d7503e9e90","name":"Carina Reifonas","image":{"@type":"ImageObject","inLanguage":"pt-BR","@id":"https:\/\/secure.gravatar.com\/avatar\/04c59859b23696cf867715880f81d5c037e60109730bdb4e6670ec2a2245bc97?s=96&d=mm&r=g","url":"https:\/\/secure.gravatar.com\/avatar\/04c59859b23696cf867715880f81d5c037e60109730bdb4e6670ec2a2245bc97?s=96&d=mm&r=g","contentUrl":"https:\/\/secure.gravatar.com\/avatar\/04c59859b23696cf867715880f81d5c037e60109730bdb4e6670ec2a2245bc97?s=96&d=mm&r=g","caption":"Carina Reifonas"},"url":"https:\/\/redenoticiaz.com.br\/litoralsp\/author\/carinareifonas"}]}},"_links":{"self":[{"href":"https:\/\/redenoticiaz.com.br\/litoralsp\/wp-json\/wp\/v2\/posts\/110807","targetHints":{"allow":["GET"]}}],"collection":[{"href":"https:\/\/redenoticiaz.com.br\/litoralsp\/wp-json\/wp\/v2\/posts"}],"about":[{"href":"https:\/\/redenoticiaz.com.br\/litoralsp\/wp-json\/wp\/v2\/types\/post"}],"author":[{"embeddable":true,"href":"https:\/\/redenoticiaz.com.br\/litoralsp\/wp-json\/wp\/v2\/users\/30"}],"replies":[{"embeddable":true,"href":"https:\/\/redenoticiaz.com.br\/litoralsp\/wp-json\/wp\/v2\/comments?post=110807"}],"version-history":[{"count":1,"href":"https:\/\/redenoticiaz.com.br\/litoralsp\/wp-json\/wp\/v2\/posts\/110807\/revisions"}],"predecessor-version":[{"id":110819,"href":"https:\/\/redenoticiaz.com.br\/litoralsp\/wp-json\/wp\/v2\/posts\/110807\/revisions\/110819"}],"wp:featuredmedia":[{"embeddable":true,"href":"https:\/\/redenoticiaz.com.br\/litoralsp\/wp-json\/wp\/v2\/media\/110821"}],"wp:attachment":[{"href":"https:\/\/redenoticiaz.com.br\/litoralsp\/wp-json\/wp\/v2\/media?parent=110807"}],"wp:term":[{"taxonomy":"category","embeddable":true,"href":"https:\/\/redenoticiaz.com.br\/litoralsp\/wp-json\/wp\/v2\/categories?post=110807"},{"taxonomy":"post_tag","embeddable":true,"href":"https:\/\/redenoticiaz.com.br\/litoralsp\/wp-json\/wp\/v2\/tags?post=110807"}],"curies":[{"name":"wp","href":"https:\/\/api.w.org\/{rel}","templated":true}]}}