{"id":110829,"date":"2023-09-24T11:00:08","date_gmt":"2023-09-24T14:00:08","guid":{"rendered":"https:\/\/redenoticiaz.com.br\/litoralsp\/?p=110829"},"modified":"2023-09-21T21:28:11","modified_gmt":"2023-09-22T00:28:11","slug":"entidades-fazem-plebiscito-contra-privatizacao-da-sabesp-cptm-e-metro","status":"publish","type":"post","link":"https:\/\/redenoticiaz.com.br\/litoralsp\/2023\/09\/24\/entidades-fazem-plebiscito-contra-privatizacao-da-sabesp-cptm-e-metro","title":{"rendered":"Entidades fazem plebiscito contra privatiza\u00e7\u00e3o da Sabesp, CPTM e Metr\u00f4"},"content":{"rendered":"<p>Movimentos sociais e sindicais e entidades representativas dos trabalhadores da Companhia de Saneamento B\u00e1sico do Estado de S\u00e3o Paulo (Sabesp), da Companhia Paulista de Trens Metropolitanos (CPTM), e da Companhia do Metropolitano de S\u00e3o Paulo (Metr\u00f4) realizaram na tarde desta quinta-feira (21) mais um dia de vota\u00e7\u00e3o do plebiscito popular contra a privatiza\u00e7\u00e3o das tr\u00eas empresas, atualmente geridas pelo poder p\u00fablico.<img decoding=\"async\" src=\"https:\/\/agenciabrasil.ebc.com.br\/ebc.png?id=1556930&amp;o=node\" \/><img decoding=\"async\" src=\"https:\/\/agenciabrasil.ebc.com.br\/ebc.gif?id=1556930&amp;o=node\" \/><\/p>\n<p>O plebiscito &#8211; iniciado no \u00faltimo dia 5 &#8211; tem dezenas de locais de vota\u00e7\u00e3o espalhados pelo estado de S\u00e3o Paulo. Hoje, a campanha abriu mais um ponto: em frente \u00e0 esta\u00e7\u00e3o Lapa da CPTM, na regi\u00e3o oeste da capital paulista.<\/p>\n<h2>Ponto de coleta<\/h2>\n<p>\u201cHoje estamos abrindo mais um ponto de coleta do plebiscito contra a privatiza\u00e7\u00e3o da Sabesp, da CPTM e do Metr\u00f4 de S\u00e3o Paulo. O plebiscito abre a possibilidade para as pessoas dizerem se s\u00e3o a favor de passar essas empresas para a iniciativa privada\u201d, explicou a presidenta do Sindicato dos Metrovi\u00e1rios de S\u00e3o Paulo, Camila Lisboa.<\/p>\n<p>A lista de locais onde as pessoas podem votar no plebiscito pode ser encontrada no\u00a0<a href=\"http:\/\/contraprivatizacao.com\/\" target=\"_blank\" rel=\"noopener\">site<\/a>. Al\u00e9m do plebiscito, que ocorrer\u00e1 at\u00e9 5 de novembro, os metrovi\u00e1rios, ferrovi\u00e1rios e trabalhadores da Sabesp aprovaram fazer uma greve conjunta de 24 horas no pr\u00f3ximo dia 3 de outubro contra a privatiza\u00e7\u00e3o das empresas.<\/p>\n<p>Leia mais<\/p>\n<p><a href=\"https:\/\/redenoticiaz.com.br\/blog\/2022\/02\/04\/prefeitos-de-santos-e-guaruja-discordam-do-modelo-de-privatizacao-das-travessias\">Prefeitos de Santos e Guaruj\u00e1 discordam do modelo de privatiza\u00e7\u00e3o das travessias<\/a><\/p>\n<p><a href=\"https:\/\/redenoticiaz.com.br\/blog\/2020\/10\/28\/sus-pode-ter-privatizacao\">SUS pode ter privatiza\u00e7\u00e3o<\/a><\/p>\n","protected":false},"excerpt":{"rendered":"<p>Movimentos sociais e sindicais e entidades representativas dos trabalhadores da Companhia de Saneamento B\u00e1sico do Estado de S\u00e3o Paulo (Sabesp), da Companhia Paulista de Trens Metropolitanos (CPTM), e da Companhia do Metropolitano de S\u00e3o Paulo (Metr\u00f4) realizaram na tarde desta quinta-feira (21) mais um dia de vota\u00e7\u00e3o do plebiscito popular contra a privatiza\u00e7\u00e3o das tr\u00eas &hellip;<\/p>\n","protected":false},"author":12,"featured_media":102972,"comment_status":"open","ping_status":"closed","sticky":false,"template":"","format":"standard","meta":{"footnotes":""},"categories":[97,1579],"tags":[48443,25484,7351],"class_list":["post-110829","post","type-post","status-publish","format-standard","has-post-thumbnail","hentry","category-economia","category-obras","tag-metro","tag-privatizacao","tag-sabesp"],"yoast_head":"<!-- This site is optimized with the Yoast SEO plugin v27.4 - https:\/\/yoast.com\/product\/yoast-seo-wordpress\/ -->\n<title>Entidades fazem plebiscito contra privatiza\u00e7\u00e3o da Sabesp, CPTM e Metr\u00f4 - Litoral SP<\/title>\n<meta name=\"description\" content=\"O plebiscito - iniciado no \u00faltimo dia 5 - tem dezenas de locais de vota\u00e7\u00e3o espalhados pelo estado de S\u00e3o Paulo.\" \/>\n<meta name=\"robots\" content=\"index, follow, max-snippet:-1, max-image-preview:large, max-video-preview:-1\" \/>\n<link rel=\"canonical\" href=\"https:\/\/redenoticiaz.com.br\/litoralsp\/2023\/09\/24\/entidades-fazem-plebiscito-contra-privatizacao-da-sabesp-cptm-e-metro\" \/>\n<meta property=\"og:locale\" content=\"pt_BR\" \/>\n<meta property=\"og:type\" content=\"article\" \/>\n<meta property=\"og:title\" content=\"Entidades fazem plebiscito contra privatiza\u00e7\u00e3o da Sabesp, CPTM e Metr\u00f4 - Litoral SP\" \/>\n<meta property=\"og:description\" content=\"O plebiscito - iniciado no \u00faltimo dia 5 - tem dezenas de locais de vota\u00e7\u00e3o espalhados pelo estado de S\u00e3o Paulo.\" \/>\n<meta property=\"og:url\" content=\"https:\/\/redenoticiaz.com.br\/litoralsp\/2023\/09\/24\/entidades-fazem-plebiscito-contra-privatizacao-da-sabesp-cptm-e-metro\" \/>\n<meta property=\"og:site_name\" content=\"Litoral SP\" \/>\n<meta property=\"article:published_time\" content=\"2023-09-24T14:00:08+00:00\" \/>\n<meta property=\"og:image\" content=\"https:\/\/redenoticiaz.com.br\/litoralsp\/wp-content\/uploads\/sites\/3\/2023\/03\/20230323110140_mg_4634.jpg\" \/>\n\t<meta property=\"og:image:width\" content=\"1170\" \/>\n\t<meta property=\"og:image:height\" content=\"700\" \/>\n\t<meta property=\"og:image:type\" content=\"image\/jpeg\" \/>\n<meta name=\"author\" content=\"Gustavo Silva\" \/>\n<meta name=\"twitter:card\" content=\"summary_large_image\" \/>\n<meta name=\"twitter:label1\" content=\"Escrito por\" \/>\n\t<meta name=\"twitter:data1\" content=\"Gustavo Silva\" \/>\n\t<meta name=\"twitter:label2\" content=\"Est. tempo de leitura\" \/>\n\t<meta name=\"twitter:data2\" content=\"2 minutos\" \/>\n<script type=\"application\/ld+json\" class=\"yoast-schema-graph\">{\"@context\":\"https:\\\/\\\/schema.org\",\"@graph\":[{\"@type\":\"Article\",\"@id\":\"https:\\\/\\\/redenoticiaz.com.br\\\/litoralsp\\\/2023\\\/09\\\/24\\\/entidades-fazem-plebiscito-contra-privatizacao-da-sabesp-cptm-e-metro#article\",\"isPartOf\":{\"@id\":\"https:\\\/\\\/redenoticiaz.com.br\\\/litoralsp\\\/2023\\\/09\\\/24\\\/entidades-fazem-plebiscito-contra-privatizacao-da-sabesp-cptm-e-metro\"},\"author\":{\"name\":\"Gustavo Silva\",\"@id\":\"https:\\\/\\\/redenoticiaz.com.br\\\/litoralsp\\\/#\\\/schema\\\/person\\\/16057b37a3c0ee6b096d7f887c566e2e\"},\"headline\":\"Entidades fazem plebiscito contra privatiza\u00e7\u00e3o da Sabesp, CPTM e Metr\u00f4\",\"datePublished\":\"2023-09-24T14:00:08+00:00\",\"mainEntityOfPage\":{\"@id\":\"https:\\\/\\\/redenoticiaz.com.br\\\/litoralsp\\\/2023\\\/09\\\/24\\\/entidades-fazem-plebiscito-contra-privatizacao-da-sabesp-cptm-e-metro\"},\"wordCount\":258,\"commentCount\":0,\"publisher\":{\"@id\":\"https:\\\/\\\/redenoticiaz.com.br\\\/litoralsp\\\/#organization\"},\"image\":{\"@id\":\"https:\\\/\\\/redenoticiaz.com.br\\\/litoralsp\\\/2023\\\/09\\\/24\\\/entidades-fazem-plebiscito-contra-privatizacao-da-sabesp-cptm-e-metro#primaryimage\"},\"thumbnailUrl\":\"https:\\\/\\\/redenoticiaz.com.br\\\/litoralsp\\\/wp-content\\\/uploads\\\/sites\\\/3\\\/2023\\\/03\\\/20230323110140_mg_4634.jpg\",\"keywords\":[\"metr\u00f4\",\"PRIVATIZA\u00c7\u00c3O\",\"SABESP\"],\"articleSection\":[\"Economia\",\"Obras\"],\"inLanguage\":\"pt-BR\",\"potentialAction\":[{\"@type\":\"CommentAction\",\"name\":\"Comment\",\"target\":[\"https:\\\/\\\/redenoticiaz.com.br\\\/litoralsp\\\/2023\\\/09\\\/24\\\/entidades-fazem-plebiscito-contra-privatizacao-da-sabesp-cptm-e-metro#respond\"]}]},{\"@type\":\"WebPage\",\"@id\":\"https:\\\/\\\/redenoticiaz.com.br\\\/litoralsp\\\/2023\\\/09\\\/24\\\/entidades-fazem-plebiscito-contra-privatizacao-da-sabesp-cptm-e-metro\",\"url\":\"https:\\\/\\\/redenoticiaz.com.br\\\/litoralsp\\\/2023\\\/09\\\/24\\\/entidades-fazem-plebiscito-contra-privatizacao-da-sabesp-cptm-e-metro\",\"name\":\"Entidades fazem plebiscito contra privatiza\u00e7\u00e3o da Sabesp, CPTM e Metr\u00f4 - Litoral SP\",\"isPartOf\":{\"@id\":\"https:\\\/\\\/redenoticiaz.com.br\\\/litoralsp\\\/#website\"},\"primaryImageOfPage\":{\"@id\":\"https:\\\/\\\/redenoticiaz.com.br\\\/litoralsp\\\/2023\\\/09\\\/24\\\/entidades-fazem-plebiscito-contra-privatizacao-da-sabesp-cptm-e-metro#primaryimage\"},\"image\":{\"@id\":\"https:\\\/\\\/redenoticiaz.com.br\\\/litoralsp\\\/2023\\\/09\\\/24\\\/entidades-fazem-plebiscito-contra-privatizacao-da-sabesp-cptm-e-metro#primaryimage\"},\"thumbnailUrl\":\"https:\\\/\\\/redenoticiaz.com.br\\\/litoralsp\\\/wp-content\\\/uploads\\\/sites\\\/3\\\/2023\\\/03\\\/20230323110140_mg_4634.jpg\",\"datePublished\":\"2023-09-24T14:00:08+00:00\",\"description\":\"O plebiscito - iniciado no \u00faltimo dia 5 - tem dezenas de locais de vota\u00e7\u00e3o espalhados pelo estado de S\u00e3o Paulo.\",\"inLanguage\":\"pt-BR\",\"potentialAction\":[{\"@type\":\"ReadAction\",\"target\":[\"https:\\\/\\\/redenoticiaz.com.br\\\/litoralsp\\\/2023\\\/09\\\/24\\\/entidades-fazem-plebiscito-contra-privatizacao-da-sabesp-cptm-e-metro\"]}]},{\"@type\":\"ImageObject\",\"inLanguage\":\"pt-BR\",\"@id\":\"https:\\\/\\\/redenoticiaz.com.br\\\/litoralsp\\\/2023\\\/09\\\/24\\\/entidades-fazem-plebiscito-contra-privatizacao-da-sabesp-cptm-e-metro#primaryimage\",\"url\":\"https:\\\/\\\/redenoticiaz.com.br\\\/litoralsp\\\/wp-content\\\/uploads\\\/sites\\\/3\\\/2023\\\/03\\\/20230323110140_mg_4634.jpg\",\"contentUrl\":\"https:\\\/\\\/redenoticiaz.com.br\\\/litoralsp\\\/wp-content\\\/uploads\\\/sites\\\/3\\\/2023\\\/03\\\/20230323110140_mg_4634.jpg\",\"width\":1170,\"height\":700,\"caption\":\"SP: Metr\u00f4 n\u00e3o apresenta proposta e audi\u00eancia termina sem acordo\"},{\"@type\":\"WebSite\",\"@id\":\"https:\\\/\\\/redenoticiaz.com.br\\\/litoralsp\\\/#website\",\"url\":\"https:\\\/\\\/redenoticiaz.com.br\\\/litoralsp\\\/\",\"name\":\"Litoral SP\",\"description\":\"Rede NoticiaZ\",\"publisher\":{\"@id\":\"https:\\\/\\\/redenoticiaz.com.br\\\/litoralsp\\\/#organization\"},\"potentialAction\":[{\"@type\":\"SearchAction\",\"target\":{\"@type\":\"EntryPoint\",\"urlTemplate\":\"https:\\\/\\\/redenoticiaz.com.br\\\/litoralsp\\\/?s={search_term_string}\"},\"query-input\":{\"@type\":\"PropertyValueSpecification\",\"valueRequired\":true,\"valueName\":\"search_term_string\"}}],\"inLanguage\":\"pt-BR\"},{\"@type\":\"Organization\",\"@id\":\"https:\\\/\\\/redenoticiaz.com.br\\\/litoralsp\\\/#organization\",\"name\":\"Litoral SP\",\"url\":\"https:\\\/\\\/redenoticiaz.com.br\\\/litoralsp\\\/\",\"logo\":{\"@type\":\"ImageObject\",\"inLanguage\":\"pt-BR\",\"@id\":\"https:\\\/\\\/redenoticiaz.com.br\\\/litoralsp\\\/#\\\/schema\\\/logo\\\/image\\\/\",\"url\":\"https:\\\/\\\/redenoticiaz.com.br\\\/litoralsp\\\/wp-content\\\/uploads\\\/sites\\\/3\\\/2020\\\/11\\\/logo.jpg\",\"contentUrl\":\"https:\\\/\\\/redenoticiaz.com.br\\\/litoralsp\\\/wp-content\\\/uploads\\\/sites\\\/3\\\/2020\\\/11\\\/logo.jpg\",\"width\":400,\"height\":250,\"caption\":\"Litoral SP\"},\"image\":{\"@id\":\"https:\\\/\\\/redenoticiaz.com.br\\\/litoralsp\\\/#\\\/schema\\\/logo\\\/image\\\/\"}},{\"@type\":\"Person\",\"@id\":\"https:\\\/\\\/redenoticiaz.com.br\\\/litoralsp\\\/#\\\/schema\\\/person\\\/16057b37a3c0ee6b096d7f887c566e2e\",\"name\":\"Gustavo Silva\",\"image\":{\"@type\":\"ImageObject\",\"inLanguage\":\"pt-BR\",\"@id\":\"https:\\\/\\\/secure.gravatar.com\\\/avatar\\\/3ee4e82f93b26de0a7cf4ea5eb7893da637ed6bb0c9170c58065944c56e28a33?s=96&d=mm&r=g\",\"url\":\"https:\\\/\\\/secure.gravatar.com\\\/avatar\\\/3ee4e82f93b26de0a7cf4ea5eb7893da637ed6bb0c9170c58065944c56e28a33?s=96&d=mm&r=g\",\"contentUrl\":\"https:\\\/\\\/secure.gravatar.com\\\/avatar\\\/3ee4e82f93b26de0a7cf4ea5eb7893da637ed6bb0c9170c58065944c56e28a33?s=96&d=mm&r=g\",\"caption\":\"Gustavo Silva\"},\"url\":\"https:\\\/\\\/redenoticiaz.com.br\\\/litoralsp\\\/author\\\/gustavosilva\"}]}<\/script>\n<!-- \/ Yoast SEO plugin. -->","yoast_head_json":{"title":"Entidades fazem plebiscito contra privatiza\u00e7\u00e3o da Sabesp, CPTM e Metr\u00f4 - Litoral SP","description":"O plebiscito - iniciado no \u00faltimo dia 5 - tem dezenas de locais de vota\u00e7\u00e3o espalhados pelo estado de S\u00e3o Paulo.","robots":{"index":"index","follow":"follow","max-snippet":"max-snippet:-1","max-image-preview":"max-image-preview:large","max-video-preview":"max-video-preview:-1"},"canonical":"https:\/\/redenoticiaz.com.br\/litoralsp\/2023\/09\/24\/entidades-fazem-plebiscito-contra-privatizacao-da-sabesp-cptm-e-metro","og_locale":"pt_BR","og_type":"article","og_title":"Entidades fazem plebiscito contra privatiza\u00e7\u00e3o da Sabesp, CPTM e Metr\u00f4 - Litoral SP","og_description":"O plebiscito - iniciado no \u00faltimo dia 5 - tem dezenas de locais de vota\u00e7\u00e3o espalhados pelo estado de S\u00e3o Paulo.","og_url":"https:\/\/redenoticiaz.com.br\/litoralsp\/2023\/09\/24\/entidades-fazem-plebiscito-contra-privatizacao-da-sabesp-cptm-e-metro","og_site_name":"Litoral SP","article_published_time":"2023-09-24T14:00:08+00:00","og_image":[{"width":1170,"height":700,"url":"https:\/\/redenoticiaz.com.br\/litoralsp\/wp-content\/uploads\/sites\/3\/2023\/03\/20230323110140_mg_4634.jpg","type":"image\/jpeg"}],"author":"Gustavo Silva","twitter_card":"summary_large_image","twitter_misc":{"Escrito por":"Gustavo Silva","Est. tempo de leitura":"2 minutos"},"schema":{"@context":"https:\/\/schema.org","@graph":[{"@type":"Article","@id":"https:\/\/redenoticiaz.com.br\/litoralsp\/2023\/09\/24\/entidades-fazem-plebiscito-contra-privatizacao-da-sabesp-cptm-e-metro#article","isPartOf":{"@id":"https:\/\/redenoticiaz.com.br\/litoralsp\/2023\/09\/24\/entidades-fazem-plebiscito-contra-privatizacao-da-sabesp-cptm-e-metro"},"author":{"name":"Gustavo Silva","@id":"https:\/\/redenoticiaz.com.br\/litoralsp\/#\/schema\/person\/16057b37a3c0ee6b096d7f887c566e2e"},"headline":"Entidades fazem plebiscito contra privatiza\u00e7\u00e3o da Sabesp, CPTM e Metr\u00f4","datePublished":"2023-09-24T14:00:08+00:00","mainEntityOfPage":{"@id":"https:\/\/redenoticiaz.com.br\/litoralsp\/2023\/09\/24\/entidades-fazem-plebiscito-contra-privatizacao-da-sabesp-cptm-e-metro"},"wordCount":258,"commentCount":0,"publisher":{"@id":"https:\/\/redenoticiaz.com.br\/litoralsp\/#organization"},"image":{"@id":"https:\/\/redenoticiaz.com.br\/litoralsp\/2023\/09\/24\/entidades-fazem-plebiscito-contra-privatizacao-da-sabesp-cptm-e-metro#primaryimage"},"thumbnailUrl":"https:\/\/redenoticiaz.com.br\/litoralsp\/wp-content\/uploads\/sites\/3\/2023\/03\/20230323110140_mg_4634.jpg","keywords":["metr\u00f4","PRIVATIZA\u00c7\u00c3O","SABESP"],"articleSection":["Economia","Obras"],"inLanguage":"pt-BR","potentialAction":[{"@type":"CommentAction","name":"Comment","target":["https:\/\/redenoticiaz.com.br\/litoralsp\/2023\/09\/24\/entidades-fazem-plebiscito-contra-privatizacao-da-sabesp-cptm-e-metro#respond"]}]},{"@type":"WebPage","@id":"https:\/\/redenoticiaz.com.br\/litoralsp\/2023\/09\/24\/entidades-fazem-plebiscito-contra-privatizacao-da-sabesp-cptm-e-metro","url":"https:\/\/redenoticiaz.com.br\/litoralsp\/2023\/09\/24\/entidades-fazem-plebiscito-contra-privatizacao-da-sabesp-cptm-e-metro","name":"Entidades fazem plebiscito contra privatiza\u00e7\u00e3o da Sabesp, CPTM e Metr\u00f4 - Litoral SP","isPartOf":{"@id":"https:\/\/redenoticiaz.com.br\/litoralsp\/#website"},"primaryImageOfPage":{"@id":"https:\/\/redenoticiaz.com.br\/litoralsp\/2023\/09\/24\/entidades-fazem-plebiscito-contra-privatizacao-da-sabesp-cptm-e-metro#primaryimage"},"image":{"@id":"https:\/\/redenoticiaz.com.br\/litoralsp\/2023\/09\/24\/entidades-fazem-plebiscito-contra-privatizacao-da-sabesp-cptm-e-metro#primaryimage"},"thumbnailUrl":"https:\/\/redenoticiaz.com.br\/litoralsp\/wp-content\/uploads\/sites\/3\/2023\/03\/20230323110140_mg_4634.jpg","datePublished":"2023-09-24T14:00:08+00:00","description":"O plebiscito - iniciado no \u00faltimo dia 5 - tem dezenas de locais de vota\u00e7\u00e3o espalhados pelo estado de S\u00e3o Paulo.","inLanguage":"pt-BR","potentialAction":[{"@type":"ReadAction","target":["https:\/\/redenoticiaz.com.br\/litoralsp\/2023\/09\/24\/entidades-fazem-plebiscito-contra-privatizacao-da-sabesp-cptm-e-metro"]}]},{"@type":"ImageObject","inLanguage":"pt-BR","@id":"https:\/\/redenoticiaz.com.br\/litoralsp\/2023\/09\/24\/entidades-fazem-plebiscito-contra-privatizacao-da-sabesp-cptm-e-metro#primaryimage","url":"https:\/\/redenoticiaz.com.br\/litoralsp\/wp-content\/uploads\/sites\/3\/2023\/03\/20230323110140_mg_4634.jpg","contentUrl":"https:\/\/redenoticiaz.com.br\/litoralsp\/wp-content\/uploads\/sites\/3\/2023\/03\/20230323110140_mg_4634.jpg","width":1170,"height":700,"caption":"SP: Metr\u00f4 n\u00e3o apresenta proposta e audi\u00eancia termina sem acordo"},{"@type":"WebSite","@id":"https:\/\/redenoticiaz.com.br\/litoralsp\/#website","url":"https:\/\/redenoticiaz.com.br\/litoralsp\/","name":"Litoral SP","description":"Rede NoticiaZ","publisher":{"@id":"https:\/\/redenoticiaz.com.br\/litoralsp\/#organization"},"potentialAction":[{"@type":"SearchAction","target":{"@type":"EntryPoint","urlTemplate":"https:\/\/redenoticiaz.com.br\/litoralsp\/?s={search_term_string}"},"query-input":{"@type":"PropertyValueSpecification","valueRequired":true,"valueName":"search_term_string"}}],"inLanguage":"pt-BR"},{"@type":"Organization","@id":"https:\/\/redenoticiaz.com.br\/litoralsp\/#organization","name":"Litoral SP","url":"https:\/\/redenoticiaz.com.br\/litoralsp\/","logo":{"@type":"ImageObject","inLanguage":"pt-BR","@id":"https:\/\/redenoticiaz.com.br\/litoralsp\/#\/schema\/logo\/image\/","url":"https:\/\/redenoticiaz.com.br\/litoralsp\/wp-content\/uploads\/sites\/3\/2020\/11\/logo.jpg","contentUrl":"https:\/\/redenoticiaz.com.br\/litoralsp\/wp-content\/uploads\/sites\/3\/2020\/11\/logo.jpg","width":400,"height":250,"caption":"Litoral SP"},"image":{"@id":"https:\/\/redenoticiaz.com.br\/litoralsp\/#\/schema\/logo\/image\/"}},{"@type":"Person","@id":"https:\/\/redenoticiaz.com.br\/litoralsp\/#\/schema\/person\/16057b37a3c0ee6b096d7f887c566e2e","name":"Gustavo Silva","image":{"@type":"ImageObject","inLanguage":"pt-BR","@id":"https:\/\/secure.gravatar.com\/avatar\/3ee4e82f93b26de0a7cf4ea5eb7893da637ed6bb0c9170c58065944c56e28a33?s=96&d=mm&r=g","url":"https:\/\/secure.gravatar.com\/avatar\/3ee4e82f93b26de0a7cf4ea5eb7893da637ed6bb0c9170c58065944c56e28a33?s=96&d=mm&r=g","contentUrl":"https:\/\/secure.gravatar.com\/avatar\/3ee4e82f93b26de0a7cf4ea5eb7893da637ed6bb0c9170c58065944c56e28a33?s=96&d=mm&r=g","caption":"Gustavo Silva"},"url":"https:\/\/redenoticiaz.com.br\/litoralsp\/author\/gustavosilva"}]}},"_links":{"self":[{"href":"https:\/\/redenoticiaz.com.br\/litoralsp\/wp-json\/wp\/v2\/posts\/110829","targetHints":{"allow":["GET"]}}],"collection":[{"href":"https:\/\/redenoticiaz.com.br\/litoralsp\/wp-json\/wp\/v2\/posts"}],"about":[{"href":"https:\/\/redenoticiaz.com.br\/litoralsp\/wp-json\/wp\/v2\/types\/post"}],"author":[{"embeddable":true,"href":"https:\/\/redenoticiaz.com.br\/litoralsp\/wp-json\/wp\/v2\/users\/12"}],"replies":[{"embeddable":true,"href":"https:\/\/redenoticiaz.com.br\/litoralsp\/wp-json\/wp\/v2\/comments?post=110829"}],"version-history":[{"count":1,"href":"https:\/\/redenoticiaz.com.br\/litoralsp\/wp-json\/wp\/v2\/posts\/110829\/revisions"}],"predecessor-version":[{"id":110830,"href":"https:\/\/redenoticiaz.com.br\/litoralsp\/wp-json\/wp\/v2\/posts\/110829\/revisions\/110830"}],"wp:featuredmedia":[{"embeddable":true,"href":"https:\/\/redenoticiaz.com.br\/litoralsp\/wp-json\/wp\/v2\/media\/102972"}],"wp:attachment":[{"href":"https:\/\/redenoticiaz.com.br\/litoralsp\/wp-json\/wp\/v2\/media?parent=110829"}],"wp:term":[{"taxonomy":"category","embeddable":true,"href":"https:\/\/redenoticiaz.com.br\/litoralsp\/wp-json\/wp\/v2\/categories?post=110829"},{"taxonomy":"post_tag","embeddable":true,"href":"https:\/\/redenoticiaz.com.br\/litoralsp\/wp-json\/wp\/v2\/tags?post=110829"}],"curies":[{"name":"wp","href":"https:\/\/api.w.org\/{rel}","templated":true}]}}