{"id":110877,"date":"2023-09-23T14:52:56","date_gmt":"2023-09-23T17:52:56","guid":{"rendered":"https:\/\/redenoticiaz.com.br\/litoralsp\/2023\/09\/23\/video-juiza-e-flagrada-em-show-erotico-dentro-do-tribunal"},"modified":"2023-09-23T14:52:56","modified_gmt":"2023-09-23T17:52:56","slug":"video-juiza-e-flagrada-em-show-erotico-dentro-do-tribunal","status":"publish","type":"post","link":"https:\/\/redenoticiaz.com.br\/litoralsp\/2023\/09\/23\/video-juiza-e-flagrada-em-show-erotico-dentro-do-tribunal","title":{"rendered":"V\u00cdDEO &#8211; Ju\u00edza \u00e9 flagrada em show er\u00f3tico dentro do tribunal"},"content":{"rendered":"<p>A cidade de C\u00facuta, capital do departamento de Norte de Santander, na Col\u00f4mbia, foi palco de uma pol\u00eamica apresenta\u00e7\u00e3o que ocorreu no audit\u00f3rio do Pal\u00e1cio da Justi\u00e7a.<\/p>\n<p>No evento, a ju\u00edza Vivian Polan\u00eda, de 34 anos, e cerca de outras 20 pessoas, incluindo funcion\u00e1rios do judici\u00e1rio, se reuniram para celebrar o Dia do Amor e da Amizade.<\/p>\n<p>No entanto, a festividade tomou um rumo inesperado quando um v\u00eddeo come\u00e7ou a circular, mostrando a ju\u00edza interagindo com um homem que realizava uma dan\u00e7a sensual \u00e0 sua frente. As imagens provocaram um intenso debate e cr\u00edticas da comunidade local, que considerou o comportamento inapropriado.<\/p>\n<p>Durante a apresenta\u00e7\u00e3o, o dan\u00e7arino incentivou a ju\u00edza a toc\u00e1-lo e, no final, surpreendeu a todos ao pegar um brinquedo sexual e coloc\u00e1-lo na boca da magistrada. Assista ao v\u00eddeo:<\/p>\n\n<p>Diante dessa situa\u00e7\u00e3o controversa, uma comiss\u00e3o disciplinar dever\u00e1 investigar as a\u00e7\u00f5es da ju\u00edza, visto que a conduta demonstrada no v\u00eddeo levantou s\u00e9rias preocupa\u00e7\u00f5es em rela\u00e7\u00e3o \u00e0 sua idoneidade profissional.<\/p>\n<p>A Comiss\u00e3o Nacional de Disciplina ordenou uma investiga\u00e7\u00e3o. Ju\u00edza se pronunciou afirmando que &#8220;a dignidade do Judici\u00e1rio n\u00e3o estava na cafeteria&#8221;.<\/p>\n<p>LEIA MAIS<\/p>\n<p><a href=\"https:\/\/redenoticiaz.com.br\/blog\/2023\/09\/23\/video-parque-e-interditado-apos-mulher-ser-arremessada-de-brinquedo\" target=\"_blank\" rel=\"noopener\">V\u00cdDEO \u2013 Parque \u00e9 interditado ap\u00f3s mulher ser arremessada de brinquedo<\/a><br \/>\n<a href=\"https:\/\/redenoticiaz.com.br\/blog\/2023\/09\/23\/video-crianca-cai-de-carro-em-movimento\" target=\"_blank\" rel=\"noopener\">V\u00cdDEO \u2013 Crian\u00e7a cai de carro em movimento<\/a><\/p>\n","protected":false},"excerpt":{"rendered":"<p>A cidade de C\u00facuta, capital do departamento de Norte de Santander, na Col\u00f4mbia, foi palco de uma pol\u00eamica apresenta\u00e7\u00e3o que ocorreu no audit\u00f3rio do Pal\u00e1cio da Justi\u00e7a. No evento, a ju\u00edza Vivian Polan\u00eda, de 34 anos, e cerca de outras 20 pessoas, incluindo funcion\u00e1rios do judici\u00e1rio, se reuniram para celebrar o Dia do Amor e &hellip;<\/p>\n","protected":false},"author":30,"featured_media":110878,"comment_status":"open","ping_status":"closed","sticky":false,"template":"","format":"standard","meta":{"footnotes":""},"categories":[84,10],"tags":[24155,67235,35798,67236,64187,8217],"class_list":["post-110877","post","type-post","status-publish","format-standard","has-post-thumbnail","hentry","category-mundo","category-policia","tag-colombia","tag-erotico","tag-evento","tag-investigada","tag-juiza","tag-show"],"yoast_head":"<!-- This site is optimized with the Yoast SEO plugin v27.4 - https:\/\/yoast.com\/product\/yoast-seo-wordpress\/ -->\n<title>V\u00cdDEO &#8211; Ju\u00edza \u00e9 flagrada em show er\u00f3tico dentro do tribunal - Litoral SP<\/title>\n<meta name=\"description\" content=\"A cidade de C\u00facuta, capital do departamento de Norte de Santander, na Col\u00f4mbia, foi palco de uma pol\u00eamica apresenta\u00e7\u00e3o; entenda.\" \/>\n<meta name=\"robots\" content=\"index, follow, max-snippet:-1, max-image-preview:large, max-video-preview:-1\" \/>\n<link rel=\"canonical\" href=\"https:\/\/redenoticiaz.com.br\/litoralsp\/2023\/09\/23\/video-juiza-e-flagrada-em-show-erotico-dentro-do-tribunal\" \/>\n<meta property=\"og:locale\" content=\"pt_BR\" \/>\n<meta property=\"og:type\" content=\"article\" \/>\n<meta property=\"og:title\" content=\"V\u00cdDEO &#8211; Ju\u00edza \u00e9 flagrada em show er\u00f3tico dentro do tribunal - Litoral SP\" \/>\n<meta property=\"og:description\" content=\"A cidade de C\u00facuta, capital do departamento de Norte de Santander, na Col\u00f4mbia, foi palco de uma pol\u00eamica apresenta\u00e7\u00e3o; entenda.\" \/>\n<meta property=\"og:url\" content=\"https:\/\/redenoticiaz.com.br\/litoralsp\/2023\/09\/23\/video-juiza-e-flagrada-em-show-erotico-dentro-do-tribunal\" \/>\n<meta property=\"og:site_name\" content=\"Litoral SP\" \/>\n<meta property=\"article:published_time\" content=\"2023-09-23T17:52:56+00:00\" \/>\n<meta property=\"og:image\" content=\"https:\/\/redenoticiaz.com.br\/litoralsp\/wp-content\/uploads\/sites\/3\/2023\/09\/Captura-de-tela-2023-09-23-144405.jpg?v=1695491519\" \/>\n\t<meta property=\"og:image:width\" content=\"335\" \/>\n\t<meta property=\"og:image:height\" content=\"344\" \/>\n\t<meta property=\"og:image:type\" content=\"image\/jpeg\" \/>\n<meta name=\"author\" content=\"Carina Reifonas\" \/>\n<meta name=\"twitter:card\" content=\"summary_large_image\" \/>\n<meta name=\"twitter:label1\" content=\"Escrito por\" \/>\n\t<meta name=\"twitter:data1\" content=\"Carina Reifonas\" \/>\n\t<meta name=\"twitter:label2\" content=\"Est. tempo de leitura\" \/>\n\t<meta name=\"twitter:data2\" content=\"2 minutos\" \/>\n<script type=\"application\/ld+json\" class=\"yoast-schema-graph\">{\"@context\":\"https:\\\/\\\/schema.org\",\"@graph\":[{\"@type\":\"Article\",\"@id\":\"https:\\\/\\\/redenoticiaz.com.br\\\/litoralsp\\\/2023\\\/09\\\/23\\\/video-juiza-e-flagrada-em-show-erotico-dentro-do-tribunal#article\",\"isPartOf\":{\"@id\":\"https:\\\/\\\/redenoticiaz.com.br\\\/litoralsp\\\/2023\\\/09\\\/23\\\/video-juiza-e-flagrada-em-show-erotico-dentro-do-tribunal\"},\"author\":{\"name\":\"Carina Reifonas\",\"@id\":\"https:\\\/\\\/redenoticiaz.com.br\\\/litoralsp\\\/#\\\/schema\\\/person\\\/1f84d6e94e6a62d2d81199d7503e9e90\"},\"headline\":\"V\u00cdDEO &#8211; Ju\u00edza \u00e9 flagrada em show er\u00f3tico dentro do tribunal\",\"datePublished\":\"2023-09-23T17:52:56+00:00\",\"mainEntityOfPage\":{\"@id\":\"https:\\\/\\\/redenoticiaz.com.br\\\/litoralsp\\\/2023\\\/09\\\/23\\\/video-juiza-e-flagrada-em-show-erotico-dentro-do-tribunal\"},\"wordCount\":251,\"commentCount\":0,\"publisher\":{\"@id\":\"https:\\\/\\\/redenoticiaz.com.br\\\/litoralsp\\\/#organization\"},\"image\":{\"@id\":\"https:\\\/\\\/redenoticiaz.com.br\\\/litoralsp\\\/2023\\\/09\\\/23\\\/video-juiza-e-flagrada-em-show-erotico-dentro-do-tribunal#primaryimage\"},\"thumbnailUrl\":\"https:\\\/\\\/redenoticiaz.com.br\\\/litoralsp\\\/wp-content\\\/uploads\\\/sites\\\/3\\\/2023\\\/09\\\/Captura-de-tela-2023-09-23-144405.jpg?v=1695491519\",\"keywords\":[\"COL\u00d4MBIA\",\"Er\u00f3tico\",\"EVENTO\",\"investigada\",\"ju\u00edza\",\"SHOW\"],\"articleSection\":[\"Mundo\",\"Pol\u00edcia\"],\"inLanguage\":\"pt-BR\",\"potentialAction\":[{\"@type\":\"CommentAction\",\"name\":\"Comment\",\"target\":[\"https:\\\/\\\/redenoticiaz.com.br\\\/litoralsp\\\/2023\\\/09\\\/23\\\/video-juiza-e-flagrada-em-show-erotico-dentro-do-tribunal#respond\"]}]},{\"@type\":\"WebPage\",\"@id\":\"https:\\\/\\\/redenoticiaz.com.br\\\/litoralsp\\\/2023\\\/09\\\/23\\\/video-juiza-e-flagrada-em-show-erotico-dentro-do-tribunal\",\"url\":\"https:\\\/\\\/redenoticiaz.com.br\\\/litoralsp\\\/2023\\\/09\\\/23\\\/video-juiza-e-flagrada-em-show-erotico-dentro-do-tribunal\",\"name\":\"V\u00cdDEO &#8211; Ju\u00edza \u00e9 flagrada em show er\u00f3tico dentro do tribunal - Litoral SP\",\"isPartOf\":{\"@id\":\"https:\\\/\\\/redenoticiaz.com.br\\\/litoralsp\\\/#website\"},\"primaryImageOfPage\":{\"@id\":\"https:\\\/\\\/redenoticiaz.com.br\\\/litoralsp\\\/2023\\\/09\\\/23\\\/video-juiza-e-flagrada-em-show-erotico-dentro-do-tribunal#primaryimage\"},\"image\":{\"@id\":\"https:\\\/\\\/redenoticiaz.com.br\\\/litoralsp\\\/2023\\\/09\\\/23\\\/video-juiza-e-flagrada-em-show-erotico-dentro-do-tribunal#primaryimage\"},\"thumbnailUrl\":\"https:\\\/\\\/redenoticiaz.com.br\\\/litoralsp\\\/wp-content\\\/uploads\\\/sites\\\/3\\\/2023\\\/09\\\/Captura-de-tela-2023-09-23-144405.jpg?v=1695491519\",\"datePublished\":\"2023-09-23T17:52:56+00:00\",\"description\":\"A cidade de C\u00facuta, capital do departamento de Norte de Santander, na Col\u00f4mbia, foi palco de uma pol\u00eamica apresenta\u00e7\u00e3o; entenda.\",\"inLanguage\":\"pt-BR\",\"potentialAction\":[{\"@type\":\"ReadAction\",\"target\":[\"https:\\\/\\\/redenoticiaz.com.br\\\/litoralsp\\\/2023\\\/09\\\/23\\\/video-juiza-e-flagrada-em-show-erotico-dentro-do-tribunal\"]}]},{\"@type\":\"ImageObject\",\"inLanguage\":\"pt-BR\",\"@id\":\"https:\\\/\\\/redenoticiaz.com.br\\\/litoralsp\\\/2023\\\/09\\\/23\\\/video-juiza-e-flagrada-em-show-erotico-dentro-do-tribunal#primaryimage\",\"url\":\"https:\\\/\\\/redenoticiaz.com.br\\\/litoralsp\\\/wp-content\\\/uploads\\\/sites\\\/3\\\/2023\\\/09\\\/Captura-de-tela-2023-09-23-144405.jpg?v=1695491519\",\"contentUrl\":\"https:\\\/\\\/redenoticiaz.com.br\\\/litoralsp\\\/wp-content\\\/uploads\\\/sites\\\/3\\\/2023\\\/09\\\/Captura-de-tela-2023-09-23-144405.jpg?v=1695491519\",\"width\":335,\"height\":344,\"caption\":\"Funcion\u00e1rios do judici\u00e1rio celebravam o Dia do Amor e da Amizade. Cr\u00e9dito: Reprodu\u00e7\u00e3o\"},{\"@type\":\"WebSite\",\"@id\":\"https:\\\/\\\/redenoticiaz.com.br\\\/litoralsp\\\/#website\",\"url\":\"https:\\\/\\\/redenoticiaz.com.br\\\/litoralsp\\\/\",\"name\":\"Litoral SP\",\"description\":\"Rede NoticiaZ\",\"publisher\":{\"@id\":\"https:\\\/\\\/redenoticiaz.com.br\\\/litoralsp\\\/#organization\"},\"potentialAction\":[{\"@type\":\"SearchAction\",\"target\":{\"@type\":\"EntryPoint\",\"urlTemplate\":\"https:\\\/\\\/redenoticiaz.com.br\\\/litoralsp\\\/?s={search_term_string}\"},\"query-input\":{\"@type\":\"PropertyValueSpecification\",\"valueRequired\":true,\"valueName\":\"search_term_string\"}}],\"inLanguage\":\"pt-BR\"},{\"@type\":\"Organization\",\"@id\":\"https:\\\/\\\/redenoticiaz.com.br\\\/litoralsp\\\/#organization\",\"name\":\"Litoral SP\",\"url\":\"https:\\\/\\\/redenoticiaz.com.br\\\/litoralsp\\\/\",\"logo\":{\"@type\":\"ImageObject\",\"inLanguage\":\"pt-BR\",\"@id\":\"https:\\\/\\\/redenoticiaz.com.br\\\/litoralsp\\\/#\\\/schema\\\/logo\\\/image\\\/\",\"url\":\"https:\\\/\\\/redenoticiaz.com.br\\\/litoralsp\\\/wp-content\\\/uploads\\\/sites\\\/3\\\/2020\\\/11\\\/logo.jpg\",\"contentUrl\":\"https:\\\/\\\/redenoticiaz.com.br\\\/litoralsp\\\/wp-content\\\/uploads\\\/sites\\\/3\\\/2020\\\/11\\\/logo.jpg\",\"width\":400,\"height\":250,\"caption\":\"Litoral SP\"},\"image\":{\"@id\":\"https:\\\/\\\/redenoticiaz.com.br\\\/litoralsp\\\/#\\\/schema\\\/logo\\\/image\\\/\"}},{\"@type\":\"Person\",\"@id\":\"https:\\\/\\\/redenoticiaz.com.br\\\/litoralsp\\\/#\\\/schema\\\/person\\\/1f84d6e94e6a62d2d81199d7503e9e90\",\"name\":\"Carina Reifonas\",\"image\":{\"@type\":\"ImageObject\",\"inLanguage\":\"pt-BR\",\"@id\":\"https:\\\/\\\/secure.gravatar.com\\\/avatar\\\/04c59859b23696cf867715880f81d5c037e60109730bdb4e6670ec2a2245bc97?s=96&d=mm&r=g\",\"url\":\"https:\\\/\\\/secure.gravatar.com\\\/avatar\\\/04c59859b23696cf867715880f81d5c037e60109730bdb4e6670ec2a2245bc97?s=96&d=mm&r=g\",\"contentUrl\":\"https:\\\/\\\/secure.gravatar.com\\\/avatar\\\/04c59859b23696cf867715880f81d5c037e60109730bdb4e6670ec2a2245bc97?s=96&d=mm&r=g\",\"caption\":\"Carina Reifonas\"},\"url\":\"https:\\\/\\\/redenoticiaz.com.br\\\/litoralsp\\\/author\\\/carinareifonas\"}]}<\/script>\n<!-- \/ Yoast SEO plugin. -->","yoast_head_json":{"title":"V\u00cdDEO &#8211; Ju\u00edza \u00e9 flagrada em show er\u00f3tico dentro do tribunal - Litoral SP","description":"A cidade de C\u00facuta, capital do departamento de Norte de Santander, na Col\u00f4mbia, foi palco de uma pol\u00eamica apresenta\u00e7\u00e3o; entenda.","robots":{"index":"index","follow":"follow","max-snippet":"max-snippet:-1","max-image-preview":"max-image-preview:large","max-video-preview":"max-video-preview:-1"},"canonical":"https:\/\/redenoticiaz.com.br\/litoralsp\/2023\/09\/23\/video-juiza-e-flagrada-em-show-erotico-dentro-do-tribunal","og_locale":"pt_BR","og_type":"article","og_title":"V\u00cdDEO &#8211; Ju\u00edza \u00e9 flagrada em show er\u00f3tico dentro do tribunal - Litoral SP","og_description":"A cidade de C\u00facuta, capital do departamento de Norte de Santander, na Col\u00f4mbia, foi palco de uma pol\u00eamica apresenta\u00e7\u00e3o; entenda.","og_url":"https:\/\/redenoticiaz.com.br\/litoralsp\/2023\/09\/23\/video-juiza-e-flagrada-em-show-erotico-dentro-do-tribunal","og_site_name":"Litoral SP","article_published_time":"2023-09-23T17:52:56+00:00","og_image":[{"width":335,"height":344,"url":"https:\/\/redenoticiaz.com.br\/litoralsp\/wp-content\/uploads\/sites\/3\/2023\/09\/Captura-de-tela-2023-09-23-144405.jpg?v=1695491519","type":"image\/jpeg"}],"author":"Carina Reifonas","twitter_card":"summary_large_image","twitter_misc":{"Escrito por":"Carina Reifonas","Est. tempo de leitura":"2 minutos"},"schema":{"@context":"https:\/\/schema.org","@graph":[{"@type":"Article","@id":"https:\/\/redenoticiaz.com.br\/litoralsp\/2023\/09\/23\/video-juiza-e-flagrada-em-show-erotico-dentro-do-tribunal#article","isPartOf":{"@id":"https:\/\/redenoticiaz.com.br\/litoralsp\/2023\/09\/23\/video-juiza-e-flagrada-em-show-erotico-dentro-do-tribunal"},"author":{"name":"Carina Reifonas","@id":"https:\/\/redenoticiaz.com.br\/litoralsp\/#\/schema\/person\/1f84d6e94e6a62d2d81199d7503e9e90"},"headline":"V\u00cdDEO &#8211; Ju\u00edza \u00e9 flagrada em show er\u00f3tico dentro do tribunal","datePublished":"2023-09-23T17:52:56+00:00","mainEntityOfPage":{"@id":"https:\/\/redenoticiaz.com.br\/litoralsp\/2023\/09\/23\/video-juiza-e-flagrada-em-show-erotico-dentro-do-tribunal"},"wordCount":251,"commentCount":0,"publisher":{"@id":"https:\/\/redenoticiaz.com.br\/litoralsp\/#organization"},"image":{"@id":"https:\/\/redenoticiaz.com.br\/litoralsp\/2023\/09\/23\/video-juiza-e-flagrada-em-show-erotico-dentro-do-tribunal#primaryimage"},"thumbnailUrl":"https:\/\/redenoticiaz.com.br\/litoralsp\/wp-content\/uploads\/sites\/3\/2023\/09\/Captura-de-tela-2023-09-23-144405.jpg?v=1695491519","keywords":["COL\u00d4MBIA","Er\u00f3tico","EVENTO","investigada","ju\u00edza","SHOW"],"articleSection":["Mundo","Pol\u00edcia"],"inLanguage":"pt-BR","potentialAction":[{"@type":"CommentAction","name":"Comment","target":["https:\/\/redenoticiaz.com.br\/litoralsp\/2023\/09\/23\/video-juiza-e-flagrada-em-show-erotico-dentro-do-tribunal#respond"]}]},{"@type":"WebPage","@id":"https:\/\/redenoticiaz.com.br\/litoralsp\/2023\/09\/23\/video-juiza-e-flagrada-em-show-erotico-dentro-do-tribunal","url":"https:\/\/redenoticiaz.com.br\/litoralsp\/2023\/09\/23\/video-juiza-e-flagrada-em-show-erotico-dentro-do-tribunal","name":"V\u00cdDEO &#8211; Ju\u00edza \u00e9 flagrada em show er\u00f3tico dentro do tribunal - Litoral SP","isPartOf":{"@id":"https:\/\/redenoticiaz.com.br\/litoralsp\/#website"},"primaryImageOfPage":{"@id":"https:\/\/redenoticiaz.com.br\/litoralsp\/2023\/09\/23\/video-juiza-e-flagrada-em-show-erotico-dentro-do-tribunal#primaryimage"},"image":{"@id":"https:\/\/redenoticiaz.com.br\/litoralsp\/2023\/09\/23\/video-juiza-e-flagrada-em-show-erotico-dentro-do-tribunal#primaryimage"},"thumbnailUrl":"https:\/\/redenoticiaz.com.br\/litoralsp\/wp-content\/uploads\/sites\/3\/2023\/09\/Captura-de-tela-2023-09-23-144405.jpg?v=1695491519","datePublished":"2023-09-23T17:52:56+00:00","description":"A cidade de C\u00facuta, capital do departamento de Norte de Santander, na Col\u00f4mbia, foi palco de uma pol\u00eamica apresenta\u00e7\u00e3o; entenda.","inLanguage":"pt-BR","potentialAction":[{"@type":"ReadAction","target":["https:\/\/redenoticiaz.com.br\/litoralsp\/2023\/09\/23\/video-juiza-e-flagrada-em-show-erotico-dentro-do-tribunal"]}]},{"@type":"ImageObject","inLanguage":"pt-BR","@id":"https:\/\/redenoticiaz.com.br\/litoralsp\/2023\/09\/23\/video-juiza-e-flagrada-em-show-erotico-dentro-do-tribunal#primaryimage","url":"https:\/\/redenoticiaz.com.br\/litoralsp\/wp-content\/uploads\/sites\/3\/2023\/09\/Captura-de-tela-2023-09-23-144405.jpg?v=1695491519","contentUrl":"https:\/\/redenoticiaz.com.br\/litoralsp\/wp-content\/uploads\/sites\/3\/2023\/09\/Captura-de-tela-2023-09-23-144405.jpg?v=1695491519","width":335,"height":344,"caption":"Funcion\u00e1rios do judici\u00e1rio celebravam o Dia do Amor e da Amizade. Cr\u00e9dito: Reprodu\u00e7\u00e3o"},{"@type":"WebSite","@id":"https:\/\/redenoticiaz.com.br\/litoralsp\/#website","url":"https:\/\/redenoticiaz.com.br\/litoralsp\/","name":"Litoral SP","description":"Rede NoticiaZ","publisher":{"@id":"https:\/\/redenoticiaz.com.br\/litoralsp\/#organization"},"potentialAction":[{"@type":"SearchAction","target":{"@type":"EntryPoint","urlTemplate":"https:\/\/redenoticiaz.com.br\/litoralsp\/?s={search_term_string}"},"query-input":{"@type":"PropertyValueSpecification","valueRequired":true,"valueName":"search_term_string"}}],"inLanguage":"pt-BR"},{"@type":"Organization","@id":"https:\/\/redenoticiaz.com.br\/litoralsp\/#organization","name":"Litoral SP","url":"https:\/\/redenoticiaz.com.br\/litoralsp\/","logo":{"@type":"ImageObject","inLanguage":"pt-BR","@id":"https:\/\/redenoticiaz.com.br\/litoralsp\/#\/schema\/logo\/image\/","url":"https:\/\/redenoticiaz.com.br\/litoralsp\/wp-content\/uploads\/sites\/3\/2020\/11\/logo.jpg","contentUrl":"https:\/\/redenoticiaz.com.br\/litoralsp\/wp-content\/uploads\/sites\/3\/2020\/11\/logo.jpg","width":400,"height":250,"caption":"Litoral SP"},"image":{"@id":"https:\/\/redenoticiaz.com.br\/litoralsp\/#\/schema\/logo\/image\/"}},{"@type":"Person","@id":"https:\/\/redenoticiaz.com.br\/litoralsp\/#\/schema\/person\/1f84d6e94e6a62d2d81199d7503e9e90","name":"Carina Reifonas","image":{"@type":"ImageObject","inLanguage":"pt-BR","@id":"https:\/\/secure.gravatar.com\/avatar\/04c59859b23696cf867715880f81d5c037e60109730bdb4e6670ec2a2245bc97?s=96&d=mm&r=g","url":"https:\/\/secure.gravatar.com\/avatar\/04c59859b23696cf867715880f81d5c037e60109730bdb4e6670ec2a2245bc97?s=96&d=mm&r=g","contentUrl":"https:\/\/secure.gravatar.com\/avatar\/04c59859b23696cf867715880f81d5c037e60109730bdb4e6670ec2a2245bc97?s=96&d=mm&r=g","caption":"Carina Reifonas"},"url":"https:\/\/redenoticiaz.com.br\/litoralsp\/author\/carinareifonas"}]}},"_links":{"self":[{"href":"https:\/\/redenoticiaz.com.br\/litoralsp\/wp-json\/wp\/v2\/posts\/110877","targetHints":{"allow":["GET"]}}],"collection":[{"href":"https:\/\/redenoticiaz.com.br\/litoralsp\/wp-json\/wp\/v2\/posts"}],"about":[{"href":"https:\/\/redenoticiaz.com.br\/litoralsp\/wp-json\/wp\/v2\/types\/post"}],"author":[{"embeddable":true,"href":"https:\/\/redenoticiaz.com.br\/litoralsp\/wp-json\/wp\/v2\/users\/30"}],"replies":[{"embeddable":true,"href":"https:\/\/redenoticiaz.com.br\/litoralsp\/wp-json\/wp\/v2\/comments?post=110877"}],"version-history":[{"count":0,"href":"https:\/\/redenoticiaz.com.br\/litoralsp\/wp-json\/wp\/v2\/posts\/110877\/revisions"}],"wp:featuredmedia":[{"embeddable":true,"href":"https:\/\/redenoticiaz.com.br\/litoralsp\/wp-json\/wp\/v2\/media\/110878"}],"wp:attachment":[{"href":"https:\/\/redenoticiaz.com.br\/litoralsp\/wp-json\/wp\/v2\/media?parent=110877"}],"wp:term":[{"taxonomy":"category","embeddable":true,"href":"https:\/\/redenoticiaz.com.br\/litoralsp\/wp-json\/wp\/v2\/categories?post=110877"},{"taxonomy":"post_tag","embeddable":true,"href":"https:\/\/redenoticiaz.com.br\/litoralsp\/wp-json\/wp\/v2\/tags?post=110877"}],"curies":[{"name":"wp","href":"https:\/\/api.w.org\/{rel}","templated":true}]}}