{"id":110921,"date":"2023-09-30T10:00:30","date_gmt":"2023-09-30T13:00:30","guid":{"rendered":"https:\/\/redenoticiaz.com.br\/litoralsp\/?p=110921"},"modified":"2023-09-25T22:44:21","modified_gmt":"2023-09-26T01:44:21","slug":"professores-apoiam-alunos-em-situacoes-sensiveis-na-internet","status":"publish","type":"post","link":"https:\/\/redenoticiaz.com.br\/litoralsp\/2023\/09\/30\/professores-apoiam-alunos-em-situacoes-sensiveis-na-internet","title":{"rendered":"Professores apoiam alunos em situa\u00e7\u00f5es sens\u00edveis na internet"},"content":{"rendered":"<p>Seis a cada dez professores precisaram apoiar os alunos no enfrentamento de situa\u00e7\u00f5es sens\u00edveis vivenciadas na internet. Entre essas situa\u00e7\u00f5es est\u00e1 o uso excessivo de jogos e tecnologias digitais,\u00a0<em>cyberbullying<\/em>, discrimina\u00e7\u00e3o, dissemina\u00e7\u00e3o ou vazamento de imagens sem consentimento e ass\u00e9dio.<img decoding=\"async\" src=\"https:\/\/agenciabrasil.ebc.com.br\/ebc.png?id=1557286&amp;o=node\" \/><img decoding=\"async\" src=\"https:\/\/agenciabrasil.ebc.com.br\/ebc.gif?id=1557286&amp;o=node\" \/><\/p>\n<p>As informa\u00e7\u00f5es s\u00e3o da pesquisa TIC Educa\u00e7\u00e3o 2022, lan\u00e7ada nesta segunda-feira (25) pelo Centro Regional de Estudos para o Desenvolvimento da Sociedade da Informa\u00e7\u00e3o (Cetic.br), do N\u00facleo de Informa\u00e7\u00e3o e Coordena\u00e7\u00e3o do Ponto BR (NIC.br).<\/p>\n<p>Os dados mostram ainda que os estudantes, ainda mais os mais velhos, buscam os professores para pedir ajuda e se informar sobre o uso de tecnologias digitais. Por outro lado, ainda h\u00e1 lacunas tanto na forma\u00e7\u00e3o de professores quanto na oferta de aulas e cursos nas escolas para os estudantes, para os respons\u00e1veis e para a comunidade escolar voltados para essas quest\u00f5es.<\/p>\n<p>A pesquisa mostra que maioria dos professores, 61%, afirmou ter apoiado alunos no enfrentamento de situa\u00e7\u00f5es sens\u00edveis vivenciadas na internet. Essa porcentagem aumentou em rela\u00e7\u00e3o a 2021, quando 49% disseram ter apoiado os estudantes nessas quest\u00f5es. Entre os motivos est\u00e3o o uso excessivo de jogos e de tecnologias digitais (46%);\u00a0<em>cyberbullying<\/em>\u00a0(34%); discrimina\u00e7\u00e3o (30%); dissemina\u00e7\u00e3o ou vazamento de imagens sem consentimento (26%); e ass\u00e9dio (20%).<\/p>\n<p>De acordo com o estudo, quanto mais novos,\u00a0os alunos buscam mais ou pais ou respons\u00e1veis para obter informa\u00e7\u00f5es sobre o uso de tecnologias digitais, essa porcentagem chega a 80% entre aqueles com idade de 9 e 10 anos.<\/p>\n<p>\u00c0 medida que v\u00e3o ficando mais velhos, essa porcentagem cai, chegando a 34% entre aqueles com 18 anos ou mais. J\u00e1 a busca pelos professores permanece praticamente constante, em torno dos 43% at\u00e9 os 17 anos. Nas \u00e1reas rurais, a busca por professores \u00e9 ainda maior, chega a 56%, considerada a m\u00e9dia de todas as idades.<\/p>\n<p>\u201cA propor\u00e7\u00e3o de alunos que buscam pais e respons\u00e1veis e familiares vai diminuindo de acordo com a faixa et\u00e1ria. Ent\u00e3o, aqueles alunos de 15, 16 17 anos v\u00e3o se tornando mais independentes. Surgem os amigos, os v\u00eddeos e tutoriais na internet ou at\u00e9 mesmo aprender sozinho se torna mais relevante que buscar informa\u00e7\u00f5es com pais e respons\u00e1veis. Mas, os professores s\u00e3o uma fonte de refer\u00eancia mais est\u00e1vel no desenvolvimento dos estudantes\u201d, diz a coordenadora da pesquisa TIC Educa\u00e7\u00e3o, Daniela Costa.<\/p>\n<p>A\u00a0propor\u00e7\u00e3o\u00a0daqueles que aprendem com v\u00eddeos e tutoriais da internet variam entre 63% e 90% conforme os estudantes v\u00e3o crescendo. A propor\u00e7\u00e3o daqueles que aprendem sozinhos passam de 76% entre aqueles com 9 e 10 anos e chegam a 97% entre aqueles de 18 anos ou mais.<\/p>\n<p>De acordo com os estudantes, eles recebem mais orienta\u00e7\u00f5es de professores \u00e0 medida que v\u00e3o ficando mais velhos. No 4\u00ba e 5\u00ba do ensino fundamental, menos da metade dos alunos diz ter recebido alguma informa\u00e7\u00e3o. No ensino m\u00e9dio, essa propor\u00e7\u00e3o chega a at\u00e9 67%. Entre os assuntos tratados est\u00e3o como usar a internet de forma segura, o que fazer quando alguma coisa incomoda na internet, como verificar se uma not\u00edcia ou informa\u00e7\u00e3o \u00e9 falsa e indica\u00e7\u00f5es para trabalhos escolares.<\/p>\n<h2>Cursos e disciplinas<\/h2>\n<p>Diante da demanda por informa\u00e7\u00f5es, os professores dizem precisar de forma\u00e7\u00e3o. Para a maior parte dos docentes, 75%, falta um curso espec\u00edfico voltado para a ado\u00e7\u00e3o de tecnologias digitais nas atividades educacionais com os alunos.<\/p>\n<p>Na hora de incorporar a tecnologia na sala de aula, os professores tamb\u00e9m enfrentam desafios: 50% dizem que os alunos ficam dispersos quando h\u00e1 uso de tecnologias durante as aulas. De acordo com Costa, as escolas devem cuidado na hora de proibir o uso de equipamentos tecnol\u00f3gicos e que isso deve ser incorporado a uma proposta pedag\u00f3gica.<\/p>\n<p>\u201cMuitas vezes quando h\u00e1 essa restri\u00e7\u00e3o ao uso ou mesmo a proibi\u00e7\u00e3o, corremos o risco de, novamente, inviabilizar oportunidades de uso para estudantes que j\u00e1 enfrentam desigualdades de oportunidades em outros \u00e2mbitos\u201d, diz a coordenadora da pesquisa.<\/p>\n<p>\u201cVerificamos que professores e alunos fazem o uso desse dispositivo, ent\u00e3o, h\u00e1 necessidade, nas escolas, de haver uma maior conversa e debate do uso de tecnologia e como ela pode ser melhor aproveitada por estudantes e professores, para usufru\u00edrem de oportunidades e uso cr\u00edtico, seguro e respons\u00e1vel dessas tecnologias\u201d.<\/p>\n<p>Em rela\u00e7\u00e3o a como esses assuntos s\u00e3o trabalhados de maneira formal nas salas de aulas, segundo a pesquisa, 47% dos coordenadores das escolas dizem que as atividades fazem parte do conte\u00fado de um ou mais disciplinas do curr\u00edculo comum da escola. Outros 27% afirmam que s\u00e3o oferecidas em disciplinas ou atividades extracurriculares e 17% dizem que essas atividades s\u00e3o realizadas apenas quando os alunos enfrentam algum problema no uso da internet ou das tecnologias.<\/p>\n<p>Quando se trata de envolver a comunidade escolar, cerca da metade das escolas oferece atividades apenas uma vez por ano ou mesmo n\u00e3o oferece atividades voltadas a pais e respons\u00e1veis e a outros funcion\u00e1rios da escola sobre o uso de tecnologia.<\/p>\n<h2>Mais acesso<\/h2>\n<p>O estudo mostra ainda que as escolas brasileiras est\u00e3o\u00a0<a href=\"https:\/\/agenciabrasil.ebc.com.br\/educacao\/noticia\/2023-09\/escolas-ampliam-conexao-internet-apos-pandemia\" target=\"_blank\" rel=\"noopener\">mais conectadas<\/a>\u00a0ap\u00f3s a pandemia, mas ainda faltam tanto dispositivos para acessar a internet\u00a0quanto uma maior qualifica\u00e7\u00e3o do\u00a0uso.<\/p>\n<p>\u201cQuando a gente pensa de uma conectividade significativa para a escola, n\u00e3o estamos falando s\u00f3 da conectividade em si, do acesso \u00e0 internet ou aos dispositivos, estamos falando de uma educa\u00e7\u00e3o significativa mediada por tecnologias digitais. Essa conectividade significativa e educa\u00e7\u00e3o significativa englobam a educa\u00e7\u00e3o digital, a educa\u00e7\u00e3o para o uso e a inclus\u00e3o desse tema tamb\u00e9m no curr\u00edculo das escolas\u201d, diz Costa.<\/p>\n<p>A pesquisa TIC Educa\u00e7\u00e3o \u00e9 realizada desde 2010 e tem o objetivo de investigar a disponibilidade de tecnologias de informa\u00e7\u00e3o e comunica\u00e7\u00e3o (TIC) nas escolas brasileiras de ensino fundamental e m\u00e9dio e o uso e apropria\u00e7\u00e3o por estudantes e educadores. Na edi\u00e7\u00e3o de 2022, a TIC Educa\u00e7\u00e3o realizou, presencialmente, entre outubro de 2022 e maio de 2023, 10.448 entrevistas em 1.394 escolas p\u00fablicas municipais, estaduais e federais e em escolas particulares. Ao todo, os pesquisadores ouviram 959 gestores escolares, 873 coordenadores, 1.424 professores e 7.192 alunos. A pesquisa est\u00e1\u00a0<a href=\"https:\/\/cetic.br\/pt\/pesquisa\/educacao\/indicadores\/\" target=\"_blank\" rel=\"noopener\">dispon\u00edvel na internet<\/a>.<\/p>\n<p><strong>Leia mais<\/strong><\/p>\n<p><a href=\"https:\/\/redenoticiaz.com.br\/blog\/2023\/03\/27\/tres-professores-e-um-aluno-sao-esfaqueados-por-estudante-dentro-de-escola-em-sp\">Campo Limpo Paulista abre processo seletivo para professores<\/a><\/p>\n<p><a href=\"https:\/\/redenoticiaz.com.br\/blog\/2023\/01\/17\/piso-nacional-do-salarios-dos-professores-passa-de-r-44-mil-no-brasil\">Piso nacional do sal\u00e1rios dos professores passa de R$ 4,4 mil no Brasil<\/a><\/p>\n","protected":false},"excerpt":{"rendered":"<p>Seis a cada dez professores precisaram apoiar os alunos no enfrentamento de situa\u00e7\u00f5es sens\u00edveis vivenciadas na internet. Entre essas situa\u00e7\u00f5es est\u00e1 o uso excessivo de jogos e tecnologias digitais,\u00a0cyberbullying, discrimina\u00e7\u00e3o, dissemina\u00e7\u00e3o ou vazamento de imagens sem consentimento e ass\u00e9dio. As informa\u00e7\u00f5es s\u00e3o da pesquisa TIC Educa\u00e7\u00e3o 2022, lan\u00e7ada nesta segunda-feira (25) pelo Centro Regional de &hellip;<\/p>\n","protected":false},"author":12,"featured_media":110922,"comment_status":"open","ping_status":"closed","sticky":false,"template":"","format":"standard","meta":{"footnotes":""},"categories":[44],"tags":[59057,2232,122],"class_list":["post-110921","post","type-post","status-publish","format-standard","has-post-thumbnail","hentry","category-educacao","tag-alunos","tag-escolas","tag-professores"],"yoast_head":"<!-- This site is optimized with the Yoast SEO plugin v27.5 - https:\/\/yoast.com\/product\/yoast-seo-wordpress\/ -->\n<title>Professores apoiam alunos em situa\u00e7\u00f5es sens\u00edveis na internet - Litoral SP<\/title>\n<meta name=\"description\" content=\"Seis a cada dez professores precisaram apoiar os alunos no enfrentamento de situa\u00e7\u00f5es sens\u00edveis vivenciadas na internet.\" \/>\n<meta name=\"robots\" content=\"index, follow, max-snippet:-1, max-image-preview:large, max-video-preview:-1\" \/>\n<link rel=\"canonical\" href=\"https:\/\/redenoticiaz.com.br\/litoralsp\/2023\/09\/30\/professores-apoiam-alunos-em-situacoes-sensiveis-na-internet\" \/>\n<meta property=\"og:locale\" content=\"pt_BR\" \/>\n<meta property=\"og:type\" content=\"article\" \/>\n<meta property=\"og:title\" content=\"Professores apoiam alunos em situa\u00e7\u00f5es sens\u00edveis na internet - Litoral SP\" \/>\n<meta property=\"og:description\" content=\"Seis a cada dez professores precisaram apoiar os alunos no enfrentamento de situa\u00e7\u00f5es sens\u00edveis vivenciadas na internet.\" \/>\n<meta property=\"og:url\" content=\"https:\/\/redenoticiaz.com.br\/litoralsp\/2023\/09\/30\/professores-apoiam-alunos-em-situacoes-sensiveis-na-internet\" \/>\n<meta property=\"og:site_name\" content=\"Litoral SP\" \/>\n<meta property=\"article:published_time\" content=\"2023-09-30T13:00:30+00:00\" \/>\n<meta property=\"og:image\" content=\"https:\/\/redenoticiaz.com.br\/litoralsp\/wp-content\/uploads\/sites\/3\/2023\/09\/180515_-_jovem_celular_0829.jpg?v=1695692603\" \/>\n\t<meta property=\"og:image:width\" content=\"1170\" \/>\n\t<meta property=\"og:image:height\" content=\"700\" \/>\n\t<meta property=\"og:image:type\" content=\"image\/jpeg\" \/>\n<meta name=\"author\" content=\"Gustavo Silva\" \/>\n<meta name=\"twitter:card\" content=\"summary_large_image\" \/>\n<meta name=\"twitter:label1\" content=\"Escrito por\" \/>\n\t<meta name=\"twitter:data1\" content=\"Gustavo Silva\" \/>\n\t<meta name=\"twitter:label2\" content=\"Est. tempo de leitura\" \/>\n\t<meta name=\"twitter:data2\" content=\"6 minutos\" \/>\n<script type=\"application\/ld+json\" class=\"yoast-schema-graph\">{\"@context\":\"https:\\\/\\\/schema.org\",\"@graph\":[{\"@type\":\"Article\",\"@id\":\"https:\\\/\\\/redenoticiaz.com.br\\\/litoralsp\\\/2023\\\/09\\\/30\\\/professores-apoiam-alunos-em-situacoes-sensiveis-na-internet#article\",\"isPartOf\":{\"@id\":\"https:\\\/\\\/redenoticiaz.com.br\\\/litoralsp\\\/2023\\\/09\\\/30\\\/professores-apoiam-alunos-em-situacoes-sensiveis-na-internet\"},\"author\":{\"name\":\"Gustavo Silva\",\"@id\":\"https:\\\/\\\/redenoticiaz.com.br\\\/litoralsp\\\/#\\\/schema\\\/person\\\/16057b37a3c0ee6b096d7f887c566e2e\"},\"headline\":\"Professores apoiam alunos em situa\u00e7\u00f5es sens\u00edveis na internet\",\"datePublished\":\"2023-09-30T13:00:30+00:00\",\"mainEntityOfPage\":{\"@id\":\"https:\\\/\\\/redenoticiaz.com.br\\\/litoralsp\\\/2023\\\/09\\\/30\\\/professores-apoiam-alunos-em-situacoes-sensiveis-na-internet\"},\"wordCount\":1065,\"commentCount\":0,\"publisher\":{\"@id\":\"https:\\\/\\\/redenoticiaz.com.br\\\/litoralsp\\\/#organization\"},\"image\":{\"@id\":\"https:\\\/\\\/redenoticiaz.com.br\\\/litoralsp\\\/2023\\\/09\\\/30\\\/professores-apoiam-alunos-em-situacoes-sensiveis-na-internet#primaryimage\"},\"thumbnailUrl\":\"https:\\\/\\\/redenoticiaz.com.br\\\/litoralsp\\\/wp-content\\\/uploads\\\/sites\\\/3\\\/2023\\\/09\\\/180515_-_jovem_celular_0829.jpg?v=1695692603\",\"keywords\":[\"alunos\",\"ESCOLAS\",\"professores\"],\"articleSection\":[\"Educa\u00e7\u00e3o\"],\"inLanguage\":\"pt-BR\",\"potentialAction\":[{\"@type\":\"CommentAction\",\"name\":\"Comment\",\"target\":[\"https:\\\/\\\/redenoticiaz.com.br\\\/litoralsp\\\/2023\\\/09\\\/30\\\/professores-apoiam-alunos-em-situacoes-sensiveis-na-internet#respond\"]}]},{\"@type\":\"WebPage\",\"@id\":\"https:\\\/\\\/redenoticiaz.com.br\\\/litoralsp\\\/2023\\\/09\\\/30\\\/professores-apoiam-alunos-em-situacoes-sensiveis-na-internet\",\"url\":\"https:\\\/\\\/redenoticiaz.com.br\\\/litoralsp\\\/2023\\\/09\\\/30\\\/professores-apoiam-alunos-em-situacoes-sensiveis-na-internet\",\"name\":\"Professores apoiam alunos em situa\u00e7\u00f5es sens\u00edveis na internet - Litoral SP\",\"isPartOf\":{\"@id\":\"https:\\\/\\\/redenoticiaz.com.br\\\/litoralsp\\\/#website\"},\"primaryImageOfPage\":{\"@id\":\"https:\\\/\\\/redenoticiaz.com.br\\\/litoralsp\\\/2023\\\/09\\\/30\\\/professores-apoiam-alunos-em-situacoes-sensiveis-na-internet#primaryimage\"},\"image\":{\"@id\":\"https:\\\/\\\/redenoticiaz.com.br\\\/litoralsp\\\/2023\\\/09\\\/30\\\/professores-apoiam-alunos-em-situacoes-sensiveis-na-internet#primaryimage\"},\"thumbnailUrl\":\"https:\\\/\\\/redenoticiaz.com.br\\\/litoralsp\\\/wp-content\\\/uploads\\\/sites\\\/3\\\/2023\\\/09\\\/180515_-_jovem_celular_0829.jpg?v=1695692603\",\"datePublished\":\"2023-09-30T13:00:30+00:00\",\"description\":\"Seis a cada dez professores precisaram apoiar os alunos no enfrentamento de situa\u00e7\u00f5es sens\u00edveis vivenciadas na internet.\",\"inLanguage\":\"pt-BR\",\"potentialAction\":[{\"@type\":\"ReadAction\",\"target\":[\"https:\\\/\\\/redenoticiaz.com.br\\\/litoralsp\\\/2023\\\/09\\\/30\\\/professores-apoiam-alunos-em-situacoes-sensiveis-na-internet\"]}]},{\"@type\":\"ImageObject\",\"inLanguage\":\"pt-BR\",\"@id\":\"https:\\\/\\\/redenoticiaz.com.br\\\/litoralsp\\\/2023\\\/09\\\/30\\\/professores-apoiam-alunos-em-situacoes-sensiveis-na-internet#primaryimage\",\"url\":\"https:\\\/\\\/redenoticiaz.com.br\\\/litoralsp\\\/wp-content\\\/uploads\\\/sites\\\/3\\\/2023\\\/09\\\/180515_-_jovem_celular_0829.jpg?v=1695692603\",\"contentUrl\":\"https:\\\/\\\/redenoticiaz.com.br\\\/litoralsp\\\/wp-content\\\/uploads\\\/sites\\\/3\\\/2023\\\/09\\\/180515_-_jovem_celular_0829.jpg?v=1695692603\",\"width\":1170,\"height\":700,\"caption\":\"Professores apoiam alunos em situa\u00e7\u00f5es sens\u00edveis na internet\"},{\"@type\":\"WebSite\",\"@id\":\"https:\\\/\\\/redenoticiaz.com.br\\\/litoralsp\\\/#website\",\"url\":\"https:\\\/\\\/redenoticiaz.com.br\\\/litoralsp\\\/\",\"name\":\"Litoral SP\",\"description\":\"Rede NoticiaZ\",\"publisher\":{\"@id\":\"https:\\\/\\\/redenoticiaz.com.br\\\/litoralsp\\\/#organization\"},\"potentialAction\":[{\"@type\":\"SearchAction\",\"target\":{\"@type\":\"EntryPoint\",\"urlTemplate\":\"https:\\\/\\\/redenoticiaz.com.br\\\/litoralsp\\\/?s={search_term_string}\"},\"query-input\":{\"@type\":\"PropertyValueSpecification\",\"valueRequired\":true,\"valueName\":\"search_term_string\"}}],\"inLanguage\":\"pt-BR\"},{\"@type\":\"Organization\",\"@id\":\"https:\\\/\\\/redenoticiaz.com.br\\\/litoralsp\\\/#organization\",\"name\":\"Litoral SP\",\"url\":\"https:\\\/\\\/redenoticiaz.com.br\\\/litoralsp\\\/\",\"logo\":{\"@type\":\"ImageObject\",\"inLanguage\":\"pt-BR\",\"@id\":\"https:\\\/\\\/redenoticiaz.com.br\\\/litoralsp\\\/#\\\/schema\\\/logo\\\/image\\\/\",\"url\":\"https:\\\/\\\/redenoticiaz.com.br\\\/litoralsp\\\/wp-content\\\/uploads\\\/sites\\\/3\\\/2020\\\/11\\\/logo.jpg\",\"contentUrl\":\"https:\\\/\\\/redenoticiaz.com.br\\\/litoralsp\\\/wp-content\\\/uploads\\\/sites\\\/3\\\/2020\\\/11\\\/logo.jpg\",\"width\":400,\"height\":250,\"caption\":\"Litoral SP\"},\"image\":{\"@id\":\"https:\\\/\\\/redenoticiaz.com.br\\\/litoralsp\\\/#\\\/schema\\\/logo\\\/image\\\/\"}},{\"@type\":\"Person\",\"@id\":\"https:\\\/\\\/redenoticiaz.com.br\\\/litoralsp\\\/#\\\/schema\\\/person\\\/16057b37a3c0ee6b096d7f887c566e2e\",\"name\":\"Gustavo Silva\",\"image\":{\"@type\":\"ImageObject\",\"inLanguage\":\"pt-BR\",\"@id\":\"https:\\\/\\\/secure.gravatar.com\\\/avatar\\\/3ee4e82f93b26de0a7cf4ea5eb7893da637ed6bb0c9170c58065944c56e28a33?s=96&d=mm&r=g\",\"url\":\"https:\\\/\\\/secure.gravatar.com\\\/avatar\\\/3ee4e82f93b26de0a7cf4ea5eb7893da637ed6bb0c9170c58065944c56e28a33?s=96&d=mm&r=g\",\"contentUrl\":\"https:\\\/\\\/secure.gravatar.com\\\/avatar\\\/3ee4e82f93b26de0a7cf4ea5eb7893da637ed6bb0c9170c58065944c56e28a33?s=96&d=mm&r=g\",\"caption\":\"Gustavo Silva\"},\"url\":\"https:\\\/\\\/redenoticiaz.com.br\\\/litoralsp\\\/author\\\/gustavosilva\"}]}<\/script>\n<!-- \/ Yoast SEO plugin. -->","yoast_head_json":{"title":"Professores apoiam alunos em situa\u00e7\u00f5es sens\u00edveis na internet - Litoral SP","description":"Seis a cada dez professores precisaram apoiar os alunos no enfrentamento de situa\u00e7\u00f5es sens\u00edveis vivenciadas na internet.","robots":{"index":"index","follow":"follow","max-snippet":"max-snippet:-1","max-image-preview":"max-image-preview:large","max-video-preview":"max-video-preview:-1"},"canonical":"https:\/\/redenoticiaz.com.br\/litoralsp\/2023\/09\/30\/professores-apoiam-alunos-em-situacoes-sensiveis-na-internet","og_locale":"pt_BR","og_type":"article","og_title":"Professores apoiam alunos em situa\u00e7\u00f5es sens\u00edveis na internet - Litoral SP","og_description":"Seis a cada dez professores precisaram apoiar os alunos no enfrentamento de situa\u00e7\u00f5es sens\u00edveis vivenciadas na internet.","og_url":"https:\/\/redenoticiaz.com.br\/litoralsp\/2023\/09\/30\/professores-apoiam-alunos-em-situacoes-sensiveis-na-internet","og_site_name":"Litoral SP","article_published_time":"2023-09-30T13:00:30+00:00","og_image":[{"width":1170,"height":700,"url":"https:\/\/redenoticiaz.com.br\/litoralsp\/wp-content\/uploads\/sites\/3\/2023\/09\/180515_-_jovem_celular_0829.jpg?v=1695692603","type":"image\/jpeg"}],"author":"Gustavo Silva","twitter_card":"summary_large_image","twitter_misc":{"Escrito por":"Gustavo Silva","Est. tempo de leitura":"6 minutos"},"schema":{"@context":"https:\/\/schema.org","@graph":[{"@type":"Article","@id":"https:\/\/redenoticiaz.com.br\/litoralsp\/2023\/09\/30\/professores-apoiam-alunos-em-situacoes-sensiveis-na-internet#article","isPartOf":{"@id":"https:\/\/redenoticiaz.com.br\/litoralsp\/2023\/09\/30\/professores-apoiam-alunos-em-situacoes-sensiveis-na-internet"},"author":{"name":"Gustavo Silva","@id":"https:\/\/redenoticiaz.com.br\/litoralsp\/#\/schema\/person\/16057b37a3c0ee6b096d7f887c566e2e"},"headline":"Professores apoiam alunos em situa\u00e7\u00f5es sens\u00edveis na internet","datePublished":"2023-09-30T13:00:30+00:00","mainEntityOfPage":{"@id":"https:\/\/redenoticiaz.com.br\/litoralsp\/2023\/09\/30\/professores-apoiam-alunos-em-situacoes-sensiveis-na-internet"},"wordCount":1065,"commentCount":0,"publisher":{"@id":"https:\/\/redenoticiaz.com.br\/litoralsp\/#organization"},"image":{"@id":"https:\/\/redenoticiaz.com.br\/litoralsp\/2023\/09\/30\/professores-apoiam-alunos-em-situacoes-sensiveis-na-internet#primaryimage"},"thumbnailUrl":"https:\/\/redenoticiaz.com.br\/litoralsp\/wp-content\/uploads\/sites\/3\/2023\/09\/180515_-_jovem_celular_0829.jpg?v=1695692603","keywords":["alunos","ESCOLAS","professores"],"articleSection":["Educa\u00e7\u00e3o"],"inLanguage":"pt-BR","potentialAction":[{"@type":"CommentAction","name":"Comment","target":["https:\/\/redenoticiaz.com.br\/litoralsp\/2023\/09\/30\/professores-apoiam-alunos-em-situacoes-sensiveis-na-internet#respond"]}]},{"@type":"WebPage","@id":"https:\/\/redenoticiaz.com.br\/litoralsp\/2023\/09\/30\/professores-apoiam-alunos-em-situacoes-sensiveis-na-internet","url":"https:\/\/redenoticiaz.com.br\/litoralsp\/2023\/09\/30\/professores-apoiam-alunos-em-situacoes-sensiveis-na-internet","name":"Professores apoiam alunos em situa\u00e7\u00f5es sens\u00edveis na internet - Litoral SP","isPartOf":{"@id":"https:\/\/redenoticiaz.com.br\/litoralsp\/#website"},"primaryImageOfPage":{"@id":"https:\/\/redenoticiaz.com.br\/litoralsp\/2023\/09\/30\/professores-apoiam-alunos-em-situacoes-sensiveis-na-internet#primaryimage"},"image":{"@id":"https:\/\/redenoticiaz.com.br\/litoralsp\/2023\/09\/30\/professores-apoiam-alunos-em-situacoes-sensiveis-na-internet#primaryimage"},"thumbnailUrl":"https:\/\/redenoticiaz.com.br\/litoralsp\/wp-content\/uploads\/sites\/3\/2023\/09\/180515_-_jovem_celular_0829.jpg?v=1695692603","datePublished":"2023-09-30T13:00:30+00:00","description":"Seis a cada dez professores precisaram apoiar os alunos no enfrentamento de situa\u00e7\u00f5es sens\u00edveis vivenciadas na internet.","inLanguage":"pt-BR","potentialAction":[{"@type":"ReadAction","target":["https:\/\/redenoticiaz.com.br\/litoralsp\/2023\/09\/30\/professores-apoiam-alunos-em-situacoes-sensiveis-na-internet"]}]},{"@type":"ImageObject","inLanguage":"pt-BR","@id":"https:\/\/redenoticiaz.com.br\/litoralsp\/2023\/09\/30\/professores-apoiam-alunos-em-situacoes-sensiveis-na-internet#primaryimage","url":"https:\/\/redenoticiaz.com.br\/litoralsp\/wp-content\/uploads\/sites\/3\/2023\/09\/180515_-_jovem_celular_0829.jpg?v=1695692603","contentUrl":"https:\/\/redenoticiaz.com.br\/litoralsp\/wp-content\/uploads\/sites\/3\/2023\/09\/180515_-_jovem_celular_0829.jpg?v=1695692603","width":1170,"height":700,"caption":"Professores apoiam alunos em situa\u00e7\u00f5es sens\u00edveis na internet"},{"@type":"WebSite","@id":"https:\/\/redenoticiaz.com.br\/litoralsp\/#website","url":"https:\/\/redenoticiaz.com.br\/litoralsp\/","name":"Litoral SP","description":"Rede NoticiaZ","publisher":{"@id":"https:\/\/redenoticiaz.com.br\/litoralsp\/#organization"},"potentialAction":[{"@type":"SearchAction","target":{"@type":"EntryPoint","urlTemplate":"https:\/\/redenoticiaz.com.br\/litoralsp\/?s={search_term_string}"},"query-input":{"@type":"PropertyValueSpecification","valueRequired":true,"valueName":"search_term_string"}}],"inLanguage":"pt-BR"},{"@type":"Organization","@id":"https:\/\/redenoticiaz.com.br\/litoralsp\/#organization","name":"Litoral SP","url":"https:\/\/redenoticiaz.com.br\/litoralsp\/","logo":{"@type":"ImageObject","inLanguage":"pt-BR","@id":"https:\/\/redenoticiaz.com.br\/litoralsp\/#\/schema\/logo\/image\/","url":"https:\/\/redenoticiaz.com.br\/litoralsp\/wp-content\/uploads\/sites\/3\/2020\/11\/logo.jpg","contentUrl":"https:\/\/redenoticiaz.com.br\/litoralsp\/wp-content\/uploads\/sites\/3\/2020\/11\/logo.jpg","width":400,"height":250,"caption":"Litoral SP"},"image":{"@id":"https:\/\/redenoticiaz.com.br\/litoralsp\/#\/schema\/logo\/image\/"}},{"@type":"Person","@id":"https:\/\/redenoticiaz.com.br\/litoralsp\/#\/schema\/person\/16057b37a3c0ee6b096d7f887c566e2e","name":"Gustavo Silva","image":{"@type":"ImageObject","inLanguage":"pt-BR","@id":"https:\/\/secure.gravatar.com\/avatar\/3ee4e82f93b26de0a7cf4ea5eb7893da637ed6bb0c9170c58065944c56e28a33?s=96&d=mm&r=g","url":"https:\/\/secure.gravatar.com\/avatar\/3ee4e82f93b26de0a7cf4ea5eb7893da637ed6bb0c9170c58065944c56e28a33?s=96&d=mm&r=g","contentUrl":"https:\/\/secure.gravatar.com\/avatar\/3ee4e82f93b26de0a7cf4ea5eb7893da637ed6bb0c9170c58065944c56e28a33?s=96&d=mm&r=g","caption":"Gustavo Silva"},"url":"https:\/\/redenoticiaz.com.br\/litoralsp\/author\/gustavosilva"}]}},"_links":{"self":[{"href":"https:\/\/redenoticiaz.com.br\/litoralsp\/wp-json\/wp\/v2\/posts\/110921","targetHints":{"allow":["GET"]}}],"collection":[{"href":"https:\/\/redenoticiaz.com.br\/litoralsp\/wp-json\/wp\/v2\/posts"}],"about":[{"href":"https:\/\/redenoticiaz.com.br\/litoralsp\/wp-json\/wp\/v2\/types\/post"}],"author":[{"embeddable":true,"href":"https:\/\/redenoticiaz.com.br\/litoralsp\/wp-json\/wp\/v2\/users\/12"}],"replies":[{"embeddable":true,"href":"https:\/\/redenoticiaz.com.br\/litoralsp\/wp-json\/wp\/v2\/comments?post=110921"}],"version-history":[{"count":0,"href":"https:\/\/redenoticiaz.com.br\/litoralsp\/wp-json\/wp\/v2\/posts\/110921\/revisions"}],"wp:featuredmedia":[{"embeddable":true,"href":"https:\/\/redenoticiaz.com.br\/litoralsp\/wp-json\/wp\/v2\/media\/110922"}],"wp:attachment":[{"href":"https:\/\/redenoticiaz.com.br\/litoralsp\/wp-json\/wp\/v2\/media?parent=110921"}],"wp:term":[{"taxonomy":"category","embeddable":true,"href":"https:\/\/redenoticiaz.com.br\/litoralsp\/wp-json\/wp\/v2\/categories?post=110921"},{"taxonomy":"post_tag","embeddable":true,"href":"https:\/\/redenoticiaz.com.br\/litoralsp\/wp-json\/wp\/v2\/tags?post=110921"}],"curies":[{"name":"wp","href":"https:\/\/api.w.org\/{rel}","templated":true}]}}