{"id":110938,"date":"2023-09-26T17:11:36","date_gmt":"2023-09-26T20:11:36","guid":{"rendered":"https:\/\/redenoticiaz.com.br\/litoralsp\/?p=110938"},"modified":"2023-09-26T17:11:36","modified_gmt":"2023-09-26T20:11:36","slug":"santos-tem-previsao-de-mare-alta-e-mar-agitado","status":"publish","type":"post","link":"https:\/\/redenoticiaz.com.br\/litoralsp\/2023\/09\/26\/santos-tem-previsao-de-mare-alta-e-mar-agitado","title":{"rendered":"Santos tem previs\u00e3o de mar\u00e9 alta e mar agitado"},"content":{"rendered":"<p>O avan\u00e7o de uma frente fria pela regi\u00e3o traz a Santos ventos intensos na regi\u00e3o costeira, tornando o mar agitado e mar\u00e9 acima do normal a partir da tarde de quarta-feira (27).<\/p>\n<p>J\u00e1 na quinta-feira (28), as ondas podem ultrapassar 2,90 metros de altura.<\/p>\n<p>De acordo com o Plano Municipal de Conting\u00eancia para Ressacas e Inunda\u00e7\u00f5es de Santos, a Cidade passa a ficar em estado de Aten\u00e7\u00e3o.<\/p>\n<p>Ainda de acordo com as informa\u00e7\u00f5es, os dados s\u00e3o do boletim do N\u00facleo de Pesquisas Hidrodin\u00e2micas da Unisanta (NPH-Unisanta), em pesquisa realizada em conjunto com a Defesa Civil de Santos, divulgado na manh\u00e3 desta nesta ter\u00e7a-feira (26).<\/p>\n<p>Com rela\u00e7\u00e3o ao n\u00edvel do mar, a mar\u00e9 poder\u00e1 alcan\u00e7ar 1,8 metro na Ba\u00eda de Santos e 1,9 metro no interior do estu\u00e1rio, com pico previsto para a madrugada de quinta-feira, \u00e0s 2h, representando aumento de 50 cent\u00edmetros em rela\u00e7\u00e3o \u00e0 t\u00e1bua de mar\u00e9s.<\/p>\n<p>Sendo assim, o boletim meteorol\u00f3gico da Defesa Civil de Santos aponta que na quarta-feira (27) come\u00e7a com sol e r\u00e1pida eleva\u00e7\u00e3o da temperatura, mas o avan\u00e7o da frente fria mudar\u00e1 o tempo, com previs\u00e3o de pancadas de chuva e intensifica\u00e7\u00e3o de rajadas de vento no final do dia.<\/p>\n<p><strong>Leia mais<\/strong><\/p>\n<p><a href=\"https:\/\/redenoticiaz.com.br\/litoralsp\/2023\/09\/23\/santos-amanhece-florida-neste-final-de-semana\">Santos amanhece florida neste final de semana<\/a><\/p>\n<p><a href=\"https:\/\/redenoticiaz.com.br\/litoralsp\/2023\/09\/22\/dois-jovens-sao-presos-apos-roubo-em-santos\">Guardas Municipais de Santos participam de curso especial de abordagem a embarca\u00e7\u00f5es<\/a><\/p>\n","protected":false},"excerpt":{"rendered":"<p>O avan\u00e7o de uma frente fria pela regi\u00e3o traz a Santos ventos intensos na regi\u00e3o costeira, tornando o mar agitado e mar\u00e9 acima do normal a partir da tarde de quarta-feira (27). J\u00e1 na quinta-feira (28), as ondas podem ultrapassar 2,90 metros de altura. De acordo com o Plano Municipal de Conting\u00eancia para Ressacas e &hellip;<\/p>\n","protected":false},"author":12,"featured_media":109267,"comment_status":"open","ping_status":"closed","sticky":false,"template":"","format":"standard","meta":{"footnotes":""},"categories":[180],"tags":[67253,10995,986],"class_list":["post-110938","post","type-post","status-publish","format-standard","has-post-thumbnail","hentry","category-santos","tag-plano-municipal-de-contingencia","tag-ressaca","tag-santos"],"yoast_head":"<!-- This site is optimized with the Yoast SEO plugin v27.4 - https:\/\/yoast.com\/product\/yoast-seo-wordpress\/ -->\n<title>Santos tem previs\u00e3o de mar\u00e9 alta e mar agitado - Litoral SP<\/title>\n<meta name=\"description\" content=\"O avan\u00e7o de uma frente fria pela regi\u00e3o traz a Santos ventos intensos na regi\u00e3o costeira, tornando o mar agitado e mar\u00e9 acima do normal a partir da tarde de quarta-feira (27).\" \/>\n<meta name=\"robots\" content=\"index, follow, max-snippet:-1, max-image-preview:large, max-video-preview:-1\" \/>\n<link rel=\"canonical\" href=\"https:\/\/redenoticiaz.com.br\/litoralsp\/2023\/09\/26\/santos-tem-previsao-de-mare-alta-e-mar-agitado\" \/>\n<meta property=\"og:locale\" content=\"pt_BR\" \/>\n<meta property=\"og:type\" content=\"article\" \/>\n<meta property=\"og:title\" content=\"Santos tem previs\u00e3o de mar\u00e9 alta e mar agitado - Litoral SP\" \/>\n<meta property=\"og:description\" content=\"O avan\u00e7o de uma frente fria pela regi\u00e3o traz a Santos ventos intensos na regi\u00e3o costeira, tornando o mar agitado e mar\u00e9 acima do normal a partir da tarde de quarta-feira (27).\" \/>\n<meta property=\"og:url\" content=\"https:\/\/redenoticiaz.com.br\/litoralsp\/2023\/09\/26\/santos-tem-previsao-de-mare-alta-e-mar-agitado\" \/>\n<meta property=\"og:site_name\" content=\"Litoral SP\" \/>\n<meta property=\"article:published_time\" content=\"2023-09-26T20:11:36+00:00\" \/>\n<meta property=\"og:image\" content=\"https:\/\/redenoticiaz.com.br\/litoralsp\/wp-content\/uploads\/sites\/3\/2023\/08\/whatsapp_image_2023-08-07_at_17.13.08.jpeg\" \/>\n\t<meta property=\"og:image:width\" content=\"927\" \/>\n\t<meta property=\"og:image:height\" content=\"618\" \/>\n\t<meta property=\"og:image:type\" content=\"image\/jpeg\" \/>\n<meta name=\"author\" content=\"Gustavo Silva\" \/>\n<meta name=\"twitter:card\" content=\"summary_large_image\" \/>\n<meta name=\"twitter:label1\" content=\"Escrito por\" \/>\n\t<meta name=\"twitter:data1\" content=\"Gustavo Silva\" \/>\n\t<meta name=\"twitter:label2\" content=\"Est. tempo de leitura\" \/>\n\t<meta name=\"twitter:data2\" content=\"2 minutos\" \/>\n<script type=\"application\/ld+json\" class=\"yoast-schema-graph\">{\"@context\":\"https:\\\/\\\/schema.org\",\"@graph\":[{\"@type\":\"Article\",\"@id\":\"https:\\\/\\\/redenoticiaz.com.br\\\/litoralsp\\\/2023\\\/09\\\/26\\\/santos-tem-previsao-de-mare-alta-e-mar-agitado#article\",\"isPartOf\":{\"@id\":\"https:\\\/\\\/redenoticiaz.com.br\\\/litoralsp\\\/2023\\\/09\\\/26\\\/santos-tem-previsao-de-mare-alta-e-mar-agitado\"},\"author\":{\"name\":\"Gustavo Silva\",\"@id\":\"https:\\\/\\\/redenoticiaz.com.br\\\/litoralsp\\\/#\\\/schema\\\/person\\\/16057b37a3c0ee6b096d7f887c566e2e\"},\"headline\":\"Santos tem previs\u00e3o de mar\u00e9 alta e mar agitado\",\"datePublished\":\"2023-09-26T20:11:36+00:00\",\"mainEntityOfPage\":{\"@id\":\"https:\\\/\\\/redenoticiaz.com.br\\\/litoralsp\\\/2023\\\/09\\\/26\\\/santos-tem-previsao-de-mare-alta-e-mar-agitado\"},\"wordCount\":246,\"commentCount\":0,\"publisher\":{\"@id\":\"https:\\\/\\\/redenoticiaz.com.br\\\/litoralsp\\\/#organization\"},\"image\":{\"@id\":\"https:\\\/\\\/redenoticiaz.com.br\\\/litoralsp\\\/2023\\\/09\\\/26\\\/santos-tem-previsao-de-mare-alta-e-mar-agitado#primaryimage\"},\"thumbnailUrl\":\"https:\\\/\\\/redenoticiaz.com.br\\\/litoralsp\\\/wp-content\\\/uploads\\\/sites\\\/3\\\/2023\\\/08\\\/whatsapp_image_2023-08-07_at_17.13.08.jpeg\",\"keywords\":[\"Plano Municipal de Conting\u00eancia\",\"RESSACA\",\"Santos\"],\"articleSection\":[\"Santos\"],\"inLanguage\":\"pt-BR\",\"potentialAction\":[{\"@type\":\"CommentAction\",\"name\":\"Comment\",\"target\":[\"https:\\\/\\\/redenoticiaz.com.br\\\/litoralsp\\\/2023\\\/09\\\/26\\\/santos-tem-previsao-de-mare-alta-e-mar-agitado#respond\"]}]},{\"@type\":\"WebPage\",\"@id\":\"https:\\\/\\\/redenoticiaz.com.br\\\/litoralsp\\\/2023\\\/09\\\/26\\\/santos-tem-previsao-de-mare-alta-e-mar-agitado\",\"url\":\"https:\\\/\\\/redenoticiaz.com.br\\\/litoralsp\\\/2023\\\/09\\\/26\\\/santos-tem-previsao-de-mare-alta-e-mar-agitado\",\"name\":\"Santos tem previs\u00e3o de mar\u00e9 alta e mar agitado - Litoral SP\",\"isPartOf\":{\"@id\":\"https:\\\/\\\/redenoticiaz.com.br\\\/litoralsp\\\/#website\"},\"primaryImageOfPage\":{\"@id\":\"https:\\\/\\\/redenoticiaz.com.br\\\/litoralsp\\\/2023\\\/09\\\/26\\\/santos-tem-previsao-de-mare-alta-e-mar-agitado#primaryimage\"},\"image\":{\"@id\":\"https:\\\/\\\/redenoticiaz.com.br\\\/litoralsp\\\/2023\\\/09\\\/26\\\/santos-tem-previsao-de-mare-alta-e-mar-agitado#primaryimage\"},\"thumbnailUrl\":\"https:\\\/\\\/redenoticiaz.com.br\\\/litoralsp\\\/wp-content\\\/uploads\\\/sites\\\/3\\\/2023\\\/08\\\/whatsapp_image_2023-08-07_at_17.13.08.jpeg\",\"datePublished\":\"2023-09-26T20:11:36+00:00\",\"description\":\"O avan\u00e7o de uma frente fria pela regi\u00e3o traz a Santos ventos intensos na regi\u00e3o costeira, tornando o mar agitado e mar\u00e9 acima do normal a partir da tarde de quarta-feira (27).\",\"inLanguage\":\"pt-BR\",\"potentialAction\":[{\"@type\":\"ReadAction\",\"target\":[\"https:\\\/\\\/redenoticiaz.com.br\\\/litoralsp\\\/2023\\\/09\\\/26\\\/santos-tem-previsao-de-mare-alta-e-mar-agitado\"]}]},{\"@type\":\"ImageObject\",\"inLanguage\":\"pt-BR\",\"@id\":\"https:\\\/\\\/redenoticiaz.com.br\\\/litoralsp\\\/2023\\\/09\\\/26\\\/santos-tem-previsao-de-mare-alta-e-mar-agitado#primaryimage\",\"url\":\"https:\\\/\\\/redenoticiaz.com.br\\\/litoralsp\\\/wp-content\\\/uploads\\\/sites\\\/3\\\/2023\\\/08\\\/whatsapp_image_2023-08-07_at_17.13.08.jpeg\",\"contentUrl\":\"https:\\\/\\\/redenoticiaz.com.br\\\/litoralsp\\\/wp-content\\\/uploads\\\/sites\\\/3\\\/2023\\\/08\\\/whatsapp_image_2023-08-07_at_17.13.08.jpeg\",\"width\":927,\"height\":618,\"caption\":\"Frente fria chega a Santos com previs\u00e3o de chuva e mar agitado\"},{\"@type\":\"WebSite\",\"@id\":\"https:\\\/\\\/redenoticiaz.com.br\\\/litoralsp\\\/#website\",\"url\":\"https:\\\/\\\/redenoticiaz.com.br\\\/litoralsp\\\/\",\"name\":\"Litoral SP\",\"description\":\"Rede NoticiaZ\",\"publisher\":{\"@id\":\"https:\\\/\\\/redenoticiaz.com.br\\\/litoralsp\\\/#organization\"},\"potentialAction\":[{\"@type\":\"SearchAction\",\"target\":{\"@type\":\"EntryPoint\",\"urlTemplate\":\"https:\\\/\\\/redenoticiaz.com.br\\\/litoralsp\\\/?s={search_term_string}\"},\"query-input\":{\"@type\":\"PropertyValueSpecification\",\"valueRequired\":true,\"valueName\":\"search_term_string\"}}],\"inLanguage\":\"pt-BR\"},{\"@type\":\"Organization\",\"@id\":\"https:\\\/\\\/redenoticiaz.com.br\\\/litoralsp\\\/#organization\",\"name\":\"Litoral SP\",\"url\":\"https:\\\/\\\/redenoticiaz.com.br\\\/litoralsp\\\/\",\"logo\":{\"@type\":\"ImageObject\",\"inLanguage\":\"pt-BR\",\"@id\":\"https:\\\/\\\/redenoticiaz.com.br\\\/litoralsp\\\/#\\\/schema\\\/logo\\\/image\\\/\",\"url\":\"https:\\\/\\\/redenoticiaz.com.br\\\/litoralsp\\\/wp-content\\\/uploads\\\/sites\\\/3\\\/2020\\\/11\\\/logo.jpg\",\"contentUrl\":\"https:\\\/\\\/redenoticiaz.com.br\\\/litoralsp\\\/wp-content\\\/uploads\\\/sites\\\/3\\\/2020\\\/11\\\/logo.jpg\",\"width\":400,\"height\":250,\"caption\":\"Litoral SP\"},\"image\":{\"@id\":\"https:\\\/\\\/redenoticiaz.com.br\\\/litoralsp\\\/#\\\/schema\\\/logo\\\/image\\\/\"}},{\"@type\":\"Person\",\"@id\":\"https:\\\/\\\/redenoticiaz.com.br\\\/litoralsp\\\/#\\\/schema\\\/person\\\/16057b37a3c0ee6b096d7f887c566e2e\",\"name\":\"Gustavo Silva\",\"image\":{\"@type\":\"ImageObject\",\"inLanguage\":\"pt-BR\",\"@id\":\"https:\\\/\\\/secure.gravatar.com\\\/avatar\\\/3ee4e82f93b26de0a7cf4ea5eb7893da637ed6bb0c9170c58065944c56e28a33?s=96&d=mm&r=g\",\"url\":\"https:\\\/\\\/secure.gravatar.com\\\/avatar\\\/3ee4e82f93b26de0a7cf4ea5eb7893da637ed6bb0c9170c58065944c56e28a33?s=96&d=mm&r=g\",\"contentUrl\":\"https:\\\/\\\/secure.gravatar.com\\\/avatar\\\/3ee4e82f93b26de0a7cf4ea5eb7893da637ed6bb0c9170c58065944c56e28a33?s=96&d=mm&r=g\",\"caption\":\"Gustavo Silva\"},\"url\":\"https:\\\/\\\/redenoticiaz.com.br\\\/litoralsp\\\/author\\\/gustavosilva\"}]}<\/script>\n<!-- \/ Yoast SEO plugin. -->","yoast_head_json":{"title":"Santos tem previs\u00e3o de mar\u00e9 alta e mar agitado - Litoral SP","description":"O avan\u00e7o de uma frente fria pela regi\u00e3o traz a Santos ventos intensos na regi\u00e3o costeira, tornando o mar agitado e mar\u00e9 acima do normal a partir da tarde de quarta-feira (27).","robots":{"index":"index","follow":"follow","max-snippet":"max-snippet:-1","max-image-preview":"max-image-preview:large","max-video-preview":"max-video-preview:-1"},"canonical":"https:\/\/redenoticiaz.com.br\/litoralsp\/2023\/09\/26\/santos-tem-previsao-de-mare-alta-e-mar-agitado","og_locale":"pt_BR","og_type":"article","og_title":"Santos tem previs\u00e3o de mar\u00e9 alta e mar agitado - Litoral SP","og_description":"O avan\u00e7o de uma frente fria pela regi\u00e3o traz a Santos ventos intensos na regi\u00e3o costeira, tornando o mar agitado e mar\u00e9 acima do normal a partir da tarde de quarta-feira (27).","og_url":"https:\/\/redenoticiaz.com.br\/litoralsp\/2023\/09\/26\/santos-tem-previsao-de-mare-alta-e-mar-agitado","og_site_name":"Litoral SP","article_published_time":"2023-09-26T20:11:36+00:00","og_image":[{"width":927,"height":618,"url":"https:\/\/redenoticiaz.com.br\/litoralsp\/wp-content\/uploads\/sites\/3\/2023\/08\/whatsapp_image_2023-08-07_at_17.13.08.jpeg","type":"image\/jpeg"}],"author":"Gustavo Silva","twitter_card":"summary_large_image","twitter_misc":{"Escrito por":"Gustavo Silva","Est. tempo de leitura":"2 minutos"},"schema":{"@context":"https:\/\/schema.org","@graph":[{"@type":"Article","@id":"https:\/\/redenoticiaz.com.br\/litoralsp\/2023\/09\/26\/santos-tem-previsao-de-mare-alta-e-mar-agitado#article","isPartOf":{"@id":"https:\/\/redenoticiaz.com.br\/litoralsp\/2023\/09\/26\/santos-tem-previsao-de-mare-alta-e-mar-agitado"},"author":{"name":"Gustavo Silva","@id":"https:\/\/redenoticiaz.com.br\/litoralsp\/#\/schema\/person\/16057b37a3c0ee6b096d7f887c566e2e"},"headline":"Santos tem previs\u00e3o de mar\u00e9 alta e mar agitado","datePublished":"2023-09-26T20:11:36+00:00","mainEntityOfPage":{"@id":"https:\/\/redenoticiaz.com.br\/litoralsp\/2023\/09\/26\/santos-tem-previsao-de-mare-alta-e-mar-agitado"},"wordCount":246,"commentCount":0,"publisher":{"@id":"https:\/\/redenoticiaz.com.br\/litoralsp\/#organization"},"image":{"@id":"https:\/\/redenoticiaz.com.br\/litoralsp\/2023\/09\/26\/santos-tem-previsao-de-mare-alta-e-mar-agitado#primaryimage"},"thumbnailUrl":"https:\/\/redenoticiaz.com.br\/litoralsp\/wp-content\/uploads\/sites\/3\/2023\/08\/whatsapp_image_2023-08-07_at_17.13.08.jpeg","keywords":["Plano Municipal de Conting\u00eancia","RESSACA","Santos"],"articleSection":["Santos"],"inLanguage":"pt-BR","potentialAction":[{"@type":"CommentAction","name":"Comment","target":["https:\/\/redenoticiaz.com.br\/litoralsp\/2023\/09\/26\/santos-tem-previsao-de-mare-alta-e-mar-agitado#respond"]}]},{"@type":"WebPage","@id":"https:\/\/redenoticiaz.com.br\/litoralsp\/2023\/09\/26\/santos-tem-previsao-de-mare-alta-e-mar-agitado","url":"https:\/\/redenoticiaz.com.br\/litoralsp\/2023\/09\/26\/santos-tem-previsao-de-mare-alta-e-mar-agitado","name":"Santos tem previs\u00e3o de mar\u00e9 alta e mar agitado - Litoral SP","isPartOf":{"@id":"https:\/\/redenoticiaz.com.br\/litoralsp\/#website"},"primaryImageOfPage":{"@id":"https:\/\/redenoticiaz.com.br\/litoralsp\/2023\/09\/26\/santos-tem-previsao-de-mare-alta-e-mar-agitado#primaryimage"},"image":{"@id":"https:\/\/redenoticiaz.com.br\/litoralsp\/2023\/09\/26\/santos-tem-previsao-de-mare-alta-e-mar-agitado#primaryimage"},"thumbnailUrl":"https:\/\/redenoticiaz.com.br\/litoralsp\/wp-content\/uploads\/sites\/3\/2023\/08\/whatsapp_image_2023-08-07_at_17.13.08.jpeg","datePublished":"2023-09-26T20:11:36+00:00","description":"O avan\u00e7o de uma frente fria pela regi\u00e3o traz a Santos ventos intensos na regi\u00e3o costeira, tornando o mar agitado e mar\u00e9 acima do normal a partir da tarde de quarta-feira (27).","inLanguage":"pt-BR","potentialAction":[{"@type":"ReadAction","target":["https:\/\/redenoticiaz.com.br\/litoralsp\/2023\/09\/26\/santos-tem-previsao-de-mare-alta-e-mar-agitado"]}]},{"@type":"ImageObject","inLanguage":"pt-BR","@id":"https:\/\/redenoticiaz.com.br\/litoralsp\/2023\/09\/26\/santos-tem-previsao-de-mare-alta-e-mar-agitado#primaryimage","url":"https:\/\/redenoticiaz.com.br\/litoralsp\/wp-content\/uploads\/sites\/3\/2023\/08\/whatsapp_image_2023-08-07_at_17.13.08.jpeg","contentUrl":"https:\/\/redenoticiaz.com.br\/litoralsp\/wp-content\/uploads\/sites\/3\/2023\/08\/whatsapp_image_2023-08-07_at_17.13.08.jpeg","width":927,"height":618,"caption":"Frente fria chega a Santos com previs\u00e3o de chuva e mar agitado"},{"@type":"WebSite","@id":"https:\/\/redenoticiaz.com.br\/litoralsp\/#website","url":"https:\/\/redenoticiaz.com.br\/litoralsp\/","name":"Litoral SP","description":"Rede NoticiaZ","publisher":{"@id":"https:\/\/redenoticiaz.com.br\/litoralsp\/#organization"},"potentialAction":[{"@type":"SearchAction","target":{"@type":"EntryPoint","urlTemplate":"https:\/\/redenoticiaz.com.br\/litoralsp\/?s={search_term_string}"},"query-input":{"@type":"PropertyValueSpecification","valueRequired":true,"valueName":"search_term_string"}}],"inLanguage":"pt-BR"},{"@type":"Organization","@id":"https:\/\/redenoticiaz.com.br\/litoralsp\/#organization","name":"Litoral SP","url":"https:\/\/redenoticiaz.com.br\/litoralsp\/","logo":{"@type":"ImageObject","inLanguage":"pt-BR","@id":"https:\/\/redenoticiaz.com.br\/litoralsp\/#\/schema\/logo\/image\/","url":"https:\/\/redenoticiaz.com.br\/litoralsp\/wp-content\/uploads\/sites\/3\/2020\/11\/logo.jpg","contentUrl":"https:\/\/redenoticiaz.com.br\/litoralsp\/wp-content\/uploads\/sites\/3\/2020\/11\/logo.jpg","width":400,"height":250,"caption":"Litoral SP"},"image":{"@id":"https:\/\/redenoticiaz.com.br\/litoralsp\/#\/schema\/logo\/image\/"}},{"@type":"Person","@id":"https:\/\/redenoticiaz.com.br\/litoralsp\/#\/schema\/person\/16057b37a3c0ee6b096d7f887c566e2e","name":"Gustavo Silva","image":{"@type":"ImageObject","inLanguage":"pt-BR","@id":"https:\/\/secure.gravatar.com\/avatar\/3ee4e82f93b26de0a7cf4ea5eb7893da637ed6bb0c9170c58065944c56e28a33?s=96&d=mm&r=g","url":"https:\/\/secure.gravatar.com\/avatar\/3ee4e82f93b26de0a7cf4ea5eb7893da637ed6bb0c9170c58065944c56e28a33?s=96&d=mm&r=g","contentUrl":"https:\/\/secure.gravatar.com\/avatar\/3ee4e82f93b26de0a7cf4ea5eb7893da637ed6bb0c9170c58065944c56e28a33?s=96&d=mm&r=g","caption":"Gustavo Silva"},"url":"https:\/\/redenoticiaz.com.br\/litoralsp\/author\/gustavosilva"}]}},"_links":{"self":[{"href":"https:\/\/redenoticiaz.com.br\/litoralsp\/wp-json\/wp\/v2\/posts\/110938","targetHints":{"allow":["GET"]}}],"collection":[{"href":"https:\/\/redenoticiaz.com.br\/litoralsp\/wp-json\/wp\/v2\/posts"}],"about":[{"href":"https:\/\/redenoticiaz.com.br\/litoralsp\/wp-json\/wp\/v2\/types\/post"}],"author":[{"embeddable":true,"href":"https:\/\/redenoticiaz.com.br\/litoralsp\/wp-json\/wp\/v2\/users\/12"}],"replies":[{"embeddable":true,"href":"https:\/\/redenoticiaz.com.br\/litoralsp\/wp-json\/wp\/v2\/comments?post=110938"}],"version-history":[{"count":1,"href":"https:\/\/redenoticiaz.com.br\/litoralsp\/wp-json\/wp\/v2\/posts\/110938\/revisions"}],"predecessor-version":[{"id":110939,"href":"https:\/\/redenoticiaz.com.br\/litoralsp\/wp-json\/wp\/v2\/posts\/110938\/revisions\/110939"}],"wp:featuredmedia":[{"embeddable":true,"href":"https:\/\/redenoticiaz.com.br\/litoralsp\/wp-json\/wp\/v2\/media\/109267"}],"wp:attachment":[{"href":"https:\/\/redenoticiaz.com.br\/litoralsp\/wp-json\/wp\/v2\/media?parent=110938"}],"wp:term":[{"taxonomy":"category","embeddable":true,"href":"https:\/\/redenoticiaz.com.br\/litoralsp\/wp-json\/wp\/v2\/categories?post=110938"},{"taxonomy":"post_tag","embeddable":true,"href":"https:\/\/redenoticiaz.com.br\/litoralsp\/wp-json\/wp\/v2\/tags?post=110938"}],"curies":[{"name":"wp","href":"https:\/\/api.w.org\/{rel}","templated":true}]}}