{"id":111000,"date":"2023-09-28T15:19:33","date_gmt":"2023-09-28T18:19:33","guid":{"rendered":"https:\/\/redenoticiaz.com.br\/litoralsp\/2023\/09\/28\/tentativa-de-assalto-a-banco-termina-com-morte"},"modified":"2023-09-28T15:22:13","modified_gmt":"2023-09-28T18:22:13","slug":"tentativa-de-assalto-a-banco-termina-com-morte","status":"publish","type":"post","link":"https:\/\/redenoticiaz.com.br\/litoralsp\/2023\/09\/28\/tentativa-de-assalto-a-banco-termina-com-morte","title":{"rendered":"Tentativa de assalto a banco termina com morte"},"content":{"rendered":"<p>Uma tentativa de assalto a uma ag\u00eancia banc\u00e1ria do Ita\u00fa na Avenida Nove de Julho, no Centro, terminou em morte, manh\u00e3 desta quinta-feira (28), em Po\u00e1, na Grande S\u00e3o Paulo. Uma funcion\u00e1ria do banco perdeu a vida e o suspeito do crime foi morto. Al\u00e9m disso, outra pessoa ficou ferida e foi encaminhada para o Hospital Guido Guida, tamb\u00e9m em Po\u00e1.<\/p>\n<p>Os eventos inesperados come\u00e7aram a se desenrolar pouco antes das 11h da manh\u00e3, quando um homem ainda n\u00e3o identificado adentrou a ag\u00eancia banc\u00e1ria. De acordo com informa\u00e7\u00f5es da Pol\u00edcia Civil, o suspeito conseguiu tomar posse da arma de um vigilante presente no local e, usou uma funcion\u00e1ria como escudo humano.<\/p>\n<p>O cen\u00e1rio tenso logo evoluiu para uma troca de tiros, onde disparos foram efetuados pela pol\u00edcia para conter a amea\u00e7a iminente. Infelizmente, tanto a funcion\u00e1ria do banco quanto o assaltante morreram no confronto. As autoridades est\u00e3o investigando o caso para esclarecer os detalhes e as circunst\u00e2ncias que levaram a essa trag\u00e9dia.<\/p>\n<p>A identidade da funcion\u00e1ria e do suspeito ainda n\u00e3o foram divulgadas pelas autoridades. A Pol\u00edcia Civil est\u00e1 conduzindo uma investiga\u00e7\u00e3o.<\/p>\n<p>LEIA MAIS<\/p>\n<p><a href=\"https:\/\/redenoticiaz.com.br\/blog\/2023\/09\/27\/video-aviao-explode-apos-pousar-em-pista\">V\u00cdDEO \u2013 Avi\u00e3o explode ap\u00f3s pousar em pista<\/a><\/p>\n<p><a href=\"https:\/\/redenoticiaz.com.br\/blog\/2023\/09\/27\/rosa-weber-se-despede-do-stf-e-abre-nova-vaga-para-indicacao-de-lula\">Rosa Weber se despede do STF e abre nova vaga para indica\u00e7\u00e3o de Lula<\/a><\/p>\n","protected":false},"excerpt":{"rendered":"<p>Uma tentativa de assalto a uma ag\u00eancia banc\u00e1ria do Ita\u00fa na Avenida Nove de Julho, no Centro, terminou em morte, manh\u00e3 desta quinta-feira (28), em Po\u00e1, na Grande S\u00e3o Paulo. Uma funcion\u00e1ria do banco perdeu a vida e o suspeito do crime foi morto. Al\u00e9m disso, outra pessoa ficou ferida e foi encaminhada para o &hellip;<\/p>\n","protected":false},"author":30,"featured_media":111001,"comment_status":"open","ping_status":"closed","sticky":false,"template":"","format":"standard","meta":{"footnotes":""},"categories":[10],"tags":[2803,14905,67273,23143],"class_list":["post-111000","post","type-post","status-publish","format-standard","has-post-thumbnail","hentry","category-policia","tag-assalto","tag-banco","tag-poa","tag-policia-2"],"yoast_head":"<!-- This site is optimized with the Yoast SEO plugin v27.5 - https:\/\/yoast.com\/product\/yoast-seo-wordpress\/ -->\n<title>Tentativa de assalto a banco termina com morte - Litoral SP<\/title>\n<meta name=\"robots\" content=\"index, follow, max-snippet:-1, max-image-preview:large, max-video-preview:-1\" \/>\n<link rel=\"canonical\" href=\"https:\/\/redenoticiaz.com.br\/litoralsp\/2023\/09\/28\/tentativa-de-assalto-a-banco-termina-com-morte\" \/>\n<meta property=\"og:locale\" content=\"pt_BR\" \/>\n<meta property=\"og:type\" content=\"article\" \/>\n<meta property=\"og:title\" content=\"Tentativa de assalto a banco termina com morte - Litoral SP\" \/>\n<meta property=\"og:description\" content=\"Uma tentativa de assalto a uma ag\u00eancia banc\u00e1ria do Ita\u00fa na Avenida Nove de Julho, no Centro, terminou em morte, manh\u00e3 desta quinta-feira (28), em Po\u00e1, na Grande S\u00e3o Paulo. Uma funcion\u00e1ria do banco perdeu a vida e o suspeito do crime foi morto. Al\u00e9m disso, outra pessoa ficou ferida e foi encaminhada para o &hellip;\" \/>\n<meta property=\"og:url\" content=\"https:\/\/redenoticiaz.com.br\/litoralsp\/2023\/09\/28\/tentativa-de-assalto-a-banco-termina-com-morte\" \/>\n<meta property=\"og:site_name\" content=\"Litoral SP\" \/>\n<meta property=\"article:published_time\" content=\"2023-09-28T18:19:33+00:00\" \/>\n<meta property=\"article:modified_time\" content=\"2023-09-28T18:22:13+00:00\" \/>\n<meta name=\"author\" content=\"Carina Reifonas\" \/>\n<meta name=\"twitter:card\" content=\"summary_large_image\" \/>\n<meta name=\"twitter:label1\" content=\"Escrito por\" \/>\n\t<meta name=\"twitter:data1\" content=\"Carina Reifonas\" \/>\n\t<meta name=\"twitter:label2\" content=\"Est. tempo de leitura\" \/>\n\t<meta name=\"twitter:data2\" content=\"1 minuto\" \/>\n<script type=\"application\/ld+json\" class=\"yoast-schema-graph\">{\"@context\":\"https:\\\/\\\/schema.org\",\"@graph\":[{\"@type\":\"Article\",\"@id\":\"https:\\\/\\\/redenoticiaz.com.br\\\/litoralsp\\\/2023\\\/09\\\/28\\\/tentativa-de-assalto-a-banco-termina-com-morte#article\",\"isPartOf\":{\"@id\":\"https:\\\/\\\/redenoticiaz.com.br\\\/litoralsp\\\/2023\\\/09\\\/28\\\/tentativa-de-assalto-a-banco-termina-com-morte\"},\"author\":{\"name\":\"Carina Reifonas\",\"@id\":\"https:\\\/\\\/redenoticiaz.com.br\\\/litoralsp\\\/#\\\/schema\\\/person\\\/1f84d6e94e6a62d2d81199d7503e9e90\"},\"headline\":\"Tentativa de assalto a banco termina com morte\",\"datePublished\":\"2023-09-28T18:19:33+00:00\",\"dateModified\":\"2023-09-28T18:22:13+00:00\",\"mainEntityOfPage\":{\"@id\":\"https:\\\/\\\/redenoticiaz.com.br\\\/litoralsp\\\/2023\\\/09\\\/28\\\/tentativa-de-assalto-a-banco-termina-com-morte\"},\"wordCount\":240,\"commentCount\":0,\"publisher\":{\"@id\":\"https:\\\/\\\/redenoticiaz.com.br\\\/litoralsp\\\/#organization\"},\"image\":{\"@id\":\"https:\\\/\\\/redenoticiaz.com.br\\\/litoralsp\\\/2023\\\/09\\\/28\\\/tentativa-de-assalto-a-banco-termina-com-morte#primaryimage\"},\"thumbnailUrl\":\"https:\\\/\\\/redenoticiaz.com.br\\\/litoralsp\\\/wp-content\\\/uploads\\\/sites\\\/3\\\/2023\\\/09\\\/Captura-de-tela-2023-09-28-151734.jpg?v=1695925140\",\"keywords\":[\"Assalto\",\"BANCO\",\"Po\u00e1\",\"POL\u00cdCIA\"],\"articleSection\":[\"Pol\u00edcia\"],\"inLanguage\":\"pt-BR\",\"potentialAction\":[{\"@type\":\"CommentAction\",\"name\":\"Comment\",\"target\":[\"https:\\\/\\\/redenoticiaz.com.br\\\/litoralsp\\\/2023\\\/09\\\/28\\\/tentativa-de-assalto-a-banco-termina-com-morte#respond\"]}]},{\"@type\":\"WebPage\",\"@id\":\"https:\\\/\\\/redenoticiaz.com.br\\\/litoralsp\\\/2023\\\/09\\\/28\\\/tentativa-de-assalto-a-banco-termina-com-morte\",\"url\":\"https:\\\/\\\/redenoticiaz.com.br\\\/litoralsp\\\/2023\\\/09\\\/28\\\/tentativa-de-assalto-a-banco-termina-com-morte\",\"name\":\"Tentativa de assalto a banco termina com morte - Litoral SP\",\"isPartOf\":{\"@id\":\"https:\\\/\\\/redenoticiaz.com.br\\\/litoralsp\\\/#website\"},\"primaryImageOfPage\":{\"@id\":\"https:\\\/\\\/redenoticiaz.com.br\\\/litoralsp\\\/2023\\\/09\\\/28\\\/tentativa-de-assalto-a-banco-termina-com-morte#primaryimage\"},\"image\":{\"@id\":\"https:\\\/\\\/redenoticiaz.com.br\\\/litoralsp\\\/2023\\\/09\\\/28\\\/tentativa-de-assalto-a-banco-termina-com-morte#primaryimage\"},\"thumbnailUrl\":\"https:\\\/\\\/redenoticiaz.com.br\\\/litoralsp\\\/wp-content\\\/uploads\\\/sites\\\/3\\\/2023\\\/09\\\/Captura-de-tela-2023-09-28-151734.jpg?v=1695925140\",\"datePublished\":\"2023-09-28T18:19:33+00:00\",\"dateModified\":\"2023-09-28T18:22:13+00:00\",\"inLanguage\":\"pt-BR\",\"potentialAction\":[{\"@type\":\"ReadAction\",\"target\":[\"https:\\\/\\\/redenoticiaz.com.br\\\/litoralsp\\\/2023\\\/09\\\/28\\\/tentativa-de-assalto-a-banco-termina-com-morte\"]}]},{\"@type\":\"ImageObject\",\"inLanguage\":\"pt-BR\",\"@id\":\"https:\\\/\\\/redenoticiaz.com.br\\\/litoralsp\\\/2023\\\/09\\\/28\\\/tentativa-de-assalto-a-banco-termina-com-morte#primaryimage\",\"url\":\"https:\\\/\\\/redenoticiaz.com.br\\\/litoralsp\\\/wp-content\\\/uploads\\\/sites\\\/3\\\/2023\\\/09\\\/Captura-de-tela-2023-09-28-151734.jpg?v=1695925140\",\"contentUrl\":\"https:\\\/\\\/redenoticiaz.com.br\\\/litoralsp\\\/wp-content\\\/uploads\\\/sites\\\/3\\\/2023\\\/09\\\/Captura-de-tela-2023-09-28-151734.jpg?v=1695925140\",\"width\":487,\"height\":339,\"caption\":\"Cr\u00e9dito: Reprodu\u00e7\u00e3o\\\/ TV Globo\"},{\"@type\":\"WebSite\",\"@id\":\"https:\\\/\\\/redenoticiaz.com.br\\\/litoralsp\\\/#website\",\"url\":\"https:\\\/\\\/redenoticiaz.com.br\\\/litoralsp\\\/\",\"name\":\"Litoral SP\",\"description\":\"Rede NoticiaZ\",\"publisher\":{\"@id\":\"https:\\\/\\\/redenoticiaz.com.br\\\/litoralsp\\\/#organization\"},\"potentialAction\":[{\"@type\":\"SearchAction\",\"target\":{\"@type\":\"EntryPoint\",\"urlTemplate\":\"https:\\\/\\\/redenoticiaz.com.br\\\/litoralsp\\\/?s={search_term_string}\"},\"query-input\":{\"@type\":\"PropertyValueSpecification\",\"valueRequired\":true,\"valueName\":\"search_term_string\"}}],\"inLanguage\":\"pt-BR\"},{\"@type\":\"Organization\",\"@id\":\"https:\\\/\\\/redenoticiaz.com.br\\\/litoralsp\\\/#organization\",\"name\":\"Litoral SP\",\"url\":\"https:\\\/\\\/redenoticiaz.com.br\\\/litoralsp\\\/\",\"logo\":{\"@type\":\"ImageObject\",\"inLanguage\":\"pt-BR\",\"@id\":\"https:\\\/\\\/redenoticiaz.com.br\\\/litoralsp\\\/#\\\/schema\\\/logo\\\/image\\\/\",\"url\":\"https:\\\/\\\/redenoticiaz.com.br\\\/litoralsp\\\/wp-content\\\/uploads\\\/sites\\\/3\\\/2020\\\/11\\\/logo.jpg\",\"contentUrl\":\"https:\\\/\\\/redenoticiaz.com.br\\\/litoralsp\\\/wp-content\\\/uploads\\\/sites\\\/3\\\/2020\\\/11\\\/logo.jpg\",\"width\":400,\"height\":250,\"caption\":\"Litoral SP\"},\"image\":{\"@id\":\"https:\\\/\\\/redenoticiaz.com.br\\\/litoralsp\\\/#\\\/schema\\\/logo\\\/image\\\/\"}},{\"@type\":\"Person\",\"@id\":\"https:\\\/\\\/redenoticiaz.com.br\\\/litoralsp\\\/#\\\/schema\\\/person\\\/1f84d6e94e6a62d2d81199d7503e9e90\",\"name\":\"Carina Reifonas\",\"image\":{\"@type\":\"ImageObject\",\"inLanguage\":\"pt-BR\",\"@id\":\"https:\\\/\\\/secure.gravatar.com\\\/avatar\\\/04c59859b23696cf867715880f81d5c037e60109730bdb4e6670ec2a2245bc97?s=96&d=mm&r=g\",\"url\":\"https:\\\/\\\/secure.gravatar.com\\\/avatar\\\/04c59859b23696cf867715880f81d5c037e60109730bdb4e6670ec2a2245bc97?s=96&d=mm&r=g\",\"contentUrl\":\"https:\\\/\\\/secure.gravatar.com\\\/avatar\\\/04c59859b23696cf867715880f81d5c037e60109730bdb4e6670ec2a2245bc97?s=96&d=mm&r=g\",\"caption\":\"Carina Reifonas\"},\"url\":\"https:\\\/\\\/redenoticiaz.com.br\\\/litoralsp\\\/author\\\/carinareifonas\"}]}<\/script>\n<!-- \/ Yoast SEO plugin. -->","yoast_head_json":{"title":"Tentativa de assalto a banco termina com morte - Litoral SP","robots":{"index":"index","follow":"follow","max-snippet":"max-snippet:-1","max-image-preview":"max-image-preview:large","max-video-preview":"max-video-preview:-1"},"canonical":"https:\/\/redenoticiaz.com.br\/litoralsp\/2023\/09\/28\/tentativa-de-assalto-a-banco-termina-com-morte","og_locale":"pt_BR","og_type":"article","og_title":"Tentativa de assalto a banco termina com morte - Litoral SP","og_description":"Uma tentativa de assalto a uma ag\u00eancia banc\u00e1ria do Ita\u00fa na Avenida Nove de Julho, no Centro, terminou em morte, manh\u00e3 desta quinta-feira (28), em Po\u00e1, na Grande S\u00e3o Paulo. Uma funcion\u00e1ria do banco perdeu a vida e o suspeito do crime foi morto. Al\u00e9m disso, outra pessoa ficou ferida e foi encaminhada para o &hellip;","og_url":"https:\/\/redenoticiaz.com.br\/litoralsp\/2023\/09\/28\/tentativa-de-assalto-a-banco-termina-com-morte","og_site_name":"Litoral SP","article_published_time":"2023-09-28T18:19:33+00:00","article_modified_time":"2023-09-28T18:22:13+00:00","author":"Carina Reifonas","twitter_card":"summary_large_image","twitter_misc":{"Escrito por":"Carina Reifonas","Est. tempo de leitura":"1 minuto"},"schema":{"@context":"https:\/\/schema.org","@graph":[{"@type":"Article","@id":"https:\/\/redenoticiaz.com.br\/litoralsp\/2023\/09\/28\/tentativa-de-assalto-a-banco-termina-com-morte#article","isPartOf":{"@id":"https:\/\/redenoticiaz.com.br\/litoralsp\/2023\/09\/28\/tentativa-de-assalto-a-banco-termina-com-morte"},"author":{"name":"Carina Reifonas","@id":"https:\/\/redenoticiaz.com.br\/litoralsp\/#\/schema\/person\/1f84d6e94e6a62d2d81199d7503e9e90"},"headline":"Tentativa de assalto a banco termina com morte","datePublished":"2023-09-28T18:19:33+00:00","dateModified":"2023-09-28T18:22:13+00:00","mainEntityOfPage":{"@id":"https:\/\/redenoticiaz.com.br\/litoralsp\/2023\/09\/28\/tentativa-de-assalto-a-banco-termina-com-morte"},"wordCount":240,"commentCount":0,"publisher":{"@id":"https:\/\/redenoticiaz.com.br\/litoralsp\/#organization"},"image":{"@id":"https:\/\/redenoticiaz.com.br\/litoralsp\/2023\/09\/28\/tentativa-de-assalto-a-banco-termina-com-morte#primaryimage"},"thumbnailUrl":"https:\/\/redenoticiaz.com.br\/litoralsp\/wp-content\/uploads\/sites\/3\/2023\/09\/Captura-de-tela-2023-09-28-151734.jpg?v=1695925140","keywords":["Assalto","BANCO","Po\u00e1","POL\u00cdCIA"],"articleSection":["Pol\u00edcia"],"inLanguage":"pt-BR","potentialAction":[{"@type":"CommentAction","name":"Comment","target":["https:\/\/redenoticiaz.com.br\/litoralsp\/2023\/09\/28\/tentativa-de-assalto-a-banco-termina-com-morte#respond"]}]},{"@type":"WebPage","@id":"https:\/\/redenoticiaz.com.br\/litoralsp\/2023\/09\/28\/tentativa-de-assalto-a-banco-termina-com-morte","url":"https:\/\/redenoticiaz.com.br\/litoralsp\/2023\/09\/28\/tentativa-de-assalto-a-banco-termina-com-morte","name":"Tentativa de assalto a banco termina com morte - Litoral SP","isPartOf":{"@id":"https:\/\/redenoticiaz.com.br\/litoralsp\/#website"},"primaryImageOfPage":{"@id":"https:\/\/redenoticiaz.com.br\/litoralsp\/2023\/09\/28\/tentativa-de-assalto-a-banco-termina-com-morte#primaryimage"},"image":{"@id":"https:\/\/redenoticiaz.com.br\/litoralsp\/2023\/09\/28\/tentativa-de-assalto-a-banco-termina-com-morte#primaryimage"},"thumbnailUrl":"https:\/\/redenoticiaz.com.br\/litoralsp\/wp-content\/uploads\/sites\/3\/2023\/09\/Captura-de-tela-2023-09-28-151734.jpg?v=1695925140","datePublished":"2023-09-28T18:19:33+00:00","dateModified":"2023-09-28T18:22:13+00:00","inLanguage":"pt-BR","potentialAction":[{"@type":"ReadAction","target":["https:\/\/redenoticiaz.com.br\/litoralsp\/2023\/09\/28\/tentativa-de-assalto-a-banco-termina-com-morte"]}]},{"@type":"ImageObject","inLanguage":"pt-BR","@id":"https:\/\/redenoticiaz.com.br\/litoralsp\/2023\/09\/28\/tentativa-de-assalto-a-banco-termina-com-morte#primaryimage","url":"https:\/\/redenoticiaz.com.br\/litoralsp\/wp-content\/uploads\/sites\/3\/2023\/09\/Captura-de-tela-2023-09-28-151734.jpg?v=1695925140","contentUrl":"https:\/\/redenoticiaz.com.br\/litoralsp\/wp-content\/uploads\/sites\/3\/2023\/09\/Captura-de-tela-2023-09-28-151734.jpg?v=1695925140","width":487,"height":339,"caption":"Cr\u00e9dito: Reprodu\u00e7\u00e3o\/ TV Globo"},{"@type":"WebSite","@id":"https:\/\/redenoticiaz.com.br\/litoralsp\/#website","url":"https:\/\/redenoticiaz.com.br\/litoralsp\/","name":"Litoral SP","description":"Rede NoticiaZ","publisher":{"@id":"https:\/\/redenoticiaz.com.br\/litoralsp\/#organization"},"potentialAction":[{"@type":"SearchAction","target":{"@type":"EntryPoint","urlTemplate":"https:\/\/redenoticiaz.com.br\/litoralsp\/?s={search_term_string}"},"query-input":{"@type":"PropertyValueSpecification","valueRequired":true,"valueName":"search_term_string"}}],"inLanguage":"pt-BR"},{"@type":"Organization","@id":"https:\/\/redenoticiaz.com.br\/litoralsp\/#organization","name":"Litoral SP","url":"https:\/\/redenoticiaz.com.br\/litoralsp\/","logo":{"@type":"ImageObject","inLanguage":"pt-BR","@id":"https:\/\/redenoticiaz.com.br\/litoralsp\/#\/schema\/logo\/image\/","url":"https:\/\/redenoticiaz.com.br\/litoralsp\/wp-content\/uploads\/sites\/3\/2020\/11\/logo.jpg","contentUrl":"https:\/\/redenoticiaz.com.br\/litoralsp\/wp-content\/uploads\/sites\/3\/2020\/11\/logo.jpg","width":400,"height":250,"caption":"Litoral SP"},"image":{"@id":"https:\/\/redenoticiaz.com.br\/litoralsp\/#\/schema\/logo\/image\/"}},{"@type":"Person","@id":"https:\/\/redenoticiaz.com.br\/litoralsp\/#\/schema\/person\/1f84d6e94e6a62d2d81199d7503e9e90","name":"Carina Reifonas","image":{"@type":"ImageObject","inLanguage":"pt-BR","@id":"https:\/\/secure.gravatar.com\/avatar\/04c59859b23696cf867715880f81d5c037e60109730bdb4e6670ec2a2245bc97?s=96&d=mm&r=g","url":"https:\/\/secure.gravatar.com\/avatar\/04c59859b23696cf867715880f81d5c037e60109730bdb4e6670ec2a2245bc97?s=96&d=mm&r=g","contentUrl":"https:\/\/secure.gravatar.com\/avatar\/04c59859b23696cf867715880f81d5c037e60109730bdb4e6670ec2a2245bc97?s=96&d=mm&r=g","caption":"Carina Reifonas"},"url":"https:\/\/redenoticiaz.com.br\/litoralsp\/author\/carinareifonas"}]}},"_links":{"self":[{"href":"https:\/\/redenoticiaz.com.br\/litoralsp\/wp-json\/wp\/v2\/posts\/111000","targetHints":{"allow":["GET"]}}],"collection":[{"href":"https:\/\/redenoticiaz.com.br\/litoralsp\/wp-json\/wp\/v2\/posts"}],"about":[{"href":"https:\/\/redenoticiaz.com.br\/litoralsp\/wp-json\/wp\/v2\/types\/post"}],"author":[{"embeddable":true,"href":"https:\/\/redenoticiaz.com.br\/litoralsp\/wp-json\/wp\/v2\/users\/30"}],"replies":[{"embeddable":true,"href":"https:\/\/redenoticiaz.com.br\/litoralsp\/wp-json\/wp\/v2\/comments?post=111000"}],"version-history":[{"count":0,"href":"https:\/\/redenoticiaz.com.br\/litoralsp\/wp-json\/wp\/v2\/posts\/111000\/revisions"}],"wp:featuredmedia":[{"embeddable":true,"href":"https:\/\/redenoticiaz.com.br\/litoralsp\/wp-json\/wp\/v2\/media\/111001"}],"wp:attachment":[{"href":"https:\/\/redenoticiaz.com.br\/litoralsp\/wp-json\/wp\/v2\/media?parent=111000"}],"wp:term":[{"taxonomy":"category","embeddable":true,"href":"https:\/\/redenoticiaz.com.br\/litoralsp\/wp-json\/wp\/v2\/categories?post=111000"},{"taxonomy":"post_tag","embeddable":true,"href":"https:\/\/redenoticiaz.com.br\/litoralsp\/wp-json\/wp\/v2\/tags?post=111000"}],"curies":[{"name":"wp","href":"https:\/\/api.w.org\/{rel}","templated":true}]}}