{"id":111023,"date":"2023-09-28T20:43:21","date_gmt":"2023-09-28T23:43:21","guid":{"rendered":"https:\/\/redenoticiaz.com.br\/litoralsp\/?p=111023"},"modified":"2023-09-28T20:43:21","modified_gmt":"2023-09-28T23:43:21","slug":"apos-furto-criminoso-tenta-fugir-pelo-telhado-e-e-preso","status":"publish","type":"post","link":"https:\/\/redenoticiaz.com.br\/litoralsp\/2023\/09\/28\/apos-furto-criminoso-tenta-fugir-pelo-telhado-e-e-preso","title":{"rendered":"Ap\u00f3s furto, criminoso tenta fugir pelo telhado e \u00e9 preso"},"content":{"rendered":"<div class=\"post-content__content\">Em patrulhamento pela orla da praia na madrugada desta ter\u00e7a-feira (26), agentes da Guarda Civil Municipal (GCM) prenderam em flagrante o autor de furto \u00e0 restaurante.<\/div>\n<div><\/div>\n<div class=\"post-content__content\">De acordo com as informa\u00e7\u00f5es, o caso ocorreu por volta das 4h, na Avenida Tom\u00e9 de Souza, no Centro. O propriet\u00e1rio do estabelecimento parou a viatura para acionar socorro.<\/p>\n<p>Ainda de acordo com as informa\u00e7\u00f5es, em depoimento, a v\u00edtima disse que avistou a a\u00e7\u00e3o criminosa atrav\u00e9s das imagens de c\u00e2meras de seguran\u00e7a instaladas no interior do com\u00e9rcio.<\/p><\/div>\n<div><\/div>\n<div class=\"post-content__content\">Sendo assim, o indiv\u00edduo foi flagrado subtraindo mercadorias e dinheiro em esp\u00e9cie. Ao notar a presen\u00e7a de algu\u00e9m, o autor do furto tentou se evadir pelo telhado, quando sofreu uma queda.<\/p>\n<p>Por fim, o criminoso teria se pendurado no cano de calha que se rompeu. Na \u00e1rea externa do estabelecimento, ele acabou detido. Uma mochila foi encontrada no interior do restaurante contendo bebidas alco\u00f3licas, refrigerantes e os documentos pessoais do infrator.<\/p>\n<p>Enfim, em revista, a GCM recuperou R$ 300 subtra\u00eddos de caixa. Segundo o comerciante, o maior preju\u00edzo foi infligido a estrutura de acesso ao im\u00f3vel, que foi danificada durante a invas\u00e3o.<\/p>\n<p>O indiciado foi levado ao Hospital Municipal de Bertioga onde recebeu atendimento e foi liberado, sendo conduzido, em seguida, a Delegacia Seccional de Pol\u00edcia de Bertioga. A voz de pris\u00e3o foi dada por flagrante delito.<\/p><\/div>\n<div><\/div>\n<div><strong>Leia mais<\/strong><\/div>\n<div><a href=\"https:\/\/redenoticiaz.com.br\/litoralsp\/2023\/09\/08\/homem-e-flagrado-depredando-comercio-em-bertioga\">Homem \u00e9 flagrado depredando com\u00e9rcio em Bertioga<\/a><\/div>\n<div><a href=\"https:\/\/redenoticiaz.com.br\/litoralsp\/2023\/08\/27\/ave-e-jararaca-sao-resgatados-em-bertioga\">Ave e Jararaca s\u00e3o resgatados em Bertioga<\/a><\/div>\n<div><a href=\"https:\/\/redenoticiaz.com.br\/litoralsp\/2023\/08\/19\/bertioga-recebe-sebrae-movel-com-informacoes-e-orientacoes-gratuitas-para-a-populacao\">Bertioga recebe Sebrae M\u00f3vel com informa\u00e7\u00f5es e orienta\u00e7\u00f5es gratuitas para a popula\u00e7\u00e3o<\/a><\/div>\n","protected":false},"excerpt":{"rendered":"<p>Em patrulhamento pela orla da praia na madrugada desta ter\u00e7a-feira (26), agentes da Guarda Civil Municipal (GCM) prenderam em flagrante o autor de furto \u00e0 restaurante. De acordo com as informa\u00e7\u00f5es, o caso ocorreu por volta das 4h, na Avenida Tom\u00e9 de Souza, no Centro. O propriet\u00e1rio do estabelecimento parou a viatura para acionar socorro. &hellip;<\/p>\n","protected":false},"author":12,"featured_media":111024,"comment_status":"open","ping_status":"closed","sticky":false,"template":"","format":"standard","meta":{"footnotes":""},"categories":[1107,10],"tags":[1038,67277,3892,37601],"class_list":["post-111023","post","type-post","status-publish","format-standard","has-post-thumbnail","hentry","category-bertioga","category-policia","tag-bertioga","tag-fuga-telhado","tag-furto","tag-guarda-civil"],"yoast_head":"<!-- This site is optimized with the Yoast SEO plugin v27.5 - https:\/\/yoast.com\/product\/yoast-seo-wordpress\/ -->\n<title>Ap\u00f3s furto, criminoso tenta fugir pelo telhado e \u00e9 preso - Litoral SP<\/title>\n<meta name=\"description\" content=\"Em patrulhamento pela orla da praia na madrugada desta ter\u00e7a-feira (26), agentes da Guarda Civil Municipal (GCM) prenderam em flagrante o autor de furto \u00e0 restaurante.\" \/>\n<meta name=\"robots\" content=\"index, follow, max-snippet:-1, max-image-preview:large, max-video-preview:-1\" \/>\n<link rel=\"canonical\" href=\"https:\/\/redenoticiaz.com.br\/litoralsp\/2023\/09\/28\/apos-furto-criminoso-tenta-fugir-pelo-telhado-e-e-preso\" \/>\n<meta property=\"og:locale\" content=\"pt_BR\" \/>\n<meta property=\"og:type\" content=\"article\" \/>\n<meta property=\"og:title\" content=\"Ap\u00f3s furto, criminoso tenta fugir pelo telhado e \u00e9 preso - Litoral SP\" \/>\n<meta property=\"og:description\" content=\"Em patrulhamento pela orla da praia na madrugada desta ter\u00e7a-feira (26), agentes da Guarda Civil Municipal (GCM) prenderam em flagrante o autor de furto \u00e0 restaurante.\" \/>\n<meta property=\"og:url\" content=\"https:\/\/redenoticiaz.com.br\/litoralsp\/2023\/09\/28\/apos-furto-criminoso-tenta-fugir-pelo-telhado-e-e-preso\" \/>\n<meta property=\"og:site_name\" content=\"Litoral SP\" \/>\n<meta property=\"article:published_time\" content=\"2023-09-28T23:43:21+00:00\" \/>\n<meta property=\"og:image\" content=\"https:\/\/redenoticiaz.com.br\/litoralsp\/wp-content\/uploads\/sites\/3\/2023\/09\/WhatsApp-Image-2023-09-26-at-09.54.51-1.jpeg\" \/>\n\t<meta property=\"og:image:width\" content=\"1280\" \/>\n\t<meta property=\"og:image:height\" content=\"960\" \/>\n\t<meta property=\"og:image:type\" content=\"image\/jpeg\" \/>\n<meta name=\"author\" content=\"Gustavo Silva\" \/>\n<meta name=\"twitter:card\" content=\"summary_large_image\" \/>\n<meta name=\"twitter:label1\" content=\"Escrito por\" \/>\n\t<meta name=\"twitter:data1\" content=\"Gustavo Silva\" \/>\n\t<meta name=\"twitter:label2\" content=\"Est. tempo de leitura\" \/>\n\t<meta name=\"twitter:data2\" content=\"2 minutos\" \/>\n<script type=\"application\/ld+json\" class=\"yoast-schema-graph\">{\"@context\":\"https:\\\/\\\/schema.org\",\"@graph\":[{\"@type\":\"Article\",\"@id\":\"https:\\\/\\\/redenoticiaz.com.br\\\/litoralsp\\\/2023\\\/09\\\/28\\\/apos-furto-criminoso-tenta-fugir-pelo-telhado-e-e-preso#article\",\"isPartOf\":{\"@id\":\"https:\\\/\\\/redenoticiaz.com.br\\\/litoralsp\\\/2023\\\/09\\\/28\\\/apos-furto-criminoso-tenta-fugir-pelo-telhado-e-e-preso\"},\"author\":{\"name\":\"Gustavo Silva\",\"@id\":\"https:\\\/\\\/redenoticiaz.com.br\\\/litoralsp\\\/#\\\/schema\\\/person\\\/16057b37a3c0ee6b096d7f887c566e2e\"},\"headline\":\"Ap\u00f3s furto, criminoso tenta fugir pelo telhado e \u00e9 preso\",\"datePublished\":\"2023-09-28T23:43:21+00:00\",\"mainEntityOfPage\":{\"@id\":\"https:\\\/\\\/redenoticiaz.com.br\\\/litoralsp\\\/2023\\\/09\\\/28\\\/apos-furto-criminoso-tenta-fugir-pelo-telhado-e-e-preso\"},\"wordCount\":281,\"commentCount\":0,\"publisher\":{\"@id\":\"https:\\\/\\\/redenoticiaz.com.br\\\/litoralsp\\\/#organization\"},\"image\":{\"@id\":\"https:\\\/\\\/redenoticiaz.com.br\\\/litoralsp\\\/2023\\\/09\\\/28\\\/apos-furto-criminoso-tenta-fugir-pelo-telhado-e-e-preso#primaryimage\"},\"thumbnailUrl\":\"https:\\\/\\\/redenoticiaz.com.br\\\/litoralsp\\\/wp-content\\\/uploads\\\/sites\\\/3\\\/2023\\\/09\\\/WhatsApp-Image-2023-09-26-at-09.54.51-1.jpeg\",\"keywords\":[\"BERTIOGA\",\"fuga telhado\",\"furto\",\"GUARDA CIVIL\"],\"articleSection\":[\"Bertioga\",\"Pol\u00edcia\"],\"inLanguage\":\"pt-BR\",\"potentialAction\":[{\"@type\":\"CommentAction\",\"name\":\"Comment\",\"target\":[\"https:\\\/\\\/redenoticiaz.com.br\\\/litoralsp\\\/2023\\\/09\\\/28\\\/apos-furto-criminoso-tenta-fugir-pelo-telhado-e-e-preso#respond\"]}]},{\"@type\":\"WebPage\",\"@id\":\"https:\\\/\\\/redenoticiaz.com.br\\\/litoralsp\\\/2023\\\/09\\\/28\\\/apos-furto-criminoso-tenta-fugir-pelo-telhado-e-e-preso\",\"url\":\"https:\\\/\\\/redenoticiaz.com.br\\\/litoralsp\\\/2023\\\/09\\\/28\\\/apos-furto-criminoso-tenta-fugir-pelo-telhado-e-e-preso\",\"name\":\"Ap\u00f3s furto, criminoso tenta fugir pelo telhado e \u00e9 preso - Litoral SP\",\"isPartOf\":{\"@id\":\"https:\\\/\\\/redenoticiaz.com.br\\\/litoralsp\\\/#website\"},\"primaryImageOfPage\":{\"@id\":\"https:\\\/\\\/redenoticiaz.com.br\\\/litoralsp\\\/2023\\\/09\\\/28\\\/apos-furto-criminoso-tenta-fugir-pelo-telhado-e-e-preso#primaryimage\"},\"image\":{\"@id\":\"https:\\\/\\\/redenoticiaz.com.br\\\/litoralsp\\\/2023\\\/09\\\/28\\\/apos-furto-criminoso-tenta-fugir-pelo-telhado-e-e-preso#primaryimage\"},\"thumbnailUrl\":\"https:\\\/\\\/redenoticiaz.com.br\\\/litoralsp\\\/wp-content\\\/uploads\\\/sites\\\/3\\\/2023\\\/09\\\/WhatsApp-Image-2023-09-26-at-09.54.51-1.jpeg\",\"datePublished\":\"2023-09-28T23:43:21+00:00\",\"description\":\"Em patrulhamento pela orla da praia na madrugada desta ter\u00e7a-feira (26), agentes da Guarda Civil Municipal (GCM) prenderam em flagrante o autor de furto \u00e0 restaurante.\",\"inLanguage\":\"pt-BR\",\"potentialAction\":[{\"@type\":\"ReadAction\",\"target\":[\"https:\\\/\\\/redenoticiaz.com.br\\\/litoralsp\\\/2023\\\/09\\\/28\\\/apos-furto-criminoso-tenta-fugir-pelo-telhado-e-e-preso\"]}]},{\"@type\":\"ImageObject\",\"inLanguage\":\"pt-BR\",\"@id\":\"https:\\\/\\\/redenoticiaz.com.br\\\/litoralsp\\\/2023\\\/09\\\/28\\\/apos-furto-criminoso-tenta-fugir-pelo-telhado-e-e-preso#primaryimage\",\"url\":\"https:\\\/\\\/redenoticiaz.com.br\\\/litoralsp\\\/wp-content\\\/uploads\\\/sites\\\/3\\\/2023\\\/09\\\/WhatsApp-Image-2023-09-26-at-09.54.51-1.jpeg\",\"contentUrl\":\"https:\\\/\\\/redenoticiaz.com.br\\\/litoralsp\\\/wp-content\\\/uploads\\\/sites\\\/3\\\/2023\\\/09\\\/WhatsApp-Image-2023-09-26-at-09.54.51-1.jpeg\",\"width\":1280,\"height\":960,\"caption\":\"Ap\u00f3s furto, criminoso tenta fugir pelo telhado e \u00e9 preso\"},{\"@type\":\"WebSite\",\"@id\":\"https:\\\/\\\/redenoticiaz.com.br\\\/litoralsp\\\/#website\",\"url\":\"https:\\\/\\\/redenoticiaz.com.br\\\/litoralsp\\\/\",\"name\":\"Litoral SP\",\"description\":\"Rede NoticiaZ\",\"publisher\":{\"@id\":\"https:\\\/\\\/redenoticiaz.com.br\\\/litoralsp\\\/#organization\"},\"potentialAction\":[{\"@type\":\"SearchAction\",\"target\":{\"@type\":\"EntryPoint\",\"urlTemplate\":\"https:\\\/\\\/redenoticiaz.com.br\\\/litoralsp\\\/?s={search_term_string}\"},\"query-input\":{\"@type\":\"PropertyValueSpecification\",\"valueRequired\":true,\"valueName\":\"search_term_string\"}}],\"inLanguage\":\"pt-BR\"},{\"@type\":\"Organization\",\"@id\":\"https:\\\/\\\/redenoticiaz.com.br\\\/litoralsp\\\/#organization\",\"name\":\"Litoral SP\",\"url\":\"https:\\\/\\\/redenoticiaz.com.br\\\/litoralsp\\\/\",\"logo\":{\"@type\":\"ImageObject\",\"inLanguage\":\"pt-BR\",\"@id\":\"https:\\\/\\\/redenoticiaz.com.br\\\/litoralsp\\\/#\\\/schema\\\/logo\\\/image\\\/\",\"url\":\"https:\\\/\\\/redenoticiaz.com.br\\\/litoralsp\\\/wp-content\\\/uploads\\\/sites\\\/3\\\/2020\\\/11\\\/logo.jpg\",\"contentUrl\":\"https:\\\/\\\/redenoticiaz.com.br\\\/litoralsp\\\/wp-content\\\/uploads\\\/sites\\\/3\\\/2020\\\/11\\\/logo.jpg\",\"width\":400,\"height\":250,\"caption\":\"Litoral SP\"},\"image\":{\"@id\":\"https:\\\/\\\/redenoticiaz.com.br\\\/litoralsp\\\/#\\\/schema\\\/logo\\\/image\\\/\"}},{\"@type\":\"Person\",\"@id\":\"https:\\\/\\\/redenoticiaz.com.br\\\/litoralsp\\\/#\\\/schema\\\/person\\\/16057b37a3c0ee6b096d7f887c566e2e\",\"name\":\"Gustavo Silva\",\"image\":{\"@type\":\"ImageObject\",\"inLanguage\":\"pt-BR\",\"@id\":\"https:\\\/\\\/secure.gravatar.com\\\/avatar\\\/3ee4e82f93b26de0a7cf4ea5eb7893da637ed6bb0c9170c58065944c56e28a33?s=96&d=mm&r=g\",\"url\":\"https:\\\/\\\/secure.gravatar.com\\\/avatar\\\/3ee4e82f93b26de0a7cf4ea5eb7893da637ed6bb0c9170c58065944c56e28a33?s=96&d=mm&r=g\",\"contentUrl\":\"https:\\\/\\\/secure.gravatar.com\\\/avatar\\\/3ee4e82f93b26de0a7cf4ea5eb7893da637ed6bb0c9170c58065944c56e28a33?s=96&d=mm&r=g\",\"caption\":\"Gustavo Silva\"},\"url\":\"https:\\\/\\\/redenoticiaz.com.br\\\/litoralsp\\\/author\\\/gustavosilva\"}]}<\/script>\n<!-- \/ Yoast SEO plugin. -->","yoast_head_json":{"title":"Ap\u00f3s furto, criminoso tenta fugir pelo telhado e \u00e9 preso - Litoral SP","description":"Em patrulhamento pela orla da praia na madrugada desta ter\u00e7a-feira (26), agentes da Guarda Civil Municipal (GCM) prenderam em flagrante o autor de furto \u00e0 restaurante.","robots":{"index":"index","follow":"follow","max-snippet":"max-snippet:-1","max-image-preview":"max-image-preview:large","max-video-preview":"max-video-preview:-1"},"canonical":"https:\/\/redenoticiaz.com.br\/litoralsp\/2023\/09\/28\/apos-furto-criminoso-tenta-fugir-pelo-telhado-e-e-preso","og_locale":"pt_BR","og_type":"article","og_title":"Ap\u00f3s furto, criminoso tenta fugir pelo telhado e \u00e9 preso - Litoral SP","og_description":"Em patrulhamento pela orla da praia na madrugada desta ter\u00e7a-feira (26), agentes da Guarda Civil Municipal (GCM) prenderam em flagrante o autor de furto \u00e0 restaurante.","og_url":"https:\/\/redenoticiaz.com.br\/litoralsp\/2023\/09\/28\/apos-furto-criminoso-tenta-fugir-pelo-telhado-e-e-preso","og_site_name":"Litoral SP","article_published_time":"2023-09-28T23:43:21+00:00","og_image":[{"width":1280,"height":960,"url":"https:\/\/redenoticiaz.com.br\/litoralsp\/wp-content\/uploads\/sites\/3\/2023\/09\/WhatsApp-Image-2023-09-26-at-09.54.51-1.jpeg","type":"image\/jpeg"}],"author":"Gustavo Silva","twitter_card":"summary_large_image","twitter_misc":{"Escrito por":"Gustavo Silva","Est. tempo de leitura":"2 minutos"},"schema":{"@context":"https:\/\/schema.org","@graph":[{"@type":"Article","@id":"https:\/\/redenoticiaz.com.br\/litoralsp\/2023\/09\/28\/apos-furto-criminoso-tenta-fugir-pelo-telhado-e-e-preso#article","isPartOf":{"@id":"https:\/\/redenoticiaz.com.br\/litoralsp\/2023\/09\/28\/apos-furto-criminoso-tenta-fugir-pelo-telhado-e-e-preso"},"author":{"name":"Gustavo Silva","@id":"https:\/\/redenoticiaz.com.br\/litoralsp\/#\/schema\/person\/16057b37a3c0ee6b096d7f887c566e2e"},"headline":"Ap\u00f3s furto, criminoso tenta fugir pelo telhado e \u00e9 preso","datePublished":"2023-09-28T23:43:21+00:00","mainEntityOfPage":{"@id":"https:\/\/redenoticiaz.com.br\/litoralsp\/2023\/09\/28\/apos-furto-criminoso-tenta-fugir-pelo-telhado-e-e-preso"},"wordCount":281,"commentCount":0,"publisher":{"@id":"https:\/\/redenoticiaz.com.br\/litoralsp\/#organization"},"image":{"@id":"https:\/\/redenoticiaz.com.br\/litoralsp\/2023\/09\/28\/apos-furto-criminoso-tenta-fugir-pelo-telhado-e-e-preso#primaryimage"},"thumbnailUrl":"https:\/\/redenoticiaz.com.br\/litoralsp\/wp-content\/uploads\/sites\/3\/2023\/09\/WhatsApp-Image-2023-09-26-at-09.54.51-1.jpeg","keywords":["BERTIOGA","fuga telhado","furto","GUARDA CIVIL"],"articleSection":["Bertioga","Pol\u00edcia"],"inLanguage":"pt-BR","potentialAction":[{"@type":"CommentAction","name":"Comment","target":["https:\/\/redenoticiaz.com.br\/litoralsp\/2023\/09\/28\/apos-furto-criminoso-tenta-fugir-pelo-telhado-e-e-preso#respond"]}]},{"@type":"WebPage","@id":"https:\/\/redenoticiaz.com.br\/litoralsp\/2023\/09\/28\/apos-furto-criminoso-tenta-fugir-pelo-telhado-e-e-preso","url":"https:\/\/redenoticiaz.com.br\/litoralsp\/2023\/09\/28\/apos-furto-criminoso-tenta-fugir-pelo-telhado-e-e-preso","name":"Ap\u00f3s furto, criminoso tenta fugir pelo telhado e \u00e9 preso - Litoral SP","isPartOf":{"@id":"https:\/\/redenoticiaz.com.br\/litoralsp\/#website"},"primaryImageOfPage":{"@id":"https:\/\/redenoticiaz.com.br\/litoralsp\/2023\/09\/28\/apos-furto-criminoso-tenta-fugir-pelo-telhado-e-e-preso#primaryimage"},"image":{"@id":"https:\/\/redenoticiaz.com.br\/litoralsp\/2023\/09\/28\/apos-furto-criminoso-tenta-fugir-pelo-telhado-e-e-preso#primaryimage"},"thumbnailUrl":"https:\/\/redenoticiaz.com.br\/litoralsp\/wp-content\/uploads\/sites\/3\/2023\/09\/WhatsApp-Image-2023-09-26-at-09.54.51-1.jpeg","datePublished":"2023-09-28T23:43:21+00:00","description":"Em patrulhamento pela orla da praia na madrugada desta ter\u00e7a-feira (26), agentes da Guarda Civil Municipal (GCM) prenderam em flagrante o autor de furto \u00e0 restaurante.","inLanguage":"pt-BR","potentialAction":[{"@type":"ReadAction","target":["https:\/\/redenoticiaz.com.br\/litoralsp\/2023\/09\/28\/apos-furto-criminoso-tenta-fugir-pelo-telhado-e-e-preso"]}]},{"@type":"ImageObject","inLanguage":"pt-BR","@id":"https:\/\/redenoticiaz.com.br\/litoralsp\/2023\/09\/28\/apos-furto-criminoso-tenta-fugir-pelo-telhado-e-e-preso#primaryimage","url":"https:\/\/redenoticiaz.com.br\/litoralsp\/wp-content\/uploads\/sites\/3\/2023\/09\/WhatsApp-Image-2023-09-26-at-09.54.51-1.jpeg","contentUrl":"https:\/\/redenoticiaz.com.br\/litoralsp\/wp-content\/uploads\/sites\/3\/2023\/09\/WhatsApp-Image-2023-09-26-at-09.54.51-1.jpeg","width":1280,"height":960,"caption":"Ap\u00f3s furto, criminoso tenta fugir pelo telhado e \u00e9 preso"},{"@type":"WebSite","@id":"https:\/\/redenoticiaz.com.br\/litoralsp\/#website","url":"https:\/\/redenoticiaz.com.br\/litoralsp\/","name":"Litoral SP","description":"Rede NoticiaZ","publisher":{"@id":"https:\/\/redenoticiaz.com.br\/litoralsp\/#organization"},"potentialAction":[{"@type":"SearchAction","target":{"@type":"EntryPoint","urlTemplate":"https:\/\/redenoticiaz.com.br\/litoralsp\/?s={search_term_string}"},"query-input":{"@type":"PropertyValueSpecification","valueRequired":true,"valueName":"search_term_string"}}],"inLanguage":"pt-BR"},{"@type":"Organization","@id":"https:\/\/redenoticiaz.com.br\/litoralsp\/#organization","name":"Litoral SP","url":"https:\/\/redenoticiaz.com.br\/litoralsp\/","logo":{"@type":"ImageObject","inLanguage":"pt-BR","@id":"https:\/\/redenoticiaz.com.br\/litoralsp\/#\/schema\/logo\/image\/","url":"https:\/\/redenoticiaz.com.br\/litoralsp\/wp-content\/uploads\/sites\/3\/2020\/11\/logo.jpg","contentUrl":"https:\/\/redenoticiaz.com.br\/litoralsp\/wp-content\/uploads\/sites\/3\/2020\/11\/logo.jpg","width":400,"height":250,"caption":"Litoral SP"},"image":{"@id":"https:\/\/redenoticiaz.com.br\/litoralsp\/#\/schema\/logo\/image\/"}},{"@type":"Person","@id":"https:\/\/redenoticiaz.com.br\/litoralsp\/#\/schema\/person\/16057b37a3c0ee6b096d7f887c566e2e","name":"Gustavo Silva","image":{"@type":"ImageObject","inLanguage":"pt-BR","@id":"https:\/\/secure.gravatar.com\/avatar\/3ee4e82f93b26de0a7cf4ea5eb7893da637ed6bb0c9170c58065944c56e28a33?s=96&d=mm&r=g","url":"https:\/\/secure.gravatar.com\/avatar\/3ee4e82f93b26de0a7cf4ea5eb7893da637ed6bb0c9170c58065944c56e28a33?s=96&d=mm&r=g","contentUrl":"https:\/\/secure.gravatar.com\/avatar\/3ee4e82f93b26de0a7cf4ea5eb7893da637ed6bb0c9170c58065944c56e28a33?s=96&d=mm&r=g","caption":"Gustavo Silva"},"url":"https:\/\/redenoticiaz.com.br\/litoralsp\/author\/gustavosilva"}]}},"_links":{"self":[{"href":"https:\/\/redenoticiaz.com.br\/litoralsp\/wp-json\/wp\/v2\/posts\/111023","targetHints":{"allow":["GET"]}}],"collection":[{"href":"https:\/\/redenoticiaz.com.br\/litoralsp\/wp-json\/wp\/v2\/posts"}],"about":[{"href":"https:\/\/redenoticiaz.com.br\/litoralsp\/wp-json\/wp\/v2\/types\/post"}],"author":[{"embeddable":true,"href":"https:\/\/redenoticiaz.com.br\/litoralsp\/wp-json\/wp\/v2\/users\/12"}],"replies":[{"embeddable":true,"href":"https:\/\/redenoticiaz.com.br\/litoralsp\/wp-json\/wp\/v2\/comments?post=111023"}],"version-history":[{"count":1,"href":"https:\/\/redenoticiaz.com.br\/litoralsp\/wp-json\/wp\/v2\/posts\/111023\/revisions"}],"predecessor-version":[{"id":111025,"href":"https:\/\/redenoticiaz.com.br\/litoralsp\/wp-json\/wp\/v2\/posts\/111023\/revisions\/111025"}],"wp:featuredmedia":[{"embeddable":true,"href":"https:\/\/redenoticiaz.com.br\/litoralsp\/wp-json\/wp\/v2\/media\/111024"}],"wp:attachment":[{"href":"https:\/\/redenoticiaz.com.br\/litoralsp\/wp-json\/wp\/v2\/media?parent=111023"}],"wp:term":[{"taxonomy":"category","embeddable":true,"href":"https:\/\/redenoticiaz.com.br\/litoralsp\/wp-json\/wp\/v2\/categories?post=111023"},{"taxonomy":"post_tag","embeddable":true,"href":"https:\/\/redenoticiaz.com.br\/litoralsp\/wp-json\/wp\/v2\/tags?post=111023"}],"curies":[{"name":"wp","href":"https:\/\/api.w.org\/{rel}","templated":true}]}}