{"id":111026,"date":"2023-09-28T21:05:10","date_gmt":"2023-09-29T00:05:10","guid":{"rendered":"https:\/\/redenoticiaz.com.br\/litoralsp\/2023\/09\/28\/video-lider-religioso-e-gravado-se-masturbando-para-crianca"},"modified":"2023-09-28T21:09:16","modified_gmt":"2023-09-29T00:09:16","slug":"video-lider-religioso-e-gravado-se-masturbando-para-crianca","status":"publish","type":"post","link":"https:\/\/redenoticiaz.com.br\/litoralsp\/2023\/09\/28\/video-lider-religioso-e-gravado-se-masturbando-para-crianca","title":{"rendered":"V\u00cdDEO \u2013 L\u00edder religioso \u00e9 gravado se masturbando para crian\u00e7a"},"content":{"rendered":"<p>Um l\u00edder religioso foi gravado se masturbando para uma crian\u00e7a de 10 anos na cidade de Porangatu, Goi\u00e1s e acabou sendo preso por estupro.<\/p>\n<p>De acordo com as informa\u00e7\u00f5es, uma testemunha conseguiu registrar o momento em que ele se masturbava ao observar a menina.<\/p>\n<p>Ainda de acordo com as informa\u00e7\u00f5es, o delegado que cuidado do caso afirmou que o homem mora ao lado de onde a v\u00edtima estava, e a crian\u00e7a frequenta a igreja onde o religioso \u00e9 l\u00edder.<\/p>\n<p>Sendo assim, ap\u00f3s as imagens, o homem tentou agarrar a crian\u00e7a, que conseguiu se desvencilhar e correr para dentro de casa.<\/p>\n<div class=\"wp-playlist wp-video-playlist wp-playlist-light\">\n\t\t<video controls=\"controls\" preload=\"none\" width=\"640\"\n\t\t height=\"1003\"\t><\/video>\n\t<div class=\"wp-playlist-next\"><\/div>\n\t<div class=\"wp-playlist-prev\"><\/div>\n\t<noscript>\n\t<ol>\n\t\t<li><a href='https:\/\/redenoticiaz.com.br\/litoralsp\/wp-content\/uploads\/sites\/3\/2023\/09\/WhatsApp-Video-2023-09-28-at-21.03.36.mp4'>V\u00cdDEO - L\u00edder religioso \u00e9 gravado se masturbando para crian\u00e7a<\/a><\/li>\t<\/ol>\n\t<\/noscript>\n\t<script type=\"application\/json\" class=\"wp-playlist-script\">{\"type\":\"video\",\"tracklist\":true,\"tracknumbers\":true,\"images\":true,\"artists\":true,\"tracks\":[{\"src\":\"https:\/\/redenoticiaz.com.br\/litoralsp\/wp-content\/uploads\/sites\/3\/2023\/09\/WhatsApp-Video-2023-09-28-at-21.03.36.mp4\",\"type\":\"video\/mp4\",\"title\":\"V\\u00cdDEO - L\\u00edder religioso \\u00e9 gravado se masturbando para crian\\u00e7a\",\"caption\":\"V\\u00cdDEO - L\\u00edder religioso \\u00e9 gravado se masturbando para crian\\u00e7a\",\"description\":\"V\\u00cdDEO - L\\u00edder religioso \\u00e9 gravado se masturbando para crian\\u00e7a\",\"meta\":{\"length_formatted\":\"0:20\"},\"dimensions\":{\"original\":{\"width\":480,\"height\":752},\"resized\":{\"width\":640,\"height\":1003}},\"image\":{\"src\":\"https:\/\/redenoticiaz.com.br\/litoralsp\/wp-includes\/images\/media\/video.svg\",\"width\":48,\"height\":64},\"thumb\":{\"src\":\"https:\/\/redenoticiaz.com.br\/litoralsp\/wp-includes\/images\/media\/video.svg\",\"width\":48,\"height\":64}}]}<\/script>\n<\/div>\n\t\n<p>Ele tamb\u00e9m sofre acusa\u00e7\u00f5es de observar a v\u00edtima tomando banho e tentar entrar na casa dela durante as noites. Ap\u00f3s a pris\u00e3o, outras 15 pessoas apareceram para denunciar o homem que segue com a identidade n\u00e3o divulgada.<\/p>\n<p><strong>Leia mais<\/strong><\/p>\n<p><a href=\"https:\/\/redenoticiaz.com.br\/blog\/2023\/09\/26\/video-mulher-e-flagrada-fazendo-sexo-oral-dentro-de-mercado\">V\u00cdDEO \u2013 Mulher \u00e9 flagrada fazendo sexo oral dentro de mercado<\/a><\/p>\n<p><a href=\"https:\/\/redenoticiaz.com.br\/blog\/2023\/09\/25\/video-casal-de-homens-e-preso-apos-ser-flagrado-fazendo-sexo\">V\u00cdDEO \u2013 Casal de homens \u00e9 preso ap\u00f3s ser flagrado fazendo sexo<\/a><\/p>\n","protected":false},"excerpt":{"rendered":"<p>Um l\u00edder religioso foi gravado se masturbando para uma crian\u00e7a de 10 anos na cidade de Porangatu, Goi\u00e1s e acabou sendo preso por estupro. De acordo com as informa\u00e7\u00f5es, uma testemunha conseguiu registrar o momento em que ele se masturbava ao observar a menina. Ainda de acordo com as informa\u00e7\u00f5es, o delegado que cuidado do &hellip;<\/p>\n","protected":false},"author":12,"featured_media":111028,"comment_status":"open","ping_status":"closed","sticky":false,"template":"","format":"standard","meta":{"footnotes":""},"categories":[10],"tags":[1918,3089,67278,67279],"class_list":["post-111026","post","type-post","status-publish","format-standard","has-post-thumbnail","hentry","category-policia","tag-estupro","tag-goias","tag-masturbando","tag-porangatu"],"yoast_head":"<!-- This site is optimized with the Yoast SEO plugin v27.4 - https:\/\/yoast.com\/product\/yoast-seo-wordpress\/ -->\n<title>V\u00cdDEO \u2013 L\u00edder religioso \u00e9 gravado se masturbando para crian\u00e7a - Litoral SP<\/title>\n<meta name=\"description\" content=\"Um l\u00edder religioso foi gravado se masturbando para uma crian\u00e7a de 10 anos na cidade de Porangatu, Goi\u00e1s e acabou sendo preso por estupro.\" \/>\n<meta name=\"robots\" content=\"index, follow, max-snippet:-1, max-image-preview:large, max-video-preview:-1\" \/>\n<link rel=\"canonical\" href=\"https:\/\/redenoticiaz.com.br\/litoralsp\/2023\/09\/28\/video-lider-religioso-e-gravado-se-masturbando-para-crianca\" \/>\n<meta property=\"og:locale\" content=\"pt_BR\" \/>\n<meta property=\"og:type\" content=\"article\" \/>\n<meta property=\"og:title\" content=\"V\u00cdDEO \u2013 L\u00edder religioso \u00e9 gravado se masturbando para crian\u00e7a - Litoral SP\" \/>\n<meta property=\"og:description\" content=\"Um l\u00edder religioso foi gravado se masturbando para uma crian\u00e7a de 10 anos na cidade de Porangatu, Goi\u00e1s e acabou sendo preso por estupro.\" \/>\n<meta property=\"og:url\" content=\"https:\/\/redenoticiaz.com.br\/litoralsp\/2023\/09\/28\/video-lider-religioso-e-gravado-se-masturbando-para-crianca\" \/>\n<meta property=\"og:site_name\" content=\"Litoral SP\" \/>\n<meta property=\"article:published_time\" content=\"2023-09-29T00:05:10+00:00\" \/>\n<meta property=\"article:modified_time\" content=\"2023-09-29T00:09:16+00:00\" \/>\n<meta property=\"og:image\" content=\"https:\/\/redenoticiaz.com.br\/litoralsp\/wp-content\/uploads\/sites\/3\/2023\/09\/f776x436-113087_161438_5050.jpg?v=1695945537\" \/>\n\t<meta property=\"og:image:width\" content=\"776\" \/>\n\t<meta property=\"og:image:height\" content=\"436\" \/>\n\t<meta property=\"og:image:type\" content=\"image\/jpeg\" \/>\n<meta name=\"author\" content=\"Gustavo Silva\" \/>\n<meta name=\"twitter:card\" content=\"summary_large_image\" \/>\n<meta name=\"twitter:label1\" content=\"Escrito por\" \/>\n\t<meta name=\"twitter:data1\" content=\"Gustavo Silva\" \/>\n\t<meta name=\"twitter:label2\" content=\"Est. tempo de leitura\" \/>\n\t<meta name=\"twitter:data2\" content=\"1 minuto\" \/>\n<script type=\"application\/ld+json\" class=\"yoast-schema-graph\">{\"@context\":\"https:\\\/\\\/schema.org\",\"@graph\":[{\"@type\":\"Article\",\"@id\":\"https:\\\/\\\/redenoticiaz.com.br\\\/litoralsp\\\/2023\\\/09\\\/28\\\/video-lider-religioso-e-gravado-se-masturbando-para-crianca#article\",\"isPartOf\":{\"@id\":\"https:\\\/\\\/redenoticiaz.com.br\\\/litoralsp\\\/2023\\\/09\\\/28\\\/video-lider-religioso-e-gravado-se-masturbando-para-crianca\"},\"author\":{\"name\":\"Gustavo Silva\",\"@id\":\"https:\\\/\\\/redenoticiaz.com.br\\\/litoralsp\\\/#\\\/schema\\\/person\\\/16057b37a3c0ee6b096d7f887c566e2e\"},\"headline\":\"V\u00cdDEO \u2013 L\u00edder religioso \u00e9 gravado se masturbando para crian\u00e7a\",\"datePublished\":\"2023-09-29T00:05:10+00:00\",\"dateModified\":\"2023-09-29T00:09:16+00:00\",\"mainEntityOfPage\":{\"@id\":\"https:\\\/\\\/redenoticiaz.com.br\\\/litoralsp\\\/2023\\\/09\\\/28\\\/video-lider-religioso-e-gravado-se-masturbando-para-crianca\"},\"wordCount\":189,\"commentCount\":0,\"publisher\":{\"@id\":\"https:\\\/\\\/redenoticiaz.com.br\\\/litoralsp\\\/#organization\"},\"image\":{\"@id\":\"https:\\\/\\\/redenoticiaz.com.br\\\/litoralsp\\\/2023\\\/09\\\/28\\\/video-lider-religioso-e-gravado-se-masturbando-para-crianca#primaryimage\"},\"thumbnailUrl\":\"https:\\\/\\\/redenoticiaz.com.br\\\/litoralsp\\\/wp-content\\\/uploads\\\/sites\\\/3\\\/2023\\\/09\\\/f776x436-113087_161438_5050.jpg?v=1695945537\",\"keywords\":[\"ESTUPRO\",\"GOI\u00c1S\",\"masturbando\",\"Porangatu\"],\"articleSection\":[\"Pol\u00edcia\"],\"inLanguage\":\"pt-BR\",\"potentialAction\":[{\"@type\":\"CommentAction\",\"name\":\"Comment\",\"target\":[\"https:\\\/\\\/redenoticiaz.com.br\\\/litoralsp\\\/2023\\\/09\\\/28\\\/video-lider-religioso-e-gravado-se-masturbando-para-crianca#respond\"]}]},{\"@type\":\"WebPage\",\"@id\":\"https:\\\/\\\/redenoticiaz.com.br\\\/litoralsp\\\/2023\\\/09\\\/28\\\/video-lider-religioso-e-gravado-se-masturbando-para-crianca\",\"url\":\"https:\\\/\\\/redenoticiaz.com.br\\\/litoralsp\\\/2023\\\/09\\\/28\\\/video-lider-religioso-e-gravado-se-masturbando-para-crianca\",\"name\":\"V\u00cdDEO \u2013 L\u00edder religioso \u00e9 gravado se masturbando para crian\u00e7a - Litoral SP\",\"isPartOf\":{\"@id\":\"https:\\\/\\\/redenoticiaz.com.br\\\/litoralsp\\\/#website\"},\"primaryImageOfPage\":{\"@id\":\"https:\\\/\\\/redenoticiaz.com.br\\\/litoralsp\\\/2023\\\/09\\\/28\\\/video-lider-religioso-e-gravado-se-masturbando-para-crianca#primaryimage\"},\"image\":{\"@id\":\"https:\\\/\\\/redenoticiaz.com.br\\\/litoralsp\\\/2023\\\/09\\\/28\\\/video-lider-religioso-e-gravado-se-masturbando-para-crianca#primaryimage\"},\"thumbnailUrl\":\"https:\\\/\\\/redenoticiaz.com.br\\\/litoralsp\\\/wp-content\\\/uploads\\\/sites\\\/3\\\/2023\\\/09\\\/f776x436-113087_161438_5050.jpg?v=1695945537\",\"datePublished\":\"2023-09-29T00:05:10+00:00\",\"dateModified\":\"2023-09-29T00:09:16+00:00\",\"description\":\"Um l\u00edder religioso foi gravado se masturbando para uma crian\u00e7a de 10 anos na cidade de Porangatu, Goi\u00e1s e acabou sendo preso por estupro.\",\"inLanguage\":\"pt-BR\",\"potentialAction\":[{\"@type\":\"ReadAction\",\"target\":[\"https:\\\/\\\/redenoticiaz.com.br\\\/litoralsp\\\/2023\\\/09\\\/28\\\/video-lider-religioso-e-gravado-se-masturbando-para-crianca\"]}]},{\"@type\":\"ImageObject\",\"inLanguage\":\"pt-BR\",\"@id\":\"https:\\\/\\\/redenoticiaz.com.br\\\/litoralsp\\\/2023\\\/09\\\/28\\\/video-lider-religioso-e-gravado-se-masturbando-para-crianca#primaryimage\",\"url\":\"https:\\\/\\\/redenoticiaz.com.br\\\/litoralsp\\\/wp-content\\\/uploads\\\/sites\\\/3\\\/2023\\\/09\\\/f776x436-113087_161438_5050.jpg?v=1695945537\",\"contentUrl\":\"https:\\\/\\\/redenoticiaz.com.br\\\/litoralsp\\\/wp-content\\\/uploads\\\/sites\\\/3\\\/2023\\\/09\\\/f776x436-113087_161438_5050.jpg?v=1695945537\",\"width\":776,\"height\":436,\"caption\":\"V\u00cdDEO - L\u00edder religioso \u00e9 gravado se masturbando para crian\u00e7a\"},{\"@type\":\"WebSite\",\"@id\":\"https:\\\/\\\/redenoticiaz.com.br\\\/litoralsp\\\/#website\",\"url\":\"https:\\\/\\\/redenoticiaz.com.br\\\/litoralsp\\\/\",\"name\":\"Litoral SP\",\"description\":\"Rede NoticiaZ\",\"publisher\":{\"@id\":\"https:\\\/\\\/redenoticiaz.com.br\\\/litoralsp\\\/#organization\"},\"potentialAction\":[{\"@type\":\"SearchAction\",\"target\":{\"@type\":\"EntryPoint\",\"urlTemplate\":\"https:\\\/\\\/redenoticiaz.com.br\\\/litoralsp\\\/?s={search_term_string}\"},\"query-input\":{\"@type\":\"PropertyValueSpecification\",\"valueRequired\":true,\"valueName\":\"search_term_string\"}}],\"inLanguage\":\"pt-BR\"},{\"@type\":\"Organization\",\"@id\":\"https:\\\/\\\/redenoticiaz.com.br\\\/litoralsp\\\/#organization\",\"name\":\"Litoral SP\",\"url\":\"https:\\\/\\\/redenoticiaz.com.br\\\/litoralsp\\\/\",\"logo\":{\"@type\":\"ImageObject\",\"inLanguage\":\"pt-BR\",\"@id\":\"https:\\\/\\\/redenoticiaz.com.br\\\/litoralsp\\\/#\\\/schema\\\/logo\\\/image\\\/\",\"url\":\"https:\\\/\\\/redenoticiaz.com.br\\\/litoralsp\\\/wp-content\\\/uploads\\\/sites\\\/3\\\/2020\\\/11\\\/logo.jpg\",\"contentUrl\":\"https:\\\/\\\/redenoticiaz.com.br\\\/litoralsp\\\/wp-content\\\/uploads\\\/sites\\\/3\\\/2020\\\/11\\\/logo.jpg\",\"width\":400,\"height\":250,\"caption\":\"Litoral SP\"},\"image\":{\"@id\":\"https:\\\/\\\/redenoticiaz.com.br\\\/litoralsp\\\/#\\\/schema\\\/logo\\\/image\\\/\"}},{\"@type\":\"Person\",\"@id\":\"https:\\\/\\\/redenoticiaz.com.br\\\/litoralsp\\\/#\\\/schema\\\/person\\\/16057b37a3c0ee6b096d7f887c566e2e\",\"name\":\"Gustavo Silva\",\"image\":{\"@type\":\"ImageObject\",\"inLanguage\":\"pt-BR\",\"@id\":\"https:\\\/\\\/secure.gravatar.com\\\/avatar\\\/3ee4e82f93b26de0a7cf4ea5eb7893da637ed6bb0c9170c58065944c56e28a33?s=96&d=mm&r=g\",\"url\":\"https:\\\/\\\/secure.gravatar.com\\\/avatar\\\/3ee4e82f93b26de0a7cf4ea5eb7893da637ed6bb0c9170c58065944c56e28a33?s=96&d=mm&r=g\",\"contentUrl\":\"https:\\\/\\\/secure.gravatar.com\\\/avatar\\\/3ee4e82f93b26de0a7cf4ea5eb7893da637ed6bb0c9170c58065944c56e28a33?s=96&d=mm&r=g\",\"caption\":\"Gustavo Silva\"},\"url\":\"https:\\\/\\\/redenoticiaz.com.br\\\/litoralsp\\\/author\\\/gustavosilva\"}]}<\/script>\n<!-- \/ Yoast SEO plugin. -->","yoast_head_json":{"title":"V\u00cdDEO \u2013 L\u00edder religioso \u00e9 gravado se masturbando para crian\u00e7a - Litoral SP","description":"Um l\u00edder religioso foi gravado se masturbando para uma crian\u00e7a de 10 anos na cidade de Porangatu, Goi\u00e1s e acabou sendo preso por estupro.","robots":{"index":"index","follow":"follow","max-snippet":"max-snippet:-1","max-image-preview":"max-image-preview:large","max-video-preview":"max-video-preview:-1"},"canonical":"https:\/\/redenoticiaz.com.br\/litoralsp\/2023\/09\/28\/video-lider-religioso-e-gravado-se-masturbando-para-crianca","og_locale":"pt_BR","og_type":"article","og_title":"V\u00cdDEO \u2013 L\u00edder religioso \u00e9 gravado se masturbando para crian\u00e7a - Litoral SP","og_description":"Um l\u00edder religioso foi gravado se masturbando para uma crian\u00e7a de 10 anos na cidade de Porangatu, Goi\u00e1s e acabou sendo preso por estupro.","og_url":"https:\/\/redenoticiaz.com.br\/litoralsp\/2023\/09\/28\/video-lider-religioso-e-gravado-se-masturbando-para-crianca","og_site_name":"Litoral SP","article_published_time":"2023-09-29T00:05:10+00:00","article_modified_time":"2023-09-29T00:09:16+00:00","og_image":[{"width":776,"height":436,"url":"https:\/\/redenoticiaz.com.br\/litoralsp\/wp-content\/uploads\/sites\/3\/2023\/09\/f776x436-113087_161438_5050.jpg?v=1695945537","type":"image\/jpeg"}],"author":"Gustavo Silva","twitter_card":"summary_large_image","twitter_misc":{"Escrito por":"Gustavo Silva","Est. tempo de leitura":"1 minuto"},"schema":{"@context":"https:\/\/schema.org","@graph":[{"@type":"Article","@id":"https:\/\/redenoticiaz.com.br\/litoralsp\/2023\/09\/28\/video-lider-religioso-e-gravado-se-masturbando-para-crianca#article","isPartOf":{"@id":"https:\/\/redenoticiaz.com.br\/litoralsp\/2023\/09\/28\/video-lider-religioso-e-gravado-se-masturbando-para-crianca"},"author":{"name":"Gustavo Silva","@id":"https:\/\/redenoticiaz.com.br\/litoralsp\/#\/schema\/person\/16057b37a3c0ee6b096d7f887c566e2e"},"headline":"V\u00cdDEO \u2013 L\u00edder religioso \u00e9 gravado se masturbando para crian\u00e7a","datePublished":"2023-09-29T00:05:10+00:00","dateModified":"2023-09-29T00:09:16+00:00","mainEntityOfPage":{"@id":"https:\/\/redenoticiaz.com.br\/litoralsp\/2023\/09\/28\/video-lider-religioso-e-gravado-se-masturbando-para-crianca"},"wordCount":189,"commentCount":0,"publisher":{"@id":"https:\/\/redenoticiaz.com.br\/litoralsp\/#organization"},"image":{"@id":"https:\/\/redenoticiaz.com.br\/litoralsp\/2023\/09\/28\/video-lider-religioso-e-gravado-se-masturbando-para-crianca#primaryimage"},"thumbnailUrl":"https:\/\/redenoticiaz.com.br\/litoralsp\/wp-content\/uploads\/sites\/3\/2023\/09\/f776x436-113087_161438_5050.jpg?v=1695945537","keywords":["ESTUPRO","GOI\u00c1S","masturbando","Porangatu"],"articleSection":["Pol\u00edcia"],"inLanguage":"pt-BR","potentialAction":[{"@type":"CommentAction","name":"Comment","target":["https:\/\/redenoticiaz.com.br\/litoralsp\/2023\/09\/28\/video-lider-religioso-e-gravado-se-masturbando-para-crianca#respond"]}]},{"@type":"WebPage","@id":"https:\/\/redenoticiaz.com.br\/litoralsp\/2023\/09\/28\/video-lider-religioso-e-gravado-se-masturbando-para-crianca","url":"https:\/\/redenoticiaz.com.br\/litoralsp\/2023\/09\/28\/video-lider-religioso-e-gravado-se-masturbando-para-crianca","name":"V\u00cdDEO \u2013 L\u00edder religioso \u00e9 gravado se masturbando para crian\u00e7a - Litoral SP","isPartOf":{"@id":"https:\/\/redenoticiaz.com.br\/litoralsp\/#website"},"primaryImageOfPage":{"@id":"https:\/\/redenoticiaz.com.br\/litoralsp\/2023\/09\/28\/video-lider-religioso-e-gravado-se-masturbando-para-crianca#primaryimage"},"image":{"@id":"https:\/\/redenoticiaz.com.br\/litoralsp\/2023\/09\/28\/video-lider-religioso-e-gravado-se-masturbando-para-crianca#primaryimage"},"thumbnailUrl":"https:\/\/redenoticiaz.com.br\/litoralsp\/wp-content\/uploads\/sites\/3\/2023\/09\/f776x436-113087_161438_5050.jpg?v=1695945537","datePublished":"2023-09-29T00:05:10+00:00","dateModified":"2023-09-29T00:09:16+00:00","description":"Um l\u00edder religioso foi gravado se masturbando para uma crian\u00e7a de 10 anos na cidade de Porangatu, Goi\u00e1s e acabou sendo preso por estupro.","inLanguage":"pt-BR","potentialAction":[{"@type":"ReadAction","target":["https:\/\/redenoticiaz.com.br\/litoralsp\/2023\/09\/28\/video-lider-religioso-e-gravado-se-masturbando-para-crianca"]}]},{"@type":"ImageObject","inLanguage":"pt-BR","@id":"https:\/\/redenoticiaz.com.br\/litoralsp\/2023\/09\/28\/video-lider-religioso-e-gravado-se-masturbando-para-crianca#primaryimage","url":"https:\/\/redenoticiaz.com.br\/litoralsp\/wp-content\/uploads\/sites\/3\/2023\/09\/f776x436-113087_161438_5050.jpg?v=1695945537","contentUrl":"https:\/\/redenoticiaz.com.br\/litoralsp\/wp-content\/uploads\/sites\/3\/2023\/09\/f776x436-113087_161438_5050.jpg?v=1695945537","width":776,"height":436,"caption":"V\u00cdDEO - L\u00edder religioso \u00e9 gravado se masturbando para crian\u00e7a"},{"@type":"WebSite","@id":"https:\/\/redenoticiaz.com.br\/litoralsp\/#website","url":"https:\/\/redenoticiaz.com.br\/litoralsp\/","name":"Litoral SP","description":"Rede NoticiaZ","publisher":{"@id":"https:\/\/redenoticiaz.com.br\/litoralsp\/#organization"},"potentialAction":[{"@type":"SearchAction","target":{"@type":"EntryPoint","urlTemplate":"https:\/\/redenoticiaz.com.br\/litoralsp\/?s={search_term_string}"},"query-input":{"@type":"PropertyValueSpecification","valueRequired":true,"valueName":"search_term_string"}}],"inLanguage":"pt-BR"},{"@type":"Organization","@id":"https:\/\/redenoticiaz.com.br\/litoralsp\/#organization","name":"Litoral SP","url":"https:\/\/redenoticiaz.com.br\/litoralsp\/","logo":{"@type":"ImageObject","inLanguage":"pt-BR","@id":"https:\/\/redenoticiaz.com.br\/litoralsp\/#\/schema\/logo\/image\/","url":"https:\/\/redenoticiaz.com.br\/litoralsp\/wp-content\/uploads\/sites\/3\/2020\/11\/logo.jpg","contentUrl":"https:\/\/redenoticiaz.com.br\/litoralsp\/wp-content\/uploads\/sites\/3\/2020\/11\/logo.jpg","width":400,"height":250,"caption":"Litoral SP"},"image":{"@id":"https:\/\/redenoticiaz.com.br\/litoralsp\/#\/schema\/logo\/image\/"}},{"@type":"Person","@id":"https:\/\/redenoticiaz.com.br\/litoralsp\/#\/schema\/person\/16057b37a3c0ee6b096d7f887c566e2e","name":"Gustavo Silva","image":{"@type":"ImageObject","inLanguage":"pt-BR","@id":"https:\/\/secure.gravatar.com\/avatar\/3ee4e82f93b26de0a7cf4ea5eb7893da637ed6bb0c9170c58065944c56e28a33?s=96&d=mm&r=g","url":"https:\/\/secure.gravatar.com\/avatar\/3ee4e82f93b26de0a7cf4ea5eb7893da637ed6bb0c9170c58065944c56e28a33?s=96&d=mm&r=g","contentUrl":"https:\/\/secure.gravatar.com\/avatar\/3ee4e82f93b26de0a7cf4ea5eb7893da637ed6bb0c9170c58065944c56e28a33?s=96&d=mm&r=g","caption":"Gustavo Silva"},"url":"https:\/\/redenoticiaz.com.br\/litoralsp\/author\/gustavosilva"}]}},"_links":{"self":[{"href":"https:\/\/redenoticiaz.com.br\/litoralsp\/wp-json\/wp\/v2\/posts\/111026","targetHints":{"allow":["GET"]}}],"collection":[{"href":"https:\/\/redenoticiaz.com.br\/litoralsp\/wp-json\/wp\/v2\/posts"}],"about":[{"href":"https:\/\/redenoticiaz.com.br\/litoralsp\/wp-json\/wp\/v2\/types\/post"}],"author":[{"embeddable":true,"href":"https:\/\/redenoticiaz.com.br\/litoralsp\/wp-json\/wp\/v2\/users\/12"}],"replies":[{"embeddable":true,"href":"https:\/\/redenoticiaz.com.br\/litoralsp\/wp-json\/wp\/v2\/comments?post=111026"}],"version-history":[{"count":1,"href":"https:\/\/redenoticiaz.com.br\/litoralsp\/wp-json\/wp\/v2\/posts\/111026\/revisions"}],"predecessor-version":[{"id":111029,"href":"https:\/\/redenoticiaz.com.br\/litoralsp\/wp-json\/wp\/v2\/posts\/111026\/revisions\/111029"}],"wp:featuredmedia":[{"embeddable":true,"href":"https:\/\/redenoticiaz.com.br\/litoralsp\/wp-json\/wp\/v2\/media\/111028"}],"wp:attachment":[{"href":"https:\/\/redenoticiaz.com.br\/litoralsp\/wp-json\/wp\/v2\/media?parent=111026"}],"wp:term":[{"taxonomy":"category","embeddable":true,"href":"https:\/\/redenoticiaz.com.br\/litoralsp\/wp-json\/wp\/v2\/categories?post=111026"},{"taxonomy":"post_tag","embeddable":true,"href":"https:\/\/redenoticiaz.com.br\/litoralsp\/wp-json\/wp\/v2\/tags?post=111026"}],"curies":[{"name":"wp","href":"https:\/\/api.w.org\/{rel}","templated":true}]}}