{"id":111032,"date":"2023-10-01T09:00:24","date_gmt":"2023-10-01T12:00:24","guid":{"rendered":"https:\/\/redenoticiaz.com.br\/litoralsp\/?p=111032"},"modified":"2023-09-28T21:29:04","modified_gmt":"2023-09-29T00:29:04","slug":"com-calor-extremo-acesso-a-agua-e-desafio-para-quem-vive-na-rua","status":"publish","type":"post","link":"https:\/\/redenoticiaz.com.br\/litoralsp\/2023\/10\/01\/com-calor-extremo-acesso-a-agua-e-desafio-para-quem-vive-na-rua","title":{"rendered":"Com calor extremo, acesso \u00e0 \u00e1gua \u00e9 desafio para quem vive na rua"},"content":{"rendered":"<p>Pessoas em situa\u00e7\u00e3o de rua sofrem com a dificuldade de acesso \u00e0 \u00e1gua em dias de calor extremo em\u00a0<a href=\"https:\/\/agenciabrasil.ebc.com.br\/radioagencia-nacional\/geral\/audio\/2023-09\/pessoas-em-situacao-de-rua-sao-vulneraveis-aos-extremos-climaticos\" target=\"_blank\" rel=\"noopener\">S\u00e3o Paulo<\/a>, mas, al\u00e9m de a\u00e7\u00f5es emergenciais, \u00e9 preciso pensar em adaptar as cidades para os eventos extremos do clima.<img decoding=\"async\" src=\"https:\/\/agenciabrasil.ebc.com.br\/ebc.png?id=1558235&amp;o=node\" \/><img decoding=\"async\" src=\"https:\/\/agenciabrasil.ebc.com.br\/ebc.gif?id=1558235&amp;o=node\" \/><\/p>\n<p>Esta semana, os term\u00f4metros ultrapassaram os 35\u00baC e a umidade relativa do ar ficou abaixo de 35% na capital paulista. Desde a quarta-feira (27), o tempo virou. Choveu forte em S\u00e3o Paulo e\u00a0<a href=\"http:\/\/agenciabrasil.ebc.com.br\/geral\/noticia\/2023-09\/bombeiros-fazem-buscas-por-vitima-de-afogamento-na-capital-paulista\" target=\"_blank\" rel=\"noopener\">houve mudan\u00e7as dr\u00e1sticas de temperatura<\/a>. Nesta quinta-feira (28), a m\u00e1xima n\u00e3o passou de 17\u00baC.<\/p>\n<p>Encontrar \u00e1gua para beber e sombra para se esconder do sol foi um desafio para as mais de 53 mil pessoas que vivem em situa\u00e7\u00e3o de rua em S\u00e3o Paulo, de acordo com Levantamento do Observat\u00f3rio Polos de Cidadania, da Universidade Federal de Minas Gerais (UFMG). Trata-se de uma popula\u00e7\u00e3o maior que a de quase 90% das cidades brasileiras, segundo o \u00faltimo Censo do Instituto Brasileiro de Geografia e Estat\u00edstica (IBGE).<\/p>\n<p>Desde a semana passada, a prefeitura de S\u00e3o Paulo organizou, pela primeira vez, a\u00a0<a href=\"http:\/\/agenciabrasil.ebc.com.br\/geral\/noticia\/2023-09\/numero-de-atendimentos-por-calor-excessivo-aumenta-em-sao-paulo\" target=\"_blank\" rel=\"noopener\">Opera\u00e7\u00e3o Altas Temperaturas<\/a>, com a distribui\u00e7\u00e3o de garrafinhas de \u00e1gua, frutas e bon\u00e9s.<\/p>\n<p>Mas, para quem atua nas ruas, como Andr\u00e9 Soler, fundador da SP Invis\u00edvel, as medidas s\u00e3o insuficientes.<\/p>\n<p>\u201cSempre que a gente tem uma varia\u00e7\u00e3o muito grande de temperatura, a popula\u00e7\u00e3o de rua \u00e9 ref\u00e9m dessa situa\u00e7\u00e3o. A gente vai para rua o ano inteiro e a gente est\u00e1 sempre distribuindo \u00e1gua, e a popula\u00e7\u00e3o em situa\u00e7\u00e3o de rua est\u00e1 sempre precisando de \u00e1gua&#8221;, afirma. Ele destaca que os bebedouros p\u00fablicos em S\u00e3o Paulo s\u00e3o insuficientes em rela\u00e7\u00e3o ao tamanho da popula\u00e7\u00e3o.<\/p>\n<p>Leia mais<\/p>\n<p><a href=\"https:\/\/redenoticiaz.com.br\/blog\/2023\/09\/22\/numero-de-atendimentos-por-calor-excessivo-aumenta-em-sao-paulo\">N\u00famero de atendimentos por calor excessivo aumenta em S\u00e3o Paulo<\/a><\/p>\n","protected":false},"excerpt":{"rendered":"<p>Pessoas em situa\u00e7\u00e3o de rua sofrem com a dificuldade de acesso \u00e0 \u00e1gua em dias de calor extremo em\u00a0S\u00e3o Paulo, mas, al\u00e9m de a\u00e7\u00f5es emergenciais, \u00e9 preciso pensar em adaptar as cidades para os eventos extremos do clima. Esta semana, os term\u00f4metros ultrapassaram os 35\u00baC e a umidade relativa do ar ficou abaixo de 35% &hellip;<\/p>\n","protected":false},"author":12,"featured_media":111033,"comment_status":"open","ping_status":"closed","sticky":false,"template":"","format":"standard","meta":{"footnotes":""},"categories":[23],"tags":[9778,67229,67283,66073],"class_list":["post-111032","post","type-post","status-publish","format-standard","has-post-thumbnail","hentry","category-saude","tag-calor","tag-calor-extremo","tag-calor-humano","tag-numanice"],"yoast_head":"<!-- This site is optimized with the Yoast SEO plugin v27.4 - https:\/\/yoast.com\/product\/yoast-seo-wordpress\/ -->\n<title>Com calor extremo, acesso \u00e0 \u00e1gua \u00e9 desafio para quem vive na rua - Litoral SP<\/title>\n<meta name=\"description\" content=\"Pessoas em situa\u00e7\u00e3o de rua sofrem com a dificuldade de acesso \u00e0 \u00e1gua em dias de calor extremo em\u00a0S\u00e3o Paulo, mas, al\u00e9m de a\u00e7\u00f5es emergenciais, \u00e9 preciso pensar em adaptar as cidades para os eventos extremos do clima.\" \/>\n<meta name=\"robots\" content=\"index, follow, max-snippet:-1, max-image-preview:large, max-video-preview:-1\" \/>\n<link rel=\"canonical\" href=\"https:\/\/redenoticiaz.com.br\/litoralsp\/2023\/10\/01\/com-calor-extremo-acesso-a-agua-e-desafio-para-quem-vive-na-rua\" \/>\n<meta property=\"og:locale\" content=\"pt_BR\" \/>\n<meta property=\"og:type\" content=\"article\" \/>\n<meta property=\"og:title\" content=\"Com calor extremo, acesso \u00e0 \u00e1gua \u00e9 desafio para quem vive na rua - Litoral SP\" \/>\n<meta property=\"og:description\" content=\"Pessoas em situa\u00e7\u00e3o de rua sofrem com a dificuldade de acesso \u00e0 \u00e1gua em dias de calor extremo em\u00a0S\u00e3o Paulo, mas, al\u00e9m de a\u00e7\u00f5es emergenciais, \u00e9 preciso pensar em adaptar as cidades para os eventos extremos do clima.\" \/>\n<meta property=\"og:url\" content=\"https:\/\/redenoticiaz.com.br\/litoralsp\/2023\/10\/01\/com-calor-extremo-acesso-a-agua-e-desafio-para-quem-vive-na-rua\" \/>\n<meta property=\"og:site_name\" content=\"Litoral SP\" \/>\n<meta property=\"article:published_time\" content=\"2023-10-01T12:00:24+00:00\" \/>\n<meta property=\"og:image\" content=\"https:\/\/redenoticiaz.com.br\/litoralsp\/wp-content\/uploads\/sites\/3\/2023\/09\/sol-calor.jpg?v=1687258909\" \/>\n\t<meta property=\"og:image:width\" content=\"620\" \/>\n\t<meta property=\"og:image:height\" content=\"413\" \/>\n\t<meta property=\"og:image:type\" content=\"image\/jpeg\" \/>\n<meta name=\"author\" content=\"Gustavo Silva\" \/>\n<meta name=\"twitter:card\" content=\"summary_large_image\" \/>\n<meta name=\"twitter:label1\" content=\"Escrito por\" \/>\n\t<meta name=\"twitter:data1\" content=\"Gustavo Silva\" \/>\n\t<meta name=\"twitter:label2\" content=\"Est. tempo de leitura\" \/>\n\t<meta name=\"twitter:data2\" content=\"2 minutos\" \/>\n<script type=\"application\/ld+json\" class=\"yoast-schema-graph\">{\"@context\":\"https:\\\/\\\/schema.org\",\"@graph\":[{\"@type\":\"Article\",\"@id\":\"https:\\\/\\\/redenoticiaz.com.br\\\/litoralsp\\\/2023\\\/10\\\/01\\\/com-calor-extremo-acesso-a-agua-e-desafio-para-quem-vive-na-rua#article\",\"isPartOf\":{\"@id\":\"https:\\\/\\\/redenoticiaz.com.br\\\/litoralsp\\\/2023\\\/10\\\/01\\\/com-calor-extremo-acesso-a-agua-e-desafio-para-quem-vive-na-rua\"},\"author\":{\"name\":\"Gustavo Silva\",\"@id\":\"https:\\\/\\\/redenoticiaz.com.br\\\/litoralsp\\\/#\\\/schema\\\/person\\\/16057b37a3c0ee6b096d7f887c566e2e\"},\"headline\":\"Com calor extremo, acesso \u00e0 \u00e1gua \u00e9 desafio para quem vive na rua\",\"datePublished\":\"2023-10-01T12:00:24+00:00\",\"mainEntityOfPage\":{\"@id\":\"https:\\\/\\\/redenoticiaz.com.br\\\/litoralsp\\\/2023\\\/10\\\/01\\\/com-calor-extremo-acesso-a-agua-e-desafio-para-quem-vive-na-rua\"},\"wordCount\":314,\"commentCount\":0,\"publisher\":{\"@id\":\"https:\\\/\\\/redenoticiaz.com.br\\\/litoralsp\\\/#organization\"},\"image\":{\"@id\":\"https:\\\/\\\/redenoticiaz.com.br\\\/litoralsp\\\/2023\\\/10\\\/01\\\/com-calor-extremo-acesso-a-agua-e-desafio-para-quem-vive-na-rua#primaryimage\"},\"thumbnailUrl\":\"https:\\\/\\\/redenoticiaz.com.br\\\/litoralsp\\\/wp-content\\\/uploads\\\/sites\\\/3\\\/2023\\\/09\\\/sol-calor.jpg?v=1687258909\",\"keywords\":[\"CALOR\",\"calor extremo\",\"calor humano\",\"numanice\"],\"articleSection\":[\"Sa\u00fade\"],\"inLanguage\":\"pt-BR\",\"potentialAction\":[{\"@type\":\"CommentAction\",\"name\":\"Comment\",\"target\":[\"https:\\\/\\\/redenoticiaz.com.br\\\/litoralsp\\\/2023\\\/10\\\/01\\\/com-calor-extremo-acesso-a-agua-e-desafio-para-quem-vive-na-rua#respond\"]}]},{\"@type\":\"WebPage\",\"@id\":\"https:\\\/\\\/redenoticiaz.com.br\\\/litoralsp\\\/2023\\\/10\\\/01\\\/com-calor-extremo-acesso-a-agua-e-desafio-para-quem-vive-na-rua\",\"url\":\"https:\\\/\\\/redenoticiaz.com.br\\\/litoralsp\\\/2023\\\/10\\\/01\\\/com-calor-extremo-acesso-a-agua-e-desafio-para-quem-vive-na-rua\",\"name\":\"Com calor extremo, acesso \u00e0 \u00e1gua \u00e9 desafio para quem vive na rua - Litoral SP\",\"isPartOf\":{\"@id\":\"https:\\\/\\\/redenoticiaz.com.br\\\/litoralsp\\\/#website\"},\"primaryImageOfPage\":{\"@id\":\"https:\\\/\\\/redenoticiaz.com.br\\\/litoralsp\\\/2023\\\/10\\\/01\\\/com-calor-extremo-acesso-a-agua-e-desafio-para-quem-vive-na-rua#primaryimage\"},\"image\":{\"@id\":\"https:\\\/\\\/redenoticiaz.com.br\\\/litoralsp\\\/2023\\\/10\\\/01\\\/com-calor-extremo-acesso-a-agua-e-desafio-para-quem-vive-na-rua#primaryimage\"},\"thumbnailUrl\":\"https:\\\/\\\/redenoticiaz.com.br\\\/litoralsp\\\/wp-content\\\/uploads\\\/sites\\\/3\\\/2023\\\/09\\\/sol-calor.jpg?v=1687258909\",\"datePublished\":\"2023-10-01T12:00:24+00:00\",\"description\":\"Pessoas em situa\u00e7\u00e3o de rua sofrem com a dificuldade de acesso \u00e0 \u00e1gua em dias de calor extremo em\u00a0S\u00e3o Paulo, mas, al\u00e9m de a\u00e7\u00f5es emergenciais, \u00e9 preciso pensar em adaptar as cidades para os eventos extremos do clima.\",\"inLanguage\":\"pt-BR\",\"potentialAction\":[{\"@type\":\"ReadAction\",\"target\":[\"https:\\\/\\\/redenoticiaz.com.br\\\/litoralsp\\\/2023\\\/10\\\/01\\\/com-calor-extremo-acesso-a-agua-e-desafio-para-quem-vive-na-rua\"]}]},{\"@type\":\"ImageObject\",\"inLanguage\":\"pt-BR\",\"@id\":\"https:\\\/\\\/redenoticiaz.com.br\\\/litoralsp\\\/2023\\\/10\\\/01\\\/com-calor-extremo-acesso-a-agua-e-desafio-para-quem-vive-na-rua#primaryimage\",\"url\":\"https:\\\/\\\/redenoticiaz.com.br\\\/litoralsp\\\/wp-content\\\/uploads\\\/sites\\\/3\\\/2023\\\/09\\\/sol-calor.jpg?v=1687258909\",\"contentUrl\":\"https:\\\/\\\/redenoticiaz.com.br\\\/litoralsp\\\/wp-content\\\/uploads\\\/sites\\\/3\\\/2023\\\/09\\\/sol-calor.jpg?v=1687258909\",\"width\":620,\"height\":413,\"caption\":\"Foto: Divulga\u00e7\u00e3o\"},{\"@type\":\"WebSite\",\"@id\":\"https:\\\/\\\/redenoticiaz.com.br\\\/litoralsp\\\/#website\",\"url\":\"https:\\\/\\\/redenoticiaz.com.br\\\/litoralsp\\\/\",\"name\":\"Litoral SP\",\"description\":\"Rede NoticiaZ\",\"publisher\":{\"@id\":\"https:\\\/\\\/redenoticiaz.com.br\\\/litoralsp\\\/#organization\"},\"potentialAction\":[{\"@type\":\"SearchAction\",\"target\":{\"@type\":\"EntryPoint\",\"urlTemplate\":\"https:\\\/\\\/redenoticiaz.com.br\\\/litoralsp\\\/?s={search_term_string}\"},\"query-input\":{\"@type\":\"PropertyValueSpecification\",\"valueRequired\":true,\"valueName\":\"search_term_string\"}}],\"inLanguage\":\"pt-BR\"},{\"@type\":\"Organization\",\"@id\":\"https:\\\/\\\/redenoticiaz.com.br\\\/litoralsp\\\/#organization\",\"name\":\"Litoral SP\",\"url\":\"https:\\\/\\\/redenoticiaz.com.br\\\/litoralsp\\\/\",\"logo\":{\"@type\":\"ImageObject\",\"inLanguage\":\"pt-BR\",\"@id\":\"https:\\\/\\\/redenoticiaz.com.br\\\/litoralsp\\\/#\\\/schema\\\/logo\\\/image\\\/\",\"url\":\"https:\\\/\\\/redenoticiaz.com.br\\\/litoralsp\\\/wp-content\\\/uploads\\\/sites\\\/3\\\/2020\\\/11\\\/logo.jpg\",\"contentUrl\":\"https:\\\/\\\/redenoticiaz.com.br\\\/litoralsp\\\/wp-content\\\/uploads\\\/sites\\\/3\\\/2020\\\/11\\\/logo.jpg\",\"width\":400,\"height\":250,\"caption\":\"Litoral SP\"},\"image\":{\"@id\":\"https:\\\/\\\/redenoticiaz.com.br\\\/litoralsp\\\/#\\\/schema\\\/logo\\\/image\\\/\"}},{\"@type\":\"Person\",\"@id\":\"https:\\\/\\\/redenoticiaz.com.br\\\/litoralsp\\\/#\\\/schema\\\/person\\\/16057b37a3c0ee6b096d7f887c566e2e\",\"name\":\"Gustavo Silva\",\"image\":{\"@type\":\"ImageObject\",\"inLanguage\":\"pt-BR\",\"@id\":\"https:\\\/\\\/secure.gravatar.com\\\/avatar\\\/3ee4e82f93b26de0a7cf4ea5eb7893da637ed6bb0c9170c58065944c56e28a33?s=96&d=mm&r=g\",\"url\":\"https:\\\/\\\/secure.gravatar.com\\\/avatar\\\/3ee4e82f93b26de0a7cf4ea5eb7893da637ed6bb0c9170c58065944c56e28a33?s=96&d=mm&r=g\",\"contentUrl\":\"https:\\\/\\\/secure.gravatar.com\\\/avatar\\\/3ee4e82f93b26de0a7cf4ea5eb7893da637ed6bb0c9170c58065944c56e28a33?s=96&d=mm&r=g\",\"caption\":\"Gustavo Silva\"},\"url\":\"https:\\\/\\\/redenoticiaz.com.br\\\/litoralsp\\\/author\\\/gustavosilva\"}]}<\/script>\n<!-- \/ Yoast SEO plugin. -->","yoast_head_json":{"title":"Com calor extremo, acesso \u00e0 \u00e1gua \u00e9 desafio para quem vive na rua - Litoral SP","description":"Pessoas em situa\u00e7\u00e3o de rua sofrem com a dificuldade de acesso \u00e0 \u00e1gua em dias de calor extremo em\u00a0S\u00e3o Paulo, mas, al\u00e9m de a\u00e7\u00f5es emergenciais, \u00e9 preciso pensar em adaptar as cidades para os eventos extremos do clima.","robots":{"index":"index","follow":"follow","max-snippet":"max-snippet:-1","max-image-preview":"max-image-preview:large","max-video-preview":"max-video-preview:-1"},"canonical":"https:\/\/redenoticiaz.com.br\/litoralsp\/2023\/10\/01\/com-calor-extremo-acesso-a-agua-e-desafio-para-quem-vive-na-rua","og_locale":"pt_BR","og_type":"article","og_title":"Com calor extremo, acesso \u00e0 \u00e1gua \u00e9 desafio para quem vive na rua - Litoral SP","og_description":"Pessoas em situa\u00e7\u00e3o de rua sofrem com a dificuldade de acesso \u00e0 \u00e1gua em dias de calor extremo em\u00a0S\u00e3o Paulo, mas, al\u00e9m de a\u00e7\u00f5es emergenciais, \u00e9 preciso pensar em adaptar as cidades para os eventos extremos do clima.","og_url":"https:\/\/redenoticiaz.com.br\/litoralsp\/2023\/10\/01\/com-calor-extremo-acesso-a-agua-e-desafio-para-quem-vive-na-rua","og_site_name":"Litoral SP","article_published_time":"2023-10-01T12:00:24+00:00","og_image":[{"width":620,"height":413,"url":"https:\/\/redenoticiaz.com.br\/litoralsp\/wp-content\/uploads\/sites\/3\/2023\/09\/sol-calor.jpg?v=1687258909","type":"image\/jpeg"}],"author":"Gustavo Silva","twitter_card":"summary_large_image","twitter_misc":{"Escrito por":"Gustavo Silva","Est. tempo de leitura":"2 minutos"},"schema":{"@context":"https:\/\/schema.org","@graph":[{"@type":"Article","@id":"https:\/\/redenoticiaz.com.br\/litoralsp\/2023\/10\/01\/com-calor-extremo-acesso-a-agua-e-desafio-para-quem-vive-na-rua#article","isPartOf":{"@id":"https:\/\/redenoticiaz.com.br\/litoralsp\/2023\/10\/01\/com-calor-extremo-acesso-a-agua-e-desafio-para-quem-vive-na-rua"},"author":{"name":"Gustavo Silva","@id":"https:\/\/redenoticiaz.com.br\/litoralsp\/#\/schema\/person\/16057b37a3c0ee6b096d7f887c566e2e"},"headline":"Com calor extremo, acesso \u00e0 \u00e1gua \u00e9 desafio para quem vive na rua","datePublished":"2023-10-01T12:00:24+00:00","mainEntityOfPage":{"@id":"https:\/\/redenoticiaz.com.br\/litoralsp\/2023\/10\/01\/com-calor-extremo-acesso-a-agua-e-desafio-para-quem-vive-na-rua"},"wordCount":314,"commentCount":0,"publisher":{"@id":"https:\/\/redenoticiaz.com.br\/litoralsp\/#organization"},"image":{"@id":"https:\/\/redenoticiaz.com.br\/litoralsp\/2023\/10\/01\/com-calor-extremo-acesso-a-agua-e-desafio-para-quem-vive-na-rua#primaryimage"},"thumbnailUrl":"https:\/\/redenoticiaz.com.br\/litoralsp\/wp-content\/uploads\/sites\/3\/2023\/09\/sol-calor.jpg?v=1687258909","keywords":["CALOR","calor extremo","calor humano","numanice"],"articleSection":["Sa\u00fade"],"inLanguage":"pt-BR","potentialAction":[{"@type":"CommentAction","name":"Comment","target":["https:\/\/redenoticiaz.com.br\/litoralsp\/2023\/10\/01\/com-calor-extremo-acesso-a-agua-e-desafio-para-quem-vive-na-rua#respond"]}]},{"@type":"WebPage","@id":"https:\/\/redenoticiaz.com.br\/litoralsp\/2023\/10\/01\/com-calor-extremo-acesso-a-agua-e-desafio-para-quem-vive-na-rua","url":"https:\/\/redenoticiaz.com.br\/litoralsp\/2023\/10\/01\/com-calor-extremo-acesso-a-agua-e-desafio-para-quem-vive-na-rua","name":"Com calor extremo, acesso \u00e0 \u00e1gua \u00e9 desafio para quem vive na rua - Litoral SP","isPartOf":{"@id":"https:\/\/redenoticiaz.com.br\/litoralsp\/#website"},"primaryImageOfPage":{"@id":"https:\/\/redenoticiaz.com.br\/litoralsp\/2023\/10\/01\/com-calor-extremo-acesso-a-agua-e-desafio-para-quem-vive-na-rua#primaryimage"},"image":{"@id":"https:\/\/redenoticiaz.com.br\/litoralsp\/2023\/10\/01\/com-calor-extremo-acesso-a-agua-e-desafio-para-quem-vive-na-rua#primaryimage"},"thumbnailUrl":"https:\/\/redenoticiaz.com.br\/litoralsp\/wp-content\/uploads\/sites\/3\/2023\/09\/sol-calor.jpg?v=1687258909","datePublished":"2023-10-01T12:00:24+00:00","description":"Pessoas em situa\u00e7\u00e3o de rua sofrem com a dificuldade de acesso \u00e0 \u00e1gua em dias de calor extremo em\u00a0S\u00e3o Paulo, mas, al\u00e9m de a\u00e7\u00f5es emergenciais, \u00e9 preciso pensar em adaptar as cidades para os eventos extremos do clima.","inLanguage":"pt-BR","potentialAction":[{"@type":"ReadAction","target":["https:\/\/redenoticiaz.com.br\/litoralsp\/2023\/10\/01\/com-calor-extremo-acesso-a-agua-e-desafio-para-quem-vive-na-rua"]}]},{"@type":"ImageObject","inLanguage":"pt-BR","@id":"https:\/\/redenoticiaz.com.br\/litoralsp\/2023\/10\/01\/com-calor-extremo-acesso-a-agua-e-desafio-para-quem-vive-na-rua#primaryimage","url":"https:\/\/redenoticiaz.com.br\/litoralsp\/wp-content\/uploads\/sites\/3\/2023\/09\/sol-calor.jpg?v=1687258909","contentUrl":"https:\/\/redenoticiaz.com.br\/litoralsp\/wp-content\/uploads\/sites\/3\/2023\/09\/sol-calor.jpg?v=1687258909","width":620,"height":413,"caption":"Foto: Divulga\u00e7\u00e3o"},{"@type":"WebSite","@id":"https:\/\/redenoticiaz.com.br\/litoralsp\/#website","url":"https:\/\/redenoticiaz.com.br\/litoralsp\/","name":"Litoral SP","description":"Rede NoticiaZ","publisher":{"@id":"https:\/\/redenoticiaz.com.br\/litoralsp\/#organization"},"potentialAction":[{"@type":"SearchAction","target":{"@type":"EntryPoint","urlTemplate":"https:\/\/redenoticiaz.com.br\/litoralsp\/?s={search_term_string}"},"query-input":{"@type":"PropertyValueSpecification","valueRequired":true,"valueName":"search_term_string"}}],"inLanguage":"pt-BR"},{"@type":"Organization","@id":"https:\/\/redenoticiaz.com.br\/litoralsp\/#organization","name":"Litoral SP","url":"https:\/\/redenoticiaz.com.br\/litoralsp\/","logo":{"@type":"ImageObject","inLanguage":"pt-BR","@id":"https:\/\/redenoticiaz.com.br\/litoralsp\/#\/schema\/logo\/image\/","url":"https:\/\/redenoticiaz.com.br\/litoralsp\/wp-content\/uploads\/sites\/3\/2020\/11\/logo.jpg","contentUrl":"https:\/\/redenoticiaz.com.br\/litoralsp\/wp-content\/uploads\/sites\/3\/2020\/11\/logo.jpg","width":400,"height":250,"caption":"Litoral SP"},"image":{"@id":"https:\/\/redenoticiaz.com.br\/litoralsp\/#\/schema\/logo\/image\/"}},{"@type":"Person","@id":"https:\/\/redenoticiaz.com.br\/litoralsp\/#\/schema\/person\/16057b37a3c0ee6b096d7f887c566e2e","name":"Gustavo Silva","image":{"@type":"ImageObject","inLanguage":"pt-BR","@id":"https:\/\/secure.gravatar.com\/avatar\/3ee4e82f93b26de0a7cf4ea5eb7893da637ed6bb0c9170c58065944c56e28a33?s=96&d=mm&r=g","url":"https:\/\/secure.gravatar.com\/avatar\/3ee4e82f93b26de0a7cf4ea5eb7893da637ed6bb0c9170c58065944c56e28a33?s=96&d=mm&r=g","contentUrl":"https:\/\/secure.gravatar.com\/avatar\/3ee4e82f93b26de0a7cf4ea5eb7893da637ed6bb0c9170c58065944c56e28a33?s=96&d=mm&r=g","caption":"Gustavo Silva"},"url":"https:\/\/redenoticiaz.com.br\/litoralsp\/author\/gustavosilva"}]}},"_links":{"self":[{"href":"https:\/\/redenoticiaz.com.br\/litoralsp\/wp-json\/wp\/v2\/posts\/111032","targetHints":{"allow":["GET"]}}],"collection":[{"href":"https:\/\/redenoticiaz.com.br\/litoralsp\/wp-json\/wp\/v2\/posts"}],"about":[{"href":"https:\/\/redenoticiaz.com.br\/litoralsp\/wp-json\/wp\/v2\/types\/post"}],"author":[{"embeddable":true,"href":"https:\/\/redenoticiaz.com.br\/litoralsp\/wp-json\/wp\/v2\/users\/12"}],"replies":[{"embeddable":true,"href":"https:\/\/redenoticiaz.com.br\/litoralsp\/wp-json\/wp\/v2\/comments?post=111032"}],"version-history":[{"count":0,"href":"https:\/\/redenoticiaz.com.br\/litoralsp\/wp-json\/wp\/v2\/posts\/111032\/revisions"}],"wp:featuredmedia":[{"embeddable":true,"href":"https:\/\/redenoticiaz.com.br\/litoralsp\/wp-json\/wp\/v2\/media\/111033"}],"wp:attachment":[{"href":"https:\/\/redenoticiaz.com.br\/litoralsp\/wp-json\/wp\/v2\/media?parent=111032"}],"wp:term":[{"taxonomy":"category","embeddable":true,"href":"https:\/\/redenoticiaz.com.br\/litoralsp\/wp-json\/wp\/v2\/categories?post=111032"},{"taxonomy":"post_tag","embeddable":true,"href":"https:\/\/redenoticiaz.com.br\/litoralsp\/wp-json\/wp\/v2\/tags?post=111032"}],"curies":[{"name":"wp","href":"https:\/\/api.w.org\/{rel}","templated":true}]}}