{"id":111041,"date":"2023-09-29T14:11:29","date_gmt":"2023-09-29T17:11:29","guid":{"rendered":"https:\/\/redenoticiaz.com.br\/litoralsp\/2023\/09\/29\/lula-chega-ao-hospital-sirio-libanes-para-cirurgia"},"modified":"2023-09-29T14:14:16","modified_gmt":"2023-09-29T17:14:16","slug":"lula-chega-ao-hospital-sirio-libanes-para-cirurgia","status":"publish","type":"post","link":"https:\/\/redenoticiaz.com.br\/litoralsp\/2023\/09\/29\/lula-chega-ao-hospital-sirio-libanes-para-cirurgia","title":{"rendered":"Lula chega ao hospital S\u00edrio-Liban\u00eas para cirurgia"},"content":{"rendered":"<p>O presidente Luiz In\u00e1cio Lula da Silva (PT), deu entrada no Hospital S\u00edrio-Liban\u00eas em Bras\u00edlia \u00e0s 8h desta sexta-feira (29). O l\u00edder pol\u00edtico ser\u00e1 submetido a uma cirurgia no quadril, com o objetivo de corrigir um problema de artrose que vem lhe causando fortes dores nos \u00faltimos meses.<\/p>\n<p>O presidente tem enfrentado desconforto e dores persistentes no quadril, o que o levou a realizar dois procedimentos m\u00e9dicos em julho, antes da cirurgia. Estes procedimentos inclu\u00edram uma infiltra\u00e7\u00e3o e uma denerva\u00e7\u00e3o, na tentativa de aliviar as dores e preparar o caminho para o tratamento cir\u00fargico.<\/p>\n<p>LEIA MAIS<\/p>\n<p><a href=\"https:\/\/redenoticiaz.com.br\/blog\/2023\/09\/29\/imposto-de-renda-receita-paga-5o-e-ultimo-lote-da-restituicao\">Imposto de Renda: Receita paga 5\u00ba e \u00faltimo lote da restitui\u00e7\u00e3o<\/a><\/p>\n<p><a href=\"https:\/\/redenoticiaz.com.br\/blog\/2023\/09\/18\/incendio-atinge-7-andar-de-predio-do-hospital-sirio-libanes\">Inc\u00eandio atinge 7\u00b0 andar de pr\u00e9dio do Hospital S\u00edrio-Liban\u00eas<\/a><\/p>\n","protected":false},"excerpt":{"rendered":"<p>O presidente Luiz In\u00e1cio Lula da Silva (PT), deu entrada no Hospital S\u00edrio-Liban\u00eas em Bras\u00edlia \u00e0s 8h desta sexta-feira (29). O l\u00edder pol\u00edtico ser\u00e1 submetido a uma cirurgia no quadril, com o objetivo de corrigir um problema de artrose que vem lhe causando fortes dores nos \u00faltimos meses. O presidente tem enfrentado desconforto e dores &hellip;<\/p>\n","protected":false},"author":30,"featured_media":111042,"comment_status":"open","ping_status":"closed","sticky":false,"template":"","format":"standard","meta":{"footnotes":""},"categories":[15],"tags":[13369,4170,67285],"class_list":["post-111041","post","type-post","status-publish","format-standard","has-post-thumbnail","hentry","category-politica","tag-cirurgia","tag-lula","tag-quadril"],"yoast_head":"<!-- This site is optimized with the Yoast SEO plugin v27.5 - https:\/\/yoast.com\/product\/yoast-seo-wordpress\/ -->\n<title>Lula chega ao hospital S\u00edrio-Liban\u00eas para cirurgia - Litoral SP<\/title>\n<meta name=\"description\" content=\"O presidente Luiz In\u00e1cio Lula da Silva, filiado ao Partido dos Trabalhadores (PT), deu entrada no Hospital S\u00edrio-Liban\u00eas em Bras\u00edlia.\" \/>\n<meta name=\"robots\" content=\"index, follow, max-snippet:-1, max-image-preview:large, max-video-preview:-1\" \/>\n<link rel=\"canonical\" href=\"https:\/\/redenoticiaz.com.br\/litoralsp\/2023\/09\/29\/lula-chega-ao-hospital-sirio-libanes-para-cirurgia\" \/>\n<meta property=\"og:locale\" content=\"pt_BR\" \/>\n<meta property=\"og:type\" content=\"article\" \/>\n<meta property=\"og:title\" content=\"Lula chega ao hospital S\u00edrio-Liban\u00eas para cirurgia - Litoral SP\" \/>\n<meta property=\"og:description\" content=\"O presidente Luiz In\u00e1cio Lula da Silva, filiado ao Partido dos Trabalhadores (PT), deu entrada no Hospital S\u00edrio-Liban\u00eas em Bras\u00edlia.\" \/>\n<meta property=\"og:url\" content=\"https:\/\/redenoticiaz.com.br\/litoralsp\/2023\/09\/29\/lula-chega-ao-hospital-sirio-libanes-para-cirurgia\" \/>\n<meta property=\"og:site_name\" content=\"Litoral SP\" \/>\n<meta property=\"article:published_time\" content=\"2023-09-29T17:11:29+00:00\" \/>\n<meta property=\"article:modified_time\" content=\"2023-09-29T17:14:16+00:00\" \/>\n<meta property=\"og:image\" content=\"https:\/\/redenoticiaz.com.br\/litoralsp\/wp-content\/uploads\/sites\/3\/2023\/09\/Captura-de-tela-2023-09-29-140350.jpg?v=1696007461\" \/>\n\t<meta property=\"og:image:width\" content=\"621\" \/>\n\t<meta property=\"og:image:height\" content=\"340\" \/>\n\t<meta property=\"og:image:type\" content=\"image\/jpeg\" \/>\n<meta name=\"author\" content=\"Carina Reifonas\" \/>\n<meta name=\"twitter:card\" content=\"summary_large_image\" \/>\n<meta name=\"twitter:label1\" content=\"Escrito por\" \/>\n\t<meta name=\"twitter:data1\" content=\"Carina Reifonas\" \/>\n\t<meta name=\"twitter:label2\" content=\"Est. tempo de leitura\" \/>\n\t<meta name=\"twitter:data2\" content=\"1 minuto\" \/>\n<script type=\"application\/ld+json\" class=\"yoast-schema-graph\">{\"@context\":\"https:\\\/\\\/schema.org\",\"@graph\":[{\"@type\":\"Article\",\"@id\":\"https:\\\/\\\/redenoticiaz.com.br\\\/litoralsp\\\/2023\\\/09\\\/29\\\/lula-chega-ao-hospital-sirio-libanes-para-cirurgia#article\",\"isPartOf\":{\"@id\":\"https:\\\/\\\/redenoticiaz.com.br\\\/litoralsp\\\/2023\\\/09\\\/29\\\/lula-chega-ao-hospital-sirio-libanes-para-cirurgia\"},\"author\":{\"name\":\"Carina Reifonas\",\"@id\":\"https:\\\/\\\/redenoticiaz.com.br\\\/litoralsp\\\/#\\\/schema\\\/person\\\/1f84d6e94e6a62d2d81199d7503e9e90\"},\"headline\":\"Lula chega ao hospital S\u00edrio-Liban\u00eas para cirurgia\",\"datePublished\":\"2023-09-29T17:11:29+00:00\",\"dateModified\":\"2023-09-29T17:14:16+00:00\",\"mainEntityOfPage\":{\"@id\":\"https:\\\/\\\/redenoticiaz.com.br\\\/litoralsp\\\/2023\\\/09\\\/29\\\/lula-chega-ao-hospital-sirio-libanes-para-cirurgia\"},\"wordCount\":138,\"commentCount\":0,\"publisher\":{\"@id\":\"https:\\\/\\\/redenoticiaz.com.br\\\/litoralsp\\\/#organization\"},\"image\":{\"@id\":\"https:\\\/\\\/redenoticiaz.com.br\\\/litoralsp\\\/2023\\\/09\\\/29\\\/lula-chega-ao-hospital-sirio-libanes-para-cirurgia#primaryimage\"},\"thumbnailUrl\":\"https:\\\/\\\/redenoticiaz.com.br\\\/litoralsp\\\/wp-content\\\/uploads\\\/sites\\\/3\\\/2023\\\/09\\\/Captura-de-tela-2023-09-29-140350.jpg?v=1696007461\",\"keywords\":[\"cirurgia\",\"Lula\",\"Quadril\"],\"articleSection\":[\"Pol\u00edtica\"],\"inLanguage\":\"pt-BR\",\"potentialAction\":[{\"@type\":\"CommentAction\",\"name\":\"Comment\",\"target\":[\"https:\\\/\\\/redenoticiaz.com.br\\\/litoralsp\\\/2023\\\/09\\\/29\\\/lula-chega-ao-hospital-sirio-libanes-para-cirurgia#respond\"]}]},{\"@type\":\"WebPage\",\"@id\":\"https:\\\/\\\/redenoticiaz.com.br\\\/litoralsp\\\/2023\\\/09\\\/29\\\/lula-chega-ao-hospital-sirio-libanes-para-cirurgia\",\"url\":\"https:\\\/\\\/redenoticiaz.com.br\\\/litoralsp\\\/2023\\\/09\\\/29\\\/lula-chega-ao-hospital-sirio-libanes-para-cirurgia\",\"name\":\"Lula chega ao hospital S\u00edrio-Liban\u00eas para cirurgia - Litoral SP\",\"isPartOf\":{\"@id\":\"https:\\\/\\\/redenoticiaz.com.br\\\/litoralsp\\\/#website\"},\"primaryImageOfPage\":{\"@id\":\"https:\\\/\\\/redenoticiaz.com.br\\\/litoralsp\\\/2023\\\/09\\\/29\\\/lula-chega-ao-hospital-sirio-libanes-para-cirurgia#primaryimage\"},\"image\":{\"@id\":\"https:\\\/\\\/redenoticiaz.com.br\\\/litoralsp\\\/2023\\\/09\\\/29\\\/lula-chega-ao-hospital-sirio-libanes-para-cirurgia#primaryimage\"},\"thumbnailUrl\":\"https:\\\/\\\/redenoticiaz.com.br\\\/litoralsp\\\/wp-content\\\/uploads\\\/sites\\\/3\\\/2023\\\/09\\\/Captura-de-tela-2023-09-29-140350.jpg?v=1696007461\",\"datePublished\":\"2023-09-29T17:11:29+00:00\",\"dateModified\":\"2023-09-29T17:14:16+00:00\",\"description\":\"O presidente Luiz In\u00e1cio Lula da Silva, filiado ao Partido dos Trabalhadores (PT), deu entrada no Hospital S\u00edrio-Liban\u00eas em Bras\u00edlia.\",\"inLanguage\":\"pt-BR\",\"potentialAction\":[{\"@type\":\"ReadAction\",\"target\":[\"https:\\\/\\\/redenoticiaz.com.br\\\/litoralsp\\\/2023\\\/09\\\/29\\\/lula-chega-ao-hospital-sirio-libanes-para-cirurgia\"]}]},{\"@type\":\"ImageObject\",\"inLanguage\":\"pt-BR\",\"@id\":\"https:\\\/\\\/redenoticiaz.com.br\\\/litoralsp\\\/2023\\\/09\\\/29\\\/lula-chega-ao-hospital-sirio-libanes-para-cirurgia#primaryimage\",\"url\":\"https:\\\/\\\/redenoticiaz.com.br\\\/litoralsp\\\/wp-content\\\/uploads\\\/sites\\\/3\\\/2023\\\/09\\\/Captura-de-tela-2023-09-29-140350.jpg?v=1696007461\",\"contentUrl\":\"https:\\\/\\\/redenoticiaz.com.br\\\/litoralsp\\\/wp-content\\\/uploads\\\/sites\\\/3\\\/2023\\\/09\\\/Captura-de-tela-2023-09-29-140350.jpg?v=1696007461\",\"width\":621,\"height\":340,\"caption\":\"Foto: Julia de Lannoy\\\/TV Globo\\\/Reprodu\u00e7\u00e3o\"},{\"@type\":\"WebSite\",\"@id\":\"https:\\\/\\\/redenoticiaz.com.br\\\/litoralsp\\\/#website\",\"url\":\"https:\\\/\\\/redenoticiaz.com.br\\\/litoralsp\\\/\",\"name\":\"Litoral SP\",\"description\":\"Rede NoticiaZ\",\"publisher\":{\"@id\":\"https:\\\/\\\/redenoticiaz.com.br\\\/litoralsp\\\/#organization\"},\"potentialAction\":[{\"@type\":\"SearchAction\",\"target\":{\"@type\":\"EntryPoint\",\"urlTemplate\":\"https:\\\/\\\/redenoticiaz.com.br\\\/litoralsp\\\/?s={search_term_string}\"},\"query-input\":{\"@type\":\"PropertyValueSpecification\",\"valueRequired\":true,\"valueName\":\"search_term_string\"}}],\"inLanguage\":\"pt-BR\"},{\"@type\":\"Organization\",\"@id\":\"https:\\\/\\\/redenoticiaz.com.br\\\/litoralsp\\\/#organization\",\"name\":\"Litoral SP\",\"url\":\"https:\\\/\\\/redenoticiaz.com.br\\\/litoralsp\\\/\",\"logo\":{\"@type\":\"ImageObject\",\"inLanguage\":\"pt-BR\",\"@id\":\"https:\\\/\\\/redenoticiaz.com.br\\\/litoralsp\\\/#\\\/schema\\\/logo\\\/image\\\/\",\"url\":\"https:\\\/\\\/redenoticiaz.com.br\\\/litoralsp\\\/wp-content\\\/uploads\\\/sites\\\/3\\\/2020\\\/11\\\/logo.jpg\",\"contentUrl\":\"https:\\\/\\\/redenoticiaz.com.br\\\/litoralsp\\\/wp-content\\\/uploads\\\/sites\\\/3\\\/2020\\\/11\\\/logo.jpg\",\"width\":400,\"height\":250,\"caption\":\"Litoral SP\"},\"image\":{\"@id\":\"https:\\\/\\\/redenoticiaz.com.br\\\/litoralsp\\\/#\\\/schema\\\/logo\\\/image\\\/\"}},{\"@type\":\"Person\",\"@id\":\"https:\\\/\\\/redenoticiaz.com.br\\\/litoralsp\\\/#\\\/schema\\\/person\\\/1f84d6e94e6a62d2d81199d7503e9e90\",\"name\":\"Carina Reifonas\",\"image\":{\"@type\":\"ImageObject\",\"inLanguage\":\"pt-BR\",\"@id\":\"https:\\\/\\\/secure.gravatar.com\\\/avatar\\\/04c59859b23696cf867715880f81d5c037e60109730bdb4e6670ec2a2245bc97?s=96&d=mm&r=g\",\"url\":\"https:\\\/\\\/secure.gravatar.com\\\/avatar\\\/04c59859b23696cf867715880f81d5c037e60109730bdb4e6670ec2a2245bc97?s=96&d=mm&r=g\",\"contentUrl\":\"https:\\\/\\\/secure.gravatar.com\\\/avatar\\\/04c59859b23696cf867715880f81d5c037e60109730bdb4e6670ec2a2245bc97?s=96&d=mm&r=g\",\"caption\":\"Carina Reifonas\"},\"url\":\"https:\\\/\\\/redenoticiaz.com.br\\\/litoralsp\\\/author\\\/carinareifonas\"}]}<\/script>\n<!-- \/ Yoast SEO plugin. -->","yoast_head_json":{"title":"Lula chega ao hospital S\u00edrio-Liban\u00eas para cirurgia - Litoral SP","description":"O presidente Luiz In\u00e1cio Lula da Silva, filiado ao Partido dos Trabalhadores (PT), deu entrada no Hospital S\u00edrio-Liban\u00eas em Bras\u00edlia.","robots":{"index":"index","follow":"follow","max-snippet":"max-snippet:-1","max-image-preview":"max-image-preview:large","max-video-preview":"max-video-preview:-1"},"canonical":"https:\/\/redenoticiaz.com.br\/litoralsp\/2023\/09\/29\/lula-chega-ao-hospital-sirio-libanes-para-cirurgia","og_locale":"pt_BR","og_type":"article","og_title":"Lula chega ao hospital S\u00edrio-Liban\u00eas para cirurgia - Litoral SP","og_description":"O presidente Luiz In\u00e1cio Lula da Silva, filiado ao Partido dos Trabalhadores (PT), deu entrada no Hospital S\u00edrio-Liban\u00eas em Bras\u00edlia.","og_url":"https:\/\/redenoticiaz.com.br\/litoralsp\/2023\/09\/29\/lula-chega-ao-hospital-sirio-libanes-para-cirurgia","og_site_name":"Litoral SP","article_published_time":"2023-09-29T17:11:29+00:00","article_modified_time":"2023-09-29T17:14:16+00:00","og_image":[{"width":621,"height":340,"url":"https:\/\/redenoticiaz.com.br\/litoralsp\/wp-content\/uploads\/sites\/3\/2023\/09\/Captura-de-tela-2023-09-29-140350.jpg?v=1696007461","type":"image\/jpeg"}],"author":"Carina Reifonas","twitter_card":"summary_large_image","twitter_misc":{"Escrito por":"Carina Reifonas","Est. tempo de leitura":"1 minuto"},"schema":{"@context":"https:\/\/schema.org","@graph":[{"@type":"Article","@id":"https:\/\/redenoticiaz.com.br\/litoralsp\/2023\/09\/29\/lula-chega-ao-hospital-sirio-libanes-para-cirurgia#article","isPartOf":{"@id":"https:\/\/redenoticiaz.com.br\/litoralsp\/2023\/09\/29\/lula-chega-ao-hospital-sirio-libanes-para-cirurgia"},"author":{"name":"Carina Reifonas","@id":"https:\/\/redenoticiaz.com.br\/litoralsp\/#\/schema\/person\/1f84d6e94e6a62d2d81199d7503e9e90"},"headline":"Lula chega ao hospital S\u00edrio-Liban\u00eas para cirurgia","datePublished":"2023-09-29T17:11:29+00:00","dateModified":"2023-09-29T17:14:16+00:00","mainEntityOfPage":{"@id":"https:\/\/redenoticiaz.com.br\/litoralsp\/2023\/09\/29\/lula-chega-ao-hospital-sirio-libanes-para-cirurgia"},"wordCount":138,"commentCount":0,"publisher":{"@id":"https:\/\/redenoticiaz.com.br\/litoralsp\/#organization"},"image":{"@id":"https:\/\/redenoticiaz.com.br\/litoralsp\/2023\/09\/29\/lula-chega-ao-hospital-sirio-libanes-para-cirurgia#primaryimage"},"thumbnailUrl":"https:\/\/redenoticiaz.com.br\/litoralsp\/wp-content\/uploads\/sites\/3\/2023\/09\/Captura-de-tela-2023-09-29-140350.jpg?v=1696007461","keywords":["cirurgia","Lula","Quadril"],"articleSection":["Pol\u00edtica"],"inLanguage":"pt-BR","potentialAction":[{"@type":"CommentAction","name":"Comment","target":["https:\/\/redenoticiaz.com.br\/litoralsp\/2023\/09\/29\/lula-chega-ao-hospital-sirio-libanes-para-cirurgia#respond"]}]},{"@type":"WebPage","@id":"https:\/\/redenoticiaz.com.br\/litoralsp\/2023\/09\/29\/lula-chega-ao-hospital-sirio-libanes-para-cirurgia","url":"https:\/\/redenoticiaz.com.br\/litoralsp\/2023\/09\/29\/lula-chega-ao-hospital-sirio-libanes-para-cirurgia","name":"Lula chega ao hospital S\u00edrio-Liban\u00eas para cirurgia - Litoral SP","isPartOf":{"@id":"https:\/\/redenoticiaz.com.br\/litoralsp\/#website"},"primaryImageOfPage":{"@id":"https:\/\/redenoticiaz.com.br\/litoralsp\/2023\/09\/29\/lula-chega-ao-hospital-sirio-libanes-para-cirurgia#primaryimage"},"image":{"@id":"https:\/\/redenoticiaz.com.br\/litoralsp\/2023\/09\/29\/lula-chega-ao-hospital-sirio-libanes-para-cirurgia#primaryimage"},"thumbnailUrl":"https:\/\/redenoticiaz.com.br\/litoralsp\/wp-content\/uploads\/sites\/3\/2023\/09\/Captura-de-tela-2023-09-29-140350.jpg?v=1696007461","datePublished":"2023-09-29T17:11:29+00:00","dateModified":"2023-09-29T17:14:16+00:00","description":"O presidente Luiz In\u00e1cio Lula da Silva, filiado ao Partido dos Trabalhadores (PT), deu entrada no Hospital S\u00edrio-Liban\u00eas em Bras\u00edlia.","inLanguage":"pt-BR","potentialAction":[{"@type":"ReadAction","target":["https:\/\/redenoticiaz.com.br\/litoralsp\/2023\/09\/29\/lula-chega-ao-hospital-sirio-libanes-para-cirurgia"]}]},{"@type":"ImageObject","inLanguage":"pt-BR","@id":"https:\/\/redenoticiaz.com.br\/litoralsp\/2023\/09\/29\/lula-chega-ao-hospital-sirio-libanes-para-cirurgia#primaryimage","url":"https:\/\/redenoticiaz.com.br\/litoralsp\/wp-content\/uploads\/sites\/3\/2023\/09\/Captura-de-tela-2023-09-29-140350.jpg?v=1696007461","contentUrl":"https:\/\/redenoticiaz.com.br\/litoralsp\/wp-content\/uploads\/sites\/3\/2023\/09\/Captura-de-tela-2023-09-29-140350.jpg?v=1696007461","width":621,"height":340,"caption":"Foto: Julia de Lannoy\/TV Globo\/Reprodu\u00e7\u00e3o"},{"@type":"WebSite","@id":"https:\/\/redenoticiaz.com.br\/litoralsp\/#website","url":"https:\/\/redenoticiaz.com.br\/litoralsp\/","name":"Litoral SP","description":"Rede NoticiaZ","publisher":{"@id":"https:\/\/redenoticiaz.com.br\/litoralsp\/#organization"},"potentialAction":[{"@type":"SearchAction","target":{"@type":"EntryPoint","urlTemplate":"https:\/\/redenoticiaz.com.br\/litoralsp\/?s={search_term_string}"},"query-input":{"@type":"PropertyValueSpecification","valueRequired":true,"valueName":"search_term_string"}}],"inLanguage":"pt-BR"},{"@type":"Organization","@id":"https:\/\/redenoticiaz.com.br\/litoralsp\/#organization","name":"Litoral SP","url":"https:\/\/redenoticiaz.com.br\/litoralsp\/","logo":{"@type":"ImageObject","inLanguage":"pt-BR","@id":"https:\/\/redenoticiaz.com.br\/litoralsp\/#\/schema\/logo\/image\/","url":"https:\/\/redenoticiaz.com.br\/litoralsp\/wp-content\/uploads\/sites\/3\/2020\/11\/logo.jpg","contentUrl":"https:\/\/redenoticiaz.com.br\/litoralsp\/wp-content\/uploads\/sites\/3\/2020\/11\/logo.jpg","width":400,"height":250,"caption":"Litoral SP"},"image":{"@id":"https:\/\/redenoticiaz.com.br\/litoralsp\/#\/schema\/logo\/image\/"}},{"@type":"Person","@id":"https:\/\/redenoticiaz.com.br\/litoralsp\/#\/schema\/person\/1f84d6e94e6a62d2d81199d7503e9e90","name":"Carina Reifonas","image":{"@type":"ImageObject","inLanguage":"pt-BR","@id":"https:\/\/secure.gravatar.com\/avatar\/04c59859b23696cf867715880f81d5c037e60109730bdb4e6670ec2a2245bc97?s=96&d=mm&r=g","url":"https:\/\/secure.gravatar.com\/avatar\/04c59859b23696cf867715880f81d5c037e60109730bdb4e6670ec2a2245bc97?s=96&d=mm&r=g","contentUrl":"https:\/\/secure.gravatar.com\/avatar\/04c59859b23696cf867715880f81d5c037e60109730bdb4e6670ec2a2245bc97?s=96&d=mm&r=g","caption":"Carina Reifonas"},"url":"https:\/\/redenoticiaz.com.br\/litoralsp\/author\/carinareifonas"}]}},"_links":{"self":[{"href":"https:\/\/redenoticiaz.com.br\/litoralsp\/wp-json\/wp\/v2\/posts\/111041","targetHints":{"allow":["GET"]}}],"collection":[{"href":"https:\/\/redenoticiaz.com.br\/litoralsp\/wp-json\/wp\/v2\/posts"}],"about":[{"href":"https:\/\/redenoticiaz.com.br\/litoralsp\/wp-json\/wp\/v2\/types\/post"}],"author":[{"embeddable":true,"href":"https:\/\/redenoticiaz.com.br\/litoralsp\/wp-json\/wp\/v2\/users\/30"}],"replies":[{"embeddable":true,"href":"https:\/\/redenoticiaz.com.br\/litoralsp\/wp-json\/wp\/v2\/comments?post=111041"}],"version-history":[{"count":2,"href":"https:\/\/redenoticiaz.com.br\/litoralsp\/wp-json\/wp\/v2\/posts\/111041\/revisions"}],"predecessor-version":[{"id":111044,"href":"https:\/\/redenoticiaz.com.br\/litoralsp\/wp-json\/wp\/v2\/posts\/111041\/revisions\/111044"}],"wp:featuredmedia":[{"embeddable":true,"href":"https:\/\/redenoticiaz.com.br\/litoralsp\/wp-json\/wp\/v2\/media\/111042"}],"wp:attachment":[{"href":"https:\/\/redenoticiaz.com.br\/litoralsp\/wp-json\/wp\/v2\/media?parent=111041"}],"wp:term":[{"taxonomy":"category","embeddable":true,"href":"https:\/\/redenoticiaz.com.br\/litoralsp\/wp-json\/wp\/v2\/categories?post=111041"},{"taxonomy":"post_tag","embeddable":true,"href":"https:\/\/redenoticiaz.com.br\/litoralsp\/wp-json\/wp\/v2\/tags?post=111041"}],"curies":[{"name":"wp","href":"https:\/\/api.w.org\/{rel}","templated":true}]}}