{"id":111051,"date":"2023-09-29T15:45:13","date_gmt":"2023-09-29T18:45:13","guid":{"rendered":"https:\/\/redenoticiaz.com.br\/litoralsp\/?p=111051"},"modified":"2023-09-29T15:45:13","modified_gmt":"2023-09-29T18:45:13","slug":"a-pedido-do-ministerio-publico-guaruja-suspende-atividades-de-transportadores-de-residuos-de-construcao","status":"publish","type":"post","link":"https:\/\/redenoticiaz.com.br\/litoralsp\/2023\/09\/29\/a-pedido-do-ministerio-publico-guaruja-suspende-atividades-de-transportadores-de-residuos-de-construcao","title":{"rendered":"A pedido do Minist\u00e9rio P\u00fablico, Guaruj\u00e1 suspende atividades de transportadores de res\u00edduos de constru\u00e7\u00e3o"},"content":{"rendered":"<p data-raofz=\"17\">Atendendo recomenda\u00e7\u00e3o do Minist\u00e9rio P\u00fablico do Estado de S\u00e3o Paulo (MP\/SP), a Prefeitura de Guaruj\u00e1 suspende, a partir desta sexta-feira (29), as atividades de geradores, transportadores e destinos de res\u00edduos de constru\u00e7\u00e3o civil que ainda n\u00e3o se cadastraram no Sistema Estadual de Gerenciamento Online de Res\u00edduos S\u00f3lidos (Sigor). O comunicado est\u00e1 publicado no Di\u00e1rio Oficial do Munic\u00edpio.<\/p>\n<p data-raofz=\"17\">A Administra\u00e7\u00e3o Municipal vem alertando, desde 21 de dezembro de 2022, por meio do Decreto 15.285, que os profissionais do ramo precisam se cadastrar no Sigor para seguir no exerc\u00edcio das opera\u00e7\u00f5es, conforme o que consta de Inqu\u00e9rito Civil instaurado pelo Grupo de Atua\u00e7\u00e3o Especial de Defesa do Meio Ambiente Baixada Santista (Gaema\/BS), \u00f3rg\u00e3o especializado do MP\/SP.<\/p>\n<p data-raofz=\"17\">No decorrer de 2023, a Secretaria Municipal de Meio Ambiente (Semam) emitiu diversos informes, al\u00e9m de sensibilizar, pessoalmente, sobre a necessidade de ades\u00e3o \u00e0 plataforma, que come\u00e7ou a funcionar em 13 de mar\u00e7o \u00faltimo. Agora, aqueles que n\u00e3o estiverem regularizados devem suspender as atividades at\u00e9 o cadastramento, ou estar\u00e3o sujeitos \u00e0s san\u00e7\u00f5es previstas no artigo 16 da Lei Municipal 4.150\/2014.<\/p>\n<p data-raofz=\"17\">As penalidades incluem multa, embargo, apreens\u00e3o de equipamentos, suspens\u00e3o de atividades por at\u00e9 15 dias e cassa\u00e7\u00e3o do alvar\u00e1 de funcionamento. O objetivo da municipalidade \u00e9 coibir o descarte irregular de res\u00edduos da constru\u00e7\u00e3o civil, evitando danos ao meio ambiente e mantendo o ordenamento do espa\u00e7o urbano em Guaruj\u00e1.<\/p>\n<h2 data-raofz=\"17\"><strong>Como se cadastrar no Sigor?<\/strong><\/h2>\n<p data-raofz=\"17\">Para se cadastrar, basta acessar o site da Companhia Ambiental do Estado de S\u00e3o Paulo (Cetesb), o <a role=\"link\" href=\"http:\/\/www.cetesb.sp.gov.br\/\" data-saferedirecturl=\"https:\/\/www.google.com\/url?q=http:\/\/www.cetesb.sp.gov.br\/&amp;source=gmail&amp;ust=1696090916880000&amp;usg=AOvVaw0iCfThgoBH6DwlpTNv3pyu\" data-raofz=\"17\">www.cetesb.sp.gov.br<\/a>\u00a0e escolher a op\u00e7\u00e3o \u2018Sigor on-line constru\u00e7\u00e3o civil\u2019. Um passo a passo simplificado estar\u00e1 dispon\u00edvel para a conclus\u00e3o do processo.<\/p>\n<p data-raofz=\"17\"><strong>Leia mais<\/strong><\/p>\n<p data-raofz=\"17\"><a href=\"https:\/\/redenoticiaz.com.br\/litoralsp\/2023\/09\/29\/guaruja-comeca-a-usar-aspiradores-para-combater-a-dengue\">Guaruj\u00e1 come\u00e7a a usar aspiradores para combater a dengue<\/a><\/p>\n<p data-raofz=\"17\"><a href=\"https:\/\/redenoticiaz.com.br\/litoralsp\/2023\/09\/26\/procon-guaruja-realiza-operacao-dia-das-criancas-a-partir-de-sexta-feira\">Procon Guaruj\u00e1 realiza Opera\u00e7\u00e3o Dia das Crian\u00e7as a partir de sexta-feira<\/a><\/p>\n","protected":false},"excerpt":{"rendered":"<p>Atendendo recomenda\u00e7\u00e3o do Minist\u00e9rio P\u00fablico do Estado de S\u00e3o Paulo (MP\/SP), a Prefeitura de Guaruj\u00e1 suspende, a partir desta sexta-feira (29), as atividades de geradores, transportadores e destinos de res\u00edduos de constru\u00e7\u00e3o civil que ainda n\u00e3o se cadastraram no Sistema Estadual de Gerenciamento Online de Res\u00edduos S\u00f3lidos (Sigor). O comunicado est\u00e1 publicado no Di\u00e1rio Oficial &hellip;<\/p>\n","protected":false},"author":12,"featured_media":111052,"comment_status":"open","ping_status":"closed","sticky":false,"template":"","format":"standard","meta":{"footnotes":""},"categories":[187],"tags":[67288,67287],"class_list":["post-111051","post","type-post","status-publish","format-standard","has-post-thumbnail","hentry","category-guaruja","tag-lei-municipal","tag-transportadores"],"yoast_head":"<!-- This site is optimized with the Yoast SEO plugin v27.5 - https:\/\/yoast.com\/product\/yoast-seo-wordpress\/ -->\n<title>A pedido do Minist\u00e9rio P\u00fablico, Guaruj\u00e1 suspende atividades de transportadores de res\u00edduos de constru\u00e7\u00e3o - Litoral SP<\/title>\n<meta name=\"description\" content=\"Atendendo recomenda\u00e7\u00e3o do Minist\u00e9rio P\u00fablico do Estado de S\u00e3o Paulo (MP\/SP), a Prefeitura de Guaruj\u00e1 suspende, a partir desta sexta-feira (29).\" \/>\n<meta name=\"robots\" content=\"index, follow, max-snippet:-1, max-image-preview:large, max-video-preview:-1\" \/>\n<link rel=\"canonical\" href=\"https:\/\/redenoticiaz.com.br\/litoralsp\/2023\/09\/29\/a-pedido-do-ministerio-publico-guaruja-suspende-atividades-de-transportadores-de-residuos-de-construcao\" \/>\n<meta property=\"og:locale\" content=\"pt_BR\" \/>\n<meta property=\"og:type\" content=\"article\" \/>\n<meta property=\"og:title\" content=\"A pedido do Minist\u00e9rio P\u00fablico, Guaruj\u00e1 suspende atividades de transportadores de res\u00edduos de constru\u00e7\u00e3o - Litoral SP\" \/>\n<meta property=\"og:description\" content=\"Atendendo recomenda\u00e7\u00e3o do Minist\u00e9rio P\u00fablico do Estado de S\u00e3o Paulo (MP\/SP), a Prefeitura de Guaruj\u00e1 suspende, a partir desta sexta-feira (29).\" \/>\n<meta property=\"og:url\" content=\"https:\/\/redenoticiaz.com.br\/litoralsp\/2023\/09\/29\/a-pedido-do-ministerio-publico-guaruja-suspende-atividades-de-transportadores-de-residuos-de-construcao\" \/>\n<meta property=\"og:site_name\" content=\"Litoral SP\" \/>\n<meta property=\"article:published_time\" content=\"2023-09-29T18:45:13+00:00\" \/>\n<meta property=\"og:image\" content=\"https:\/\/redenoticiaz.com.br\/litoralsp\/wp-content\/uploads\/sites\/3\/2023\/09\/49785465247_49428dd51f_h-1024x768-1.jpg\" \/>\n\t<meta property=\"og:image:width\" content=\"1024\" \/>\n\t<meta property=\"og:image:height\" content=\"768\" \/>\n\t<meta property=\"og:image:type\" content=\"image\/jpeg\" \/>\n<meta name=\"author\" content=\"Gustavo Silva\" \/>\n<meta name=\"twitter:card\" content=\"summary_large_image\" \/>\n<meta name=\"twitter:label1\" content=\"Escrito por\" \/>\n\t<meta name=\"twitter:data1\" content=\"Gustavo Silva\" \/>\n\t<meta name=\"twitter:label2\" content=\"Est. tempo de leitura\" \/>\n\t<meta name=\"twitter:data2\" content=\"2 minutos\" \/>\n<script type=\"application\/ld+json\" class=\"yoast-schema-graph\">{\"@context\":\"https:\\\/\\\/schema.org\",\"@graph\":[{\"@type\":\"Article\",\"@id\":\"https:\\\/\\\/redenoticiaz.com.br\\\/litoralsp\\\/2023\\\/09\\\/29\\\/a-pedido-do-ministerio-publico-guaruja-suspende-atividades-de-transportadores-de-residuos-de-construcao#article\",\"isPartOf\":{\"@id\":\"https:\\\/\\\/redenoticiaz.com.br\\\/litoralsp\\\/2023\\\/09\\\/29\\\/a-pedido-do-ministerio-publico-guaruja-suspende-atividades-de-transportadores-de-residuos-de-construcao\"},\"author\":{\"name\":\"Gustavo Silva\",\"@id\":\"https:\\\/\\\/redenoticiaz.com.br\\\/litoralsp\\\/#\\\/schema\\\/person\\\/16057b37a3c0ee6b096d7f887c566e2e\"},\"headline\":\"A pedido do Minist\u00e9rio P\u00fablico, Guaruj\u00e1 suspende atividades de transportadores de res\u00edduos de constru\u00e7\u00e3o\",\"datePublished\":\"2023-09-29T18:45:13+00:00\",\"mainEntityOfPage\":{\"@id\":\"https:\\\/\\\/redenoticiaz.com.br\\\/litoralsp\\\/2023\\\/09\\\/29\\\/a-pedido-do-ministerio-publico-guaruja-suspende-atividades-de-transportadores-de-residuos-de-construcao\"},\"wordCount\":340,\"commentCount\":0,\"publisher\":{\"@id\":\"https:\\\/\\\/redenoticiaz.com.br\\\/litoralsp\\\/#organization\"},\"image\":{\"@id\":\"https:\\\/\\\/redenoticiaz.com.br\\\/litoralsp\\\/2023\\\/09\\\/29\\\/a-pedido-do-ministerio-publico-guaruja-suspende-atividades-de-transportadores-de-residuos-de-construcao#primaryimage\"},\"thumbnailUrl\":\"https:\\\/\\\/redenoticiaz.com.br\\\/litoralsp\\\/wp-content\\\/uploads\\\/sites\\\/3\\\/2023\\\/09\\\/49785465247_49428dd51f_h-1024x768-1.jpg\",\"keywords\":[\"Lei Municipal\",\"transportadores\"],\"articleSection\":[\"Guaruj\u00e1\"],\"inLanguage\":\"pt-BR\",\"potentialAction\":[{\"@type\":\"CommentAction\",\"name\":\"Comment\",\"target\":[\"https:\\\/\\\/redenoticiaz.com.br\\\/litoralsp\\\/2023\\\/09\\\/29\\\/a-pedido-do-ministerio-publico-guaruja-suspende-atividades-de-transportadores-de-residuos-de-construcao#respond\"]}]},{\"@type\":\"WebPage\",\"@id\":\"https:\\\/\\\/redenoticiaz.com.br\\\/litoralsp\\\/2023\\\/09\\\/29\\\/a-pedido-do-ministerio-publico-guaruja-suspende-atividades-de-transportadores-de-residuos-de-construcao\",\"url\":\"https:\\\/\\\/redenoticiaz.com.br\\\/litoralsp\\\/2023\\\/09\\\/29\\\/a-pedido-do-ministerio-publico-guaruja-suspende-atividades-de-transportadores-de-residuos-de-construcao\",\"name\":\"A pedido do Minist\u00e9rio P\u00fablico, Guaruj\u00e1 suspende atividades de transportadores de res\u00edduos de constru\u00e7\u00e3o - Litoral SP\",\"isPartOf\":{\"@id\":\"https:\\\/\\\/redenoticiaz.com.br\\\/litoralsp\\\/#website\"},\"primaryImageOfPage\":{\"@id\":\"https:\\\/\\\/redenoticiaz.com.br\\\/litoralsp\\\/2023\\\/09\\\/29\\\/a-pedido-do-ministerio-publico-guaruja-suspende-atividades-de-transportadores-de-residuos-de-construcao#primaryimage\"},\"image\":{\"@id\":\"https:\\\/\\\/redenoticiaz.com.br\\\/litoralsp\\\/2023\\\/09\\\/29\\\/a-pedido-do-ministerio-publico-guaruja-suspende-atividades-de-transportadores-de-residuos-de-construcao#primaryimage\"},\"thumbnailUrl\":\"https:\\\/\\\/redenoticiaz.com.br\\\/litoralsp\\\/wp-content\\\/uploads\\\/sites\\\/3\\\/2023\\\/09\\\/49785465247_49428dd51f_h-1024x768-1.jpg\",\"datePublished\":\"2023-09-29T18:45:13+00:00\",\"description\":\"Atendendo recomenda\u00e7\u00e3o do Minist\u00e9rio P\u00fablico do Estado de S\u00e3o Paulo (MP\\\/SP), a Prefeitura de Guaruj\u00e1 suspende, a partir desta sexta-feira (29).\",\"inLanguage\":\"pt-BR\",\"potentialAction\":[{\"@type\":\"ReadAction\",\"target\":[\"https:\\\/\\\/redenoticiaz.com.br\\\/litoralsp\\\/2023\\\/09\\\/29\\\/a-pedido-do-ministerio-publico-guaruja-suspende-atividades-de-transportadores-de-residuos-de-construcao\"]}]},{\"@type\":\"ImageObject\",\"inLanguage\":\"pt-BR\",\"@id\":\"https:\\\/\\\/redenoticiaz.com.br\\\/litoralsp\\\/2023\\\/09\\\/29\\\/a-pedido-do-ministerio-publico-guaruja-suspende-atividades-de-transportadores-de-residuos-de-construcao#primaryimage\",\"url\":\"https:\\\/\\\/redenoticiaz.com.br\\\/litoralsp\\\/wp-content\\\/uploads\\\/sites\\\/3\\\/2023\\\/09\\\/49785465247_49428dd51f_h-1024x768-1.jpg\",\"contentUrl\":\"https:\\\/\\\/redenoticiaz.com.br\\\/litoralsp\\\/wp-content\\\/uploads\\\/sites\\\/3\\\/2023\\\/09\\\/49785465247_49428dd51f_h-1024x768-1.jpg\",\"width\":1024,\"height\":768,\"caption\":\"A pedido do Minist\u00e9rio P\u00fablico, Guaruj\u00e1 suspende atividades de transportadores de res\u00edduos de constru\u00e7\u00e3o\"},{\"@type\":\"WebSite\",\"@id\":\"https:\\\/\\\/redenoticiaz.com.br\\\/litoralsp\\\/#website\",\"url\":\"https:\\\/\\\/redenoticiaz.com.br\\\/litoralsp\\\/\",\"name\":\"Litoral SP\",\"description\":\"Rede NoticiaZ\",\"publisher\":{\"@id\":\"https:\\\/\\\/redenoticiaz.com.br\\\/litoralsp\\\/#organization\"},\"potentialAction\":[{\"@type\":\"SearchAction\",\"target\":{\"@type\":\"EntryPoint\",\"urlTemplate\":\"https:\\\/\\\/redenoticiaz.com.br\\\/litoralsp\\\/?s={search_term_string}\"},\"query-input\":{\"@type\":\"PropertyValueSpecification\",\"valueRequired\":true,\"valueName\":\"search_term_string\"}}],\"inLanguage\":\"pt-BR\"},{\"@type\":\"Organization\",\"@id\":\"https:\\\/\\\/redenoticiaz.com.br\\\/litoralsp\\\/#organization\",\"name\":\"Litoral SP\",\"url\":\"https:\\\/\\\/redenoticiaz.com.br\\\/litoralsp\\\/\",\"logo\":{\"@type\":\"ImageObject\",\"inLanguage\":\"pt-BR\",\"@id\":\"https:\\\/\\\/redenoticiaz.com.br\\\/litoralsp\\\/#\\\/schema\\\/logo\\\/image\\\/\",\"url\":\"https:\\\/\\\/redenoticiaz.com.br\\\/litoralsp\\\/wp-content\\\/uploads\\\/sites\\\/3\\\/2020\\\/11\\\/logo.jpg\",\"contentUrl\":\"https:\\\/\\\/redenoticiaz.com.br\\\/litoralsp\\\/wp-content\\\/uploads\\\/sites\\\/3\\\/2020\\\/11\\\/logo.jpg\",\"width\":400,\"height\":250,\"caption\":\"Litoral SP\"},\"image\":{\"@id\":\"https:\\\/\\\/redenoticiaz.com.br\\\/litoralsp\\\/#\\\/schema\\\/logo\\\/image\\\/\"}},{\"@type\":\"Person\",\"@id\":\"https:\\\/\\\/redenoticiaz.com.br\\\/litoralsp\\\/#\\\/schema\\\/person\\\/16057b37a3c0ee6b096d7f887c566e2e\",\"name\":\"Gustavo Silva\",\"image\":{\"@type\":\"ImageObject\",\"inLanguage\":\"pt-BR\",\"@id\":\"https:\\\/\\\/secure.gravatar.com\\\/avatar\\\/3ee4e82f93b26de0a7cf4ea5eb7893da637ed6bb0c9170c58065944c56e28a33?s=96&d=mm&r=g\",\"url\":\"https:\\\/\\\/secure.gravatar.com\\\/avatar\\\/3ee4e82f93b26de0a7cf4ea5eb7893da637ed6bb0c9170c58065944c56e28a33?s=96&d=mm&r=g\",\"contentUrl\":\"https:\\\/\\\/secure.gravatar.com\\\/avatar\\\/3ee4e82f93b26de0a7cf4ea5eb7893da637ed6bb0c9170c58065944c56e28a33?s=96&d=mm&r=g\",\"caption\":\"Gustavo Silva\"},\"url\":\"https:\\\/\\\/redenoticiaz.com.br\\\/litoralsp\\\/author\\\/gustavosilva\"}]}<\/script>\n<!-- \/ Yoast SEO plugin. -->","yoast_head_json":{"title":"A pedido do Minist\u00e9rio P\u00fablico, Guaruj\u00e1 suspende atividades de transportadores de res\u00edduos de constru\u00e7\u00e3o - Litoral SP","description":"Atendendo recomenda\u00e7\u00e3o do Minist\u00e9rio P\u00fablico do Estado de S\u00e3o Paulo (MP\/SP), a Prefeitura de Guaruj\u00e1 suspende, a partir desta sexta-feira (29).","robots":{"index":"index","follow":"follow","max-snippet":"max-snippet:-1","max-image-preview":"max-image-preview:large","max-video-preview":"max-video-preview:-1"},"canonical":"https:\/\/redenoticiaz.com.br\/litoralsp\/2023\/09\/29\/a-pedido-do-ministerio-publico-guaruja-suspende-atividades-de-transportadores-de-residuos-de-construcao","og_locale":"pt_BR","og_type":"article","og_title":"A pedido do Minist\u00e9rio P\u00fablico, Guaruj\u00e1 suspende atividades de transportadores de res\u00edduos de constru\u00e7\u00e3o - Litoral SP","og_description":"Atendendo recomenda\u00e7\u00e3o do Minist\u00e9rio P\u00fablico do Estado de S\u00e3o Paulo (MP\/SP), a Prefeitura de Guaruj\u00e1 suspende, a partir desta sexta-feira (29).","og_url":"https:\/\/redenoticiaz.com.br\/litoralsp\/2023\/09\/29\/a-pedido-do-ministerio-publico-guaruja-suspende-atividades-de-transportadores-de-residuos-de-construcao","og_site_name":"Litoral SP","article_published_time":"2023-09-29T18:45:13+00:00","og_image":[{"width":1024,"height":768,"url":"https:\/\/redenoticiaz.com.br\/litoralsp\/wp-content\/uploads\/sites\/3\/2023\/09\/49785465247_49428dd51f_h-1024x768-1.jpg","type":"image\/jpeg"}],"author":"Gustavo Silva","twitter_card":"summary_large_image","twitter_misc":{"Escrito por":"Gustavo Silva","Est. tempo de leitura":"2 minutos"},"schema":{"@context":"https:\/\/schema.org","@graph":[{"@type":"Article","@id":"https:\/\/redenoticiaz.com.br\/litoralsp\/2023\/09\/29\/a-pedido-do-ministerio-publico-guaruja-suspende-atividades-de-transportadores-de-residuos-de-construcao#article","isPartOf":{"@id":"https:\/\/redenoticiaz.com.br\/litoralsp\/2023\/09\/29\/a-pedido-do-ministerio-publico-guaruja-suspende-atividades-de-transportadores-de-residuos-de-construcao"},"author":{"name":"Gustavo Silva","@id":"https:\/\/redenoticiaz.com.br\/litoralsp\/#\/schema\/person\/16057b37a3c0ee6b096d7f887c566e2e"},"headline":"A pedido do Minist\u00e9rio P\u00fablico, Guaruj\u00e1 suspende atividades de transportadores de res\u00edduos de constru\u00e7\u00e3o","datePublished":"2023-09-29T18:45:13+00:00","mainEntityOfPage":{"@id":"https:\/\/redenoticiaz.com.br\/litoralsp\/2023\/09\/29\/a-pedido-do-ministerio-publico-guaruja-suspende-atividades-de-transportadores-de-residuos-de-construcao"},"wordCount":340,"commentCount":0,"publisher":{"@id":"https:\/\/redenoticiaz.com.br\/litoralsp\/#organization"},"image":{"@id":"https:\/\/redenoticiaz.com.br\/litoralsp\/2023\/09\/29\/a-pedido-do-ministerio-publico-guaruja-suspende-atividades-de-transportadores-de-residuos-de-construcao#primaryimage"},"thumbnailUrl":"https:\/\/redenoticiaz.com.br\/litoralsp\/wp-content\/uploads\/sites\/3\/2023\/09\/49785465247_49428dd51f_h-1024x768-1.jpg","keywords":["Lei Municipal","transportadores"],"articleSection":["Guaruj\u00e1"],"inLanguage":"pt-BR","potentialAction":[{"@type":"CommentAction","name":"Comment","target":["https:\/\/redenoticiaz.com.br\/litoralsp\/2023\/09\/29\/a-pedido-do-ministerio-publico-guaruja-suspende-atividades-de-transportadores-de-residuos-de-construcao#respond"]}]},{"@type":"WebPage","@id":"https:\/\/redenoticiaz.com.br\/litoralsp\/2023\/09\/29\/a-pedido-do-ministerio-publico-guaruja-suspende-atividades-de-transportadores-de-residuos-de-construcao","url":"https:\/\/redenoticiaz.com.br\/litoralsp\/2023\/09\/29\/a-pedido-do-ministerio-publico-guaruja-suspende-atividades-de-transportadores-de-residuos-de-construcao","name":"A pedido do Minist\u00e9rio P\u00fablico, Guaruj\u00e1 suspende atividades de transportadores de res\u00edduos de constru\u00e7\u00e3o - Litoral SP","isPartOf":{"@id":"https:\/\/redenoticiaz.com.br\/litoralsp\/#website"},"primaryImageOfPage":{"@id":"https:\/\/redenoticiaz.com.br\/litoralsp\/2023\/09\/29\/a-pedido-do-ministerio-publico-guaruja-suspende-atividades-de-transportadores-de-residuos-de-construcao#primaryimage"},"image":{"@id":"https:\/\/redenoticiaz.com.br\/litoralsp\/2023\/09\/29\/a-pedido-do-ministerio-publico-guaruja-suspende-atividades-de-transportadores-de-residuos-de-construcao#primaryimage"},"thumbnailUrl":"https:\/\/redenoticiaz.com.br\/litoralsp\/wp-content\/uploads\/sites\/3\/2023\/09\/49785465247_49428dd51f_h-1024x768-1.jpg","datePublished":"2023-09-29T18:45:13+00:00","description":"Atendendo recomenda\u00e7\u00e3o do Minist\u00e9rio P\u00fablico do Estado de S\u00e3o Paulo (MP\/SP), a Prefeitura de Guaruj\u00e1 suspende, a partir desta sexta-feira (29).","inLanguage":"pt-BR","potentialAction":[{"@type":"ReadAction","target":["https:\/\/redenoticiaz.com.br\/litoralsp\/2023\/09\/29\/a-pedido-do-ministerio-publico-guaruja-suspende-atividades-de-transportadores-de-residuos-de-construcao"]}]},{"@type":"ImageObject","inLanguage":"pt-BR","@id":"https:\/\/redenoticiaz.com.br\/litoralsp\/2023\/09\/29\/a-pedido-do-ministerio-publico-guaruja-suspende-atividades-de-transportadores-de-residuos-de-construcao#primaryimage","url":"https:\/\/redenoticiaz.com.br\/litoralsp\/wp-content\/uploads\/sites\/3\/2023\/09\/49785465247_49428dd51f_h-1024x768-1.jpg","contentUrl":"https:\/\/redenoticiaz.com.br\/litoralsp\/wp-content\/uploads\/sites\/3\/2023\/09\/49785465247_49428dd51f_h-1024x768-1.jpg","width":1024,"height":768,"caption":"A pedido do Minist\u00e9rio P\u00fablico, Guaruj\u00e1 suspende atividades de transportadores de res\u00edduos de constru\u00e7\u00e3o"},{"@type":"WebSite","@id":"https:\/\/redenoticiaz.com.br\/litoralsp\/#website","url":"https:\/\/redenoticiaz.com.br\/litoralsp\/","name":"Litoral SP","description":"Rede NoticiaZ","publisher":{"@id":"https:\/\/redenoticiaz.com.br\/litoralsp\/#organization"},"potentialAction":[{"@type":"SearchAction","target":{"@type":"EntryPoint","urlTemplate":"https:\/\/redenoticiaz.com.br\/litoralsp\/?s={search_term_string}"},"query-input":{"@type":"PropertyValueSpecification","valueRequired":true,"valueName":"search_term_string"}}],"inLanguage":"pt-BR"},{"@type":"Organization","@id":"https:\/\/redenoticiaz.com.br\/litoralsp\/#organization","name":"Litoral SP","url":"https:\/\/redenoticiaz.com.br\/litoralsp\/","logo":{"@type":"ImageObject","inLanguage":"pt-BR","@id":"https:\/\/redenoticiaz.com.br\/litoralsp\/#\/schema\/logo\/image\/","url":"https:\/\/redenoticiaz.com.br\/litoralsp\/wp-content\/uploads\/sites\/3\/2020\/11\/logo.jpg","contentUrl":"https:\/\/redenoticiaz.com.br\/litoralsp\/wp-content\/uploads\/sites\/3\/2020\/11\/logo.jpg","width":400,"height":250,"caption":"Litoral SP"},"image":{"@id":"https:\/\/redenoticiaz.com.br\/litoralsp\/#\/schema\/logo\/image\/"}},{"@type":"Person","@id":"https:\/\/redenoticiaz.com.br\/litoralsp\/#\/schema\/person\/16057b37a3c0ee6b096d7f887c566e2e","name":"Gustavo Silva","image":{"@type":"ImageObject","inLanguage":"pt-BR","@id":"https:\/\/secure.gravatar.com\/avatar\/3ee4e82f93b26de0a7cf4ea5eb7893da637ed6bb0c9170c58065944c56e28a33?s=96&d=mm&r=g","url":"https:\/\/secure.gravatar.com\/avatar\/3ee4e82f93b26de0a7cf4ea5eb7893da637ed6bb0c9170c58065944c56e28a33?s=96&d=mm&r=g","contentUrl":"https:\/\/secure.gravatar.com\/avatar\/3ee4e82f93b26de0a7cf4ea5eb7893da637ed6bb0c9170c58065944c56e28a33?s=96&d=mm&r=g","caption":"Gustavo Silva"},"url":"https:\/\/redenoticiaz.com.br\/litoralsp\/author\/gustavosilva"}]}},"_links":{"self":[{"href":"https:\/\/redenoticiaz.com.br\/litoralsp\/wp-json\/wp\/v2\/posts\/111051","targetHints":{"allow":["GET"]}}],"collection":[{"href":"https:\/\/redenoticiaz.com.br\/litoralsp\/wp-json\/wp\/v2\/posts"}],"about":[{"href":"https:\/\/redenoticiaz.com.br\/litoralsp\/wp-json\/wp\/v2\/types\/post"}],"author":[{"embeddable":true,"href":"https:\/\/redenoticiaz.com.br\/litoralsp\/wp-json\/wp\/v2\/users\/12"}],"replies":[{"embeddable":true,"href":"https:\/\/redenoticiaz.com.br\/litoralsp\/wp-json\/wp\/v2\/comments?post=111051"}],"version-history":[{"count":1,"href":"https:\/\/redenoticiaz.com.br\/litoralsp\/wp-json\/wp\/v2\/posts\/111051\/revisions"}],"predecessor-version":[{"id":111053,"href":"https:\/\/redenoticiaz.com.br\/litoralsp\/wp-json\/wp\/v2\/posts\/111051\/revisions\/111053"}],"wp:featuredmedia":[{"embeddable":true,"href":"https:\/\/redenoticiaz.com.br\/litoralsp\/wp-json\/wp\/v2\/media\/111052"}],"wp:attachment":[{"href":"https:\/\/redenoticiaz.com.br\/litoralsp\/wp-json\/wp\/v2\/media?parent=111051"}],"wp:term":[{"taxonomy":"category","embeddable":true,"href":"https:\/\/redenoticiaz.com.br\/litoralsp\/wp-json\/wp\/v2\/categories?post=111051"},{"taxonomy":"post_tag","embeddable":true,"href":"https:\/\/redenoticiaz.com.br\/litoralsp\/wp-json\/wp\/v2\/tags?post=111051"}],"curies":[{"name":"wp","href":"https:\/\/api.w.org\/{rel}","templated":true}]}}