{"id":111058,"date":"2023-10-01T14:00:15","date_gmt":"2023-10-01T17:00:15","guid":{"rendered":"https:\/\/redenoticiaz.com.br\/litoralsp\/?p=111058"},"modified":"2023-09-29T18:01:42","modified_gmt":"2023-09-29T21:01:42","slug":"david-contra-os-bancos-entra-em-cartaz-nos-cinemas","status":"publish","type":"post","link":"https:\/\/redenoticiaz.com.br\/litoralsp\/2023\/10\/01\/david-contra-os-bancos-entra-em-cartaz-nos-cinemas","title":{"rendered":"\u2018David Contra os Bancos\u2019 entra em cartaz nos cinemas"},"content":{"rendered":"<p>&#8220;David Contra os Bancos&#8221; com\u00e9dia estreia nos cinemas brasileiros. O longa \u00e9 baseado em fatos da carreira de Dave Fishwick, que deixou a venda de vans para criar um banco comunit\u00e1rio em Burnley, cidade na Inglaterra. Confira o trailer.<\/p>\n<p>Dave Fishwick (Kinnear) \u00e9 um brit\u00e2nico que ganha a vida com seu neg\u00f3cio em Burnley, cidade industrial que j\u00e1 foi refer\u00eancia em produtividade e lucro, mas que agora se encontra em decad\u00eancia. No trabalho, Dave se torna uma exce\u00e7\u00e3o em meio \u00e0s fal\u00eancias: seu empreendimento vai t\u00e3o bem que ele come\u00e7a a emprestar dinheiro tanto para seus clientes quanto a outras empresas locais depois da crise financeira de 2007\/2008, quando os bancos tradicionais interromperam os empr\u00e9stimos. Com o sucesso dessa jogada de mercado, o empres\u00e1rio decide ir al\u00e9m e abrir um banco com seu pr\u00f3prio nome. Por\u00e9m, a movimenta\u00e7\u00e3o chama a aten\u00e7\u00e3o dos banqueiros, que n\u00e3o gostam nada da ideia.<\/p>\n<p><iframe loading=\"lazy\" title=\"David contra os Bancos - Trailer Oficial Legendado - HD - Filme de Com\u00e9dia | Filmelier\" width=\"500\" height=\"281\" src=\"https:\/\/www.youtube.com\/embed\/uKmuXyGnyvg?feature=oembed\" frameborder=\"0\" allow=\"accelerometer; autoplay; clipboard-write; encrypted-media; gyroscope; picture-in-picture; web-share\" referrerpolicy=\"strict-origin-when-cross-origin\" allowfullscreen><\/iframe><\/p>\n<p>Quando Rory Kinnear, ator de prest\u00edgio na TV e no cinema, foi convidado para fazer o protagonista, ele n\u00e3o conhecia nada da hist\u00f3ria de Fishwick. Mas assim que assistiu ao document\u00e1rio, sabia que estava com um grande personagem em m\u00e3os. &#8220;H\u00e1 algo de especial nessa sensa\u00e7\u00e3o de obstina\u00e7\u00e3o, de determina\u00e7\u00e3o. A primeira coisa que pensei foi &#8216;o que tinha em sua mente para lutar com tanta energia por algo que, de alguma forma, ele sabia que levaria a um bem maior?'&#8221;, comenta o ator.<\/p>\n<p>Dessa forma, Kinnear mergulhou rapidamente na trajet\u00f3ria de Fishwick e foi abra\u00e7ado pelos seus parceiros de cena: Joel Fry (&#8220;Game of Thrones&#8221;), que interpreta Hugh, advogado contratado pelo empres\u00e1rio para ajudar nas negocia\u00e7\u00f5es; e Phoebe Dynevor (&#8220;Bridgerton&#8221;), que vive a vereadora local e m\u00e9dica Alexandra, pe\u00e7a fundamental para o desenvolvimento da ideia do banco comunit\u00e1rio.<\/p>\n<p>LEIA MAIS<\/p>\n<p><a href=\"https:\/\/redenoticiaz.com.br\/blog\/2023\/09\/16\/com-leonardo-dicaprio-e-robert-de-niro-novo-trailer-de-assassinos-da-lua-das-flores-e-divulgado\">Com Leonardo DiCaprio e Robert De Niro, novo trailer de \u2018Assassinos da Lua das Flores\u2019 \u00e9 divulgado<\/a><\/p>\n<p><a href=\"https:\/\/redenoticiaz.com.br\/blog\/2023\/09\/10\/gen-v-divulgado-trailer-do-spinoff-de-the-boys\">Gen V \u2013 Divulgado trailer do spinoff de The Boys<\/a><br \/>\n&nbsp;<\/p>\n","protected":false},"excerpt":{"rendered":"<p>&#8220;David Contra os Bancos&#8221; com\u00e9dia estreia nos cinemas brasileiros. O longa \u00e9 baseado em fatos da carreira de Dave Fishwick, que deixou a venda de vans para criar um banco comunit\u00e1rio em Burnley, cidade na Inglaterra. Confira o trailer. Dave Fishwick (Kinnear) \u00e9 um brit\u00e2nico que ganha a vida com seu neg\u00f3cio em Burnley, cidade &hellip;<\/p>\n","protected":false},"author":30,"featured_media":111059,"comment_status":"open","ping_status":"closed","sticky":false,"template":"","format":"standard","meta":{"footnotes":""},"categories":[62064],"tags":[67291,44750,67292,55547],"class_list":["post-111058","post","type-post","status-publish","format-standard","has-post-thumbnail","hentry","category-cameraz","tag-bancario","tag-cinema","tag-david-contra-os-bancos","tag-filme"],"yoast_head":"<!-- This site is optimized with the Yoast SEO plugin v27.5 - https:\/\/yoast.com\/product\/yoast-seo-wordpress\/ -->\n<title>\u2018David Contra os Bancos\u2019 entra em cartaz nos cinemas - Litoral SP<\/title>\n<meta name=\"description\" content=\"O longa \u00e9 baseado em fatos da carreira de Dave Fishwick, que deixou a venda de vans para criar um banco comunit\u00e1rio em Burnley,\" \/>\n<meta name=\"robots\" content=\"index, follow, max-snippet:-1, max-image-preview:large, max-video-preview:-1\" \/>\n<link rel=\"canonical\" href=\"https:\/\/redenoticiaz.com.br\/litoralsp\/2023\/10\/01\/david-contra-os-bancos-entra-em-cartaz-nos-cinemas\" \/>\n<meta property=\"og:locale\" content=\"pt_BR\" \/>\n<meta property=\"og:type\" content=\"article\" \/>\n<meta property=\"og:title\" content=\"\u2018David Contra os Bancos\u2019 entra em cartaz nos cinemas - Litoral SP\" \/>\n<meta property=\"og:description\" content=\"O longa \u00e9 baseado em fatos da carreira de Dave Fishwick, que deixou a venda de vans para criar um banco comunit\u00e1rio em Burnley,\" \/>\n<meta property=\"og:url\" content=\"https:\/\/redenoticiaz.com.br\/litoralsp\/2023\/10\/01\/david-contra-os-bancos-entra-em-cartaz-nos-cinemas\" \/>\n<meta property=\"og:site_name\" content=\"Litoral SP\" \/>\n<meta property=\"article:published_time\" content=\"2023-10-01T17:00:15+00:00\" \/>\n<meta property=\"og:image\" content=\"https:\/\/redenoticiaz.com.br\/litoralsp\/wp-content\/uploads\/sites\/3\/2023\/09\/david-ontra-scaled.jpg?v=1696021239\" \/>\n\t<meta property=\"og:image:width\" content=\"1635\" \/>\n\t<meta property=\"og:image:height\" content=\"1080\" \/>\n\t<meta property=\"og:image:type\" content=\"image\/jpeg\" \/>\n<meta name=\"author\" content=\"Carina Reifonas\" \/>\n<meta name=\"twitter:card\" content=\"summary_large_image\" \/>\n<meta name=\"twitter:label1\" content=\"Escrito por\" \/>\n\t<meta name=\"twitter:data1\" content=\"Carina Reifonas\" \/>\n\t<meta name=\"twitter:label2\" content=\"Est. tempo de leitura\" \/>\n\t<meta name=\"twitter:data2\" content=\"2 minutos\" \/>\n<script type=\"application\/ld+json\" class=\"yoast-schema-graph\">{\"@context\":\"https:\\\/\\\/schema.org\",\"@graph\":[{\"@type\":\"Article\",\"@id\":\"https:\\\/\\\/redenoticiaz.com.br\\\/litoralsp\\\/2023\\\/10\\\/01\\\/david-contra-os-bancos-entra-em-cartaz-nos-cinemas#article\",\"isPartOf\":{\"@id\":\"https:\\\/\\\/redenoticiaz.com.br\\\/litoralsp\\\/2023\\\/10\\\/01\\\/david-contra-os-bancos-entra-em-cartaz-nos-cinemas\"},\"author\":{\"name\":\"Carina Reifonas\",\"@id\":\"https:\\\/\\\/redenoticiaz.com.br\\\/litoralsp\\\/#\\\/schema\\\/person\\\/1f84d6e94e6a62d2d81199d7503e9e90\"},\"headline\":\"\u2018David Contra os Bancos\u2019 entra em cartaz nos cinemas\",\"datePublished\":\"2023-10-01T17:00:15+00:00\",\"mainEntityOfPage\":{\"@id\":\"https:\\\/\\\/redenoticiaz.com.br\\\/litoralsp\\\/2023\\\/10\\\/01\\\/david-contra-os-bancos-entra-em-cartaz-nos-cinemas\"},\"wordCount\":364,\"commentCount\":0,\"publisher\":{\"@id\":\"https:\\\/\\\/redenoticiaz.com.br\\\/litoralsp\\\/#organization\"},\"image\":{\"@id\":\"https:\\\/\\\/redenoticiaz.com.br\\\/litoralsp\\\/2023\\\/10\\\/01\\\/david-contra-os-bancos-entra-em-cartaz-nos-cinemas#primaryimage\"},\"thumbnailUrl\":\"https:\\\/\\\/redenoticiaz.com.br\\\/litoralsp\\\/wp-content\\\/uploads\\\/sites\\\/3\\\/2023\\\/09\\\/david-ontra-scaled.jpg?v=1696021239\",\"keywords\":[\"banc\u00e1rio\",\"CINEMA\",\"David Contra os Bancos\",\"FILME\"],\"articleSection\":[\"C\u00e2mera Z\"],\"inLanguage\":\"pt-BR\",\"potentialAction\":[{\"@type\":\"CommentAction\",\"name\":\"Comment\",\"target\":[\"https:\\\/\\\/redenoticiaz.com.br\\\/litoralsp\\\/2023\\\/10\\\/01\\\/david-contra-os-bancos-entra-em-cartaz-nos-cinemas#respond\"]}]},{\"@type\":\"WebPage\",\"@id\":\"https:\\\/\\\/redenoticiaz.com.br\\\/litoralsp\\\/2023\\\/10\\\/01\\\/david-contra-os-bancos-entra-em-cartaz-nos-cinemas\",\"url\":\"https:\\\/\\\/redenoticiaz.com.br\\\/litoralsp\\\/2023\\\/10\\\/01\\\/david-contra-os-bancos-entra-em-cartaz-nos-cinemas\",\"name\":\"\u2018David Contra os Bancos\u2019 entra em cartaz nos cinemas - Litoral SP\",\"isPartOf\":{\"@id\":\"https:\\\/\\\/redenoticiaz.com.br\\\/litoralsp\\\/#website\"},\"primaryImageOfPage\":{\"@id\":\"https:\\\/\\\/redenoticiaz.com.br\\\/litoralsp\\\/2023\\\/10\\\/01\\\/david-contra-os-bancos-entra-em-cartaz-nos-cinemas#primaryimage\"},\"image\":{\"@id\":\"https:\\\/\\\/redenoticiaz.com.br\\\/litoralsp\\\/2023\\\/10\\\/01\\\/david-contra-os-bancos-entra-em-cartaz-nos-cinemas#primaryimage\"},\"thumbnailUrl\":\"https:\\\/\\\/redenoticiaz.com.br\\\/litoralsp\\\/wp-content\\\/uploads\\\/sites\\\/3\\\/2023\\\/09\\\/david-ontra-scaled.jpg?v=1696021239\",\"datePublished\":\"2023-10-01T17:00:15+00:00\",\"description\":\"O longa \u00e9 baseado em fatos da carreira de Dave Fishwick, que deixou a venda de vans para criar um banco comunit\u00e1rio em Burnley,\",\"inLanguage\":\"pt-BR\",\"potentialAction\":[{\"@type\":\"ReadAction\",\"target\":[\"https:\\\/\\\/redenoticiaz.com.br\\\/litoralsp\\\/2023\\\/10\\\/01\\\/david-contra-os-bancos-entra-em-cartaz-nos-cinemas\"]}]},{\"@type\":\"ImageObject\",\"inLanguage\":\"pt-BR\",\"@id\":\"https:\\\/\\\/redenoticiaz.com.br\\\/litoralsp\\\/2023\\\/10\\\/01\\\/david-contra-os-bancos-entra-em-cartaz-nos-cinemas#primaryimage\",\"url\":\"https:\\\/\\\/redenoticiaz.com.br\\\/litoralsp\\\/wp-content\\\/uploads\\\/sites\\\/3\\\/2023\\\/09\\\/david-ontra-scaled.jpg?v=1696021239\",\"contentUrl\":\"https:\\\/\\\/redenoticiaz.com.br\\\/litoralsp\\\/wp-content\\\/uploads\\\/sites\\\/3\\\/2023\\\/09\\\/david-ontra-scaled.jpg?v=1696021239\",\"width\":1635,\"height\":1080,\"caption\":\"David Contra os Bancos. Cr\u00e9dito: Divulga\u00e7\u00e3o\"},{\"@type\":\"WebSite\",\"@id\":\"https:\\\/\\\/redenoticiaz.com.br\\\/litoralsp\\\/#website\",\"url\":\"https:\\\/\\\/redenoticiaz.com.br\\\/litoralsp\\\/\",\"name\":\"Litoral SP\",\"description\":\"Rede NoticiaZ\",\"publisher\":{\"@id\":\"https:\\\/\\\/redenoticiaz.com.br\\\/litoralsp\\\/#organization\"},\"potentialAction\":[{\"@type\":\"SearchAction\",\"target\":{\"@type\":\"EntryPoint\",\"urlTemplate\":\"https:\\\/\\\/redenoticiaz.com.br\\\/litoralsp\\\/?s={search_term_string}\"},\"query-input\":{\"@type\":\"PropertyValueSpecification\",\"valueRequired\":true,\"valueName\":\"search_term_string\"}}],\"inLanguage\":\"pt-BR\"},{\"@type\":\"Organization\",\"@id\":\"https:\\\/\\\/redenoticiaz.com.br\\\/litoralsp\\\/#organization\",\"name\":\"Litoral SP\",\"url\":\"https:\\\/\\\/redenoticiaz.com.br\\\/litoralsp\\\/\",\"logo\":{\"@type\":\"ImageObject\",\"inLanguage\":\"pt-BR\",\"@id\":\"https:\\\/\\\/redenoticiaz.com.br\\\/litoralsp\\\/#\\\/schema\\\/logo\\\/image\\\/\",\"url\":\"https:\\\/\\\/redenoticiaz.com.br\\\/litoralsp\\\/wp-content\\\/uploads\\\/sites\\\/3\\\/2020\\\/11\\\/logo.jpg\",\"contentUrl\":\"https:\\\/\\\/redenoticiaz.com.br\\\/litoralsp\\\/wp-content\\\/uploads\\\/sites\\\/3\\\/2020\\\/11\\\/logo.jpg\",\"width\":400,\"height\":250,\"caption\":\"Litoral SP\"},\"image\":{\"@id\":\"https:\\\/\\\/redenoticiaz.com.br\\\/litoralsp\\\/#\\\/schema\\\/logo\\\/image\\\/\"}},{\"@type\":\"Person\",\"@id\":\"https:\\\/\\\/redenoticiaz.com.br\\\/litoralsp\\\/#\\\/schema\\\/person\\\/1f84d6e94e6a62d2d81199d7503e9e90\",\"name\":\"Carina Reifonas\",\"image\":{\"@type\":\"ImageObject\",\"inLanguage\":\"pt-BR\",\"@id\":\"https:\\\/\\\/secure.gravatar.com\\\/avatar\\\/04c59859b23696cf867715880f81d5c037e60109730bdb4e6670ec2a2245bc97?s=96&d=mm&r=g\",\"url\":\"https:\\\/\\\/secure.gravatar.com\\\/avatar\\\/04c59859b23696cf867715880f81d5c037e60109730bdb4e6670ec2a2245bc97?s=96&d=mm&r=g\",\"contentUrl\":\"https:\\\/\\\/secure.gravatar.com\\\/avatar\\\/04c59859b23696cf867715880f81d5c037e60109730bdb4e6670ec2a2245bc97?s=96&d=mm&r=g\",\"caption\":\"Carina Reifonas\"},\"url\":\"https:\\\/\\\/redenoticiaz.com.br\\\/litoralsp\\\/author\\\/carinareifonas\"}]}<\/script>\n<!-- \/ Yoast SEO plugin. -->","yoast_head_json":{"title":"\u2018David Contra os Bancos\u2019 entra em cartaz nos cinemas - Litoral SP","description":"O longa \u00e9 baseado em fatos da carreira de Dave Fishwick, que deixou a venda de vans para criar um banco comunit\u00e1rio em Burnley,","robots":{"index":"index","follow":"follow","max-snippet":"max-snippet:-1","max-image-preview":"max-image-preview:large","max-video-preview":"max-video-preview:-1"},"canonical":"https:\/\/redenoticiaz.com.br\/litoralsp\/2023\/10\/01\/david-contra-os-bancos-entra-em-cartaz-nos-cinemas","og_locale":"pt_BR","og_type":"article","og_title":"\u2018David Contra os Bancos\u2019 entra em cartaz nos cinemas - Litoral SP","og_description":"O longa \u00e9 baseado em fatos da carreira de Dave Fishwick, que deixou a venda de vans para criar um banco comunit\u00e1rio em Burnley,","og_url":"https:\/\/redenoticiaz.com.br\/litoralsp\/2023\/10\/01\/david-contra-os-bancos-entra-em-cartaz-nos-cinemas","og_site_name":"Litoral SP","article_published_time":"2023-10-01T17:00:15+00:00","og_image":[{"width":1635,"height":1080,"url":"https:\/\/redenoticiaz.com.br\/litoralsp\/wp-content\/uploads\/sites\/3\/2023\/09\/david-ontra-scaled.jpg?v=1696021239","type":"image\/jpeg"}],"author":"Carina Reifonas","twitter_card":"summary_large_image","twitter_misc":{"Escrito por":"Carina Reifonas","Est. tempo de leitura":"2 minutos"},"schema":{"@context":"https:\/\/schema.org","@graph":[{"@type":"Article","@id":"https:\/\/redenoticiaz.com.br\/litoralsp\/2023\/10\/01\/david-contra-os-bancos-entra-em-cartaz-nos-cinemas#article","isPartOf":{"@id":"https:\/\/redenoticiaz.com.br\/litoralsp\/2023\/10\/01\/david-contra-os-bancos-entra-em-cartaz-nos-cinemas"},"author":{"name":"Carina Reifonas","@id":"https:\/\/redenoticiaz.com.br\/litoralsp\/#\/schema\/person\/1f84d6e94e6a62d2d81199d7503e9e90"},"headline":"\u2018David Contra os Bancos\u2019 entra em cartaz nos cinemas","datePublished":"2023-10-01T17:00:15+00:00","mainEntityOfPage":{"@id":"https:\/\/redenoticiaz.com.br\/litoralsp\/2023\/10\/01\/david-contra-os-bancos-entra-em-cartaz-nos-cinemas"},"wordCount":364,"commentCount":0,"publisher":{"@id":"https:\/\/redenoticiaz.com.br\/litoralsp\/#organization"},"image":{"@id":"https:\/\/redenoticiaz.com.br\/litoralsp\/2023\/10\/01\/david-contra-os-bancos-entra-em-cartaz-nos-cinemas#primaryimage"},"thumbnailUrl":"https:\/\/redenoticiaz.com.br\/litoralsp\/wp-content\/uploads\/sites\/3\/2023\/09\/david-ontra-scaled.jpg?v=1696021239","keywords":["banc\u00e1rio","CINEMA","David Contra os Bancos","FILME"],"articleSection":["C\u00e2mera Z"],"inLanguage":"pt-BR","potentialAction":[{"@type":"CommentAction","name":"Comment","target":["https:\/\/redenoticiaz.com.br\/litoralsp\/2023\/10\/01\/david-contra-os-bancos-entra-em-cartaz-nos-cinemas#respond"]}]},{"@type":"WebPage","@id":"https:\/\/redenoticiaz.com.br\/litoralsp\/2023\/10\/01\/david-contra-os-bancos-entra-em-cartaz-nos-cinemas","url":"https:\/\/redenoticiaz.com.br\/litoralsp\/2023\/10\/01\/david-contra-os-bancos-entra-em-cartaz-nos-cinemas","name":"\u2018David Contra os Bancos\u2019 entra em cartaz nos cinemas - Litoral SP","isPartOf":{"@id":"https:\/\/redenoticiaz.com.br\/litoralsp\/#website"},"primaryImageOfPage":{"@id":"https:\/\/redenoticiaz.com.br\/litoralsp\/2023\/10\/01\/david-contra-os-bancos-entra-em-cartaz-nos-cinemas#primaryimage"},"image":{"@id":"https:\/\/redenoticiaz.com.br\/litoralsp\/2023\/10\/01\/david-contra-os-bancos-entra-em-cartaz-nos-cinemas#primaryimage"},"thumbnailUrl":"https:\/\/redenoticiaz.com.br\/litoralsp\/wp-content\/uploads\/sites\/3\/2023\/09\/david-ontra-scaled.jpg?v=1696021239","datePublished":"2023-10-01T17:00:15+00:00","description":"O longa \u00e9 baseado em fatos da carreira de Dave Fishwick, que deixou a venda de vans para criar um banco comunit\u00e1rio em Burnley,","inLanguage":"pt-BR","potentialAction":[{"@type":"ReadAction","target":["https:\/\/redenoticiaz.com.br\/litoralsp\/2023\/10\/01\/david-contra-os-bancos-entra-em-cartaz-nos-cinemas"]}]},{"@type":"ImageObject","inLanguage":"pt-BR","@id":"https:\/\/redenoticiaz.com.br\/litoralsp\/2023\/10\/01\/david-contra-os-bancos-entra-em-cartaz-nos-cinemas#primaryimage","url":"https:\/\/redenoticiaz.com.br\/litoralsp\/wp-content\/uploads\/sites\/3\/2023\/09\/david-ontra-scaled.jpg?v=1696021239","contentUrl":"https:\/\/redenoticiaz.com.br\/litoralsp\/wp-content\/uploads\/sites\/3\/2023\/09\/david-ontra-scaled.jpg?v=1696021239","width":1635,"height":1080,"caption":"David Contra os Bancos. Cr\u00e9dito: Divulga\u00e7\u00e3o"},{"@type":"WebSite","@id":"https:\/\/redenoticiaz.com.br\/litoralsp\/#website","url":"https:\/\/redenoticiaz.com.br\/litoralsp\/","name":"Litoral SP","description":"Rede NoticiaZ","publisher":{"@id":"https:\/\/redenoticiaz.com.br\/litoralsp\/#organization"},"potentialAction":[{"@type":"SearchAction","target":{"@type":"EntryPoint","urlTemplate":"https:\/\/redenoticiaz.com.br\/litoralsp\/?s={search_term_string}"},"query-input":{"@type":"PropertyValueSpecification","valueRequired":true,"valueName":"search_term_string"}}],"inLanguage":"pt-BR"},{"@type":"Organization","@id":"https:\/\/redenoticiaz.com.br\/litoralsp\/#organization","name":"Litoral SP","url":"https:\/\/redenoticiaz.com.br\/litoralsp\/","logo":{"@type":"ImageObject","inLanguage":"pt-BR","@id":"https:\/\/redenoticiaz.com.br\/litoralsp\/#\/schema\/logo\/image\/","url":"https:\/\/redenoticiaz.com.br\/litoralsp\/wp-content\/uploads\/sites\/3\/2020\/11\/logo.jpg","contentUrl":"https:\/\/redenoticiaz.com.br\/litoralsp\/wp-content\/uploads\/sites\/3\/2020\/11\/logo.jpg","width":400,"height":250,"caption":"Litoral SP"},"image":{"@id":"https:\/\/redenoticiaz.com.br\/litoralsp\/#\/schema\/logo\/image\/"}},{"@type":"Person","@id":"https:\/\/redenoticiaz.com.br\/litoralsp\/#\/schema\/person\/1f84d6e94e6a62d2d81199d7503e9e90","name":"Carina Reifonas","image":{"@type":"ImageObject","inLanguage":"pt-BR","@id":"https:\/\/secure.gravatar.com\/avatar\/04c59859b23696cf867715880f81d5c037e60109730bdb4e6670ec2a2245bc97?s=96&d=mm&r=g","url":"https:\/\/secure.gravatar.com\/avatar\/04c59859b23696cf867715880f81d5c037e60109730bdb4e6670ec2a2245bc97?s=96&d=mm&r=g","contentUrl":"https:\/\/secure.gravatar.com\/avatar\/04c59859b23696cf867715880f81d5c037e60109730bdb4e6670ec2a2245bc97?s=96&d=mm&r=g","caption":"Carina Reifonas"},"url":"https:\/\/redenoticiaz.com.br\/litoralsp\/author\/carinareifonas"}]}},"_links":{"self":[{"href":"https:\/\/redenoticiaz.com.br\/litoralsp\/wp-json\/wp\/v2\/posts\/111058","targetHints":{"allow":["GET"]}}],"collection":[{"href":"https:\/\/redenoticiaz.com.br\/litoralsp\/wp-json\/wp\/v2\/posts"}],"about":[{"href":"https:\/\/redenoticiaz.com.br\/litoralsp\/wp-json\/wp\/v2\/types\/post"}],"author":[{"embeddable":true,"href":"https:\/\/redenoticiaz.com.br\/litoralsp\/wp-json\/wp\/v2\/users\/30"}],"replies":[{"embeddable":true,"href":"https:\/\/redenoticiaz.com.br\/litoralsp\/wp-json\/wp\/v2\/comments?post=111058"}],"version-history":[{"count":0,"href":"https:\/\/redenoticiaz.com.br\/litoralsp\/wp-json\/wp\/v2\/posts\/111058\/revisions"}],"wp:featuredmedia":[{"embeddable":true,"href":"https:\/\/redenoticiaz.com.br\/litoralsp\/wp-json\/wp\/v2\/media\/111059"}],"wp:attachment":[{"href":"https:\/\/redenoticiaz.com.br\/litoralsp\/wp-json\/wp\/v2\/media?parent=111058"}],"wp:term":[{"taxonomy":"category","embeddable":true,"href":"https:\/\/redenoticiaz.com.br\/litoralsp\/wp-json\/wp\/v2\/categories?post=111058"},{"taxonomy":"post_tag","embeddable":true,"href":"https:\/\/redenoticiaz.com.br\/litoralsp\/wp-json\/wp\/v2\/tags?post=111058"}],"curies":[{"name":"wp","href":"https:\/\/api.w.org\/{rel}","templated":true}]}}