{"id":111143,"date":"2023-10-04T14:56:20","date_gmt":"2023-10-04T17:56:20","guid":{"rendered":"https:\/\/redenoticiaz.com.br\/litoralsp\/?p=111143"},"modified":"2023-10-04T14:56:20","modified_gmt":"2023-10-04T17:56:20","slug":"casal-e-detido-pela-gcm-de-bertioga-ao-furtar-fios","status":"publish","type":"post","link":"https:\/\/redenoticiaz.com.br\/litoralsp\/2023\/10\/04\/casal-e-detido-pela-gcm-de-bertioga-ao-furtar-fios","title":{"rendered":"Casal \u00e9 detido pela GCM de Bertioga ao furtar fios"},"content":{"rendered":"<p>Na manh\u00e3 dessa quarta-feira (04), um casal foi pego furtando cabos de telefonia durante patrulhamento da Guarda Civil Municipal (GCM) de Bertioga no bairro Vista Linda.<\/p>\n<p>Ao avistarem a viatura, agentes relatam que o casal tentou se evadir do local de bicicleta. O caso ocorreu no entroncamento entre as Ruas Osvaldo Cruz e Br\u00e1s Cubas. Com a tentativa de fuga, j\u00e1 em acesso \u00e0 Rua Shimonosek, a guarni\u00e7\u00e3o realizou a abordagem e busca.<\/p>\n<p>Em consulta junto ao Centro de Opera\u00e7\u00f5es Policiais Militares (COPOM), o homem foi identificado como procurado da justi\u00e7a pelo artigo 155, para crimes de furto e roubo.<\/p>\n<p>Os meliantes foram encaminhados ao Pronto Socorro do Hospital Municipal de Bertioga e em seguida conduzidos \u00e0 Delegacia Seccional, onde o homem permaneceu em carceragem.<\/p>\n<p>A popula\u00e7\u00e3o pode acionar a GCM em casos de atividades suspeitas atrav\u00e9s do telefone 153, que funciona 24 horas.<\/p>\n<p><strong>Leia mais<\/strong><\/p>\n<p><a href=\"https:\/\/redenoticiaz.com.br\/litoralsp\/2023\/09\/08\/homem-e-flagrado-depredando-comercio-em-bertioga\">Homem \u00e9 flagrado depredando com\u00e9rcio em Bertioga<\/a><\/p>\n<p><a href=\"https:\/\/redenoticiaz.com.br\/litoralsp\/2023\/08\/27\/ave-e-jararaca-sao-resgatados-em-bertioga\">Ave e Jararaca s\u00e3o resgatados em Bertioga<\/a><\/p>\n","protected":false},"excerpt":{"rendered":"<p>Na manh\u00e3 dessa quarta-feira (04), um casal foi pego furtando cabos de telefonia durante patrulhamento da Guarda Civil Municipal (GCM) de Bertioga no bairro Vista Linda. Ao avistarem a viatura, agentes relatam que o casal tentou se evadir do local de bicicleta. O caso ocorreu no entroncamento entre as Ruas Osvaldo Cruz e Br\u00e1s Cubas. &hellip;<\/p>\n","protected":false},"author":12,"featured_media":111144,"comment_status":"open","ping_status":"closed","sticky":false,"template":"","format":"standard","meta":{"footnotes":""},"categories":[1107,10],"tags":[1038,67317],"class_list":["post-111143","post","type-post","status-publish","format-standard","has-post-thumbnail","hentry","category-bertioga","category-policia","tag-bertioga","tag-vista-linda"],"yoast_head":"<!-- This site is optimized with the Yoast SEO plugin v27.5 - https:\/\/yoast.com\/product\/yoast-seo-wordpress\/ -->\n<title>Casal \u00e9 detido pela GCM de Bertioga ao furtar fios - Litoral SP<\/title>\n<meta name=\"description\" content=\"Na manh\u00e3 dessa quarta-feira (04), um casal foi pego furtando cabos de telefonia durante patrulhamento da Guarda Civil Municipal (GCM) de Bertioga no bairro Vista Linda.\" \/>\n<meta name=\"robots\" content=\"index, follow, max-snippet:-1, max-image-preview:large, max-video-preview:-1\" \/>\n<link rel=\"canonical\" href=\"https:\/\/redenoticiaz.com.br\/litoralsp\/2023\/10\/04\/casal-e-detido-pela-gcm-de-bertioga-ao-furtar-fios\" \/>\n<meta property=\"og:locale\" content=\"pt_BR\" \/>\n<meta property=\"og:type\" content=\"article\" \/>\n<meta property=\"og:title\" content=\"Casal \u00e9 detido pela GCM de Bertioga ao furtar fios - Litoral SP\" \/>\n<meta property=\"og:description\" content=\"Na manh\u00e3 dessa quarta-feira (04), um casal foi pego furtando cabos de telefonia durante patrulhamento da Guarda Civil Municipal (GCM) de Bertioga no bairro Vista Linda.\" \/>\n<meta property=\"og:url\" content=\"https:\/\/redenoticiaz.com.br\/litoralsp\/2023\/10\/04\/casal-e-detido-pela-gcm-de-bertioga-ao-furtar-fios\" \/>\n<meta property=\"og:site_name\" content=\"Litoral SP\" \/>\n<meta property=\"article:published_time\" content=\"2023-10-04T17:56:20+00:00\" \/>\n<meta property=\"og:image\" content=\"https:\/\/redenoticiaz.com.br\/litoralsp\/wp-content\/uploads\/sites\/3\/2023\/10\/gcm-1.jpeg\" \/>\n\t<meta property=\"og:image:width\" content=\"800\" \/>\n\t<meta property=\"og:image:height\" content=\"450\" \/>\n\t<meta property=\"og:image:type\" content=\"image\/jpeg\" \/>\n<meta name=\"author\" content=\"Gustavo Silva\" \/>\n<meta name=\"twitter:card\" content=\"summary_large_image\" \/>\n<meta name=\"twitter:label1\" content=\"Escrito por\" \/>\n\t<meta name=\"twitter:data1\" content=\"Gustavo Silva\" \/>\n\t<meta name=\"twitter:label2\" content=\"Est. tempo de leitura\" \/>\n\t<meta name=\"twitter:data2\" content=\"1 minuto\" \/>\n<script type=\"application\/ld+json\" class=\"yoast-schema-graph\">{\"@context\":\"https:\\\/\\\/schema.org\",\"@graph\":[{\"@type\":\"Article\",\"@id\":\"https:\\\/\\\/redenoticiaz.com.br\\\/litoralsp\\\/2023\\\/10\\\/04\\\/casal-e-detido-pela-gcm-de-bertioga-ao-furtar-fios#article\",\"isPartOf\":{\"@id\":\"https:\\\/\\\/redenoticiaz.com.br\\\/litoralsp\\\/2023\\\/10\\\/04\\\/casal-e-detido-pela-gcm-de-bertioga-ao-furtar-fios\"},\"author\":{\"name\":\"Gustavo Silva\",\"@id\":\"https:\\\/\\\/redenoticiaz.com.br\\\/litoralsp\\\/#\\\/schema\\\/person\\\/16057b37a3c0ee6b096d7f887c566e2e\"},\"headline\":\"Casal \u00e9 detido pela GCM de Bertioga ao furtar fios\",\"datePublished\":\"2023-10-04T17:56:20+00:00\",\"mainEntityOfPage\":{\"@id\":\"https:\\\/\\\/redenoticiaz.com.br\\\/litoralsp\\\/2023\\\/10\\\/04\\\/casal-e-detido-pela-gcm-de-bertioga-ao-furtar-fios\"},\"wordCount\":170,\"commentCount\":0,\"publisher\":{\"@id\":\"https:\\\/\\\/redenoticiaz.com.br\\\/litoralsp\\\/#organization\"},\"image\":{\"@id\":\"https:\\\/\\\/redenoticiaz.com.br\\\/litoralsp\\\/2023\\\/10\\\/04\\\/casal-e-detido-pela-gcm-de-bertioga-ao-furtar-fios#primaryimage\"},\"thumbnailUrl\":\"https:\\\/\\\/redenoticiaz.com.br\\\/litoralsp\\\/wp-content\\\/uploads\\\/sites\\\/3\\\/2023\\\/10\\\/gcm-1.jpeg\",\"keywords\":[\"BERTIOGA\",\"Vista Linda\"],\"articleSection\":[\"Bertioga\",\"Pol\u00edcia\"],\"inLanguage\":\"pt-BR\",\"potentialAction\":[{\"@type\":\"CommentAction\",\"name\":\"Comment\",\"target\":[\"https:\\\/\\\/redenoticiaz.com.br\\\/litoralsp\\\/2023\\\/10\\\/04\\\/casal-e-detido-pela-gcm-de-bertioga-ao-furtar-fios#respond\"]}]},{\"@type\":\"WebPage\",\"@id\":\"https:\\\/\\\/redenoticiaz.com.br\\\/litoralsp\\\/2023\\\/10\\\/04\\\/casal-e-detido-pela-gcm-de-bertioga-ao-furtar-fios\",\"url\":\"https:\\\/\\\/redenoticiaz.com.br\\\/litoralsp\\\/2023\\\/10\\\/04\\\/casal-e-detido-pela-gcm-de-bertioga-ao-furtar-fios\",\"name\":\"Casal \u00e9 detido pela GCM de Bertioga ao furtar fios - Litoral SP\",\"isPartOf\":{\"@id\":\"https:\\\/\\\/redenoticiaz.com.br\\\/litoralsp\\\/#website\"},\"primaryImageOfPage\":{\"@id\":\"https:\\\/\\\/redenoticiaz.com.br\\\/litoralsp\\\/2023\\\/10\\\/04\\\/casal-e-detido-pela-gcm-de-bertioga-ao-furtar-fios#primaryimage\"},\"image\":{\"@id\":\"https:\\\/\\\/redenoticiaz.com.br\\\/litoralsp\\\/2023\\\/10\\\/04\\\/casal-e-detido-pela-gcm-de-bertioga-ao-furtar-fios#primaryimage\"},\"thumbnailUrl\":\"https:\\\/\\\/redenoticiaz.com.br\\\/litoralsp\\\/wp-content\\\/uploads\\\/sites\\\/3\\\/2023\\\/10\\\/gcm-1.jpeg\",\"datePublished\":\"2023-10-04T17:56:20+00:00\",\"description\":\"Na manh\u00e3 dessa quarta-feira (04), um casal foi pego furtando cabos de telefonia durante patrulhamento da Guarda Civil Municipal (GCM) de Bertioga no bairro Vista Linda.\",\"inLanguage\":\"pt-BR\",\"potentialAction\":[{\"@type\":\"ReadAction\",\"target\":[\"https:\\\/\\\/redenoticiaz.com.br\\\/litoralsp\\\/2023\\\/10\\\/04\\\/casal-e-detido-pela-gcm-de-bertioga-ao-furtar-fios\"]}]},{\"@type\":\"ImageObject\",\"inLanguage\":\"pt-BR\",\"@id\":\"https:\\\/\\\/redenoticiaz.com.br\\\/litoralsp\\\/2023\\\/10\\\/04\\\/casal-e-detido-pela-gcm-de-bertioga-ao-furtar-fios#primaryimage\",\"url\":\"https:\\\/\\\/redenoticiaz.com.br\\\/litoralsp\\\/wp-content\\\/uploads\\\/sites\\\/3\\\/2023\\\/10\\\/gcm-1.jpeg\",\"contentUrl\":\"https:\\\/\\\/redenoticiaz.com.br\\\/litoralsp\\\/wp-content\\\/uploads\\\/sites\\\/3\\\/2023\\\/10\\\/gcm-1.jpeg\",\"width\":800,\"height\":450,\"caption\":\"Casal \u00e9 detido pela GCM de Bertioga ao furtar fios\"},{\"@type\":\"WebSite\",\"@id\":\"https:\\\/\\\/redenoticiaz.com.br\\\/litoralsp\\\/#website\",\"url\":\"https:\\\/\\\/redenoticiaz.com.br\\\/litoralsp\\\/\",\"name\":\"Litoral SP\",\"description\":\"Rede NoticiaZ\",\"publisher\":{\"@id\":\"https:\\\/\\\/redenoticiaz.com.br\\\/litoralsp\\\/#organization\"},\"potentialAction\":[{\"@type\":\"SearchAction\",\"target\":{\"@type\":\"EntryPoint\",\"urlTemplate\":\"https:\\\/\\\/redenoticiaz.com.br\\\/litoralsp\\\/?s={search_term_string}\"},\"query-input\":{\"@type\":\"PropertyValueSpecification\",\"valueRequired\":true,\"valueName\":\"search_term_string\"}}],\"inLanguage\":\"pt-BR\"},{\"@type\":\"Organization\",\"@id\":\"https:\\\/\\\/redenoticiaz.com.br\\\/litoralsp\\\/#organization\",\"name\":\"Litoral SP\",\"url\":\"https:\\\/\\\/redenoticiaz.com.br\\\/litoralsp\\\/\",\"logo\":{\"@type\":\"ImageObject\",\"inLanguage\":\"pt-BR\",\"@id\":\"https:\\\/\\\/redenoticiaz.com.br\\\/litoralsp\\\/#\\\/schema\\\/logo\\\/image\\\/\",\"url\":\"https:\\\/\\\/redenoticiaz.com.br\\\/litoralsp\\\/wp-content\\\/uploads\\\/sites\\\/3\\\/2020\\\/11\\\/logo.jpg\",\"contentUrl\":\"https:\\\/\\\/redenoticiaz.com.br\\\/litoralsp\\\/wp-content\\\/uploads\\\/sites\\\/3\\\/2020\\\/11\\\/logo.jpg\",\"width\":400,\"height\":250,\"caption\":\"Litoral SP\"},\"image\":{\"@id\":\"https:\\\/\\\/redenoticiaz.com.br\\\/litoralsp\\\/#\\\/schema\\\/logo\\\/image\\\/\"}},{\"@type\":\"Person\",\"@id\":\"https:\\\/\\\/redenoticiaz.com.br\\\/litoralsp\\\/#\\\/schema\\\/person\\\/16057b37a3c0ee6b096d7f887c566e2e\",\"name\":\"Gustavo Silva\",\"image\":{\"@type\":\"ImageObject\",\"inLanguage\":\"pt-BR\",\"@id\":\"https:\\\/\\\/secure.gravatar.com\\\/avatar\\\/3ee4e82f93b26de0a7cf4ea5eb7893da637ed6bb0c9170c58065944c56e28a33?s=96&d=mm&r=g\",\"url\":\"https:\\\/\\\/secure.gravatar.com\\\/avatar\\\/3ee4e82f93b26de0a7cf4ea5eb7893da637ed6bb0c9170c58065944c56e28a33?s=96&d=mm&r=g\",\"contentUrl\":\"https:\\\/\\\/secure.gravatar.com\\\/avatar\\\/3ee4e82f93b26de0a7cf4ea5eb7893da637ed6bb0c9170c58065944c56e28a33?s=96&d=mm&r=g\",\"caption\":\"Gustavo Silva\"},\"url\":\"https:\\\/\\\/redenoticiaz.com.br\\\/litoralsp\\\/author\\\/gustavosilva\"}]}<\/script>\n<!-- \/ Yoast SEO plugin. -->","yoast_head_json":{"title":"Casal \u00e9 detido pela GCM de Bertioga ao furtar fios - Litoral SP","description":"Na manh\u00e3 dessa quarta-feira (04), um casal foi pego furtando cabos de telefonia durante patrulhamento da Guarda Civil Municipal (GCM) de Bertioga no bairro Vista Linda.","robots":{"index":"index","follow":"follow","max-snippet":"max-snippet:-1","max-image-preview":"max-image-preview:large","max-video-preview":"max-video-preview:-1"},"canonical":"https:\/\/redenoticiaz.com.br\/litoralsp\/2023\/10\/04\/casal-e-detido-pela-gcm-de-bertioga-ao-furtar-fios","og_locale":"pt_BR","og_type":"article","og_title":"Casal \u00e9 detido pela GCM de Bertioga ao furtar fios - Litoral SP","og_description":"Na manh\u00e3 dessa quarta-feira (04), um casal foi pego furtando cabos de telefonia durante patrulhamento da Guarda Civil Municipal (GCM) de Bertioga no bairro Vista Linda.","og_url":"https:\/\/redenoticiaz.com.br\/litoralsp\/2023\/10\/04\/casal-e-detido-pela-gcm-de-bertioga-ao-furtar-fios","og_site_name":"Litoral SP","article_published_time":"2023-10-04T17:56:20+00:00","og_image":[{"width":800,"height":450,"url":"https:\/\/redenoticiaz.com.br\/litoralsp\/wp-content\/uploads\/sites\/3\/2023\/10\/gcm-1.jpeg","type":"image\/jpeg"}],"author":"Gustavo Silva","twitter_card":"summary_large_image","twitter_misc":{"Escrito por":"Gustavo Silva","Est. tempo de leitura":"1 minuto"},"schema":{"@context":"https:\/\/schema.org","@graph":[{"@type":"Article","@id":"https:\/\/redenoticiaz.com.br\/litoralsp\/2023\/10\/04\/casal-e-detido-pela-gcm-de-bertioga-ao-furtar-fios#article","isPartOf":{"@id":"https:\/\/redenoticiaz.com.br\/litoralsp\/2023\/10\/04\/casal-e-detido-pela-gcm-de-bertioga-ao-furtar-fios"},"author":{"name":"Gustavo Silva","@id":"https:\/\/redenoticiaz.com.br\/litoralsp\/#\/schema\/person\/16057b37a3c0ee6b096d7f887c566e2e"},"headline":"Casal \u00e9 detido pela GCM de Bertioga ao furtar fios","datePublished":"2023-10-04T17:56:20+00:00","mainEntityOfPage":{"@id":"https:\/\/redenoticiaz.com.br\/litoralsp\/2023\/10\/04\/casal-e-detido-pela-gcm-de-bertioga-ao-furtar-fios"},"wordCount":170,"commentCount":0,"publisher":{"@id":"https:\/\/redenoticiaz.com.br\/litoralsp\/#organization"},"image":{"@id":"https:\/\/redenoticiaz.com.br\/litoralsp\/2023\/10\/04\/casal-e-detido-pela-gcm-de-bertioga-ao-furtar-fios#primaryimage"},"thumbnailUrl":"https:\/\/redenoticiaz.com.br\/litoralsp\/wp-content\/uploads\/sites\/3\/2023\/10\/gcm-1.jpeg","keywords":["BERTIOGA","Vista Linda"],"articleSection":["Bertioga","Pol\u00edcia"],"inLanguage":"pt-BR","potentialAction":[{"@type":"CommentAction","name":"Comment","target":["https:\/\/redenoticiaz.com.br\/litoralsp\/2023\/10\/04\/casal-e-detido-pela-gcm-de-bertioga-ao-furtar-fios#respond"]}]},{"@type":"WebPage","@id":"https:\/\/redenoticiaz.com.br\/litoralsp\/2023\/10\/04\/casal-e-detido-pela-gcm-de-bertioga-ao-furtar-fios","url":"https:\/\/redenoticiaz.com.br\/litoralsp\/2023\/10\/04\/casal-e-detido-pela-gcm-de-bertioga-ao-furtar-fios","name":"Casal \u00e9 detido pela GCM de Bertioga ao furtar fios - Litoral SP","isPartOf":{"@id":"https:\/\/redenoticiaz.com.br\/litoralsp\/#website"},"primaryImageOfPage":{"@id":"https:\/\/redenoticiaz.com.br\/litoralsp\/2023\/10\/04\/casal-e-detido-pela-gcm-de-bertioga-ao-furtar-fios#primaryimage"},"image":{"@id":"https:\/\/redenoticiaz.com.br\/litoralsp\/2023\/10\/04\/casal-e-detido-pela-gcm-de-bertioga-ao-furtar-fios#primaryimage"},"thumbnailUrl":"https:\/\/redenoticiaz.com.br\/litoralsp\/wp-content\/uploads\/sites\/3\/2023\/10\/gcm-1.jpeg","datePublished":"2023-10-04T17:56:20+00:00","description":"Na manh\u00e3 dessa quarta-feira (04), um casal foi pego furtando cabos de telefonia durante patrulhamento da Guarda Civil Municipal (GCM) de Bertioga no bairro Vista Linda.","inLanguage":"pt-BR","potentialAction":[{"@type":"ReadAction","target":["https:\/\/redenoticiaz.com.br\/litoralsp\/2023\/10\/04\/casal-e-detido-pela-gcm-de-bertioga-ao-furtar-fios"]}]},{"@type":"ImageObject","inLanguage":"pt-BR","@id":"https:\/\/redenoticiaz.com.br\/litoralsp\/2023\/10\/04\/casal-e-detido-pela-gcm-de-bertioga-ao-furtar-fios#primaryimage","url":"https:\/\/redenoticiaz.com.br\/litoralsp\/wp-content\/uploads\/sites\/3\/2023\/10\/gcm-1.jpeg","contentUrl":"https:\/\/redenoticiaz.com.br\/litoralsp\/wp-content\/uploads\/sites\/3\/2023\/10\/gcm-1.jpeg","width":800,"height":450,"caption":"Casal \u00e9 detido pela GCM de Bertioga ao furtar fios"},{"@type":"WebSite","@id":"https:\/\/redenoticiaz.com.br\/litoralsp\/#website","url":"https:\/\/redenoticiaz.com.br\/litoralsp\/","name":"Litoral SP","description":"Rede NoticiaZ","publisher":{"@id":"https:\/\/redenoticiaz.com.br\/litoralsp\/#organization"},"potentialAction":[{"@type":"SearchAction","target":{"@type":"EntryPoint","urlTemplate":"https:\/\/redenoticiaz.com.br\/litoralsp\/?s={search_term_string}"},"query-input":{"@type":"PropertyValueSpecification","valueRequired":true,"valueName":"search_term_string"}}],"inLanguage":"pt-BR"},{"@type":"Organization","@id":"https:\/\/redenoticiaz.com.br\/litoralsp\/#organization","name":"Litoral SP","url":"https:\/\/redenoticiaz.com.br\/litoralsp\/","logo":{"@type":"ImageObject","inLanguage":"pt-BR","@id":"https:\/\/redenoticiaz.com.br\/litoralsp\/#\/schema\/logo\/image\/","url":"https:\/\/redenoticiaz.com.br\/litoralsp\/wp-content\/uploads\/sites\/3\/2020\/11\/logo.jpg","contentUrl":"https:\/\/redenoticiaz.com.br\/litoralsp\/wp-content\/uploads\/sites\/3\/2020\/11\/logo.jpg","width":400,"height":250,"caption":"Litoral SP"},"image":{"@id":"https:\/\/redenoticiaz.com.br\/litoralsp\/#\/schema\/logo\/image\/"}},{"@type":"Person","@id":"https:\/\/redenoticiaz.com.br\/litoralsp\/#\/schema\/person\/16057b37a3c0ee6b096d7f887c566e2e","name":"Gustavo Silva","image":{"@type":"ImageObject","inLanguage":"pt-BR","@id":"https:\/\/secure.gravatar.com\/avatar\/3ee4e82f93b26de0a7cf4ea5eb7893da637ed6bb0c9170c58065944c56e28a33?s=96&d=mm&r=g","url":"https:\/\/secure.gravatar.com\/avatar\/3ee4e82f93b26de0a7cf4ea5eb7893da637ed6bb0c9170c58065944c56e28a33?s=96&d=mm&r=g","contentUrl":"https:\/\/secure.gravatar.com\/avatar\/3ee4e82f93b26de0a7cf4ea5eb7893da637ed6bb0c9170c58065944c56e28a33?s=96&d=mm&r=g","caption":"Gustavo Silva"},"url":"https:\/\/redenoticiaz.com.br\/litoralsp\/author\/gustavosilva"}]}},"_links":{"self":[{"href":"https:\/\/redenoticiaz.com.br\/litoralsp\/wp-json\/wp\/v2\/posts\/111143","targetHints":{"allow":["GET"]}}],"collection":[{"href":"https:\/\/redenoticiaz.com.br\/litoralsp\/wp-json\/wp\/v2\/posts"}],"about":[{"href":"https:\/\/redenoticiaz.com.br\/litoralsp\/wp-json\/wp\/v2\/types\/post"}],"author":[{"embeddable":true,"href":"https:\/\/redenoticiaz.com.br\/litoralsp\/wp-json\/wp\/v2\/users\/12"}],"replies":[{"embeddable":true,"href":"https:\/\/redenoticiaz.com.br\/litoralsp\/wp-json\/wp\/v2\/comments?post=111143"}],"version-history":[{"count":1,"href":"https:\/\/redenoticiaz.com.br\/litoralsp\/wp-json\/wp\/v2\/posts\/111143\/revisions"}],"predecessor-version":[{"id":111145,"href":"https:\/\/redenoticiaz.com.br\/litoralsp\/wp-json\/wp\/v2\/posts\/111143\/revisions\/111145"}],"wp:featuredmedia":[{"embeddable":true,"href":"https:\/\/redenoticiaz.com.br\/litoralsp\/wp-json\/wp\/v2\/media\/111144"}],"wp:attachment":[{"href":"https:\/\/redenoticiaz.com.br\/litoralsp\/wp-json\/wp\/v2\/media?parent=111143"}],"wp:term":[{"taxonomy":"category","embeddable":true,"href":"https:\/\/redenoticiaz.com.br\/litoralsp\/wp-json\/wp\/v2\/categories?post=111143"},{"taxonomy":"post_tag","embeddable":true,"href":"https:\/\/redenoticiaz.com.br\/litoralsp\/wp-json\/wp\/v2\/tags?post=111143"}],"curies":[{"name":"wp","href":"https:\/\/api.w.org\/{rel}","templated":true}]}}