{"id":111147,"date":"2023-10-04T17:15:48","date_gmt":"2023-10-04T20:15:48","guid":{"rendered":"https:\/\/redenoticiaz.com.br\/litoralsp\/?p=111147"},"modified":"2023-10-04T17:15:48","modified_gmt":"2023-10-04T20:15:48","slug":"cidades-da-baixada-santista-tem-previsao-de-tempestade-com-chuva","status":"publish","type":"post","link":"https:\/\/redenoticiaz.com.br\/litoralsp\/2023\/10\/04\/cidades-da-baixada-santista-tem-previsao-de-tempestade-com-chuva","title":{"rendered":"Cidades da Baixada Santista t\u00eam previs\u00e3o de tempestade com\u00a0chuva"},"content":{"rendered":"<div id=\"chunk-4i5ht\">\n<div class=\"mc-column content-text active-extra-styles \" data-block-type=\"unstyled\" data-block-weight=\"56\" data-block-id=\"3\">\n<p data-track-category=\"Link no Texto\" data-track-links=\"\">As cidades da Baixada Santista t\u00eam previs\u00e3o de tempestade com chuva segundo expectativa do Instituto Nacional de Meteorologia (Inmet).<\/p>\n<p data-track-category=\"Link no Texto\" data-track-links=\"\">De acordo com as informa\u00e7\u00f5es, entre o final desta quarta-feira (4) e quinta (5) o volume de chuva pode chegar a 100 mm\/dia.<\/p>\n<p data-track-category=\"Link no Texto\" data-track-links=\"\">Ainda de acordo com as informa\u00e7\u00f5es, os ventos podem chegar a 100 km\/h, e na quinta-feira (5) h\u00e1 chances de chuvas com ventos intensos.<\/p>\n<p data-track-category=\"Link no Texto\" data-track-links=\"\">Sendo assim, queda de granizo \u00e9 esperada em Bertioga, Guaruj\u00e1, Cubat\u00e3o, S\u00e3o Vicente e Praia Grande.<\/p>\n<p data-track-category=\"Link no Texto\" data-track-links=\"\"><strong>Leia mais<\/strong><\/p>\n<p data-track-category=\"Link no Texto\" data-track-links=\"\"><a href=\"https:\/\/redenoticiaz.com.br\/litoralsp\/2023\/09\/29\/baixada-santista-tera-tempo-instavel-nos-proximos-dias\">Baixada Santista ter\u00e1 tempo inst\u00e1vel nos pr\u00f3ximos dias<\/a><\/p>\n<p data-track-category=\"Link no Texto\" data-track-links=\"\"><a href=\"https:\/\/redenoticiaz.com.br\/litoralsp\/2023\/09\/11\/dois-homens-sao-baleados-em-mais-uma-noite-violenta-na-baixada-santista\">Dois homens s\u00e3o baleados em mais uma noite violenta na Baixada Santista<\/a><\/p>\n<\/div>\n<\/div>\n","protected":false},"excerpt":{"rendered":"<p>As cidades da Baixada Santista t\u00eam previs\u00e3o de tempestade com chuva segundo expectativa do Instituto Nacional de Meteorologia (Inmet). De acordo com as informa\u00e7\u00f5es, entre o final desta quarta-feira (4) e quinta (5) o volume de chuva pode chegar a 100 mm\/dia. Ainda de acordo com as informa\u00e7\u00f5es, os ventos podem chegar a 100 km\/h, &hellip;<\/p>\n","protected":false},"author":12,"featured_media":104329,"comment_status":"open","ping_status":"closed","sticky":false,"template":"","format":"standard","meta":{"footnotes":""},"categories":[186,187,182,180],"tags":[1148,1038,1024,6426,33],"class_list":["post-111147","post","type-post","status-publish","format-standard","has-post-thumbnail","hentry","category-cubatao","category-guaruja","category-praia-grande","category-santos","tag-baixada-santista","tag-bertioga","tag-cubatao","tag-guaruja-2","tag-sao-vicente"],"yoast_head":"<!-- This site is optimized with the Yoast SEO plugin v27.5 - https:\/\/yoast.com\/product\/yoast-seo-wordpress\/ -->\n<title>Cidades da Baixada Santista t\u00eam previs\u00e3o de tempestade com\u00a0chuva - Litoral SP<\/title>\n<meta name=\"description\" content=\"As cidades da Baixada Santista t\u00eam previs\u00e3o de tempestade com chuva segundo expectativa do Instituto Nacional de Meteorologia (Inmet).\" \/>\n<meta name=\"robots\" content=\"index, follow, max-snippet:-1, max-image-preview:large, max-video-preview:-1\" \/>\n<link rel=\"canonical\" href=\"https:\/\/redenoticiaz.com.br\/litoralsp\/2023\/10\/04\/cidades-da-baixada-santista-tem-previsao-de-tempestade-com-chuva\" \/>\n<meta property=\"og:locale\" content=\"pt_BR\" \/>\n<meta property=\"og:type\" content=\"article\" \/>\n<meta property=\"og:title\" content=\"Cidades da Baixada Santista t\u00eam previs\u00e3o de tempestade com\u00a0chuva - Litoral SP\" \/>\n<meta property=\"og:description\" content=\"As cidades da Baixada Santista t\u00eam previs\u00e3o de tempestade com chuva segundo expectativa do Instituto Nacional de Meteorologia (Inmet).\" \/>\n<meta property=\"og:url\" content=\"https:\/\/redenoticiaz.com.br\/litoralsp\/2023\/10\/04\/cidades-da-baixada-santista-tem-previsao-de-tempestade-com-chuva\" \/>\n<meta property=\"og:site_name\" content=\"Litoral SP\" \/>\n<meta property=\"article:published_time\" content=\"2023-10-04T20:15:48+00:00\" \/>\n<meta property=\"og:image\" content=\"https:\/\/redenoticiaz.com.br\/litoralsp\/wp-content\/uploads\/sites\/3\/2023\/04\/chuva-sts.jpg\" \/>\n\t<meta property=\"og:image:width\" content=\"927\" \/>\n\t<meta property=\"og:image:height\" content=\"522\" \/>\n\t<meta property=\"og:image:type\" content=\"image\/jpeg\" \/>\n<meta name=\"author\" content=\"Gustavo Silva\" \/>\n<meta name=\"twitter:card\" content=\"summary_large_image\" \/>\n<meta name=\"twitter:label1\" content=\"Escrito por\" \/>\n\t<meta name=\"twitter:data1\" content=\"Gustavo Silva\" \/>\n\t<meta name=\"twitter:label2\" content=\"Est. tempo de leitura\" \/>\n\t<meta name=\"twitter:data2\" content=\"1 minuto\" \/>\n<script type=\"application\/ld+json\" class=\"yoast-schema-graph\">{\"@context\":\"https:\\\/\\\/schema.org\",\"@graph\":[{\"@type\":\"Article\",\"@id\":\"https:\\\/\\\/redenoticiaz.com.br\\\/litoralsp\\\/2023\\\/10\\\/04\\\/cidades-da-baixada-santista-tem-previsao-de-tempestade-com-chuva#article\",\"isPartOf\":{\"@id\":\"https:\\\/\\\/redenoticiaz.com.br\\\/litoralsp\\\/2023\\\/10\\\/04\\\/cidades-da-baixada-santista-tem-previsao-de-tempestade-com-chuva\"},\"author\":{\"name\":\"Gustavo Silva\",\"@id\":\"https:\\\/\\\/redenoticiaz.com.br\\\/litoralsp\\\/#\\\/schema\\\/person\\\/16057b37a3c0ee6b096d7f887c566e2e\"},\"headline\":\"Cidades da Baixada Santista t\u00eam previs\u00e3o de tempestade com\u00a0chuva\",\"datePublished\":\"2023-10-04T20:15:48+00:00\",\"mainEntityOfPage\":{\"@id\":\"https:\\\/\\\/redenoticiaz.com.br\\\/litoralsp\\\/2023\\\/10\\\/04\\\/cidades-da-baixada-santista-tem-previsao-de-tempestade-com-chuva\"},\"wordCount\":121,\"commentCount\":0,\"publisher\":{\"@id\":\"https:\\\/\\\/redenoticiaz.com.br\\\/litoralsp\\\/#organization\"},\"image\":{\"@id\":\"https:\\\/\\\/redenoticiaz.com.br\\\/litoralsp\\\/2023\\\/10\\\/04\\\/cidades-da-baixada-santista-tem-previsao-de-tempestade-com-chuva#primaryimage\"},\"thumbnailUrl\":\"https:\\\/\\\/redenoticiaz.com.br\\\/litoralsp\\\/wp-content\\\/uploads\\\/sites\\\/3\\\/2023\\\/04\\\/chuva-sts.jpg\",\"keywords\":[\"BAIXADA SANTISTA\",\"BERTIOGA\",\"CUBAT\u00c3O\",\"Guaruj\u00e1\",\"S\u00e3o Vicente\"],\"articleSection\":[\"Cubat\u00e3o\",\"Guaruj\u00e1\",\"Praia Grande\",\"Santos\"],\"inLanguage\":\"pt-BR\",\"potentialAction\":[{\"@type\":\"CommentAction\",\"name\":\"Comment\",\"target\":[\"https:\\\/\\\/redenoticiaz.com.br\\\/litoralsp\\\/2023\\\/10\\\/04\\\/cidades-da-baixada-santista-tem-previsao-de-tempestade-com-chuva#respond\"]}]},{\"@type\":\"WebPage\",\"@id\":\"https:\\\/\\\/redenoticiaz.com.br\\\/litoralsp\\\/2023\\\/10\\\/04\\\/cidades-da-baixada-santista-tem-previsao-de-tempestade-com-chuva\",\"url\":\"https:\\\/\\\/redenoticiaz.com.br\\\/litoralsp\\\/2023\\\/10\\\/04\\\/cidades-da-baixada-santista-tem-previsao-de-tempestade-com-chuva\",\"name\":\"Cidades da Baixada Santista t\u00eam previs\u00e3o de tempestade com\u00a0chuva - Litoral SP\",\"isPartOf\":{\"@id\":\"https:\\\/\\\/redenoticiaz.com.br\\\/litoralsp\\\/#website\"},\"primaryImageOfPage\":{\"@id\":\"https:\\\/\\\/redenoticiaz.com.br\\\/litoralsp\\\/2023\\\/10\\\/04\\\/cidades-da-baixada-santista-tem-previsao-de-tempestade-com-chuva#primaryimage\"},\"image\":{\"@id\":\"https:\\\/\\\/redenoticiaz.com.br\\\/litoralsp\\\/2023\\\/10\\\/04\\\/cidades-da-baixada-santista-tem-previsao-de-tempestade-com-chuva#primaryimage\"},\"thumbnailUrl\":\"https:\\\/\\\/redenoticiaz.com.br\\\/litoralsp\\\/wp-content\\\/uploads\\\/sites\\\/3\\\/2023\\\/04\\\/chuva-sts.jpg\",\"datePublished\":\"2023-10-04T20:15:48+00:00\",\"description\":\"As cidades da Baixada Santista t\u00eam previs\u00e3o de tempestade com chuva segundo expectativa do Instituto Nacional de Meteorologia (Inmet).\",\"inLanguage\":\"pt-BR\",\"potentialAction\":[{\"@type\":\"ReadAction\",\"target\":[\"https:\\\/\\\/redenoticiaz.com.br\\\/litoralsp\\\/2023\\\/10\\\/04\\\/cidades-da-baixada-santista-tem-previsao-de-tempestade-com-chuva\"]}]},{\"@type\":\"ImageObject\",\"inLanguage\":\"pt-BR\",\"@id\":\"https:\\\/\\\/redenoticiaz.com.br\\\/litoralsp\\\/2023\\\/10\\\/04\\\/cidades-da-baixada-santista-tem-previsao-de-tempestade-com-chuva#primaryimage\",\"url\":\"https:\\\/\\\/redenoticiaz.com.br\\\/litoralsp\\\/wp-content\\\/uploads\\\/sites\\\/3\\\/2023\\\/04\\\/chuva-sts.jpg\",\"contentUrl\":\"https:\\\/\\\/redenoticiaz.com.br\\\/litoralsp\\\/wp-content\\\/uploads\\\/sites\\\/3\\\/2023\\\/04\\\/chuva-sts.jpg\",\"width\":927,\"height\":522,\"caption\":\"Cr\u00e9ditos: Divulga\u00e7\u00e3o\\\/Prefeitura de Santos\"},{\"@type\":\"WebSite\",\"@id\":\"https:\\\/\\\/redenoticiaz.com.br\\\/litoralsp\\\/#website\",\"url\":\"https:\\\/\\\/redenoticiaz.com.br\\\/litoralsp\\\/\",\"name\":\"Litoral SP\",\"description\":\"Rede NoticiaZ\",\"publisher\":{\"@id\":\"https:\\\/\\\/redenoticiaz.com.br\\\/litoralsp\\\/#organization\"},\"potentialAction\":[{\"@type\":\"SearchAction\",\"target\":{\"@type\":\"EntryPoint\",\"urlTemplate\":\"https:\\\/\\\/redenoticiaz.com.br\\\/litoralsp\\\/?s={search_term_string}\"},\"query-input\":{\"@type\":\"PropertyValueSpecification\",\"valueRequired\":true,\"valueName\":\"search_term_string\"}}],\"inLanguage\":\"pt-BR\"},{\"@type\":\"Organization\",\"@id\":\"https:\\\/\\\/redenoticiaz.com.br\\\/litoralsp\\\/#organization\",\"name\":\"Litoral SP\",\"url\":\"https:\\\/\\\/redenoticiaz.com.br\\\/litoralsp\\\/\",\"logo\":{\"@type\":\"ImageObject\",\"inLanguage\":\"pt-BR\",\"@id\":\"https:\\\/\\\/redenoticiaz.com.br\\\/litoralsp\\\/#\\\/schema\\\/logo\\\/image\\\/\",\"url\":\"https:\\\/\\\/redenoticiaz.com.br\\\/litoralsp\\\/wp-content\\\/uploads\\\/sites\\\/3\\\/2020\\\/11\\\/logo.jpg\",\"contentUrl\":\"https:\\\/\\\/redenoticiaz.com.br\\\/litoralsp\\\/wp-content\\\/uploads\\\/sites\\\/3\\\/2020\\\/11\\\/logo.jpg\",\"width\":400,\"height\":250,\"caption\":\"Litoral SP\"},\"image\":{\"@id\":\"https:\\\/\\\/redenoticiaz.com.br\\\/litoralsp\\\/#\\\/schema\\\/logo\\\/image\\\/\"}},{\"@type\":\"Person\",\"@id\":\"https:\\\/\\\/redenoticiaz.com.br\\\/litoralsp\\\/#\\\/schema\\\/person\\\/16057b37a3c0ee6b096d7f887c566e2e\",\"name\":\"Gustavo Silva\",\"image\":{\"@type\":\"ImageObject\",\"inLanguage\":\"pt-BR\",\"@id\":\"https:\\\/\\\/secure.gravatar.com\\\/avatar\\\/3ee4e82f93b26de0a7cf4ea5eb7893da637ed6bb0c9170c58065944c56e28a33?s=96&d=mm&r=g\",\"url\":\"https:\\\/\\\/secure.gravatar.com\\\/avatar\\\/3ee4e82f93b26de0a7cf4ea5eb7893da637ed6bb0c9170c58065944c56e28a33?s=96&d=mm&r=g\",\"contentUrl\":\"https:\\\/\\\/secure.gravatar.com\\\/avatar\\\/3ee4e82f93b26de0a7cf4ea5eb7893da637ed6bb0c9170c58065944c56e28a33?s=96&d=mm&r=g\",\"caption\":\"Gustavo Silva\"},\"url\":\"https:\\\/\\\/redenoticiaz.com.br\\\/litoralsp\\\/author\\\/gustavosilva\"}]}<\/script>\n<!-- \/ Yoast SEO plugin. -->","yoast_head_json":{"title":"Cidades da Baixada Santista t\u00eam previs\u00e3o de tempestade com\u00a0chuva - Litoral SP","description":"As cidades da Baixada Santista t\u00eam previs\u00e3o de tempestade com chuva segundo expectativa do Instituto Nacional de Meteorologia (Inmet).","robots":{"index":"index","follow":"follow","max-snippet":"max-snippet:-1","max-image-preview":"max-image-preview:large","max-video-preview":"max-video-preview:-1"},"canonical":"https:\/\/redenoticiaz.com.br\/litoralsp\/2023\/10\/04\/cidades-da-baixada-santista-tem-previsao-de-tempestade-com-chuva","og_locale":"pt_BR","og_type":"article","og_title":"Cidades da Baixada Santista t\u00eam previs\u00e3o de tempestade com\u00a0chuva - Litoral SP","og_description":"As cidades da Baixada Santista t\u00eam previs\u00e3o de tempestade com chuva segundo expectativa do Instituto Nacional de Meteorologia (Inmet).","og_url":"https:\/\/redenoticiaz.com.br\/litoralsp\/2023\/10\/04\/cidades-da-baixada-santista-tem-previsao-de-tempestade-com-chuva","og_site_name":"Litoral SP","article_published_time":"2023-10-04T20:15:48+00:00","og_image":[{"width":927,"height":522,"url":"https:\/\/redenoticiaz.com.br\/litoralsp\/wp-content\/uploads\/sites\/3\/2023\/04\/chuva-sts.jpg","type":"image\/jpeg"}],"author":"Gustavo Silva","twitter_card":"summary_large_image","twitter_misc":{"Escrito por":"Gustavo Silva","Est. tempo de leitura":"1 minuto"},"schema":{"@context":"https:\/\/schema.org","@graph":[{"@type":"Article","@id":"https:\/\/redenoticiaz.com.br\/litoralsp\/2023\/10\/04\/cidades-da-baixada-santista-tem-previsao-de-tempestade-com-chuva#article","isPartOf":{"@id":"https:\/\/redenoticiaz.com.br\/litoralsp\/2023\/10\/04\/cidades-da-baixada-santista-tem-previsao-de-tempestade-com-chuva"},"author":{"name":"Gustavo Silva","@id":"https:\/\/redenoticiaz.com.br\/litoralsp\/#\/schema\/person\/16057b37a3c0ee6b096d7f887c566e2e"},"headline":"Cidades da Baixada Santista t\u00eam previs\u00e3o de tempestade com\u00a0chuva","datePublished":"2023-10-04T20:15:48+00:00","mainEntityOfPage":{"@id":"https:\/\/redenoticiaz.com.br\/litoralsp\/2023\/10\/04\/cidades-da-baixada-santista-tem-previsao-de-tempestade-com-chuva"},"wordCount":121,"commentCount":0,"publisher":{"@id":"https:\/\/redenoticiaz.com.br\/litoralsp\/#organization"},"image":{"@id":"https:\/\/redenoticiaz.com.br\/litoralsp\/2023\/10\/04\/cidades-da-baixada-santista-tem-previsao-de-tempestade-com-chuva#primaryimage"},"thumbnailUrl":"https:\/\/redenoticiaz.com.br\/litoralsp\/wp-content\/uploads\/sites\/3\/2023\/04\/chuva-sts.jpg","keywords":["BAIXADA SANTISTA","BERTIOGA","CUBAT\u00c3O","Guaruj\u00e1","S\u00e3o Vicente"],"articleSection":["Cubat\u00e3o","Guaruj\u00e1","Praia Grande","Santos"],"inLanguage":"pt-BR","potentialAction":[{"@type":"CommentAction","name":"Comment","target":["https:\/\/redenoticiaz.com.br\/litoralsp\/2023\/10\/04\/cidades-da-baixada-santista-tem-previsao-de-tempestade-com-chuva#respond"]}]},{"@type":"WebPage","@id":"https:\/\/redenoticiaz.com.br\/litoralsp\/2023\/10\/04\/cidades-da-baixada-santista-tem-previsao-de-tempestade-com-chuva","url":"https:\/\/redenoticiaz.com.br\/litoralsp\/2023\/10\/04\/cidades-da-baixada-santista-tem-previsao-de-tempestade-com-chuva","name":"Cidades da Baixada Santista t\u00eam previs\u00e3o de tempestade com\u00a0chuva - Litoral SP","isPartOf":{"@id":"https:\/\/redenoticiaz.com.br\/litoralsp\/#website"},"primaryImageOfPage":{"@id":"https:\/\/redenoticiaz.com.br\/litoralsp\/2023\/10\/04\/cidades-da-baixada-santista-tem-previsao-de-tempestade-com-chuva#primaryimage"},"image":{"@id":"https:\/\/redenoticiaz.com.br\/litoralsp\/2023\/10\/04\/cidades-da-baixada-santista-tem-previsao-de-tempestade-com-chuva#primaryimage"},"thumbnailUrl":"https:\/\/redenoticiaz.com.br\/litoralsp\/wp-content\/uploads\/sites\/3\/2023\/04\/chuva-sts.jpg","datePublished":"2023-10-04T20:15:48+00:00","description":"As cidades da Baixada Santista t\u00eam previs\u00e3o de tempestade com chuva segundo expectativa do Instituto Nacional de Meteorologia (Inmet).","inLanguage":"pt-BR","potentialAction":[{"@type":"ReadAction","target":["https:\/\/redenoticiaz.com.br\/litoralsp\/2023\/10\/04\/cidades-da-baixada-santista-tem-previsao-de-tempestade-com-chuva"]}]},{"@type":"ImageObject","inLanguage":"pt-BR","@id":"https:\/\/redenoticiaz.com.br\/litoralsp\/2023\/10\/04\/cidades-da-baixada-santista-tem-previsao-de-tempestade-com-chuva#primaryimage","url":"https:\/\/redenoticiaz.com.br\/litoralsp\/wp-content\/uploads\/sites\/3\/2023\/04\/chuva-sts.jpg","contentUrl":"https:\/\/redenoticiaz.com.br\/litoralsp\/wp-content\/uploads\/sites\/3\/2023\/04\/chuva-sts.jpg","width":927,"height":522,"caption":"Cr\u00e9ditos: Divulga\u00e7\u00e3o\/Prefeitura de Santos"},{"@type":"WebSite","@id":"https:\/\/redenoticiaz.com.br\/litoralsp\/#website","url":"https:\/\/redenoticiaz.com.br\/litoralsp\/","name":"Litoral SP","description":"Rede NoticiaZ","publisher":{"@id":"https:\/\/redenoticiaz.com.br\/litoralsp\/#organization"},"potentialAction":[{"@type":"SearchAction","target":{"@type":"EntryPoint","urlTemplate":"https:\/\/redenoticiaz.com.br\/litoralsp\/?s={search_term_string}"},"query-input":{"@type":"PropertyValueSpecification","valueRequired":true,"valueName":"search_term_string"}}],"inLanguage":"pt-BR"},{"@type":"Organization","@id":"https:\/\/redenoticiaz.com.br\/litoralsp\/#organization","name":"Litoral SP","url":"https:\/\/redenoticiaz.com.br\/litoralsp\/","logo":{"@type":"ImageObject","inLanguage":"pt-BR","@id":"https:\/\/redenoticiaz.com.br\/litoralsp\/#\/schema\/logo\/image\/","url":"https:\/\/redenoticiaz.com.br\/litoralsp\/wp-content\/uploads\/sites\/3\/2020\/11\/logo.jpg","contentUrl":"https:\/\/redenoticiaz.com.br\/litoralsp\/wp-content\/uploads\/sites\/3\/2020\/11\/logo.jpg","width":400,"height":250,"caption":"Litoral SP"},"image":{"@id":"https:\/\/redenoticiaz.com.br\/litoralsp\/#\/schema\/logo\/image\/"}},{"@type":"Person","@id":"https:\/\/redenoticiaz.com.br\/litoralsp\/#\/schema\/person\/16057b37a3c0ee6b096d7f887c566e2e","name":"Gustavo Silva","image":{"@type":"ImageObject","inLanguage":"pt-BR","@id":"https:\/\/secure.gravatar.com\/avatar\/3ee4e82f93b26de0a7cf4ea5eb7893da637ed6bb0c9170c58065944c56e28a33?s=96&d=mm&r=g","url":"https:\/\/secure.gravatar.com\/avatar\/3ee4e82f93b26de0a7cf4ea5eb7893da637ed6bb0c9170c58065944c56e28a33?s=96&d=mm&r=g","contentUrl":"https:\/\/secure.gravatar.com\/avatar\/3ee4e82f93b26de0a7cf4ea5eb7893da637ed6bb0c9170c58065944c56e28a33?s=96&d=mm&r=g","caption":"Gustavo Silva"},"url":"https:\/\/redenoticiaz.com.br\/litoralsp\/author\/gustavosilva"}]}},"_links":{"self":[{"href":"https:\/\/redenoticiaz.com.br\/litoralsp\/wp-json\/wp\/v2\/posts\/111147","targetHints":{"allow":["GET"]}}],"collection":[{"href":"https:\/\/redenoticiaz.com.br\/litoralsp\/wp-json\/wp\/v2\/posts"}],"about":[{"href":"https:\/\/redenoticiaz.com.br\/litoralsp\/wp-json\/wp\/v2\/types\/post"}],"author":[{"embeddable":true,"href":"https:\/\/redenoticiaz.com.br\/litoralsp\/wp-json\/wp\/v2\/users\/12"}],"replies":[{"embeddable":true,"href":"https:\/\/redenoticiaz.com.br\/litoralsp\/wp-json\/wp\/v2\/comments?post=111147"}],"version-history":[{"count":1,"href":"https:\/\/redenoticiaz.com.br\/litoralsp\/wp-json\/wp\/v2\/posts\/111147\/revisions"}],"predecessor-version":[{"id":111150,"href":"https:\/\/redenoticiaz.com.br\/litoralsp\/wp-json\/wp\/v2\/posts\/111147\/revisions\/111150"}],"wp:featuredmedia":[{"embeddable":true,"href":"https:\/\/redenoticiaz.com.br\/litoralsp\/wp-json\/wp\/v2\/media\/104329"}],"wp:attachment":[{"href":"https:\/\/redenoticiaz.com.br\/litoralsp\/wp-json\/wp\/v2\/media?parent=111147"}],"wp:term":[{"taxonomy":"category","embeddable":true,"href":"https:\/\/redenoticiaz.com.br\/litoralsp\/wp-json\/wp\/v2\/categories?post=111147"},{"taxonomy":"post_tag","embeddable":true,"href":"https:\/\/redenoticiaz.com.br\/litoralsp\/wp-json\/wp\/v2\/tags?post=111147"}],"curies":[{"name":"wp","href":"https:\/\/api.w.org\/{rel}","templated":true}]}}