{"id":111199,"date":"2023-10-06T15:10:22","date_gmt":"2023-10-06T18:10:22","guid":{"rendered":"https:\/\/redenoticiaz.com.br\/litoralsp\/2023\/10\/06\/confira-a-programacao-cultural-em-jundiai"},"modified":"2023-10-06T15:10:22","modified_gmt":"2023-10-06T18:10:22","slug":"confira-a-programacao-cultural-em-jundiai","status":"publish","type":"post","link":"https:\/\/redenoticiaz.com.br\/litoralsp\/2023\/10\/06\/confira-a-programacao-cultural-em-jundiai","title":{"rendered":"Confira a programa\u00e7\u00e3o cultural em Jundia\u00ed"},"content":{"rendered":"<p>A Unidade de Gest\u00e3o de Cultura (UGC) programou para esse final de semana \u2013 s\u00e1bado (07) e domingo (08) \u2013 em seus equipamentos culturais, diversas a\u00e7\u00f5es com entrada gratuita, com o objetivo de reunir p\u00fablico das mais diferentes idades, sempre priorizando a\u00e7\u00f5es que possam contribuir com a difus\u00e3o cultural em diversos segmentos.<\/p>\n<p>O destaque do final de semana na cidade fica para as apresenta\u00e7\u00f5es dos grupos de canto coral, participantes da 34\u00aa edi\u00e7\u00e3o, que neste ano re\u00fane cerca de 500 coralistas, de 39 corais inscritos, de Jundiai e de outras seis cidades paulistas: Campinas, Campo Limpo Paulista, Cubat\u00e3o, Itapetininga, Itupeva e V\u00e1rzea Paulista.<\/p>\n<p><span style=\"font-size: 22px;font-weight: bold\">Confira a programa\u00e7\u00e3o do final de semana nos equipamentos culturais:<\/span><\/p>\n<p>Encontro de Corais prossegue neste s\u00e1bado e domingo com apresenta\u00e7\u00f5es no Polytheama e Expressa<br \/>\nEspa\u00e7o Expressa (antigo Complexo Fepasa)<\/p>\n<p>S\u00e1bado (07), das 17 \u00e0s 19 horas apresenta\u00e7\u00e3o de quatro corais participantes do 34\u00ba Encontro de Corais: S\u00e3o eles: Coral Casa da Cultura de Itupeva, Coral Infantil Casa da Cultura de Itupeva, Coral Sacro Cuore di Ges\u00f9 e Coral Municipal de Itapetininga.<\/p>\n<p>O Espa\u00e7o Expressa est\u00e1 localizado na avenida Uni\u00e3o dos Ferrovi\u00e1rios, 1.360 \u2013 Centro. No local h\u00e1 \u00e1rea de estacionamento gratuito. Mais informa\u00e7\u00f5es 4589-6800.<\/p>\n<h3>F\u00e1brica das Inf\u00e2ncias Japy<\/h3>\n<p>A programa\u00e7\u00e3o gratuita voltada para o p\u00fablico infantojuvenil integra o programa municipal Cidade das Crian\u00e7as e pode ser apreciada por todas as fam\u00edlias.<\/p>\n<p>Sempre aos finais de semana \u2013 s\u00e1bados e domingos \u2013 sempre com entrada gratuita, sempre a partir das 10h30, com atra\u00e7\u00f5es diferenciadas para a garotada de 02 a 12 anos.<\/p>\n<p>Na F\u00e1brica das Inf\u00e2ncias Japy tem divers\u00e3o garantida para o final de semana<br \/>\nNeste final de semana, no s\u00e1bado \u201cMusicabrinca\u00e7\u00e3o\u201d com Karla Mantovani e no domingo, conta\u00e7\u00e3o de hist\u00f3ria \u201cNo interior dos interiores\u201d, com atores da Cena 4.<\/p>\n<p>A F\u00e1brica Japy est\u00e1 localizada na rua Lacerda Franco, 175, Vila Arens. Mais informa\u00e7\u00f5es 4521-0971. Hor\u00e1rio de funcionamento no s\u00e1bado e domingo \u00e9 das 9h \u00e0s 13h.<\/p>\n<h3>Biblioteca Nelson Foot (BNF)<\/h3>\n<p>Na Biblioteca as atra\u00e7\u00f5es est\u00e3o concentradas no s\u00e1bado (07).<\/p>\n<p>A partir das 10h acontecem as aulas de xadrez na Biblioteca. Aberta a todos os interessados.<\/p>\n<p>Neste mesmo hor\u00e1rio, haver\u00e1 o lan\u00e7amento do livro dos alunos da EMEB Vasco Ant\u00f4nio Venchiarutt, resultado do projeto Pequenos Escritores.<\/p>\n<h3>L\u00ea no Ninho neste s\u00e1bado<br \/>\nAulas de xadrez para crian\u00e7as a partir de 10 anos<\/h3>\n<p>\u00c0s 11h tem apresenta\u00e7\u00e3o do Projeto L\u00ea No Ninho, com a participa\u00e7\u00e3o da Cia. Uni Verso &amp; Prosa. Voltado para crian\u00e7as de seis meses a quatro anos a atividade l\u00fadica que envolve pais e filhos ou cuidadores. Al\u00e9m do fortalecimento dos v\u00ednculos afetivos a proposta \u00e9 fomentar o gosto pela leitura entre crian\u00e7as. S\u00e3o 10 vagas gratuitas e a sess\u00e3o tem dura\u00e7\u00e3o de uma hora. A inscri\u00e7\u00e3o pode ser feita na Internet. Link de acesso ao formul\u00e1rio de inscri\u00e7\u00e3o: https:\/\/docs.google.com\/forms\/d\/e\/1FAIpQLSe4FGNAKkyLIIHDGCMZHgmBzPPywnyNpb-aCIdpCfYLZXvR_w\/viewform<\/p>\n<p>A Biblioteca est\u00e1 localizada no Complexo Argos, na rua Dr. Cavalcanti, 396 \u2013 Vila Arens. O hor\u00e1rio de funcionamento da BNF aos s\u00e1bados e feriados \u00e9 das 10h \u00e0s 17h. Durante a semana, das 9 \u00e0s 21h. Mais informa\u00e7\u00f5es pelo telefone: 4527-2110.<\/p>\n<h3>Museu Hist\u00f3rico e Cultural de Jundia\u00ed<\/h3>\n<p>O Museu Hist\u00f3rico e Cultural \u2013 Solar do Bar\u00e3o \u2013 com seu jardim -, \u00e9 excelente op\u00e7\u00e3o de lazer e cultura. O p\u00fablico poder\u00e1 conferir a exposi\u00e7\u00e3o \u201cHolocausto \u2013 para que nunca se negue, para que nunca se esque\u00e7a e para que nunca mais se repita\u201d. O Museu est\u00e1 localizado na rua Bar\u00e3o de Jundia\u00ed, 762 \u2013 Centro. O hor\u00e1rio de visita\u00e7\u00e3o \u00e9 das 10h \u00e0s 17h, de ter\u00e7a a domingo e feriados. Na segunda-feira, fechado para manuten\u00e7\u00e3o.<\/p>\n<p>Exposi\u00e7\u00e3o imperd\u00edvel no Solar do Bar\u00e3o: Vale a pena conferir!<br \/>\nO Solar do Bar\u00e3o est\u00e1 localizado na rua Bar\u00e3o de Jundia\u00ed, 762, Centro. Aberto no, s\u00e1bado e domingo, das 10h \u00e0s 17h. Mais informa\u00e7\u00f5es 4521-6259.<\/p>\n<h3>Museu Ferrovi\u00e1rio<\/h3>\n<p>No local o visitante poder\u00e1 conferir a exposi\u00e7\u00e3o: \u201cFerrovias\u2026 muito al\u00e9m dos trilhos\u201d, que, dividida em duas salas, \u00e9 uma homenagem \u00e0s contribui\u00e7\u00f5es da ferrovia e dos ferrovi\u00e1rios, tanto no mundo, como no Brasil e em Jundia\u00ed.<\/p>\n<p>Por meio de documentos, fotos, r\u00e9plicas e pain\u00e9is interativos, a exposi\u00e7\u00e3o visa narrar n\u00e3o s\u00f3 a import\u00e2ncia da ferrovia para o desenvolvimento local e mundial, como tamb\u00e9m a import\u00e2ncia de seus trabalhadores e trabalhadoras.<\/p>\n<p>Para conhecer a hist\u00f3ria da ferrovia paulista, a visita ao Museu \u00e9 obrigat\u00f3ria.<br \/>\nO Museu Ferrovi\u00e1rio est\u00e1 localizado na avenida Uni\u00e3o dos Ferrovi\u00e1rios, 1.760 \u2013 Espa\u00e7o Expressa (antigo Complexo Fepasa). Aberto de ter\u00e7a-feira a domingo, (inclusive nos feriados) das 10h \u00e0s 17h. Entrada gratuita. Mais informa\u00e7\u00f5es: 4589-6800.<\/p>\n<h3>Pinacoteca Municipal Di\u00f3genes Duarte Paes<\/h3>\n<p>Duas exposi\u00e7\u00f5es est\u00e3o acontecendo na Pinacoteca: Pop Dog Free, de Eduardo H\u00f6fling Milani e Vestida de Noiva, de Jo\u00e3o Borin.<\/p>\n<p>Outra possibilidade ao visitante ser\u00e1 a de conferir as exposi\u00e7\u00f5es montadas com as obras da reserva t\u00e9cnica da Pinacoteca, como as obras de Di\u00f3genes Duarte Paes, \u00c9lvio Santiago e Inos Corradin.<\/p>\n<p>N a Pinacoteca o visitante confere as exposi\u00e7\u00f5es Pop Dog Free\u2026.<br \/>\n\u2026. e Vestida de Noiva.<br \/>\nA Pinacoteca est\u00e1 localizada na rua Bar\u00e3o de Jundia\u00ed, 109, Centro e est\u00e1 aberta para visita\u00e7\u00e3o de ter\u00e7a-feira a domingo das 10h \u00e0s 17h, inclusive nos feriados. Mais informa\u00e7\u00f5es 4568-2326.<\/p>\n<h3>Teatro Polytheama<\/h3>\n<p>No s\u00e1bado (07), a partir das 17h, apresenta\u00e7\u00e3o de \u201cHermanoteu na terra de Godah\u201d, com a Cia. de Com\u00e9dia Os melhores do Mundo.<\/p>\n<h3>Domingo, 11h, Concerto Disney.<\/h3>\n<p>Domingo, 16h, Apresenta\u00e7\u00e3o dos Corais participantes do 34\u00ba Encontro de Corais 2023: Viva Vozes de Louveira, Nova Fati, de Jundia\u00ed, Laborat\u00f3rio Vocal, de Campinas e Coral Heli\u00f3polis, do Instituto Baccarelli, de S\u00e3o Paulo.<\/p>\n<p>Para os espet\u00e1culos \u201c Hermanoteu na terra de Godah\u201d e Concerto Disney os ingressos podem ser adquiridos na bilheteria do Teatro ou na internet \u2013 por meio da plataforma Sympla.<\/p>\n<p>J\u00e1 para acompanhar as apresenta\u00e7\u00f5es dos corais, os ingressos ser\u00e3o distribu\u00eddos gratuitamente na bilheteria do Teatro, dois ingressos por pessoa.<\/p>\n<p>O Teatro Polytheama fica na rua Bar\u00e3o de Jundia\u00ed, 176 \u2013 Centro. Mais informa\u00e7\u00f5es pelo telefone (11) 4586-2472.<\/p>\n<p>LEIA MAIS<\/p>\n<p><a href=\"https:\/\/redenoticiaz.com.br\/blog\/2023\/10\/06\/video-danca-erotica-em-evento-do-ministerio-da-saude\">V\u00cdDEO \u2013 Dan\u00e7a er\u00f3tica em evento do Minist\u00e9rio da Sa\u00fade<\/a><\/p>\n<p><a href=\"https:\/\/redenoticiaz.com.br\/blog\/2023\/10\/06\/mulher-de-29-anos-tem-pertences-e-dinheiro-roubados\">Mulher de 29 anos tem pertences e dinheiro roubados<\/a><\/p>\n","protected":false},"excerpt":{"rendered":"<p>A Unidade de Gest\u00e3o de Cultura (UGC) programou para esse final de semana \u2013 s\u00e1bado (07) e domingo (08) \u2013 em seus equipamentos culturais, diversas a\u00e7\u00f5es com entrada gratuita, com o objetivo de reunir p\u00fablico das mais diferentes idades, sempre priorizando a\u00e7\u00f5es que possam contribuir com a difus\u00e3o cultural em diversos segmentos. O destaque do &hellip;<\/p>\n","protected":false},"author":30,"featured_media":111200,"comment_status":"open","ping_status":"closed","sticky":false,"template":"","format":"standard","meta":{"footnotes":""},"categories":[169,2001,170],"tags":[6,67332,1300,9102],"class_list":["post-111199","post","type-post","status-publish","format-standard","has-post-thumbnail","hentry","category-cultura","category-cultura-e-musica","category-entretenimento","tag-jundiai","tag-coral","tag-cultura","tag-programacao"],"yoast_head":"<!-- This site is optimized with the Yoast SEO plugin v27.4 - https:\/\/yoast.com\/product\/yoast-seo-wordpress\/ -->\n<title>Confira a programa\u00e7\u00e3o cultural em Jundia\u00ed - Litoral SP<\/title>\n<meta name=\"description\" content=\"Diversas a\u00e7\u00f5es com entrada gratuita, com o objetivo de reunir p\u00fablico das mais diferentes idades, em Jundia\u00ed. Confira\" \/>\n<meta name=\"robots\" content=\"index, follow, max-snippet:-1, max-image-preview:large, max-video-preview:-1\" \/>\n<link rel=\"canonical\" href=\"https:\/\/redenoticiaz.com.br\/litoralsp\/2023\/10\/06\/confira-a-programacao-cultural-em-jundiai\" \/>\n<meta property=\"og:locale\" content=\"pt_BR\" \/>\n<meta property=\"og:type\" content=\"article\" \/>\n<meta property=\"og:title\" content=\"Confira a programa\u00e7\u00e3o cultural em Jundia\u00ed - Litoral SP\" \/>\n<meta property=\"og:description\" content=\"Diversas a\u00e7\u00f5es com entrada gratuita, com o objetivo de reunir p\u00fablico das mais diferentes idades, em Jundia\u00ed. Confira\" \/>\n<meta property=\"og:url\" content=\"https:\/\/redenoticiaz.com.br\/litoralsp\/2023\/10\/06\/confira-a-programacao-cultural-em-jundiai\" \/>\n<meta property=\"og:site_name\" content=\"Litoral SP\" \/>\n<meta property=\"article:published_time\" content=\"2023-10-06T18:10:22+00:00\" \/>\n<meta property=\"og:image\" content=\"https:\/\/redenoticiaz.com.br\/litoralsp\/wp-content\/uploads\/sites\/3\/2023\/10\/fabrica_das-infancias_japy_teatro_robin_hood-26-1-1280x854-1.jpg?v=1696615655\" \/>\n\t<meta property=\"og:image:width\" content=\"1280\" \/>\n\t<meta property=\"og:image:height\" content=\"854\" \/>\n\t<meta property=\"og:image:type\" content=\"image\/jpeg\" \/>\n<meta name=\"author\" content=\"Carina Reifonas\" \/>\n<meta name=\"twitter:card\" content=\"summary_large_image\" \/>\n<meta name=\"twitter:label1\" content=\"Escrito por\" \/>\n\t<meta name=\"twitter:data1\" content=\"Carina Reifonas\" \/>\n\t<meta name=\"twitter:label2\" content=\"Est. tempo de leitura\" \/>\n\t<meta name=\"twitter:data2\" content=\"6 minutos\" \/>\n<script type=\"application\/ld+json\" class=\"yoast-schema-graph\">{\"@context\":\"https:\\\/\\\/schema.org\",\"@graph\":[{\"@type\":\"Article\",\"@id\":\"https:\\\/\\\/redenoticiaz.com.br\\\/litoralsp\\\/2023\\\/10\\\/06\\\/confira-a-programacao-cultural-em-jundiai#article\",\"isPartOf\":{\"@id\":\"https:\\\/\\\/redenoticiaz.com.br\\\/litoralsp\\\/2023\\\/10\\\/06\\\/confira-a-programacao-cultural-em-jundiai\"},\"author\":{\"name\":\"Carina Reifonas\",\"@id\":\"https:\\\/\\\/redenoticiaz.com.br\\\/litoralsp\\\/#\\\/schema\\\/person\\\/1f84d6e94e6a62d2d81199d7503e9e90\"},\"headline\":\"Confira a programa\u00e7\u00e3o cultural em Jundia\u00ed\",\"datePublished\":\"2023-10-06T18:10:22+00:00\",\"mainEntityOfPage\":{\"@id\":\"https:\\\/\\\/redenoticiaz.com.br\\\/litoralsp\\\/2023\\\/10\\\/06\\\/confira-a-programacao-cultural-em-jundiai\"},\"wordCount\":1097,\"commentCount\":0,\"publisher\":{\"@id\":\"https:\\\/\\\/redenoticiaz.com.br\\\/litoralsp\\\/#organization\"},\"image\":{\"@id\":\"https:\\\/\\\/redenoticiaz.com.br\\\/litoralsp\\\/2023\\\/10\\\/06\\\/confira-a-programacao-cultural-em-jundiai#primaryimage\"},\"thumbnailUrl\":\"https:\\\/\\\/redenoticiaz.com.br\\\/litoralsp\\\/wp-content\\\/uploads\\\/sites\\\/3\\\/2023\\\/10\\\/fabrica_das-infancias_japy_teatro_robin_hood-26-1-1280x854-1.jpg?v=1696615655\",\"keywords\":[\"#jundiai\",\"CORAL\",\"CULTURA\",\"PROGRAMA\u00c7\u00c3O\"],\"articleSection\":[\"Cultura\",\"Cultura e M\u00fasica\",\"Entretenimento\"],\"inLanguage\":\"pt-BR\",\"potentialAction\":[{\"@type\":\"CommentAction\",\"name\":\"Comment\",\"target\":[\"https:\\\/\\\/redenoticiaz.com.br\\\/litoralsp\\\/2023\\\/10\\\/06\\\/confira-a-programacao-cultural-em-jundiai#respond\"]}]},{\"@type\":\"WebPage\",\"@id\":\"https:\\\/\\\/redenoticiaz.com.br\\\/litoralsp\\\/2023\\\/10\\\/06\\\/confira-a-programacao-cultural-em-jundiai\",\"url\":\"https:\\\/\\\/redenoticiaz.com.br\\\/litoralsp\\\/2023\\\/10\\\/06\\\/confira-a-programacao-cultural-em-jundiai\",\"name\":\"Confira a programa\u00e7\u00e3o cultural em Jundia\u00ed - Litoral SP\",\"isPartOf\":{\"@id\":\"https:\\\/\\\/redenoticiaz.com.br\\\/litoralsp\\\/#website\"},\"primaryImageOfPage\":{\"@id\":\"https:\\\/\\\/redenoticiaz.com.br\\\/litoralsp\\\/2023\\\/10\\\/06\\\/confira-a-programacao-cultural-em-jundiai#primaryimage\"},\"image\":{\"@id\":\"https:\\\/\\\/redenoticiaz.com.br\\\/litoralsp\\\/2023\\\/10\\\/06\\\/confira-a-programacao-cultural-em-jundiai#primaryimage\"},\"thumbnailUrl\":\"https:\\\/\\\/redenoticiaz.com.br\\\/litoralsp\\\/wp-content\\\/uploads\\\/sites\\\/3\\\/2023\\\/10\\\/fabrica_das-infancias_japy_teatro_robin_hood-26-1-1280x854-1.jpg?v=1696615655\",\"datePublished\":\"2023-10-06T18:10:22+00:00\",\"description\":\"Diversas a\u00e7\u00f5es com entrada gratuita, com o objetivo de reunir p\u00fablico das mais diferentes idades, em Jundia\u00ed. Confira\",\"inLanguage\":\"pt-BR\",\"potentialAction\":[{\"@type\":\"ReadAction\",\"target\":[\"https:\\\/\\\/redenoticiaz.com.br\\\/litoralsp\\\/2023\\\/10\\\/06\\\/confira-a-programacao-cultural-em-jundiai\"]}]},{\"@type\":\"ImageObject\",\"inLanguage\":\"pt-BR\",\"@id\":\"https:\\\/\\\/redenoticiaz.com.br\\\/litoralsp\\\/2023\\\/10\\\/06\\\/confira-a-programacao-cultural-em-jundiai#primaryimage\",\"url\":\"https:\\\/\\\/redenoticiaz.com.br\\\/litoralsp\\\/wp-content\\\/uploads\\\/sites\\\/3\\\/2023\\\/10\\\/fabrica_das-infancias_japy_teatro_robin_hood-26-1-1280x854-1.jpg?v=1696615655\",\"contentUrl\":\"https:\\\/\\\/redenoticiaz.com.br\\\/litoralsp\\\/wp-content\\\/uploads\\\/sites\\\/3\\\/2023\\\/10\\\/fabrica_das-infancias_japy_teatro_robin_hood-26-1-1280x854-1.jpg?v=1696615655\",\"width\":1280,\"height\":854,\"caption\":\"Cr\u00e9dito: Divulga\u00e7\u00e3o\"},{\"@type\":\"WebSite\",\"@id\":\"https:\\\/\\\/redenoticiaz.com.br\\\/litoralsp\\\/#website\",\"url\":\"https:\\\/\\\/redenoticiaz.com.br\\\/litoralsp\\\/\",\"name\":\"Litoral SP\",\"description\":\"Rede NoticiaZ\",\"publisher\":{\"@id\":\"https:\\\/\\\/redenoticiaz.com.br\\\/litoralsp\\\/#organization\"},\"potentialAction\":[{\"@type\":\"SearchAction\",\"target\":{\"@type\":\"EntryPoint\",\"urlTemplate\":\"https:\\\/\\\/redenoticiaz.com.br\\\/litoralsp\\\/?s={search_term_string}\"},\"query-input\":{\"@type\":\"PropertyValueSpecification\",\"valueRequired\":true,\"valueName\":\"search_term_string\"}}],\"inLanguage\":\"pt-BR\"},{\"@type\":\"Organization\",\"@id\":\"https:\\\/\\\/redenoticiaz.com.br\\\/litoralsp\\\/#organization\",\"name\":\"Litoral SP\",\"url\":\"https:\\\/\\\/redenoticiaz.com.br\\\/litoralsp\\\/\",\"logo\":{\"@type\":\"ImageObject\",\"inLanguage\":\"pt-BR\",\"@id\":\"https:\\\/\\\/redenoticiaz.com.br\\\/litoralsp\\\/#\\\/schema\\\/logo\\\/image\\\/\",\"url\":\"https:\\\/\\\/redenoticiaz.com.br\\\/litoralsp\\\/wp-content\\\/uploads\\\/sites\\\/3\\\/2020\\\/11\\\/logo.jpg\",\"contentUrl\":\"https:\\\/\\\/redenoticiaz.com.br\\\/litoralsp\\\/wp-content\\\/uploads\\\/sites\\\/3\\\/2020\\\/11\\\/logo.jpg\",\"width\":400,\"height\":250,\"caption\":\"Litoral SP\"},\"image\":{\"@id\":\"https:\\\/\\\/redenoticiaz.com.br\\\/litoralsp\\\/#\\\/schema\\\/logo\\\/image\\\/\"}},{\"@type\":\"Person\",\"@id\":\"https:\\\/\\\/redenoticiaz.com.br\\\/litoralsp\\\/#\\\/schema\\\/person\\\/1f84d6e94e6a62d2d81199d7503e9e90\",\"name\":\"Carina Reifonas\",\"image\":{\"@type\":\"ImageObject\",\"inLanguage\":\"pt-BR\",\"@id\":\"https:\\\/\\\/secure.gravatar.com\\\/avatar\\\/04c59859b23696cf867715880f81d5c037e60109730bdb4e6670ec2a2245bc97?s=96&d=mm&r=g\",\"url\":\"https:\\\/\\\/secure.gravatar.com\\\/avatar\\\/04c59859b23696cf867715880f81d5c037e60109730bdb4e6670ec2a2245bc97?s=96&d=mm&r=g\",\"contentUrl\":\"https:\\\/\\\/secure.gravatar.com\\\/avatar\\\/04c59859b23696cf867715880f81d5c037e60109730bdb4e6670ec2a2245bc97?s=96&d=mm&r=g\",\"caption\":\"Carina Reifonas\"},\"url\":\"https:\\\/\\\/redenoticiaz.com.br\\\/litoralsp\\\/author\\\/carinareifonas\"}]}<\/script>\n<!-- \/ Yoast SEO plugin. -->","yoast_head_json":{"title":"Confira a programa\u00e7\u00e3o cultural em Jundia\u00ed - Litoral SP","description":"Diversas a\u00e7\u00f5es com entrada gratuita, com o objetivo de reunir p\u00fablico das mais diferentes idades, em Jundia\u00ed. Confira","robots":{"index":"index","follow":"follow","max-snippet":"max-snippet:-1","max-image-preview":"max-image-preview:large","max-video-preview":"max-video-preview:-1"},"canonical":"https:\/\/redenoticiaz.com.br\/litoralsp\/2023\/10\/06\/confira-a-programacao-cultural-em-jundiai","og_locale":"pt_BR","og_type":"article","og_title":"Confira a programa\u00e7\u00e3o cultural em Jundia\u00ed - Litoral SP","og_description":"Diversas a\u00e7\u00f5es com entrada gratuita, com o objetivo de reunir p\u00fablico das mais diferentes idades, em Jundia\u00ed. Confira","og_url":"https:\/\/redenoticiaz.com.br\/litoralsp\/2023\/10\/06\/confira-a-programacao-cultural-em-jundiai","og_site_name":"Litoral SP","article_published_time":"2023-10-06T18:10:22+00:00","og_image":[{"width":1280,"height":854,"url":"https:\/\/redenoticiaz.com.br\/litoralsp\/wp-content\/uploads\/sites\/3\/2023\/10\/fabrica_das-infancias_japy_teatro_robin_hood-26-1-1280x854-1.jpg?v=1696615655","type":"image\/jpeg"}],"author":"Carina Reifonas","twitter_card":"summary_large_image","twitter_misc":{"Escrito por":"Carina Reifonas","Est. tempo de leitura":"6 minutos"},"schema":{"@context":"https:\/\/schema.org","@graph":[{"@type":"Article","@id":"https:\/\/redenoticiaz.com.br\/litoralsp\/2023\/10\/06\/confira-a-programacao-cultural-em-jundiai#article","isPartOf":{"@id":"https:\/\/redenoticiaz.com.br\/litoralsp\/2023\/10\/06\/confira-a-programacao-cultural-em-jundiai"},"author":{"name":"Carina Reifonas","@id":"https:\/\/redenoticiaz.com.br\/litoralsp\/#\/schema\/person\/1f84d6e94e6a62d2d81199d7503e9e90"},"headline":"Confira a programa\u00e7\u00e3o cultural em Jundia\u00ed","datePublished":"2023-10-06T18:10:22+00:00","mainEntityOfPage":{"@id":"https:\/\/redenoticiaz.com.br\/litoralsp\/2023\/10\/06\/confira-a-programacao-cultural-em-jundiai"},"wordCount":1097,"commentCount":0,"publisher":{"@id":"https:\/\/redenoticiaz.com.br\/litoralsp\/#organization"},"image":{"@id":"https:\/\/redenoticiaz.com.br\/litoralsp\/2023\/10\/06\/confira-a-programacao-cultural-em-jundiai#primaryimage"},"thumbnailUrl":"https:\/\/redenoticiaz.com.br\/litoralsp\/wp-content\/uploads\/sites\/3\/2023\/10\/fabrica_das-infancias_japy_teatro_robin_hood-26-1-1280x854-1.jpg?v=1696615655","keywords":["#jundiai","CORAL","CULTURA","PROGRAMA\u00c7\u00c3O"],"articleSection":["Cultura","Cultura e M\u00fasica","Entretenimento"],"inLanguage":"pt-BR","potentialAction":[{"@type":"CommentAction","name":"Comment","target":["https:\/\/redenoticiaz.com.br\/litoralsp\/2023\/10\/06\/confira-a-programacao-cultural-em-jundiai#respond"]}]},{"@type":"WebPage","@id":"https:\/\/redenoticiaz.com.br\/litoralsp\/2023\/10\/06\/confira-a-programacao-cultural-em-jundiai","url":"https:\/\/redenoticiaz.com.br\/litoralsp\/2023\/10\/06\/confira-a-programacao-cultural-em-jundiai","name":"Confira a programa\u00e7\u00e3o cultural em Jundia\u00ed - Litoral SP","isPartOf":{"@id":"https:\/\/redenoticiaz.com.br\/litoralsp\/#website"},"primaryImageOfPage":{"@id":"https:\/\/redenoticiaz.com.br\/litoralsp\/2023\/10\/06\/confira-a-programacao-cultural-em-jundiai#primaryimage"},"image":{"@id":"https:\/\/redenoticiaz.com.br\/litoralsp\/2023\/10\/06\/confira-a-programacao-cultural-em-jundiai#primaryimage"},"thumbnailUrl":"https:\/\/redenoticiaz.com.br\/litoralsp\/wp-content\/uploads\/sites\/3\/2023\/10\/fabrica_das-infancias_japy_teatro_robin_hood-26-1-1280x854-1.jpg?v=1696615655","datePublished":"2023-10-06T18:10:22+00:00","description":"Diversas a\u00e7\u00f5es com entrada gratuita, com o objetivo de reunir p\u00fablico das mais diferentes idades, em Jundia\u00ed. Confira","inLanguage":"pt-BR","potentialAction":[{"@type":"ReadAction","target":["https:\/\/redenoticiaz.com.br\/litoralsp\/2023\/10\/06\/confira-a-programacao-cultural-em-jundiai"]}]},{"@type":"ImageObject","inLanguage":"pt-BR","@id":"https:\/\/redenoticiaz.com.br\/litoralsp\/2023\/10\/06\/confira-a-programacao-cultural-em-jundiai#primaryimage","url":"https:\/\/redenoticiaz.com.br\/litoralsp\/wp-content\/uploads\/sites\/3\/2023\/10\/fabrica_das-infancias_japy_teatro_robin_hood-26-1-1280x854-1.jpg?v=1696615655","contentUrl":"https:\/\/redenoticiaz.com.br\/litoralsp\/wp-content\/uploads\/sites\/3\/2023\/10\/fabrica_das-infancias_japy_teatro_robin_hood-26-1-1280x854-1.jpg?v=1696615655","width":1280,"height":854,"caption":"Cr\u00e9dito: Divulga\u00e7\u00e3o"},{"@type":"WebSite","@id":"https:\/\/redenoticiaz.com.br\/litoralsp\/#website","url":"https:\/\/redenoticiaz.com.br\/litoralsp\/","name":"Litoral SP","description":"Rede NoticiaZ","publisher":{"@id":"https:\/\/redenoticiaz.com.br\/litoralsp\/#organization"},"potentialAction":[{"@type":"SearchAction","target":{"@type":"EntryPoint","urlTemplate":"https:\/\/redenoticiaz.com.br\/litoralsp\/?s={search_term_string}"},"query-input":{"@type":"PropertyValueSpecification","valueRequired":true,"valueName":"search_term_string"}}],"inLanguage":"pt-BR"},{"@type":"Organization","@id":"https:\/\/redenoticiaz.com.br\/litoralsp\/#organization","name":"Litoral SP","url":"https:\/\/redenoticiaz.com.br\/litoralsp\/","logo":{"@type":"ImageObject","inLanguage":"pt-BR","@id":"https:\/\/redenoticiaz.com.br\/litoralsp\/#\/schema\/logo\/image\/","url":"https:\/\/redenoticiaz.com.br\/litoralsp\/wp-content\/uploads\/sites\/3\/2020\/11\/logo.jpg","contentUrl":"https:\/\/redenoticiaz.com.br\/litoralsp\/wp-content\/uploads\/sites\/3\/2020\/11\/logo.jpg","width":400,"height":250,"caption":"Litoral SP"},"image":{"@id":"https:\/\/redenoticiaz.com.br\/litoralsp\/#\/schema\/logo\/image\/"}},{"@type":"Person","@id":"https:\/\/redenoticiaz.com.br\/litoralsp\/#\/schema\/person\/1f84d6e94e6a62d2d81199d7503e9e90","name":"Carina Reifonas","image":{"@type":"ImageObject","inLanguage":"pt-BR","@id":"https:\/\/secure.gravatar.com\/avatar\/04c59859b23696cf867715880f81d5c037e60109730bdb4e6670ec2a2245bc97?s=96&d=mm&r=g","url":"https:\/\/secure.gravatar.com\/avatar\/04c59859b23696cf867715880f81d5c037e60109730bdb4e6670ec2a2245bc97?s=96&d=mm&r=g","contentUrl":"https:\/\/secure.gravatar.com\/avatar\/04c59859b23696cf867715880f81d5c037e60109730bdb4e6670ec2a2245bc97?s=96&d=mm&r=g","caption":"Carina Reifonas"},"url":"https:\/\/redenoticiaz.com.br\/litoralsp\/author\/carinareifonas"}]}},"_links":{"self":[{"href":"https:\/\/redenoticiaz.com.br\/litoralsp\/wp-json\/wp\/v2\/posts\/111199","targetHints":{"allow":["GET"]}}],"collection":[{"href":"https:\/\/redenoticiaz.com.br\/litoralsp\/wp-json\/wp\/v2\/posts"}],"about":[{"href":"https:\/\/redenoticiaz.com.br\/litoralsp\/wp-json\/wp\/v2\/types\/post"}],"author":[{"embeddable":true,"href":"https:\/\/redenoticiaz.com.br\/litoralsp\/wp-json\/wp\/v2\/users\/30"}],"replies":[{"embeddable":true,"href":"https:\/\/redenoticiaz.com.br\/litoralsp\/wp-json\/wp\/v2\/comments?post=111199"}],"version-history":[{"count":0,"href":"https:\/\/redenoticiaz.com.br\/litoralsp\/wp-json\/wp\/v2\/posts\/111199\/revisions"}],"wp:featuredmedia":[{"embeddable":true,"href":"https:\/\/redenoticiaz.com.br\/litoralsp\/wp-json\/wp\/v2\/media\/111200"}],"wp:attachment":[{"href":"https:\/\/redenoticiaz.com.br\/litoralsp\/wp-json\/wp\/v2\/media?parent=111199"}],"wp:term":[{"taxonomy":"category","embeddable":true,"href":"https:\/\/redenoticiaz.com.br\/litoralsp\/wp-json\/wp\/v2\/categories?post=111199"},{"taxonomy":"post_tag","embeddable":true,"href":"https:\/\/redenoticiaz.com.br\/litoralsp\/wp-json\/wp\/v2\/tags?post=111199"}],"curies":[{"name":"wp","href":"https:\/\/api.w.org\/{rel}","templated":true}]}}