{"id":11125,"date":"2021-07-08T13:24:57","date_gmt":"2021-07-08T16:24:57","guid":{"rendered":"https:\/\/redenoticiaz.com.br\/litoralsp\/?p=11125"},"modified":"2021-07-08T13:25:28","modified_gmt":"2021-07-08T16:25:28","slug":"aplicacao-da-vacina-coronavac-e-suspensa-em-praia-grande","status":"publish","type":"post","link":"https:\/\/redenoticiaz.com.br\/litoralsp\/2021\/07\/08\/aplicacao-da-vacina-coronavac-e-suspensa-em-praia-grande","title":{"rendered":"Aplica\u00e7\u00e3o da vacina CoronaVac \u00e9 suspensa em Praia Grande"},"content":{"rendered":"<p>Est\u00e1 suspensa desde quarta-feira (7) a aplica\u00e7\u00e3o da vacina <strong>CoronaVac<\/strong> contra a Covid-19 em <a href=\"https:\/\/www.praiagrande.sp.gov.br\/HomePortal-.asp?cd_pagina=71\">Praia Grande<\/a>. O motivo da interrup\u00e7\u00e3o \u00e9 por conta da falta de doses do imunizantes. Assim, gestantes, lactantes e outras pessoas que precisam receber a segunda dose ter\u00e3o de esperar.<\/p>\n<p>A Prefeitura de Praia Grande explica que a vacina\u00e7\u00e3o segue aberta para todos os demais p\u00fablicos j\u00e1 autorizados. Assim que o munic\u00edpio receber novas remessas da vacina CoronaVac, que devem ser enviadas pelo governo estadual ou pelo Minist\u00e9rio da Sa\u00fade, a vacina\u00e7\u00e3o com o imunizante ser\u00e1 retomada.<\/p>\n<div class=\"mc-column content-text active-extra-styles \" data-block-type=\"unstyled\" data-block-weight=\"38\" data-block-id=\"5\">\n<p class=\"content-text__container \" data-track-category=\"Link no Texto\" data-track-links=\"\">A cidade conta com seis polos municipais de vacina\u00e7\u00e3o: Gin\u00e1sios Canto do Forte, Rodrig\u00e3o, Samambaia, al\u00e9m do Parque da Cidade e unidades do Conviver S\u00e3o Jorge e Cai\u00e7ara, que funcionam de segunda a sexta-feira, das 8h \u00e0s 16h.<\/p>\n<h3 data-track-category=\"Link no Texto\">Veja os locais da vacina:<\/h3>\n<ul class=\"content-unordered-list\">\n<li>Gin\u00e1sio Canto do Forte &#8211; Avenida Rio Branco, 572, Canto do Forte<\/li>\n<li>Parque da Cidade &#8211; Rua Jos\u00e9 Bonif\u00e1cio, S\u00edtio do Campo, em frente ao Terminal Rodovi\u00e1rio Tude Bastos<\/li>\n<li>Gin\u00e1sio Rodrig\u00e3o &#8211; Avenida Presidente Kennedy, 5563, Tupi<\/li>\n<li>Conviver S\u00e3o Jorge &#8211; Rua Jo\u00e3o Batista de Siqueira, 130, Vila Ant\u00e1rtica<\/li>\n<li>Conviver Cai\u00e7ara &#8211; Rua Maria Antunes Navarro, s\/n\u00ba (esquina com a Rua S\u00e3o Domingos)<\/li>\n<li>Gin\u00e1sio Samambaia &#8211; Avenida Maria Cavalcante, 10, Samambaia<\/li>\n<\/ul>\n<p><strong>LEIA TAMB\u00c9M<\/strong><\/p>\n<p><a href=\"https:\/\/redenoticiaz.com.br\/litoralsp\/2021\/07\/07\/cpi-da-covid-tem-pedido-de-prisao-contra-ex-diretor-do-ministerio-da-saude\">CPI da Covid tem pedido de pris\u00e3o contra ex-diretor do Minist\u00e9rio da Sa\u00fade<\/a><\/p>\n<\/div>\n","protected":false},"excerpt":{"rendered":"<p>Est\u00e1 suspensa desde quarta-feira (7) a aplica\u00e7\u00e3o da vacina CoronaVac contra a Covid-19 em Praia Grande. O motivo da interrup\u00e7\u00e3o \u00e9 por conta da falta de doses do imunizantes. Assim, gestantes, lactantes e outras pessoas que precisam receber a segunda dose ter\u00e3o de esperar. A Prefeitura de Praia Grande explica que a vacina\u00e7\u00e3o segue aberta &hellip;<\/p>\n","protected":false},"author":6,"featured_media":11126,"comment_status":"open","ping_status":"closed","sticky":false,"template":"","format":"standard","meta":{"footnotes":""},"categories":[182,23],"tags":[19109,1101,96,1609],"class_list":["post-11125","post","type-post","status-publish","format-standard","has-post-thumbnail","hentry","category-praia-grande","category-saude","tag-imunizacao-suspensa","tag-praia-grande","tag-saude","tag-vacina-coronavac"],"yoast_head":"<!-- This site is optimized with the Yoast SEO plugin v27.4 - https:\/\/yoast.com\/product\/yoast-seo-wordpress\/ -->\n<title>Aplica\u00e7\u00e3o da vacina CoronaVac \u00e9 suspensa em Praia Grande - Litoral SP<\/title>\n<meta name=\"description\" content=\"Est\u00e1 suspensa desde quarta-feira (7) a aplica\u00e7\u00e3o da vacina CoronaVac contra a Covid-19 em Praia Grande. O motivo da interrup\u00e7\u00e3o\" \/>\n<meta name=\"robots\" content=\"index, follow, max-snippet:-1, max-image-preview:large, max-video-preview:-1\" \/>\n<link rel=\"canonical\" href=\"https:\/\/redenoticiaz.com.br\/litoralsp\/2021\/07\/08\/aplicacao-da-vacina-coronavac-e-suspensa-em-praia-grande\" \/>\n<meta property=\"og:locale\" content=\"pt_BR\" \/>\n<meta property=\"og:type\" content=\"article\" \/>\n<meta property=\"og:title\" content=\"Aplica\u00e7\u00e3o da vacina CoronaVac \u00e9 suspensa em Praia Grande - Litoral SP\" \/>\n<meta property=\"og:description\" content=\"Est\u00e1 suspensa desde quarta-feira (7) a aplica\u00e7\u00e3o da vacina CoronaVac contra a Covid-19 em Praia Grande. O motivo da interrup\u00e7\u00e3o\" \/>\n<meta property=\"og:url\" content=\"https:\/\/redenoticiaz.com.br\/litoralsp\/2021\/07\/08\/aplicacao-da-vacina-coronavac-e-suspensa-em-praia-grande\" \/>\n<meta property=\"og:site_name\" content=\"Litoral SP\" \/>\n<meta property=\"article:published_time\" content=\"2021-07-08T16:24:57+00:00\" \/>\n<meta property=\"article:modified_time\" content=\"2021-07-08T16:25:28+00:00\" \/>\n<meta property=\"og:image\" content=\"https:\/\/redenoticiaz.com.br\/litoralsp\/wp-content\/uploads\/sites\/3\/2021\/07\/pg.jpg\" \/>\n\t<meta property=\"og:image:width\" content=\"1000\" \/>\n\t<meta property=\"og:image:height\" content=\"667\" \/>\n\t<meta property=\"og:image:type\" content=\"image\/jpeg\" \/>\n<meta name=\"author\" content=\"Leonardo Francisco\" \/>\n<meta name=\"twitter:card\" content=\"summary_large_image\" \/>\n<meta name=\"twitter:label1\" content=\"Escrito por\" \/>\n\t<meta name=\"twitter:data1\" content=\"Leonardo Francisco\" \/>\n\t<meta name=\"twitter:label2\" content=\"Est. tempo de leitura\" \/>\n\t<meta name=\"twitter:data2\" content=\"1 minuto\" \/>\n<script type=\"application\/ld+json\" class=\"yoast-schema-graph\">{\"@context\":\"https:\\\/\\\/schema.org\",\"@graph\":[{\"@type\":\"Article\",\"@id\":\"https:\\\/\\\/redenoticiaz.com.br\\\/litoralsp\\\/2021\\\/07\\\/08\\\/aplicacao-da-vacina-coronavac-e-suspensa-em-praia-grande#article\",\"isPartOf\":{\"@id\":\"https:\\\/\\\/redenoticiaz.com.br\\\/litoralsp\\\/2021\\\/07\\\/08\\\/aplicacao-da-vacina-coronavac-e-suspensa-em-praia-grande\"},\"author\":{\"name\":\"Leonardo Francisco\",\"@id\":\"https:\\\/\\\/redenoticiaz.com.br\\\/litoralsp\\\/#\\\/schema\\\/person\\\/0f0b8a5bdafefe82841e07ae8d81ecb3\"},\"headline\":\"Aplica\u00e7\u00e3o da vacina CoronaVac \u00e9 suspensa em Praia Grande\",\"datePublished\":\"2021-07-08T16:24:57+00:00\",\"dateModified\":\"2021-07-08T16:25:28+00:00\",\"mainEntityOfPage\":{\"@id\":\"https:\\\/\\\/redenoticiaz.com.br\\\/litoralsp\\\/2021\\\/07\\\/08\\\/aplicacao-da-vacina-coronavac-e-suspensa-em-praia-grande\"},\"wordCount\":255,\"commentCount\":0,\"publisher\":{\"@id\":\"https:\\\/\\\/redenoticiaz.com.br\\\/litoralsp\\\/#organization\"},\"image\":{\"@id\":\"https:\\\/\\\/redenoticiaz.com.br\\\/litoralsp\\\/2021\\\/07\\\/08\\\/aplicacao-da-vacina-coronavac-e-suspensa-em-praia-grande#primaryimage\"},\"thumbnailUrl\":\"https:\\\/\\\/redenoticiaz.com.br\\\/litoralsp\\\/wp-content\\\/uploads\\\/sites\\\/3\\\/2021\\\/07\\\/pg.jpg\",\"keywords\":[\"IMUNIZA\u00c7\u00c3O SUSPENSA\",\"PRAIA GRANDE\",\"saude\",\"VACINA CORONAVAC\"],\"articleSection\":[\"Praia Grande\",\"Sa\u00fade\"],\"inLanguage\":\"pt-BR\",\"potentialAction\":[{\"@type\":\"CommentAction\",\"name\":\"Comment\",\"target\":[\"https:\\\/\\\/redenoticiaz.com.br\\\/litoralsp\\\/2021\\\/07\\\/08\\\/aplicacao-da-vacina-coronavac-e-suspensa-em-praia-grande#respond\"]}]},{\"@type\":\"WebPage\",\"@id\":\"https:\\\/\\\/redenoticiaz.com.br\\\/litoralsp\\\/2021\\\/07\\\/08\\\/aplicacao-da-vacina-coronavac-e-suspensa-em-praia-grande\",\"url\":\"https:\\\/\\\/redenoticiaz.com.br\\\/litoralsp\\\/2021\\\/07\\\/08\\\/aplicacao-da-vacina-coronavac-e-suspensa-em-praia-grande\",\"name\":\"Aplica\u00e7\u00e3o da vacina CoronaVac \u00e9 suspensa em Praia Grande - Litoral SP\",\"isPartOf\":{\"@id\":\"https:\\\/\\\/redenoticiaz.com.br\\\/litoralsp\\\/#website\"},\"primaryImageOfPage\":{\"@id\":\"https:\\\/\\\/redenoticiaz.com.br\\\/litoralsp\\\/2021\\\/07\\\/08\\\/aplicacao-da-vacina-coronavac-e-suspensa-em-praia-grande#primaryimage\"},\"image\":{\"@id\":\"https:\\\/\\\/redenoticiaz.com.br\\\/litoralsp\\\/2021\\\/07\\\/08\\\/aplicacao-da-vacina-coronavac-e-suspensa-em-praia-grande#primaryimage\"},\"thumbnailUrl\":\"https:\\\/\\\/redenoticiaz.com.br\\\/litoralsp\\\/wp-content\\\/uploads\\\/sites\\\/3\\\/2021\\\/07\\\/pg.jpg\",\"datePublished\":\"2021-07-08T16:24:57+00:00\",\"dateModified\":\"2021-07-08T16:25:28+00:00\",\"description\":\"Est\u00e1 suspensa desde quarta-feira (7) a aplica\u00e7\u00e3o da vacina CoronaVac contra a Covid-19 em Praia Grande. O motivo da interrup\u00e7\u00e3o\",\"inLanguage\":\"pt-BR\",\"potentialAction\":[{\"@type\":\"ReadAction\",\"target\":[\"https:\\\/\\\/redenoticiaz.com.br\\\/litoralsp\\\/2021\\\/07\\\/08\\\/aplicacao-da-vacina-coronavac-e-suspensa-em-praia-grande\"]}]},{\"@type\":\"ImageObject\",\"inLanguage\":\"pt-BR\",\"@id\":\"https:\\\/\\\/redenoticiaz.com.br\\\/litoralsp\\\/2021\\\/07\\\/08\\\/aplicacao-da-vacina-coronavac-e-suspensa-em-praia-grande#primaryimage\",\"url\":\"https:\\\/\\\/redenoticiaz.com.br\\\/litoralsp\\\/wp-content\\\/uploads\\\/sites\\\/3\\\/2021\\\/07\\\/pg.jpg\",\"contentUrl\":\"https:\\\/\\\/redenoticiaz.com.br\\\/litoralsp\\\/wp-content\\\/uploads\\\/sites\\\/3\\\/2021\\\/07\\\/pg.jpg\",\"width\":1000,\"height\":667,\"caption\":\"Cr\u00e9ditos: Divulga\u00e7\u00e3o\\\/Prefeitura de Praia Grande.\"},{\"@type\":\"WebSite\",\"@id\":\"https:\\\/\\\/redenoticiaz.com.br\\\/litoralsp\\\/#website\",\"url\":\"https:\\\/\\\/redenoticiaz.com.br\\\/litoralsp\\\/\",\"name\":\"Litoral SP\",\"description\":\"Rede NoticiaZ\",\"publisher\":{\"@id\":\"https:\\\/\\\/redenoticiaz.com.br\\\/litoralsp\\\/#organization\"},\"potentialAction\":[{\"@type\":\"SearchAction\",\"target\":{\"@type\":\"EntryPoint\",\"urlTemplate\":\"https:\\\/\\\/redenoticiaz.com.br\\\/litoralsp\\\/?s={search_term_string}\"},\"query-input\":{\"@type\":\"PropertyValueSpecification\",\"valueRequired\":true,\"valueName\":\"search_term_string\"}}],\"inLanguage\":\"pt-BR\"},{\"@type\":\"Organization\",\"@id\":\"https:\\\/\\\/redenoticiaz.com.br\\\/litoralsp\\\/#organization\",\"name\":\"Litoral SP\",\"url\":\"https:\\\/\\\/redenoticiaz.com.br\\\/litoralsp\\\/\",\"logo\":{\"@type\":\"ImageObject\",\"inLanguage\":\"pt-BR\",\"@id\":\"https:\\\/\\\/redenoticiaz.com.br\\\/litoralsp\\\/#\\\/schema\\\/logo\\\/image\\\/\",\"url\":\"https:\\\/\\\/redenoticiaz.com.br\\\/litoralsp\\\/wp-content\\\/uploads\\\/sites\\\/3\\\/2020\\\/11\\\/logo.jpg\",\"contentUrl\":\"https:\\\/\\\/redenoticiaz.com.br\\\/litoralsp\\\/wp-content\\\/uploads\\\/sites\\\/3\\\/2020\\\/11\\\/logo.jpg\",\"width\":400,\"height\":250,\"caption\":\"Litoral SP\"},\"image\":{\"@id\":\"https:\\\/\\\/redenoticiaz.com.br\\\/litoralsp\\\/#\\\/schema\\\/logo\\\/image\\\/\"}},{\"@type\":\"Person\",\"@id\":\"https:\\\/\\\/redenoticiaz.com.br\\\/litoralsp\\\/#\\\/schema\\\/person\\\/0f0b8a5bdafefe82841e07ae8d81ecb3\",\"name\":\"Leonardo Francisco\",\"image\":{\"@type\":\"ImageObject\",\"inLanguage\":\"pt-BR\",\"@id\":\"https:\\\/\\\/secure.gravatar.com\\\/avatar\\\/a7358cb406a99b682ec6df1e77e31ae82e63601f6784e8a3df411d72b37864da?s=96&d=mm&r=g\",\"url\":\"https:\\\/\\\/secure.gravatar.com\\\/avatar\\\/a7358cb406a99b682ec6df1e77e31ae82e63601f6784e8a3df411d72b37864da?s=96&d=mm&r=g\",\"contentUrl\":\"https:\\\/\\\/secure.gravatar.com\\\/avatar\\\/a7358cb406a99b682ec6df1e77e31ae82e63601f6784e8a3df411d72b37864da?s=96&d=mm&r=g\",\"caption\":\"Leonardo Francisco\"},\"url\":\"https:\\\/\\\/redenoticiaz.com.br\\\/litoralsp\\\/author\\\/leonardo-francisco\"}]}<\/script>\n<!-- \/ Yoast SEO plugin. -->","yoast_head_json":{"title":"Aplica\u00e7\u00e3o da vacina CoronaVac \u00e9 suspensa em Praia Grande - Litoral SP","description":"Est\u00e1 suspensa desde quarta-feira (7) a aplica\u00e7\u00e3o da vacina CoronaVac contra a Covid-19 em Praia Grande. O motivo da interrup\u00e7\u00e3o","robots":{"index":"index","follow":"follow","max-snippet":"max-snippet:-1","max-image-preview":"max-image-preview:large","max-video-preview":"max-video-preview:-1"},"canonical":"https:\/\/redenoticiaz.com.br\/litoralsp\/2021\/07\/08\/aplicacao-da-vacina-coronavac-e-suspensa-em-praia-grande","og_locale":"pt_BR","og_type":"article","og_title":"Aplica\u00e7\u00e3o da vacina CoronaVac \u00e9 suspensa em Praia Grande - Litoral SP","og_description":"Est\u00e1 suspensa desde quarta-feira (7) a aplica\u00e7\u00e3o da vacina CoronaVac contra a Covid-19 em Praia Grande. O motivo da interrup\u00e7\u00e3o","og_url":"https:\/\/redenoticiaz.com.br\/litoralsp\/2021\/07\/08\/aplicacao-da-vacina-coronavac-e-suspensa-em-praia-grande","og_site_name":"Litoral SP","article_published_time":"2021-07-08T16:24:57+00:00","article_modified_time":"2021-07-08T16:25:28+00:00","og_image":[{"width":1000,"height":667,"url":"https:\/\/redenoticiaz.com.br\/litoralsp\/wp-content\/uploads\/sites\/3\/2021\/07\/pg.jpg","type":"image\/jpeg"}],"author":"Leonardo Francisco","twitter_card":"summary_large_image","twitter_misc":{"Escrito por":"Leonardo Francisco","Est. tempo de leitura":"1 minuto"},"schema":{"@context":"https:\/\/schema.org","@graph":[{"@type":"Article","@id":"https:\/\/redenoticiaz.com.br\/litoralsp\/2021\/07\/08\/aplicacao-da-vacina-coronavac-e-suspensa-em-praia-grande#article","isPartOf":{"@id":"https:\/\/redenoticiaz.com.br\/litoralsp\/2021\/07\/08\/aplicacao-da-vacina-coronavac-e-suspensa-em-praia-grande"},"author":{"name":"Leonardo Francisco","@id":"https:\/\/redenoticiaz.com.br\/litoralsp\/#\/schema\/person\/0f0b8a5bdafefe82841e07ae8d81ecb3"},"headline":"Aplica\u00e7\u00e3o da vacina CoronaVac \u00e9 suspensa em Praia Grande","datePublished":"2021-07-08T16:24:57+00:00","dateModified":"2021-07-08T16:25:28+00:00","mainEntityOfPage":{"@id":"https:\/\/redenoticiaz.com.br\/litoralsp\/2021\/07\/08\/aplicacao-da-vacina-coronavac-e-suspensa-em-praia-grande"},"wordCount":255,"commentCount":0,"publisher":{"@id":"https:\/\/redenoticiaz.com.br\/litoralsp\/#organization"},"image":{"@id":"https:\/\/redenoticiaz.com.br\/litoralsp\/2021\/07\/08\/aplicacao-da-vacina-coronavac-e-suspensa-em-praia-grande#primaryimage"},"thumbnailUrl":"https:\/\/redenoticiaz.com.br\/litoralsp\/wp-content\/uploads\/sites\/3\/2021\/07\/pg.jpg","keywords":["IMUNIZA\u00c7\u00c3O SUSPENSA","PRAIA GRANDE","saude","VACINA CORONAVAC"],"articleSection":["Praia Grande","Sa\u00fade"],"inLanguage":"pt-BR","potentialAction":[{"@type":"CommentAction","name":"Comment","target":["https:\/\/redenoticiaz.com.br\/litoralsp\/2021\/07\/08\/aplicacao-da-vacina-coronavac-e-suspensa-em-praia-grande#respond"]}]},{"@type":"WebPage","@id":"https:\/\/redenoticiaz.com.br\/litoralsp\/2021\/07\/08\/aplicacao-da-vacina-coronavac-e-suspensa-em-praia-grande","url":"https:\/\/redenoticiaz.com.br\/litoralsp\/2021\/07\/08\/aplicacao-da-vacina-coronavac-e-suspensa-em-praia-grande","name":"Aplica\u00e7\u00e3o da vacina CoronaVac \u00e9 suspensa em Praia Grande - Litoral SP","isPartOf":{"@id":"https:\/\/redenoticiaz.com.br\/litoralsp\/#website"},"primaryImageOfPage":{"@id":"https:\/\/redenoticiaz.com.br\/litoralsp\/2021\/07\/08\/aplicacao-da-vacina-coronavac-e-suspensa-em-praia-grande#primaryimage"},"image":{"@id":"https:\/\/redenoticiaz.com.br\/litoralsp\/2021\/07\/08\/aplicacao-da-vacina-coronavac-e-suspensa-em-praia-grande#primaryimage"},"thumbnailUrl":"https:\/\/redenoticiaz.com.br\/litoralsp\/wp-content\/uploads\/sites\/3\/2021\/07\/pg.jpg","datePublished":"2021-07-08T16:24:57+00:00","dateModified":"2021-07-08T16:25:28+00:00","description":"Est\u00e1 suspensa desde quarta-feira (7) a aplica\u00e7\u00e3o da vacina CoronaVac contra a Covid-19 em Praia Grande. O motivo da interrup\u00e7\u00e3o","inLanguage":"pt-BR","potentialAction":[{"@type":"ReadAction","target":["https:\/\/redenoticiaz.com.br\/litoralsp\/2021\/07\/08\/aplicacao-da-vacina-coronavac-e-suspensa-em-praia-grande"]}]},{"@type":"ImageObject","inLanguage":"pt-BR","@id":"https:\/\/redenoticiaz.com.br\/litoralsp\/2021\/07\/08\/aplicacao-da-vacina-coronavac-e-suspensa-em-praia-grande#primaryimage","url":"https:\/\/redenoticiaz.com.br\/litoralsp\/wp-content\/uploads\/sites\/3\/2021\/07\/pg.jpg","contentUrl":"https:\/\/redenoticiaz.com.br\/litoralsp\/wp-content\/uploads\/sites\/3\/2021\/07\/pg.jpg","width":1000,"height":667,"caption":"Cr\u00e9ditos: Divulga\u00e7\u00e3o\/Prefeitura de Praia Grande."},{"@type":"WebSite","@id":"https:\/\/redenoticiaz.com.br\/litoralsp\/#website","url":"https:\/\/redenoticiaz.com.br\/litoralsp\/","name":"Litoral SP","description":"Rede NoticiaZ","publisher":{"@id":"https:\/\/redenoticiaz.com.br\/litoralsp\/#organization"},"potentialAction":[{"@type":"SearchAction","target":{"@type":"EntryPoint","urlTemplate":"https:\/\/redenoticiaz.com.br\/litoralsp\/?s={search_term_string}"},"query-input":{"@type":"PropertyValueSpecification","valueRequired":true,"valueName":"search_term_string"}}],"inLanguage":"pt-BR"},{"@type":"Organization","@id":"https:\/\/redenoticiaz.com.br\/litoralsp\/#organization","name":"Litoral SP","url":"https:\/\/redenoticiaz.com.br\/litoralsp\/","logo":{"@type":"ImageObject","inLanguage":"pt-BR","@id":"https:\/\/redenoticiaz.com.br\/litoralsp\/#\/schema\/logo\/image\/","url":"https:\/\/redenoticiaz.com.br\/litoralsp\/wp-content\/uploads\/sites\/3\/2020\/11\/logo.jpg","contentUrl":"https:\/\/redenoticiaz.com.br\/litoralsp\/wp-content\/uploads\/sites\/3\/2020\/11\/logo.jpg","width":400,"height":250,"caption":"Litoral SP"},"image":{"@id":"https:\/\/redenoticiaz.com.br\/litoralsp\/#\/schema\/logo\/image\/"}},{"@type":"Person","@id":"https:\/\/redenoticiaz.com.br\/litoralsp\/#\/schema\/person\/0f0b8a5bdafefe82841e07ae8d81ecb3","name":"Leonardo Francisco","image":{"@type":"ImageObject","inLanguage":"pt-BR","@id":"https:\/\/secure.gravatar.com\/avatar\/a7358cb406a99b682ec6df1e77e31ae82e63601f6784e8a3df411d72b37864da?s=96&d=mm&r=g","url":"https:\/\/secure.gravatar.com\/avatar\/a7358cb406a99b682ec6df1e77e31ae82e63601f6784e8a3df411d72b37864da?s=96&d=mm&r=g","contentUrl":"https:\/\/secure.gravatar.com\/avatar\/a7358cb406a99b682ec6df1e77e31ae82e63601f6784e8a3df411d72b37864da?s=96&d=mm&r=g","caption":"Leonardo Francisco"},"url":"https:\/\/redenoticiaz.com.br\/litoralsp\/author\/leonardo-francisco"}]}},"_links":{"self":[{"href":"https:\/\/redenoticiaz.com.br\/litoralsp\/wp-json\/wp\/v2\/posts\/11125","targetHints":{"allow":["GET"]}}],"collection":[{"href":"https:\/\/redenoticiaz.com.br\/litoralsp\/wp-json\/wp\/v2\/posts"}],"about":[{"href":"https:\/\/redenoticiaz.com.br\/litoralsp\/wp-json\/wp\/v2\/types\/post"}],"author":[{"embeddable":true,"href":"https:\/\/redenoticiaz.com.br\/litoralsp\/wp-json\/wp\/v2\/users\/6"}],"replies":[{"embeddable":true,"href":"https:\/\/redenoticiaz.com.br\/litoralsp\/wp-json\/wp\/v2\/comments?post=11125"}],"version-history":[{"count":1,"href":"https:\/\/redenoticiaz.com.br\/litoralsp\/wp-json\/wp\/v2\/posts\/11125\/revisions"}],"predecessor-version":[{"id":11127,"href":"https:\/\/redenoticiaz.com.br\/litoralsp\/wp-json\/wp\/v2\/posts\/11125\/revisions\/11127"}],"wp:featuredmedia":[{"embeddable":true,"href":"https:\/\/redenoticiaz.com.br\/litoralsp\/wp-json\/wp\/v2\/media\/11126"}],"wp:attachment":[{"href":"https:\/\/redenoticiaz.com.br\/litoralsp\/wp-json\/wp\/v2\/media?parent=11125"}],"wp:term":[{"taxonomy":"category","embeddable":true,"href":"https:\/\/redenoticiaz.com.br\/litoralsp\/wp-json\/wp\/v2\/categories?post=11125"},{"taxonomy":"post_tag","embeddable":true,"href":"https:\/\/redenoticiaz.com.br\/litoralsp\/wp-json\/wp\/v2\/tags?post=11125"}],"curies":[{"name":"wp","href":"https:\/\/api.w.org\/{rel}","templated":true}]}}