{"id":111250,"date":"2023-10-09T17:02:20","date_gmt":"2023-10-09T20:02:20","guid":{"rendered":"https:\/\/redenoticiaz.com.br\/litoralsp\/?p=111250"},"modified":"2023-10-09T17:02:20","modified_gmt":"2023-10-09T20:02:20","slug":"guarda-municipal-de-santos-prende-mais-um-procurado-pela-justica","status":"publish","type":"post","link":"https:\/\/redenoticiaz.com.br\/litoralsp\/2023\/10\/09\/guarda-municipal-de-santos-prende-mais-um-procurado-pela-justica","title":{"rendered":"Guarda Municipal de Santos prende mais um procurado pela Justi\u00e7a"},"content":{"rendered":"<div>A Guarda Civil Municipal (GCM) de Santos prendeu mais um procurado pela Justi\u00e7a circulando livre pela Cidade. Desde janeiro at\u00e9 o in\u00edcio de outubro, j\u00e1 s\u00e3o seis suspeitos com mandados de pris\u00e3o em aberto que foram detidos pelos agentes da corpora\u00e7\u00e3o.<\/div>\n<div><\/div>\n<div>O caso desta vez aconteceu na manh\u00e3 desta sexta-feira (6), quando uma equipe da GCM em\u00a0 patrulhamento preventivo na Avenida Governador Fernando Costa, na Ponta da Praia, se deparou com um indiv\u00edduo que, ao avistar a viatura, mudou o percurso, despertando a desconfian\u00e7a dos agentes.<\/div>\n<div><\/div>\n<div>O suspeito foi abordado e, ao ter seus dados pessoais consultados, os guardas municipais identificaram uma ordem de pris\u00e3o em aberto expedida neste ano pela comarca da Vara de Execu\u00e7\u00f5es Criminais e da Inf\u00e2ncia e Juventude de Praia Grande.<\/div>\n<div><\/div>\n<div>O foragido foi preso e conduzido ao 3 \u00b0 Distrito Policial, permanecendo \u00e0 disposi\u00e7\u00e3o\u00a0 da autoridade de plant\u00e3o.<\/div>\n<div><\/div>\n<div><strong>Leia mais<\/strong><\/div>\n<div><a href=\"https:\/\/redenoticiaz.com.br\/litoralsp\/2023\/10\/06\/unidade-de-gerenciamento-vai-acelerar-acoes-do-parque-valongo-em-santos\">Unidade de Gerenciamento vai acelerar a\u00e7\u00f5es do Parque Valongo em Santos<\/a><\/div>\n<div><a href=\"https:\/\/redenoticiaz.com.br\/litoralsp\/2023\/10\/04\/travessia-entre-santos-e-guaruja-ira-receber-investimento-de-r-724-milhoes\">Travessia entre Santos e Guaruj\u00e1 ir\u00e1 receber investimento de R$ 72,4 milh\u00f5es<\/a><\/div>\n<div><a href=\"https:\/\/redenoticiaz.com.br\/litoralsp\/2023\/10\/03\/video-incendio-atinge-apartamento-no-bairro-do-gonzaga-em-santos\">V\u00cdDEO \u2013 Inc\u00eandio atinge apartamento no bairro do Gonzaga em Santos<\/a><\/div>\n","protected":false},"excerpt":{"rendered":"<p>A Guarda Civil Municipal (GCM) de Santos prendeu mais um procurado pela Justi\u00e7a circulando livre pela Cidade. Desde janeiro at\u00e9 o in\u00edcio de outubro, j\u00e1 s\u00e3o seis suspeitos com mandados de pris\u00e3o em aberto que foram detidos pelos agentes da corpora\u00e7\u00e3o. O caso desta vez aconteceu na manh\u00e3 desta sexta-feira (6), quando uma equipe da &hellip;<\/p>\n","protected":false},"author":12,"featured_media":0,"comment_status":"open","ping_status":"closed","sticky":false,"template":"","format":"standard","meta":{"footnotes":""},"categories":[84],"tags":[67352,4244,43,11382,986],"class_list":["post-111250","post","type-post","status-publish","format-standard","hentry","category-mundo","tag-avenida-governador-fernando-costa","tag-gcm","tag-guarda-municipal","tag-ponta-da-praia","tag-santos"],"yoast_head":"<!-- This site is optimized with the Yoast SEO plugin v27.5 - https:\/\/yoast.com\/product\/yoast-seo-wordpress\/ -->\n<title>Guarda Municipal de Santos prende mais um procurado pela Justi\u00e7a - Litoral SP<\/title>\n<meta name=\"description\" content=\"A Guarda Civil Municipal (GCM) de Santos prendeu mais um procurado pela Justi\u00e7a circulando livre pela Cidade.\" \/>\n<meta name=\"robots\" content=\"index, follow, max-snippet:-1, max-image-preview:large, max-video-preview:-1\" \/>\n<link rel=\"canonical\" href=\"https:\/\/redenoticiaz.com.br\/litoralsp\/2023\/10\/09\/guarda-municipal-de-santos-prende-mais-um-procurado-pela-justica\" \/>\n<meta property=\"og:locale\" content=\"pt_BR\" \/>\n<meta property=\"og:type\" content=\"article\" \/>\n<meta property=\"og:title\" content=\"Guarda Municipal de Santos prende mais um procurado pela Justi\u00e7a - Litoral SP\" \/>\n<meta property=\"og:description\" content=\"A Guarda Civil Municipal (GCM) de Santos prendeu mais um procurado pela Justi\u00e7a circulando livre pela Cidade.\" \/>\n<meta property=\"og:url\" content=\"https:\/\/redenoticiaz.com.br\/litoralsp\/2023\/10\/09\/guarda-municipal-de-santos-prende-mais-um-procurado-pela-justica\" \/>\n<meta property=\"og:site_name\" content=\"Litoral SP\" \/>\n<meta property=\"article:published_time\" content=\"2023-10-09T20:02:20+00:00\" \/>\n<meta name=\"author\" content=\"Gustavo Silva\" \/>\n<meta name=\"twitter:card\" content=\"summary_large_image\" \/>\n<meta name=\"twitter:label1\" content=\"Escrito por\" \/>\n\t<meta name=\"twitter:data1\" content=\"Gustavo Silva\" \/>\n\t<meta name=\"twitter:label2\" content=\"Est. tempo de leitura\" \/>\n\t<meta name=\"twitter:data2\" content=\"1 minuto\" \/>\n<script type=\"application\/ld+json\" class=\"yoast-schema-graph\">{\"@context\":\"https:\\\/\\\/schema.org\",\"@graph\":[{\"@type\":\"Article\",\"@id\":\"https:\\\/\\\/redenoticiaz.com.br\\\/litoralsp\\\/2023\\\/10\\\/09\\\/guarda-municipal-de-santos-prende-mais-um-procurado-pela-justica#article\",\"isPartOf\":{\"@id\":\"https:\\\/\\\/redenoticiaz.com.br\\\/litoralsp\\\/2023\\\/10\\\/09\\\/guarda-municipal-de-santos-prende-mais-um-procurado-pela-justica\"},\"author\":{\"name\":\"Gustavo Silva\",\"@id\":\"https:\\\/\\\/redenoticiaz.com.br\\\/litoralsp\\\/#\\\/schema\\\/person\\\/16057b37a3c0ee6b096d7f887c566e2e\"},\"headline\":\"Guarda Municipal de Santos prende mais um procurado pela Justi\u00e7a\",\"datePublished\":\"2023-10-09T20:02:20+00:00\",\"mainEntityOfPage\":{\"@id\":\"https:\\\/\\\/redenoticiaz.com.br\\\/litoralsp\\\/2023\\\/10\\\/09\\\/guarda-municipal-de-santos-prende-mais-um-procurado-pela-justica\"},\"wordCount\":200,\"commentCount\":0,\"publisher\":{\"@id\":\"https:\\\/\\\/redenoticiaz.com.br\\\/litoralsp\\\/#organization\"},\"keywords\":[\"Avenida Governador Fernando Costa\",\"GCM\",\"guarda municipal\",\"PONTA DA PRAIA\",\"Santos\"],\"articleSection\":[\"Mundo\"],\"inLanguage\":\"pt-BR\",\"potentialAction\":[{\"@type\":\"CommentAction\",\"name\":\"Comment\",\"target\":[\"https:\\\/\\\/redenoticiaz.com.br\\\/litoralsp\\\/2023\\\/10\\\/09\\\/guarda-municipal-de-santos-prende-mais-um-procurado-pela-justica#respond\"]}]},{\"@type\":\"WebPage\",\"@id\":\"https:\\\/\\\/redenoticiaz.com.br\\\/litoralsp\\\/2023\\\/10\\\/09\\\/guarda-municipal-de-santos-prende-mais-um-procurado-pela-justica\",\"url\":\"https:\\\/\\\/redenoticiaz.com.br\\\/litoralsp\\\/2023\\\/10\\\/09\\\/guarda-municipal-de-santos-prende-mais-um-procurado-pela-justica\",\"name\":\"Guarda Municipal de Santos prende mais um procurado pela Justi\u00e7a - Litoral SP\",\"isPartOf\":{\"@id\":\"https:\\\/\\\/redenoticiaz.com.br\\\/litoralsp\\\/#website\"},\"datePublished\":\"2023-10-09T20:02:20+00:00\",\"description\":\"A Guarda Civil Municipal (GCM) de Santos prendeu mais um procurado pela Justi\u00e7a circulando livre pela Cidade.\",\"inLanguage\":\"pt-BR\",\"potentialAction\":[{\"@type\":\"ReadAction\",\"target\":[\"https:\\\/\\\/redenoticiaz.com.br\\\/litoralsp\\\/2023\\\/10\\\/09\\\/guarda-municipal-de-santos-prende-mais-um-procurado-pela-justica\"]}]},{\"@type\":\"WebSite\",\"@id\":\"https:\\\/\\\/redenoticiaz.com.br\\\/litoralsp\\\/#website\",\"url\":\"https:\\\/\\\/redenoticiaz.com.br\\\/litoralsp\\\/\",\"name\":\"Litoral SP\",\"description\":\"Rede NoticiaZ\",\"publisher\":{\"@id\":\"https:\\\/\\\/redenoticiaz.com.br\\\/litoralsp\\\/#organization\"},\"potentialAction\":[{\"@type\":\"SearchAction\",\"target\":{\"@type\":\"EntryPoint\",\"urlTemplate\":\"https:\\\/\\\/redenoticiaz.com.br\\\/litoralsp\\\/?s={search_term_string}\"},\"query-input\":{\"@type\":\"PropertyValueSpecification\",\"valueRequired\":true,\"valueName\":\"search_term_string\"}}],\"inLanguage\":\"pt-BR\"},{\"@type\":\"Organization\",\"@id\":\"https:\\\/\\\/redenoticiaz.com.br\\\/litoralsp\\\/#organization\",\"name\":\"Litoral SP\",\"url\":\"https:\\\/\\\/redenoticiaz.com.br\\\/litoralsp\\\/\",\"logo\":{\"@type\":\"ImageObject\",\"inLanguage\":\"pt-BR\",\"@id\":\"https:\\\/\\\/redenoticiaz.com.br\\\/litoralsp\\\/#\\\/schema\\\/logo\\\/image\\\/\",\"url\":\"https:\\\/\\\/redenoticiaz.com.br\\\/litoralsp\\\/wp-content\\\/uploads\\\/sites\\\/3\\\/2020\\\/11\\\/logo.jpg\",\"contentUrl\":\"https:\\\/\\\/redenoticiaz.com.br\\\/litoralsp\\\/wp-content\\\/uploads\\\/sites\\\/3\\\/2020\\\/11\\\/logo.jpg\",\"width\":400,\"height\":250,\"caption\":\"Litoral SP\"},\"image\":{\"@id\":\"https:\\\/\\\/redenoticiaz.com.br\\\/litoralsp\\\/#\\\/schema\\\/logo\\\/image\\\/\"}},{\"@type\":\"Person\",\"@id\":\"https:\\\/\\\/redenoticiaz.com.br\\\/litoralsp\\\/#\\\/schema\\\/person\\\/16057b37a3c0ee6b096d7f887c566e2e\",\"name\":\"Gustavo Silva\",\"image\":{\"@type\":\"ImageObject\",\"inLanguage\":\"pt-BR\",\"@id\":\"https:\\\/\\\/secure.gravatar.com\\\/avatar\\\/3ee4e82f93b26de0a7cf4ea5eb7893da637ed6bb0c9170c58065944c56e28a33?s=96&d=mm&r=g\",\"url\":\"https:\\\/\\\/secure.gravatar.com\\\/avatar\\\/3ee4e82f93b26de0a7cf4ea5eb7893da637ed6bb0c9170c58065944c56e28a33?s=96&d=mm&r=g\",\"contentUrl\":\"https:\\\/\\\/secure.gravatar.com\\\/avatar\\\/3ee4e82f93b26de0a7cf4ea5eb7893da637ed6bb0c9170c58065944c56e28a33?s=96&d=mm&r=g\",\"caption\":\"Gustavo Silva\"},\"url\":\"https:\\\/\\\/redenoticiaz.com.br\\\/litoralsp\\\/author\\\/gustavosilva\"}]}<\/script>\n<!-- \/ Yoast SEO plugin. -->","yoast_head_json":{"title":"Guarda Municipal de Santos prende mais um procurado pela Justi\u00e7a - Litoral SP","description":"A Guarda Civil Municipal (GCM) de Santos prendeu mais um procurado pela Justi\u00e7a circulando livre pela Cidade.","robots":{"index":"index","follow":"follow","max-snippet":"max-snippet:-1","max-image-preview":"max-image-preview:large","max-video-preview":"max-video-preview:-1"},"canonical":"https:\/\/redenoticiaz.com.br\/litoralsp\/2023\/10\/09\/guarda-municipal-de-santos-prende-mais-um-procurado-pela-justica","og_locale":"pt_BR","og_type":"article","og_title":"Guarda Municipal de Santos prende mais um procurado pela Justi\u00e7a - Litoral SP","og_description":"A Guarda Civil Municipal (GCM) de Santos prendeu mais um procurado pela Justi\u00e7a circulando livre pela Cidade.","og_url":"https:\/\/redenoticiaz.com.br\/litoralsp\/2023\/10\/09\/guarda-municipal-de-santos-prende-mais-um-procurado-pela-justica","og_site_name":"Litoral SP","article_published_time":"2023-10-09T20:02:20+00:00","author":"Gustavo Silva","twitter_card":"summary_large_image","twitter_misc":{"Escrito por":"Gustavo Silva","Est. tempo de leitura":"1 minuto"},"schema":{"@context":"https:\/\/schema.org","@graph":[{"@type":"Article","@id":"https:\/\/redenoticiaz.com.br\/litoralsp\/2023\/10\/09\/guarda-municipal-de-santos-prende-mais-um-procurado-pela-justica#article","isPartOf":{"@id":"https:\/\/redenoticiaz.com.br\/litoralsp\/2023\/10\/09\/guarda-municipal-de-santos-prende-mais-um-procurado-pela-justica"},"author":{"name":"Gustavo Silva","@id":"https:\/\/redenoticiaz.com.br\/litoralsp\/#\/schema\/person\/16057b37a3c0ee6b096d7f887c566e2e"},"headline":"Guarda Municipal de Santos prende mais um procurado pela Justi\u00e7a","datePublished":"2023-10-09T20:02:20+00:00","mainEntityOfPage":{"@id":"https:\/\/redenoticiaz.com.br\/litoralsp\/2023\/10\/09\/guarda-municipal-de-santos-prende-mais-um-procurado-pela-justica"},"wordCount":200,"commentCount":0,"publisher":{"@id":"https:\/\/redenoticiaz.com.br\/litoralsp\/#organization"},"keywords":["Avenida Governador Fernando Costa","GCM","guarda municipal","PONTA DA PRAIA","Santos"],"articleSection":["Mundo"],"inLanguage":"pt-BR","potentialAction":[{"@type":"CommentAction","name":"Comment","target":["https:\/\/redenoticiaz.com.br\/litoralsp\/2023\/10\/09\/guarda-municipal-de-santos-prende-mais-um-procurado-pela-justica#respond"]}]},{"@type":"WebPage","@id":"https:\/\/redenoticiaz.com.br\/litoralsp\/2023\/10\/09\/guarda-municipal-de-santos-prende-mais-um-procurado-pela-justica","url":"https:\/\/redenoticiaz.com.br\/litoralsp\/2023\/10\/09\/guarda-municipal-de-santos-prende-mais-um-procurado-pela-justica","name":"Guarda Municipal de Santos prende mais um procurado pela Justi\u00e7a - Litoral SP","isPartOf":{"@id":"https:\/\/redenoticiaz.com.br\/litoralsp\/#website"},"datePublished":"2023-10-09T20:02:20+00:00","description":"A Guarda Civil Municipal (GCM) de Santos prendeu mais um procurado pela Justi\u00e7a circulando livre pela Cidade.","inLanguage":"pt-BR","potentialAction":[{"@type":"ReadAction","target":["https:\/\/redenoticiaz.com.br\/litoralsp\/2023\/10\/09\/guarda-municipal-de-santos-prende-mais-um-procurado-pela-justica"]}]},{"@type":"WebSite","@id":"https:\/\/redenoticiaz.com.br\/litoralsp\/#website","url":"https:\/\/redenoticiaz.com.br\/litoralsp\/","name":"Litoral SP","description":"Rede NoticiaZ","publisher":{"@id":"https:\/\/redenoticiaz.com.br\/litoralsp\/#organization"},"potentialAction":[{"@type":"SearchAction","target":{"@type":"EntryPoint","urlTemplate":"https:\/\/redenoticiaz.com.br\/litoralsp\/?s={search_term_string}"},"query-input":{"@type":"PropertyValueSpecification","valueRequired":true,"valueName":"search_term_string"}}],"inLanguage":"pt-BR"},{"@type":"Organization","@id":"https:\/\/redenoticiaz.com.br\/litoralsp\/#organization","name":"Litoral SP","url":"https:\/\/redenoticiaz.com.br\/litoralsp\/","logo":{"@type":"ImageObject","inLanguage":"pt-BR","@id":"https:\/\/redenoticiaz.com.br\/litoralsp\/#\/schema\/logo\/image\/","url":"https:\/\/redenoticiaz.com.br\/litoralsp\/wp-content\/uploads\/sites\/3\/2020\/11\/logo.jpg","contentUrl":"https:\/\/redenoticiaz.com.br\/litoralsp\/wp-content\/uploads\/sites\/3\/2020\/11\/logo.jpg","width":400,"height":250,"caption":"Litoral SP"},"image":{"@id":"https:\/\/redenoticiaz.com.br\/litoralsp\/#\/schema\/logo\/image\/"}},{"@type":"Person","@id":"https:\/\/redenoticiaz.com.br\/litoralsp\/#\/schema\/person\/16057b37a3c0ee6b096d7f887c566e2e","name":"Gustavo Silva","image":{"@type":"ImageObject","inLanguage":"pt-BR","@id":"https:\/\/secure.gravatar.com\/avatar\/3ee4e82f93b26de0a7cf4ea5eb7893da637ed6bb0c9170c58065944c56e28a33?s=96&d=mm&r=g","url":"https:\/\/secure.gravatar.com\/avatar\/3ee4e82f93b26de0a7cf4ea5eb7893da637ed6bb0c9170c58065944c56e28a33?s=96&d=mm&r=g","contentUrl":"https:\/\/secure.gravatar.com\/avatar\/3ee4e82f93b26de0a7cf4ea5eb7893da637ed6bb0c9170c58065944c56e28a33?s=96&d=mm&r=g","caption":"Gustavo Silva"},"url":"https:\/\/redenoticiaz.com.br\/litoralsp\/author\/gustavosilva"}]}},"_links":{"self":[{"href":"https:\/\/redenoticiaz.com.br\/litoralsp\/wp-json\/wp\/v2\/posts\/111250","targetHints":{"allow":["GET"]}}],"collection":[{"href":"https:\/\/redenoticiaz.com.br\/litoralsp\/wp-json\/wp\/v2\/posts"}],"about":[{"href":"https:\/\/redenoticiaz.com.br\/litoralsp\/wp-json\/wp\/v2\/types\/post"}],"author":[{"embeddable":true,"href":"https:\/\/redenoticiaz.com.br\/litoralsp\/wp-json\/wp\/v2\/users\/12"}],"replies":[{"embeddable":true,"href":"https:\/\/redenoticiaz.com.br\/litoralsp\/wp-json\/wp\/v2\/comments?post=111250"}],"version-history":[{"count":1,"href":"https:\/\/redenoticiaz.com.br\/litoralsp\/wp-json\/wp\/v2\/posts\/111250\/revisions"}],"predecessor-version":[{"id":111251,"href":"https:\/\/redenoticiaz.com.br\/litoralsp\/wp-json\/wp\/v2\/posts\/111250\/revisions\/111251"}],"wp:attachment":[{"href":"https:\/\/redenoticiaz.com.br\/litoralsp\/wp-json\/wp\/v2\/media?parent=111250"}],"wp:term":[{"taxonomy":"category","embeddable":true,"href":"https:\/\/redenoticiaz.com.br\/litoralsp\/wp-json\/wp\/v2\/categories?post=111250"},{"taxonomy":"post_tag","embeddable":true,"href":"https:\/\/redenoticiaz.com.br\/litoralsp\/wp-json\/wp\/v2\/tags?post=111250"}],"curies":[{"name":"wp","href":"https:\/\/api.w.org\/{rel}","templated":true}]}}