{"id":111292,"date":"2023-10-14T11:00:23","date_gmt":"2023-10-14T14:00:23","guid":{"rendered":"https:\/\/redenoticiaz.com.br\/litoralsp\/?p=111292"},"modified":"2023-10-10T20:58:32","modified_gmt":"2023-10-10T23:58:32","slug":"analfabetismo-em-criancas-brasileiras-dobra-durante-a-pandemia","status":"publish","type":"post","link":"https:\/\/redenoticiaz.com.br\/litoralsp\/2023\/10\/14\/analfabetismo-em-criancas-brasileiras-dobra-durante-a-pandemia","title":{"rendered":"Analfabetismo em crian\u00e7as brasileiras dobra durante a pandemia"},"content":{"rendered":"<p>Apesar da pandemia da covid-19, que causou impactos econ\u00f4micos e sociais no pa\u00eds e no mundo, o Brasil apresentou melhora em \u00edndices de pobreza na inf\u00e2ncia. No entanto, viu dobrar a taxa de analfabetismo em crian\u00e7as. Os dados constam do relat\u00f3rio Pobreza Multidimensional na Inf\u00e2ncia e Adolesc\u00eancia no Brasil, divulgado nesta ter\u00e7a-feira (10) pelo Fundo das Na\u00e7\u00f5es Unidas para a Inf\u00e2ncia (Unicef).<img decoding=\"async\" src=\"https:\/\/agenciabrasil.ebc.com.br\/ebc.png?id=1559952&amp;o=node\" \/><img decoding=\"async\" src=\"https:\/\/agenciabrasil.ebc.com.br\/ebc.gif?id=1559952&amp;o=node\" \/><\/p>\n<p>Para medir a pobreza multidimensional, o Unicef avalia o acesso de crian\u00e7as e adolescentes a seis direitos b\u00e1sicos: renda, educa\u00e7\u00e3o, informa\u00e7\u00e3o, \u00e1gua, saneamento e moradia. Foram contabilizadas situa\u00e7\u00f5es de priva\u00e7\u00e3o intermedi\u00e1ria, ou seja, quando h\u00e1 dificuldades de exercer os direitos; e extrema, quando n\u00e3o h\u00e1 o acesso. O relat\u00f3rio se baseia na Pesquisa Nacional por Amostra de Domic\u00edlios Cont\u00ednua (Pnad Cont\u00ednua), do Instituto Brasileiro de Geografia e Estat\u00edstica (IBGE).<\/p>\n<p>\u201cA gente parte do princ\u00edpio de que os direitos das crian\u00e7as s\u00e3o priorit\u00e1rios e todos s\u00e3o igualmente importantes\u201d, explica Santiago Varella, especialista em pol\u00edticas sociais do Unicef.<\/p>\n<p>A pesquisa mostra que o Brasil conseguiu reduzir o percentual de pessoas at\u00e9 17 anos de idade com alguma priva\u00e7\u00e3o. Em 2016, a propor\u00e7\u00e3o era de 66,1%. Em 2019, \u00faltimo ano antes da pandemia, 62,9%. Em 2022, a taxa ficou em 60,3%. Esse percentual representa 31,9 milh\u00f5es de crian\u00e7as e adolescentes de um total de 52,8 milh\u00f5es no pa\u00eds. &#8220;Uma tend\u00eancia de queda que a gente acha muito lenta ainda\u201d, avalia Varella.<\/p>\n<p>&#8220;Olhar a pobreza multidimensional tendo a perspectiva temporal de 2022 \u00e9 muito relevante porque a gente come\u00e7a a entender o que est\u00e1 significando para a vida das crian\u00e7as e dos adolescentes a recupera\u00e7\u00e3o do per\u00edodo p\u00f3s-pandemia&#8221;, disse.<\/p>\n<p><strong>Leia mais<\/strong><\/p>\n<p><a href=\"https:\/\/redenoticiaz.com.br\/blog\/2023\/10\/10\/gestores-visitam-belgica-em-busca-de-tecnologia-para-o-centro-integrado-de-emergencia\">Gestores visitam B\u00e9lgica em busca de tecnologia para o Centro Integrado de Emerg\u00eancia<\/a><\/p>\n<p><a href=\"https:\/\/redenoticiaz.com.br\/blog\/2023\/04\/23\/unicef-mundo-vive-maior-retrocesso-na-vacinacao-infantil-em-30-anos\">Unicef: mundo vive maior retrocesso na vacina\u00e7\u00e3o infantil em 30 anos<\/a><\/p>\n","protected":false},"excerpt":{"rendered":"<p>Apesar da pandemia da covid-19, que causou impactos econ\u00f4micos e sociais no pa\u00eds e no mundo, o Brasil apresentou melhora em \u00edndices de pobreza na inf\u00e2ncia. No entanto, viu dobrar a taxa de analfabetismo em crian\u00e7as. Os dados constam do relat\u00f3rio Pobreza Multidimensional na Inf\u00e2ncia e Adolesc\u00eancia no Brasil, divulgado nesta ter\u00e7a-feira (10) pelo Fundo &hellip;<\/p>\n","protected":false},"author":12,"featured_media":111293,"comment_status":"open","ping_status":"closed","sticky":false,"template":"","format":"standard","meta":{"footnotes":""},"categories":[1625,44],"tags":[67357,2151,26,31579],"class_list":["post-111292","post","type-post","status-publish","format-standard","has-post-thumbnail","hentry","category-direitos-humanos","category-educacao","tag-analfabetismo","tag-ibge","tag-pandemia","tag-pos-pandemia"],"yoast_head":"<!-- This site is optimized with the Yoast SEO plugin v27.5 - https:\/\/yoast.com\/product\/yoast-seo-wordpress\/ -->\n<title>Analfabetismo em crian\u00e7as brasileiras dobra durante a pandemia - Litoral SP<\/title>\n<meta name=\"description\" content=\"Apesar da pandemia da covid-19, que causou impactos econ\u00f4micos e sociais no pa\u00eds e no mundo, o Brasil apresentou melhora em \u00edndices de pobreza na inf\u00e2ncia.\" \/>\n<meta name=\"robots\" content=\"index, follow, max-snippet:-1, max-image-preview:large, max-video-preview:-1\" \/>\n<link rel=\"canonical\" href=\"https:\/\/redenoticiaz.com.br\/litoralsp\/2023\/10\/14\/analfabetismo-em-criancas-brasileiras-dobra-durante-a-pandemia\" \/>\n<meta property=\"og:locale\" content=\"pt_BR\" \/>\n<meta property=\"og:type\" content=\"article\" \/>\n<meta property=\"og:title\" content=\"Analfabetismo em crian\u00e7as brasileiras dobra durante a pandemia - Litoral SP\" \/>\n<meta property=\"og:description\" content=\"Apesar da pandemia da covid-19, que causou impactos econ\u00f4micos e sociais no pa\u00eds e no mundo, o Brasil apresentou melhora em \u00edndices de pobreza na inf\u00e2ncia.\" \/>\n<meta property=\"og:url\" content=\"https:\/\/redenoticiaz.com.br\/litoralsp\/2023\/10\/14\/analfabetismo-em-criancas-brasileiras-dobra-durante-a-pandemia\" \/>\n<meta property=\"og:site_name\" content=\"Litoral SP\" \/>\n<meta property=\"article:published_time\" content=\"2023-10-14T14:00:23+00:00\" \/>\n<meta property=\"og:image\" content=\"https:\/\/redenoticiaz.com.br\/litoralsp\/wp-content\/uploads\/sites\/3\/2023\/10\/arquivo_escola.jpg?v=1696982119\" \/>\n\t<meta property=\"og:image:width\" content=\"1170\" \/>\n\t<meta property=\"og:image:height\" content=\"700\" \/>\n\t<meta property=\"og:image:type\" content=\"image\/jpeg\" \/>\n<meta name=\"author\" content=\"Gustavo Silva\" \/>\n<meta name=\"twitter:card\" content=\"summary_large_image\" \/>\n<meta name=\"twitter:label1\" content=\"Escrito por\" \/>\n\t<meta name=\"twitter:data1\" content=\"Gustavo Silva\" \/>\n\t<meta name=\"twitter:label2\" content=\"Est. tempo de leitura\" \/>\n\t<meta name=\"twitter:data2\" content=\"3 minutos\" \/>\n<script type=\"application\/ld+json\" class=\"yoast-schema-graph\">{\"@context\":\"https:\\\/\\\/schema.org\",\"@graph\":[{\"@type\":\"Article\",\"@id\":\"https:\\\/\\\/redenoticiaz.com.br\\\/litoralsp\\\/2023\\\/10\\\/14\\\/analfabetismo-em-criancas-brasileiras-dobra-durante-a-pandemia#article\",\"isPartOf\":{\"@id\":\"https:\\\/\\\/redenoticiaz.com.br\\\/litoralsp\\\/2023\\\/10\\\/14\\\/analfabetismo-em-criancas-brasileiras-dobra-durante-a-pandemia\"},\"author\":{\"name\":\"Gustavo Silva\",\"@id\":\"https:\\\/\\\/redenoticiaz.com.br\\\/litoralsp\\\/#\\\/schema\\\/person\\\/16057b37a3c0ee6b096d7f887c566e2e\"},\"headline\":\"Analfabetismo em crian\u00e7as brasileiras dobra durante a pandemia\",\"datePublished\":\"2023-10-14T14:00:23+00:00\",\"mainEntityOfPage\":{\"@id\":\"https:\\\/\\\/redenoticiaz.com.br\\\/litoralsp\\\/2023\\\/10\\\/14\\\/analfabetismo-em-criancas-brasileiras-dobra-durante-a-pandemia\"},\"wordCount\":333,\"commentCount\":0,\"publisher\":{\"@id\":\"https:\\\/\\\/redenoticiaz.com.br\\\/litoralsp\\\/#organization\"},\"image\":{\"@id\":\"https:\\\/\\\/redenoticiaz.com.br\\\/litoralsp\\\/2023\\\/10\\\/14\\\/analfabetismo-em-criancas-brasileiras-dobra-durante-a-pandemia#primaryimage\"},\"thumbnailUrl\":\"https:\\\/\\\/redenoticiaz.com.br\\\/litoralsp\\\/wp-content\\\/uploads\\\/sites\\\/3\\\/2023\\\/10\\\/arquivo_escola.jpg?v=1696982119\",\"keywords\":[\"analfabetismo\",\"IBGE\",\"Pandemia\",\"P\u00d3S PANDEMIA\"],\"articleSection\":[\"Direitos Humanos\",\"Educa\u00e7\u00e3o\"],\"inLanguage\":\"pt-BR\",\"potentialAction\":[{\"@type\":\"CommentAction\",\"name\":\"Comment\",\"target\":[\"https:\\\/\\\/redenoticiaz.com.br\\\/litoralsp\\\/2023\\\/10\\\/14\\\/analfabetismo-em-criancas-brasileiras-dobra-durante-a-pandemia#respond\"]}]},{\"@type\":\"WebPage\",\"@id\":\"https:\\\/\\\/redenoticiaz.com.br\\\/litoralsp\\\/2023\\\/10\\\/14\\\/analfabetismo-em-criancas-brasileiras-dobra-durante-a-pandemia\",\"url\":\"https:\\\/\\\/redenoticiaz.com.br\\\/litoralsp\\\/2023\\\/10\\\/14\\\/analfabetismo-em-criancas-brasileiras-dobra-durante-a-pandemia\",\"name\":\"Analfabetismo em crian\u00e7as brasileiras dobra durante a pandemia - Litoral SP\",\"isPartOf\":{\"@id\":\"https:\\\/\\\/redenoticiaz.com.br\\\/litoralsp\\\/#website\"},\"primaryImageOfPage\":{\"@id\":\"https:\\\/\\\/redenoticiaz.com.br\\\/litoralsp\\\/2023\\\/10\\\/14\\\/analfabetismo-em-criancas-brasileiras-dobra-durante-a-pandemia#primaryimage\"},\"image\":{\"@id\":\"https:\\\/\\\/redenoticiaz.com.br\\\/litoralsp\\\/2023\\\/10\\\/14\\\/analfabetismo-em-criancas-brasileiras-dobra-durante-a-pandemia#primaryimage\"},\"thumbnailUrl\":\"https:\\\/\\\/redenoticiaz.com.br\\\/litoralsp\\\/wp-content\\\/uploads\\\/sites\\\/3\\\/2023\\\/10\\\/arquivo_escola.jpg?v=1696982119\",\"datePublished\":\"2023-10-14T14:00:23+00:00\",\"description\":\"Apesar da pandemia da covid-19, que causou impactos econ\u00f4micos e sociais no pa\u00eds e no mundo, o Brasil apresentou melhora em \u00edndices de pobreza na inf\u00e2ncia.\",\"inLanguage\":\"pt-BR\",\"potentialAction\":[{\"@type\":\"ReadAction\",\"target\":[\"https:\\\/\\\/redenoticiaz.com.br\\\/litoralsp\\\/2023\\\/10\\\/14\\\/analfabetismo-em-criancas-brasileiras-dobra-durante-a-pandemia\"]}]},{\"@type\":\"ImageObject\",\"inLanguage\":\"pt-BR\",\"@id\":\"https:\\\/\\\/redenoticiaz.com.br\\\/litoralsp\\\/2023\\\/10\\\/14\\\/analfabetismo-em-criancas-brasileiras-dobra-durante-a-pandemia#primaryimage\",\"url\":\"https:\\\/\\\/redenoticiaz.com.br\\\/litoralsp\\\/wp-content\\\/uploads\\\/sites\\\/3\\\/2023\\\/10\\\/arquivo_escola.jpg?v=1696982119\",\"contentUrl\":\"https:\\\/\\\/redenoticiaz.com.br\\\/litoralsp\\\/wp-content\\\/uploads\\\/sites\\\/3\\\/2023\\\/10\\\/arquivo_escola.jpg?v=1696982119\",\"width\":1170,\"height\":700,\"caption\":\"Analfabetismo em crian\u00e7as brasileiras dobra durante a pandemia\"},{\"@type\":\"WebSite\",\"@id\":\"https:\\\/\\\/redenoticiaz.com.br\\\/litoralsp\\\/#website\",\"url\":\"https:\\\/\\\/redenoticiaz.com.br\\\/litoralsp\\\/\",\"name\":\"Litoral SP\",\"description\":\"Rede NoticiaZ\",\"publisher\":{\"@id\":\"https:\\\/\\\/redenoticiaz.com.br\\\/litoralsp\\\/#organization\"},\"potentialAction\":[{\"@type\":\"SearchAction\",\"target\":{\"@type\":\"EntryPoint\",\"urlTemplate\":\"https:\\\/\\\/redenoticiaz.com.br\\\/litoralsp\\\/?s={search_term_string}\"},\"query-input\":{\"@type\":\"PropertyValueSpecification\",\"valueRequired\":true,\"valueName\":\"search_term_string\"}}],\"inLanguage\":\"pt-BR\"},{\"@type\":\"Organization\",\"@id\":\"https:\\\/\\\/redenoticiaz.com.br\\\/litoralsp\\\/#organization\",\"name\":\"Litoral SP\",\"url\":\"https:\\\/\\\/redenoticiaz.com.br\\\/litoralsp\\\/\",\"logo\":{\"@type\":\"ImageObject\",\"inLanguage\":\"pt-BR\",\"@id\":\"https:\\\/\\\/redenoticiaz.com.br\\\/litoralsp\\\/#\\\/schema\\\/logo\\\/image\\\/\",\"url\":\"https:\\\/\\\/redenoticiaz.com.br\\\/litoralsp\\\/wp-content\\\/uploads\\\/sites\\\/3\\\/2020\\\/11\\\/logo.jpg\",\"contentUrl\":\"https:\\\/\\\/redenoticiaz.com.br\\\/litoralsp\\\/wp-content\\\/uploads\\\/sites\\\/3\\\/2020\\\/11\\\/logo.jpg\",\"width\":400,\"height\":250,\"caption\":\"Litoral SP\"},\"image\":{\"@id\":\"https:\\\/\\\/redenoticiaz.com.br\\\/litoralsp\\\/#\\\/schema\\\/logo\\\/image\\\/\"}},{\"@type\":\"Person\",\"@id\":\"https:\\\/\\\/redenoticiaz.com.br\\\/litoralsp\\\/#\\\/schema\\\/person\\\/16057b37a3c0ee6b096d7f887c566e2e\",\"name\":\"Gustavo Silva\",\"image\":{\"@type\":\"ImageObject\",\"inLanguage\":\"pt-BR\",\"@id\":\"https:\\\/\\\/secure.gravatar.com\\\/avatar\\\/3ee4e82f93b26de0a7cf4ea5eb7893da637ed6bb0c9170c58065944c56e28a33?s=96&d=mm&r=g\",\"url\":\"https:\\\/\\\/secure.gravatar.com\\\/avatar\\\/3ee4e82f93b26de0a7cf4ea5eb7893da637ed6bb0c9170c58065944c56e28a33?s=96&d=mm&r=g\",\"contentUrl\":\"https:\\\/\\\/secure.gravatar.com\\\/avatar\\\/3ee4e82f93b26de0a7cf4ea5eb7893da637ed6bb0c9170c58065944c56e28a33?s=96&d=mm&r=g\",\"caption\":\"Gustavo Silva\"},\"url\":\"https:\\\/\\\/redenoticiaz.com.br\\\/litoralsp\\\/author\\\/gustavosilva\"}]}<\/script>\n<!-- \/ Yoast SEO plugin. -->","yoast_head_json":{"title":"Analfabetismo em crian\u00e7as brasileiras dobra durante a pandemia - Litoral SP","description":"Apesar da pandemia da covid-19, que causou impactos econ\u00f4micos e sociais no pa\u00eds e no mundo, o Brasil apresentou melhora em \u00edndices de pobreza na inf\u00e2ncia.","robots":{"index":"index","follow":"follow","max-snippet":"max-snippet:-1","max-image-preview":"max-image-preview:large","max-video-preview":"max-video-preview:-1"},"canonical":"https:\/\/redenoticiaz.com.br\/litoralsp\/2023\/10\/14\/analfabetismo-em-criancas-brasileiras-dobra-durante-a-pandemia","og_locale":"pt_BR","og_type":"article","og_title":"Analfabetismo em crian\u00e7as brasileiras dobra durante a pandemia - Litoral SP","og_description":"Apesar da pandemia da covid-19, que causou impactos econ\u00f4micos e sociais no pa\u00eds e no mundo, o Brasil apresentou melhora em \u00edndices de pobreza na inf\u00e2ncia.","og_url":"https:\/\/redenoticiaz.com.br\/litoralsp\/2023\/10\/14\/analfabetismo-em-criancas-brasileiras-dobra-durante-a-pandemia","og_site_name":"Litoral SP","article_published_time":"2023-10-14T14:00:23+00:00","og_image":[{"width":1170,"height":700,"url":"https:\/\/redenoticiaz.com.br\/litoralsp\/wp-content\/uploads\/sites\/3\/2023\/10\/arquivo_escola.jpg?v=1696982119","type":"image\/jpeg"}],"author":"Gustavo Silva","twitter_card":"summary_large_image","twitter_misc":{"Escrito por":"Gustavo Silva","Est. tempo de leitura":"3 minutos"},"schema":{"@context":"https:\/\/schema.org","@graph":[{"@type":"Article","@id":"https:\/\/redenoticiaz.com.br\/litoralsp\/2023\/10\/14\/analfabetismo-em-criancas-brasileiras-dobra-durante-a-pandemia#article","isPartOf":{"@id":"https:\/\/redenoticiaz.com.br\/litoralsp\/2023\/10\/14\/analfabetismo-em-criancas-brasileiras-dobra-durante-a-pandemia"},"author":{"name":"Gustavo Silva","@id":"https:\/\/redenoticiaz.com.br\/litoralsp\/#\/schema\/person\/16057b37a3c0ee6b096d7f887c566e2e"},"headline":"Analfabetismo em crian\u00e7as brasileiras dobra durante a pandemia","datePublished":"2023-10-14T14:00:23+00:00","mainEntityOfPage":{"@id":"https:\/\/redenoticiaz.com.br\/litoralsp\/2023\/10\/14\/analfabetismo-em-criancas-brasileiras-dobra-durante-a-pandemia"},"wordCount":333,"commentCount":0,"publisher":{"@id":"https:\/\/redenoticiaz.com.br\/litoralsp\/#organization"},"image":{"@id":"https:\/\/redenoticiaz.com.br\/litoralsp\/2023\/10\/14\/analfabetismo-em-criancas-brasileiras-dobra-durante-a-pandemia#primaryimage"},"thumbnailUrl":"https:\/\/redenoticiaz.com.br\/litoralsp\/wp-content\/uploads\/sites\/3\/2023\/10\/arquivo_escola.jpg?v=1696982119","keywords":["analfabetismo","IBGE","Pandemia","P\u00d3S PANDEMIA"],"articleSection":["Direitos Humanos","Educa\u00e7\u00e3o"],"inLanguage":"pt-BR","potentialAction":[{"@type":"CommentAction","name":"Comment","target":["https:\/\/redenoticiaz.com.br\/litoralsp\/2023\/10\/14\/analfabetismo-em-criancas-brasileiras-dobra-durante-a-pandemia#respond"]}]},{"@type":"WebPage","@id":"https:\/\/redenoticiaz.com.br\/litoralsp\/2023\/10\/14\/analfabetismo-em-criancas-brasileiras-dobra-durante-a-pandemia","url":"https:\/\/redenoticiaz.com.br\/litoralsp\/2023\/10\/14\/analfabetismo-em-criancas-brasileiras-dobra-durante-a-pandemia","name":"Analfabetismo em crian\u00e7as brasileiras dobra durante a pandemia - Litoral SP","isPartOf":{"@id":"https:\/\/redenoticiaz.com.br\/litoralsp\/#website"},"primaryImageOfPage":{"@id":"https:\/\/redenoticiaz.com.br\/litoralsp\/2023\/10\/14\/analfabetismo-em-criancas-brasileiras-dobra-durante-a-pandemia#primaryimage"},"image":{"@id":"https:\/\/redenoticiaz.com.br\/litoralsp\/2023\/10\/14\/analfabetismo-em-criancas-brasileiras-dobra-durante-a-pandemia#primaryimage"},"thumbnailUrl":"https:\/\/redenoticiaz.com.br\/litoralsp\/wp-content\/uploads\/sites\/3\/2023\/10\/arquivo_escola.jpg?v=1696982119","datePublished":"2023-10-14T14:00:23+00:00","description":"Apesar da pandemia da covid-19, que causou impactos econ\u00f4micos e sociais no pa\u00eds e no mundo, o Brasil apresentou melhora em \u00edndices de pobreza na inf\u00e2ncia.","inLanguage":"pt-BR","potentialAction":[{"@type":"ReadAction","target":["https:\/\/redenoticiaz.com.br\/litoralsp\/2023\/10\/14\/analfabetismo-em-criancas-brasileiras-dobra-durante-a-pandemia"]}]},{"@type":"ImageObject","inLanguage":"pt-BR","@id":"https:\/\/redenoticiaz.com.br\/litoralsp\/2023\/10\/14\/analfabetismo-em-criancas-brasileiras-dobra-durante-a-pandemia#primaryimage","url":"https:\/\/redenoticiaz.com.br\/litoralsp\/wp-content\/uploads\/sites\/3\/2023\/10\/arquivo_escola.jpg?v=1696982119","contentUrl":"https:\/\/redenoticiaz.com.br\/litoralsp\/wp-content\/uploads\/sites\/3\/2023\/10\/arquivo_escola.jpg?v=1696982119","width":1170,"height":700,"caption":"Analfabetismo em crian\u00e7as brasileiras dobra durante a pandemia"},{"@type":"WebSite","@id":"https:\/\/redenoticiaz.com.br\/litoralsp\/#website","url":"https:\/\/redenoticiaz.com.br\/litoralsp\/","name":"Litoral SP","description":"Rede NoticiaZ","publisher":{"@id":"https:\/\/redenoticiaz.com.br\/litoralsp\/#organization"},"potentialAction":[{"@type":"SearchAction","target":{"@type":"EntryPoint","urlTemplate":"https:\/\/redenoticiaz.com.br\/litoralsp\/?s={search_term_string}"},"query-input":{"@type":"PropertyValueSpecification","valueRequired":true,"valueName":"search_term_string"}}],"inLanguage":"pt-BR"},{"@type":"Organization","@id":"https:\/\/redenoticiaz.com.br\/litoralsp\/#organization","name":"Litoral SP","url":"https:\/\/redenoticiaz.com.br\/litoralsp\/","logo":{"@type":"ImageObject","inLanguage":"pt-BR","@id":"https:\/\/redenoticiaz.com.br\/litoralsp\/#\/schema\/logo\/image\/","url":"https:\/\/redenoticiaz.com.br\/litoralsp\/wp-content\/uploads\/sites\/3\/2020\/11\/logo.jpg","contentUrl":"https:\/\/redenoticiaz.com.br\/litoralsp\/wp-content\/uploads\/sites\/3\/2020\/11\/logo.jpg","width":400,"height":250,"caption":"Litoral SP"},"image":{"@id":"https:\/\/redenoticiaz.com.br\/litoralsp\/#\/schema\/logo\/image\/"}},{"@type":"Person","@id":"https:\/\/redenoticiaz.com.br\/litoralsp\/#\/schema\/person\/16057b37a3c0ee6b096d7f887c566e2e","name":"Gustavo Silva","image":{"@type":"ImageObject","inLanguage":"pt-BR","@id":"https:\/\/secure.gravatar.com\/avatar\/3ee4e82f93b26de0a7cf4ea5eb7893da637ed6bb0c9170c58065944c56e28a33?s=96&d=mm&r=g","url":"https:\/\/secure.gravatar.com\/avatar\/3ee4e82f93b26de0a7cf4ea5eb7893da637ed6bb0c9170c58065944c56e28a33?s=96&d=mm&r=g","contentUrl":"https:\/\/secure.gravatar.com\/avatar\/3ee4e82f93b26de0a7cf4ea5eb7893da637ed6bb0c9170c58065944c56e28a33?s=96&d=mm&r=g","caption":"Gustavo Silva"},"url":"https:\/\/redenoticiaz.com.br\/litoralsp\/author\/gustavosilva"}]}},"_links":{"self":[{"href":"https:\/\/redenoticiaz.com.br\/litoralsp\/wp-json\/wp\/v2\/posts\/111292","targetHints":{"allow":["GET"]}}],"collection":[{"href":"https:\/\/redenoticiaz.com.br\/litoralsp\/wp-json\/wp\/v2\/posts"}],"about":[{"href":"https:\/\/redenoticiaz.com.br\/litoralsp\/wp-json\/wp\/v2\/types\/post"}],"author":[{"embeddable":true,"href":"https:\/\/redenoticiaz.com.br\/litoralsp\/wp-json\/wp\/v2\/users\/12"}],"replies":[{"embeddable":true,"href":"https:\/\/redenoticiaz.com.br\/litoralsp\/wp-json\/wp\/v2\/comments?post=111292"}],"version-history":[{"count":0,"href":"https:\/\/redenoticiaz.com.br\/litoralsp\/wp-json\/wp\/v2\/posts\/111292\/revisions"}],"wp:featuredmedia":[{"embeddable":true,"href":"https:\/\/redenoticiaz.com.br\/litoralsp\/wp-json\/wp\/v2\/media\/111293"}],"wp:attachment":[{"href":"https:\/\/redenoticiaz.com.br\/litoralsp\/wp-json\/wp\/v2\/media?parent=111292"}],"wp:term":[{"taxonomy":"category","embeddable":true,"href":"https:\/\/redenoticiaz.com.br\/litoralsp\/wp-json\/wp\/v2\/categories?post=111292"},{"taxonomy":"post_tag","embeddable":true,"href":"https:\/\/redenoticiaz.com.br\/litoralsp\/wp-json\/wp\/v2\/tags?post=111292"}],"curies":[{"name":"wp","href":"https:\/\/api.w.org\/{rel}","templated":true}]}}