{"id":111313,"date":"2023-10-11T16:58:08","date_gmt":"2023-10-11T19:58:08","guid":{"rendered":"https:\/\/redenoticiaz.com.br\/litoralsp\/?p=111313"},"modified":"2023-10-11T16:58:08","modified_gmt":"2023-10-11T19:58:08","slug":"570-kg-de-camarao-sao-apreendidos-pela-policia","status":"publish","type":"post","link":"https:\/\/redenoticiaz.com.br\/litoralsp\/2023\/10\/11\/570-kg-de-camarao-sao-apreendidos-pela-policia","title":{"rendered":"570 kg de camar\u00e3o\u00a0s\u00e3o apreendidos pela Pol\u00edcia"},"content":{"rendered":"<div id=\"chunk-ds5fb\">\n<div class=\"mc-column content-text active-extra-styles \" data-block-type=\"unstyled\" data-block-weight=\"59\">\n<p data-track-category=\"Link no Texto\" data-track-links=\"\">570 kg de camar\u00e3o sete-barbas foram apreendidos pela Pol\u00edcia Militar Ambiental na cidade de Canan\u00e9ia.<\/p>\n<p data-track-category=\"Link no Texto\" data-track-links=\"\">De acordo com as informa\u00e7\u00f5es, as autoridades aplicaram uma multa de R$ 50 mil devido as irregularidades encontradas.<\/p>\n<p data-track-category=\"Link no Texto\" data-track-links=\"\">Ainda de acordo com as informa\u00e7\u00f5es, o pescado estava em uma embarca\u00e7\u00e3o e dois homens estavam em situa\u00e7\u00e3o irregular.<\/p>\n<p data-track-category=\"Link no Texto\" data-track-links=\"\">Sendo assim, o flagrante aconteceu durante o patrulhamento ostensivo n\u00e1utico nesta \u00faltima segunda-feira (9).<\/p>\n<p data-track-category=\"Link no Texto\" data-track-links=\"\">Por fim, a\u00a0embarca\u00e7\u00e3o e os petrechos de pesca foram apreendidos. O pescado foi levado para doa\u00e7\u00e3o ao Fundo Social de Solidariedade de Canan\u00e9ia.<\/p>\n<\/div>\n<\/div>\n<div class=\"wall protected-content\">\n<div id=\"chunk-b9gd4\">\n<div class=\"mc-column content-text active-extra-styles \" data-block-type=\"unstyled\" data-block-weight=\"12\">\n<p class=\" content-text__container \" data-track-category=\"Link no Texto\" data-track-links=\"\"><strong>Leia mais<\/strong><\/p>\n<p data-track-category=\"Link no Texto\" data-track-links=\"\"><a href=\"https:\/\/redenoticiaz.com.br\/litoralsp\/2023\/10\/10\/video-ponto-de-drogas-em-bar-e-descoberto-pela-policia\">V\u00cdDEO \u2013 Ponto de drogas em bar \u00e9 descoberto pela Pol\u00edcia<\/a><\/p>\n<p data-track-category=\"Link no Texto\" data-track-links=\"\"><a href=\"https:\/\/redenoticiaz.com.br\/litoralsp\/2023\/10\/09\/acao-conjunta-entre-cco-e-policia-civil-resulta-na-captura-de-quadrilha-por-tentativa-de-assalto\">A\u00e7\u00e3o conjunta entre CCO e Pol\u00edcia Civil resulta na captura de quadrilha por tentativa de assalto<\/a><\/p>\n<\/div>\n<\/div>\n<\/div>\n","protected":false},"excerpt":{"rendered":"<p>570 kg de camar\u00e3o sete-barbas foram apreendidos pela Pol\u00edcia Militar Ambiental na cidade de Canan\u00e9ia. De acordo com as informa\u00e7\u00f5es, as autoridades aplicaram uma multa de R$ 50 mil devido as irregularidades encontradas. Ainda de acordo com as informa\u00e7\u00f5es, o pescado estava em uma embarca\u00e7\u00e3o e dois homens estavam em situa\u00e7\u00e3o irregular. Sendo assim, o &hellip;<\/p>\n","protected":false},"author":12,"featured_media":111315,"comment_status":"open","ping_status":"closed","sticky":false,"template":"","format":"standard","meta":{"footnotes":""},"categories":[12776,10],"tags":[8656,23138,10692],"class_list":["post-111313","post","type-post","status-publish","format-standard","has-post-thumbnail","hentry","category-cananeia","category-policia","tag-camarao","tag-cananeia-2","tag-fundo-social-de-solidariedade"],"yoast_head":"<!-- This site is optimized with the Yoast SEO plugin v27.5 - https:\/\/yoast.com\/product\/yoast-seo-wordpress\/ -->\n<title>570 kg de camar\u00e3o\u00a0s\u00e3o apreendidos pela Pol\u00edcia - Litoral SP<\/title>\n<meta name=\"description\" content=\"570 kg de camar\u00e3o sete-barbas foram apreendidos pela Pol\u00edcia Militar Ambiental na cidade de Canan\u00e9ia.\" \/>\n<meta name=\"robots\" content=\"index, follow, max-snippet:-1, max-image-preview:large, max-video-preview:-1\" \/>\n<link rel=\"canonical\" href=\"https:\/\/redenoticiaz.com.br\/litoralsp\/2023\/10\/11\/570-kg-de-camarao-sao-apreendidos-pela-policia\" \/>\n<meta property=\"og:locale\" content=\"pt_BR\" \/>\n<meta property=\"og:type\" content=\"article\" \/>\n<meta property=\"og:title\" content=\"570 kg de camar\u00e3o\u00a0s\u00e3o apreendidos pela Pol\u00edcia - Litoral SP\" \/>\n<meta property=\"og:description\" content=\"570 kg de camar\u00e3o sete-barbas foram apreendidos pela Pol\u00edcia Militar Ambiental na cidade de Canan\u00e9ia.\" \/>\n<meta property=\"og:url\" content=\"https:\/\/redenoticiaz.com.br\/litoralsp\/2023\/10\/11\/570-kg-de-camarao-sao-apreendidos-pela-policia\" \/>\n<meta property=\"og:site_name\" content=\"Litoral SP\" \/>\n<meta property=\"article:published_time\" content=\"2023-10-11T19:58:08+00:00\" \/>\n<meta property=\"og:image\" content=\"https:\/\/redenoticiaz.com.br\/litoralsp\/wp-content\/uploads\/sites\/3\/2023\/10\/whatsapp-image-2023-10-10-at-11.50.11.jpg\" \/>\n\t<meta property=\"og:image:width\" content=\"1000\" \/>\n\t<meta property=\"og:image:height\" content=\"562\" \/>\n\t<meta property=\"og:image:type\" content=\"image\/jpeg\" \/>\n<meta name=\"author\" content=\"Gustavo Silva\" \/>\n<meta name=\"twitter:card\" content=\"summary_large_image\" \/>\n<meta name=\"twitter:label1\" content=\"Escrito por\" \/>\n\t<meta name=\"twitter:data1\" content=\"Gustavo Silva\" \/>\n\t<meta name=\"twitter:label2\" content=\"Est. tempo de leitura\" \/>\n\t<meta name=\"twitter:data2\" content=\"1 minuto\" \/>\n<script type=\"application\/ld+json\" class=\"yoast-schema-graph\">{\"@context\":\"https:\\\/\\\/schema.org\",\"@graph\":[{\"@type\":\"Article\",\"@id\":\"https:\\\/\\\/redenoticiaz.com.br\\\/litoralsp\\\/2023\\\/10\\\/11\\\/570-kg-de-camarao-sao-apreendidos-pela-policia#article\",\"isPartOf\":{\"@id\":\"https:\\\/\\\/redenoticiaz.com.br\\\/litoralsp\\\/2023\\\/10\\\/11\\\/570-kg-de-camarao-sao-apreendidos-pela-policia\"},\"author\":{\"name\":\"Gustavo Silva\",\"@id\":\"https:\\\/\\\/redenoticiaz.com.br\\\/litoralsp\\\/#\\\/schema\\\/person\\\/16057b37a3c0ee6b096d7f887c566e2e\"},\"headline\":\"570 kg de camar\u00e3o\u00a0s\u00e3o apreendidos pela Pol\u00edcia\",\"datePublished\":\"2023-10-11T19:58:08+00:00\",\"mainEntityOfPage\":{\"@id\":\"https:\\\/\\\/redenoticiaz.com.br\\\/litoralsp\\\/2023\\\/10\\\/11\\\/570-kg-de-camarao-sao-apreendidos-pela-policia\"},\"wordCount\":139,\"commentCount\":0,\"publisher\":{\"@id\":\"https:\\\/\\\/redenoticiaz.com.br\\\/litoralsp\\\/#organization\"},\"image\":{\"@id\":\"https:\\\/\\\/redenoticiaz.com.br\\\/litoralsp\\\/2023\\\/10\\\/11\\\/570-kg-de-camarao-sao-apreendidos-pela-policia#primaryimage\"},\"thumbnailUrl\":\"https:\\\/\\\/redenoticiaz.com.br\\\/litoralsp\\\/wp-content\\\/uploads\\\/sites\\\/3\\\/2023\\\/10\\\/whatsapp-image-2023-10-10-at-11.50.11.jpg\",\"keywords\":[\"CAMAR\u00c3O\",\"CANAN\u00c9IA\",\"FUNDO SOCIAL DE SOLIDARIEDADE\"],\"articleSection\":[\"Cananeia\",\"Pol\u00edcia\"],\"inLanguage\":\"pt-BR\",\"potentialAction\":[{\"@type\":\"CommentAction\",\"name\":\"Comment\",\"target\":[\"https:\\\/\\\/redenoticiaz.com.br\\\/litoralsp\\\/2023\\\/10\\\/11\\\/570-kg-de-camarao-sao-apreendidos-pela-policia#respond\"]}]},{\"@type\":\"WebPage\",\"@id\":\"https:\\\/\\\/redenoticiaz.com.br\\\/litoralsp\\\/2023\\\/10\\\/11\\\/570-kg-de-camarao-sao-apreendidos-pela-policia\",\"url\":\"https:\\\/\\\/redenoticiaz.com.br\\\/litoralsp\\\/2023\\\/10\\\/11\\\/570-kg-de-camarao-sao-apreendidos-pela-policia\",\"name\":\"570 kg de camar\u00e3o\u00a0s\u00e3o apreendidos pela Pol\u00edcia - Litoral SP\",\"isPartOf\":{\"@id\":\"https:\\\/\\\/redenoticiaz.com.br\\\/litoralsp\\\/#website\"},\"primaryImageOfPage\":{\"@id\":\"https:\\\/\\\/redenoticiaz.com.br\\\/litoralsp\\\/2023\\\/10\\\/11\\\/570-kg-de-camarao-sao-apreendidos-pela-policia#primaryimage\"},\"image\":{\"@id\":\"https:\\\/\\\/redenoticiaz.com.br\\\/litoralsp\\\/2023\\\/10\\\/11\\\/570-kg-de-camarao-sao-apreendidos-pela-policia#primaryimage\"},\"thumbnailUrl\":\"https:\\\/\\\/redenoticiaz.com.br\\\/litoralsp\\\/wp-content\\\/uploads\\\/sites\\\/3\\\/2023\\\/10\\\/whatsapp-image-2023-10-10-at-11.50.11.jpg\",\"datePublished\":\"2023-10-11T19:58:08+00:00\",\"description\":\"570 kg de camar\u00e3o sete-barbas foram apreendidos pela Pol\u00edcia Militar Ambiental na cidade de Canan\u00e9ia.\",\"inLanguage\":\"pt-BR\",\"potentialAction\":[{\"@type\":\"ReadAction\",\"target\":[\"https:\\\/\\\/redenoticiaz.com.br\\\/litoralsp\\\/2023\\\/10\\\/11\\\/570-kg-de-camarao-sao-apreendidos-pela-policia\"]}]},{\"@type\":\"ImageObject\",\"inLanguage\":\"pt-BR\",\"@id\":\"https:\\\/\\\/redenoticiaz.com.br\\\/litoralsp\\\/2023\\\/10\\\/11\\\/570-kg-de-camarao-sao-apreendidos-pela-policia#primaryimage\",\"url\":\"https:\\\/\\\/redenoticiaz.com.br\\\/litoralsp\\\/wp-content\\\/uploads\\\/sites\\\/3\\\/2023\\\/10\\\/whatsapp-image-2023-10-10-at-11.50.11.jpg\",\"contentUrl\":\"https:\\\/\\\/redenoticiaz.com.br\\\/litoralsp\\\/wp-content\\\/uploads\\\/sites\\\/3\\\/2023\\\/10\\\/whatsapp-image-2023-10-10-at-11.50.11.jpg\",\"width\":1000,\"height\":562,\"caption\":\"570 kg de camar\u00e3o\u00a0s\u00e3o apreendidos pela Pol\u00edcia\"},{\"@type\":\"WebSite\",\"@id\":\"https:\\\/\\\/redenoticiaz.com.br\\\/litoralsp\\\/#website\",\"url\":\"https:\\\/\\\/redenoticiaz.com.br\\\/litoralsp\\\/\",\"name\":\"Litoral SP\",\"description\":\"Rede NoticiaZ\",\"publisher\":{\"@id\":\"https:\\\/\\\/redenoticiaz.com.br\\\/litoralsp\\\/#organization\"},\"potentialAction\":[{\"@type\":\"SearchAction\",\"target\":{\"@type\":\"EntryPoint\",\"urlTemplate\":\"https:\\\/\\\/redenoticiaz.com.br\\\/litoralsp\\\/?s={search_term_string}\"},\"query-input\":{\"@type\":\"PropertyValueSpecification\",\"valueRequired\":true,\"valueName\":\"search_term_string\"}}],\"inLanguage\":\"pt-BR\"},{\"@type\":\"Organization\",\"@id\":\"https:\\\/\\\/redenoticiaz.com.br\\\/litoralsp\\\/#organization\",\"name\":\"Litoral SP\",\"url\":\"https:\\\/\\\/redenoticiaz.com.br\\\/litoralsp\\\/\",\"logo\":{\"@type\":\"ImageObject\",\"inLanguage\":\"pt-BR\",\"@id\":\"https:\\\/\\\/redenoticiaz.com.br\\\/litoralsp\\\/#\\\/schema\\\/logo\\\/image\\\/\",\"url\":\"https:\\\/\\\/redenoticiaz.com.br\\\/litoralsp\\\/wp-content\\\/uploads\\\/sites\\\/3\\\/2020\\\/11\\\/logo.jpg\",\"contentUrl\":\"https:\\\/\\\/redenoticiaz.com.br\\\/litoralsp\\\/wp-content\\\/uploads\\\/sites\\\/3\\\/2020\\\/11\\\/logo.jpg\",\"width\":400,\"height\":250,\"caption\":\"Litoral SP\"},\"image\":{\"@id\":\"https:\\\/\\\/redenoticiaz.com.br\\\/litoralsp\\\/#\\\/schema\\\/logo\\\/image\\\/\"}},{\"@type\":\"Person\",\"@id\":\"https:\\\/\\\/redenoticiaz.com.br\\\/litoralsp\\\/#\\\/schema\\\/person\\\/16057b37a3c0ee6b096d7f887c566e2e\",\"name\":\"Gustavo Silva\",\"image\":{\"@type\":\"ImageObject\",\"inLanguage\":\"pt-BR\",\"@id\":\"https:\\\/\\\/secure.gravatar.com\\\/avatar\\\/3ee4e82f93b26de0a7cf4ea5eb7893da637ed6bb0c9170c58065944c56e28a33?s=96&d=mm&r=g\",\"url\":\"https:\\\/\\\/secure.gravatar.com\\\/avatar\\\/3ee4e82f93b26de0a7cf4ea5eb7893da637ed6bb0c9170c58065944c56e28a33?s=96&d=mm&r=g\",\"contentUrl\":\"https:\\\/\\\/secure.gravatar.com\\\/avatar\\\/3ee4e82f93b26de0a7cf4ea5eb7893da637ed6bb0c9170c58065944c56e28a33?s=96&d=mm&r=g\",\"caption\":\"Gustavo Silva\"},\"url\":\"https:\\\/\\\/redenoticiaz.com.br\\\/litoralsp\\\/author\\\/gustavosilva\"}]}<\/script>\n<!-- \/ Yoast SEO plugin. -->","yoast_head_json":{"title":"570 kg de camar\u00e3o\u00a0s\u00e3o apreendidos pela Pol\u00edcia - Litoral SP","description":"570 kg de camar\u00e3o sete-barbas foram apreendidos pela Pol\u00edcia Militar Ambiental na cidade de Canan\u00e9ia.","robots":{"index":"index","follow":"follow","max-snippet":"max-snippet:-1","max-image-preview":"max-image-preview:large","max-video-preview":"max-video-preview:-1"},"canonical":"https:\/\/redenoticiaz.com.br\/litoralsp\/2023\/10\/11\/570-kg-de-camarao-sao-apreendidos-pela-policia","og_locale":"pt_BR","og_type":"article","og_title":"570 kg de camar\u00e3o\u00a0s\u00e3o apreendidos pela Pol\u00edcia - Litoral SP","og_description":"570 kg de camar\u00e3o sete-barbas foram apreendidos pela Pol\u00edcia Militar Ambiental na cidade de Canan\u00e9ia.","og_url":"https:\/\/redenoticiaz.com.br\/litoralsp\/2023\/10\/11\/570-kg-de-camarao-sao-apreendidos-pela-policia","og_site_name":"Litoral SP","article_published_time":"2023-10-11T19:58:08+00:00","og_image":[{"width":1000,"height":562,"url":"https:\/\/redenoticiaz.com.br\/litoralsp\/wp-content\/uploads\/sites\/3\/2023\/10\/whatsapp-image-2023-10-10-at-11.50.11.jpg","type":"image\/jpeg"}],"author":"Gustavo Silva","twitter_card":"summary_large_image","twitter_misc":{"Escrito por":"Gustavo Silva","Est. tempo de leitura":"1 minuto"},"schema":{"@context":"https:\/\/schema.org","@graph":[{"@type":"Article","@id":"https:\/\/redenoticiaz.com.br\/litoralsp\/2023\/10\/11\/570-kg-de-camarao-sao-apreendidos-pela-policia#article","isPartOf":{"@id":"https:\/\/redenoticiaz.com.br\/litoralsp\/2023\/10\/11\/570-kg-de-camarao-sao-apreendidos-pela-policia"},"author":{"name":"Gustavo Silva","@id":"https:\/\/redenoticiaz.com.br\/litoralsp\/#\/schema\/person\/16057b37a3c0ee6b096d7f887c566e2e"},"headline":"570 kg de camar\u00e3o\u00a0s\u00e3o apreendidos pela Pol\u00edcia","datePublished":"2023-10-11T19:58:08+00:00","mainEntityOfPage":{"@id":"https:\/\/redenoticiaz.com.br\/litoralsp\/2023\/10\/11\/570-kg-de-camarao-sao-apreendidos-pela-policia"},"wordCount":139,"commentCount":0,"publisher":{"@id":"https:\/\/redenoticiaz.com.br\/litoralsp\/#organization"},"image":{"@id":"https:\/\/redenoticiaz.com.br\/litoralsp\/2023\/10\/11\/570-kg-de-camarao-sao-apreendidos-pela-policia#primaryimage"},"thumbnailUrl":"https:\/\/redenoticiaz.com.br\/litoralsp\/wp-content\/uploads\/sites\/3\/2023\/10\/whatsapp-image-2023-10-10-at-11.50.11.jpg","keywords":["CAMAR\u00c3O","CANAN\u00c9IA","FUNDO SOCIAL DE SOLIDARIEDADE"],"articleSection":["Cananeia","Pol\u00edcia"],"inLanguage":"pt-BR","potentialAction":[{"@type":"CommentAction","name":"Comment","target":["https:\/\/redenoticiaz.com.br\/litoralsp\/2023\/10\/11\/570-kg-de-camarao-sao-apreendidos-pela-policia#respond"]}]},{"@type":"WebPage","@id":"https:\/\/redenoticiaz.com.br\/litoralsp\/2023\/10\/11\/570-kg-de-camarao-sao-apreendidos-pela-policia","url":"https:\/\/redenoticiaz.com.br\/litoralsp\/2023\/10\/11\/570-kg-de-camarao-sao-apreendidos-pela-policia","name":"570 kg de camar\u00e3o\u00a0s\u00e3o apreendidos pela Pol\u00edcia - Litoral SP","isPartOf":{"@id":"https:\/\/redenoticiaz.com.br\/litoralsp\/#website"},"primaryImageOfPage":{"@id":"https:\/\/redenoticiaz.com.br\/litoralsp\/2023\/10\/11\/570-kg-de-camarao-sao-apreendidos-pela-policia#primaryimage"},"image":{"@id":"https:\/\/redenoticiaz.com.br\/litoralsp\/2023\/10\/11\/570-kg-de-camarao-sao-apreendidos-pela-policia#primaryimage"},"thumbnailUrl":"https:\/\/redenoticiaz.com.br\/litoralsp\/wp-content\/uploads\/sites\/3\/2023\/10\/whatsapp-image-2023-10-10-at-11.50.11.jpg","datePublished":"2023-10-11T19:58:08+00:00","description":"570 kg de camar\u00e3o sete-barbas foram apreendidos pela Pol\u00edcia Militar Ambiental na cidade de Canan\u00e9ia.","inLanguage":"pt-BR","potentialAction":[{"@type":"ReadAction","target":["https:\/\/redenoticiaz.com.br\/litoralsp\/2023\/10\/11\/570-kg-de-camarao-sao-apreendidos-pela-policia"]}]},{"@type":"ImageObject","inLanguage":"pt-BR","@id":"https:\/\/redenoticiaz.com.br\/litoralsp\/2023\/10\/11\/570-kg-de-camarao-sao-apreendidos-pela-policia#primaryimage","url":"https:\/\/redenoticiaz.com.br\/litoralsp\/wp-content\/uploads\/sites\/3\/2023\/10\/whatsapp-image-2023-10-10-at-11.50.11.jpg","contentUrl":"https:\/\/redenoticiaz.com.br\/litoralsp\/wp-content\/uploads\/sites\/3\/2023\/10\/whatsapp-image-2023-10-10-at-11.50.11.jpg","width":1000,"height":562,"caption":"570 kg de camar\u00e3o\u00a0s\u00e3o apreendidos pela Pol\u00edcia"},{"@type":"WebSite","@id":"https:\/\/redenoticiaz.com.br\/litoralsp\/#website","url":"https:\/\/redenoticiaz.com.br\/litoralsp\/","name":"Litoral SP","description":"Rede NoticiaZ","publisher":{"@id":"https:\/\/redenoticiaz.com.br\/litoralsp\/#organization"},"potentialAction":[{"@type":"SearchAction","target":{"@type":"EntryPoint","urlTemplate":"https:\/\/redenoticiaz.com.br\/litoralsp\/?s={search_term_string}"},"query-input":{"@type":"PropertyValueSpecification","valueRequired":true,"valueName":"search_term_string"}}],"inLanguage":"pt-BR"},{"@type":"Organization","@id":"https:\/\/redenoticiaz.com.br\/litoralsp\/#organization","name":"Litoral SP","url":"https:\/\/redenoticiaz.com.br\/litoralsp\/","logo":{"@type":"ImageObject","inLanguage":"pt-BR","@id":"https:\/\/redenoticiaz.com.br\/litoralsp\/#\/schema\/logo\/image\/","url":"https:\/\/redenoticiaz.com.br\/litoralsp\/wp-content\/uploads\/sites\/3\/2020\/11\/logo.jpg","contentUrl":"https:\/\/redenoticiaz.com.br\/litoralsp\/wp-content\/uploads\/sites\/3\/2020\/11\/logo.jpg","width":400,"height":250,"caption":"Litoral SP"},"image":{"@id":"https:\/\/redenoticiaz.com.br\/litoralsp\/#\/schema\/logo\/image\/"}},{"@type":"Person","@id":"https:\/\/redenoticiaz.com.br\/litoralsp\/#\/schema\/person\/16057b37a3c0ee6b096d7f887c566e2e","name":"Gustavo Silva","image":{"@type":"ImageObject","inLanguage":"pt-BR","@id":"https:\/\/secure.gravatar.com\/avatar\/3ee4e82f93b26de0a7cf4ea5eb7893da637ed6bb0c9170c58065944c56e28a33?s=96&d=mm&r=g","url":"https:\/\/secure.gravatar.com\/avatar\/3ee4e82f93b26de0a7cf4ea5eb7893da637ed6bb0c9170c58065944c56e28a33?s=96&d=mm&r=g","contentUrl":"https:\/\/secure.gravatar.com\/avatar\/3ee4e82f93b26de0a7cf4ea5eb7893da637ed6bb0c9170c58065944c56e28a33?s=96&d=mm&r=g","caption":"Gustavo Silva"},"url":"https:\/\/redenoticiaz.com.br\/litoralsp\/author\/gustavosilva"}]}},"_links":{"self":[{"href":"https:\/\/redenoticiaz.com.br\/litoralsp\/wp-json\/wp\/v2\/posts\/111313","targetHints":{"allow":["GET"]}}],"collection":[{"href":"https:\/\/redenoticiaz.com.br\/litoralsp\/wp-json\/wp\/v2\/posts"}],"about":[{"href":"https:\/\/redenoticiaz.com.br\/litoralsp\/wp-json\/wp\/v2\/types\/post"}],"author":[{"embeddable":true,"href":"https:\/\/redenoticiaz.com.br\/litoralsp\/wp-json\/wp\/v2\/users\/12"}],"replies":[{"embeddable":true,"href":"https:\/\/redenoticiaz.com.br\/litoralsp\/wp-json\/wp\/v2\/comments?post=111313"}],"version-history":[{"count":1,"href":"https:\/\/redenoticiaz.com.br\/litoralsp\/wp-json\/wp\/v2\/posts\/111313\/revisions"}],"predecessor-version":[{"id":111316,"href":"https:\/\/redenoticiaz.com.br\/litoralsp\/wp-json\/wp\/v2\/posts\/111313\/revisions\/111316"}],"wp:featuredmedia":[{"embeddable":true,"href":"https:\/\/redenoticiaz.com.br\/litoralsp\/wp-json\/wp\/v2\/media\/111315"}],"wp:attachment":[{"href":"https:\/\/redenoticiaz.com.br\/litoralsp\/wp-json\/wp\/v2\/media?parent=111313"}],"wp:term":[{"taxonomy":"category","embeddable":true,"href":"https:\/\/redenoticiaz.com.br\/litoralsp\/wp-json\/wp\/v2\/categories?post=111313"},{"taxonomy":"post_tag","embeddable":true,"href":"https:\/\/redenoticiaz.com.br\/litoralsp\/wp-json\/wp\/v2\/tags?post=111313"}],"curies":[{"name":"wp","href":"https:\/\/api.w.org\/{rel}","templated":true}]}}