{"id":111345,"date":"2023-10-12T13:52:59","date_gmt":"2023-10-12T16:52:59","guid":{"rendered":"https:\/\/redenoticiaz.com.br\/litoralsp\/2023\/10\/12\/policia-faz-apreensao-recorde-de-fuzis-este-ano"},"modified":"2023-10-12T13:52:59","modified_gmt":"2023-10-12T16:52:59","slug":"policia-faz-apreensao-recorde-de-fuzis-este-ano","status":"publish","type":"post","link":"https:\/\/redenoticiaz.com.br\/litoralsp\/2023\/10\/12\/policia-faz-apreensao-recorde-de-fuzis-este-ano","title":{"rendered":"Pol\u00edcia faz apreens\u00e3o recorde de fuzis este ano"},"content":{"rendered":"<p>O Rio de Janeiro atingiu um recorde de apreens\u00f5es de fuzis este ano, com 499 armas apreendidas desde janeiro. Somente nesta semana, 60 fuzis foram apreendidos, dos quais 47 estavam em uma mans\u00e3o na Barra da Tijuca, Zona Oeste da capital.<\/p>\n<p>A pol\u00edcia acredita que o arsenal apreendido na Barra seria destinado \u00e0 venda para milicianos e traficantes na favela da Rocinha. O contrabando de armas para o Rio de Janeiro \u00e9 um desafio constante, apesar das opera\u00e7\u00f5es policiais.<\/p>\n<p>Especialistas em seguran\u00e7a destacam a import\u00e2ncia de investir em vigil\u00e2ncia e intelig\u00eancia para combater o tr\u00e1fico de armas de forma eficaz. Al\u00e9m disso, ressaltam que \u00e9 essencial n\u00e3o apenas apreender as armas, mas tamb\u00e9m rastrear sua origem para interromper o crime do tr\u00e1fico de armas antes que ele se concretize. O aumento nas apreens\u00f5es reflete a intensifica\u00e7\u00e3o da disputa territorial no Rio de Janeiro e os esfor\u00e7os das for\u00e7as de seguran\u00e7a em conter essa viol\u00eancia.<\/p>\n<p>LEIA MAIS<\/p>\n<p><a href=\"https:\/\/redenoticiaz.com.br\/blog\/2023\/10\/12\/homem-e-morto-apos-fugir-de-ocorrencia-pelo-telhado-de-casas\">Homem \u00e9 morto ap\u00f3s fugir de ocorr\u00eancia pelo telhado de casas<\/a><\/p>\n<p><a href=\"https:\/\/redenoticiaz.com.br\/blog\/2023\/10\/12\/video-mulher-atropela-pedestres-apos-briga-por-vaga-de-estacionamento\">V\u00cdDEO \u2013 Mulher atropela pedestres ap\u00f3s briga por vaga de estacionamento<\/a><br \/>\n<a href=\"https:\/\/redenoticiaz.com.br\/blog\/2023\/10\/12\/golpistas-estao-usando-o-nome-do-centro-pop-para-pedir-doacoes-em-jundiai\">Golpistas est\u00e3o usando o nome do Centro Pop para pedir doa\u00e7\u00f5es em Jundia\u00ed<\/a><\/p>\n","protected":false},"excerpt":{"rendered":"<p>O Rio de Janeiro atingiu um recorde de apreens\u00f5es de fuzis este ano, com 499 armas apreendidas desde janeiro. Somente nesta semana, 60 fuzis foram apreendidos, dos quais 47 estavam em uma mans\u00e3o na Barra da Tijuca, Zona Oeste da capital. A pol\u00edcia acredita que o arsenal apreendido na Barra seria destinado \u00e0 venda para &hellip;<\/p>\n","protected":false},"author":30,"featured_media":111346,"comment_status":"open","ping_status":"closed","sticky":false,"template":"","format":"standard","meta":{"footnotes":""},"categories":[10],"tags":[1214,36348,23143,5661],"class_list":["post-111345","post","type-post","status-publish","format-standard","has-post-thumbnail","hentry","category-policia","tag-apreensao","tag-fuzis","tag-policia-2","tag-rio-de-janeiro"],"yoast_head":"<!-- This site is optimized with the Yoast SEO plugin v27.5 - https:\/\/yoast.com\/product\/yoast-seo-wordpress\/ -->\n<title>Pol\u00edcia faz apreens\u00e3o recorde de fuzis este ano - Litoral SP<\/title>\n<meta name=\"robots\" content=\"index, follow, max-snippet:-1, max-image-preview:large, max-video-preview:-1\" \/>\n<link rel=\"canonical\" href=\"https:\/\/redenoticiaz.com.br\/litoralsp\/2023\/10\/12\/policia-faz-apreensao-recorde-de-fuzis-este-ano\" \/>\n<meta property=\"og:locale\" content=\"pt_BR\" \/>\n<meta property=\"og:type\" content=\"article\" \/>\n<meta property=\"og:title\" content=\"Pol\u00edcia faz apreens\u00e3o recorde de fuzis este ano - Litoral SP\" \/>\n<meta property=\"og:description\" content=\"O Rio de Janeiro atingiu um recorde de apreens\u00f5es de fuzis este ano, com 499 armas apreendidas desde janeiro. Somente nesta semana, 60 fuzis foram apreendidos, dos quais 47 estavam em uma mans\u00e3o na Barra da Tijuca, Zona Oeste da capital. A pol\u00edcia acredita que o arsenal apreendido na Barra seria destinado \u00e0 venda para &hellip;\" \/>\n<meta property=\"og:url\" content=\"https:\/\/redenoticiaz.com.br\/litoralsp\/2023\/10\/12\/policia-faz-apreensao-recorde-de-fuzis-este-ano\" \/>\n<meta property=\"og:site_name\" content=\"Litoral SP\" \/>\n<meta property=\"article:published_time\" content=\"2023-10-12T16:52:59+00:00\" \/>\n<meta name=\"author\" content=\"Carina Reifonas\" \/>\n<meta name=\"twitter:card\" content=\"summary_large_image\" \/>\n<meta name=\"twitter:label1\" content=\"Escrito por\" \/>\n\t<meta name=\"twitter:data1\" content=\"Carina Reifonas\" \/>\n\t<meta name=\"twitter:label2\" content=\"Est. tempo de leitura\" \/>\n\t<meta name=\"twitter:data2\" content=\"1 minuto\" \/>\n<script type=\"application\/ld+json\" class=\"yoast-schema-graph\">{\"@context\":\"https:\\\/\\\/schema.org\",\"@graph\":[{\"@type\":\"Article\",\"@id\":\"https:\\\/\\\/redenoticiaz.com.br\\\/litoralsp\\\/2023\\\/10\\\/12\\\/policia-faz-apreensao-recorde-de-fuzis-este-ano#article\",\"isPartOf\":{\"@id\":\"https:\\\/\\\/redenoticiaz.com.br\\\/litoralsp\\\/2023\\\/10\\\/12\\\/policia-faz-apreensao-recorde-de-fuzis-este-ano\"},\"author\":{\"name\":\"Carina Reifonas\",\"@id\":\"https:\\\/\\\/redenoticiaz.com.br\\\/litoralsp\\\/#\\\/schema\\\/person\\\/1f84d6e94e6a62d2d81199d7503e9e90\"},\"headline\":\"Pol\u00edcia faz apreens\u00e3o recorde de fuzis este ano\",\"datePublished\":\"2023-10-12T16:52:59+00:00\",\"mainEntityOfPage\":{\"@id\":\"https:\\\/\\\/redenoticiaz.com.br\\\/litoralsp\\\/2023\\\/10\\\/12\\\/policia-faz-apreensao-recorde-de-fuzis-este-ano\"},\"wordCount\":218,\"commentCount\":0,\"publisher\":{\"@id\":\"https:\\\/\\\/redenoticiaz.com.br\\\/litoralsp\\\/#organization\"},\"image\":{\"@id\":\"https:\\\/\\\/redenoticiaz.com.br\\\/litoralsp\\\/2023\\\/10\\\/12\\\/policia-faz-apreensao-recorde-de-fuzis-este-ano#primaryimage\"},\"thumbnailUrl\":\"https:\\\/\\\/redenoticiaz.com.br\\\/litoralsp\\\/wp-content\\\/uploads\\\/sites\\\/3\\\/2023\\\/10\\\/Captura-de-tela-2023-10-12-134304.jpg?v=1697129523\",\"keywords\":[\"apreens\u00e3o\",\"Fuzis\",\"POL\u00cdCIA\",\"Rio de Janeiro\"],\"articleSection\":[\"Pol\u00edcia\"],\"inLanguage\":\"pt-BR\",\"potentialAction\":[{\"@type\":\"CommentAction\",\"name\":\"Comment\",\"target\":[\"https:\\\/\\\/redenoticiaz.com.br\\\/litoralsp\\\/2023\\\/10\\\/12\\\/policia-faz-apreensao-recorde-de-fuzis-este-ano#respond\"]}]},{\"@type\":\"WebPage\",\"@id\":\"https:\\\/\\\/redenoticiaz.com.br\\\/litoralsp\\\/2023\\\/10\\\/12\\\/policia-faz-apreensao-recorde-de-fuzis-este-ano\",\"url\":\"https:\\\/\\\/redenoticiaz.com.br\\\/litoralsp\\\/2023\\\/10\\\/12\\\/policia-faz-apreensao-recorde-de-fuzis-este-ano\",\"name\":\"Pol\u00edcia faz apreens\u00e3o recorde de fuzis este ano - Litoral SP\",\"isPartOf\":{\"@id\":\"https:\\\/\\\/redenoticiaz.com.br\\\/litoralsp\\\/#website\"},\"primaryImageOfPage\":{\"@id\":\"https:\\\/\\\/redenoticiaz.com.br\\\/litoralsp\\\/2023\\\/10\\\/12\\\/policia-faz-apreensao-recorde-de-fuzis-este-ano#primaryimage\"},\"image\":{\"@id\":\"https:\\\/\\\/redenoticiaz.com.br\\\/litoralsp\\\/2023\\\/10\\\/12\\\/policia-faz-apreensao-recorde-de-fuzis-este-ano#primaryimage\"},\"thumbnailUrl\":\"https:\\\/\\\/redenoticiaz.com.br\\\/litoralsp\\\/wp-content\\\/uploads\\\/sites\\\/3\\\/2023\\\/10\\\/Captura-de-tela-2023-10-12-134304.jpg?v=1697129523\",\"datePublished\":\"2023-10-12T16:52:59+00:00\",\"inLanguage\":\"pt-BR\",\"potentialAction\":[{\"@type\":\"ReadAction\",\"target\":[\"https:\\\/\\\/redenoticiaz.com.br\\\/litoralsp\\\/2023\\\/10\\\/12\\\/policia-faz-apreensao-recorde-de-fuzis-este-ano\"]}]},{\"@type\":\"ImageObject\",\"inLanguage\":\"pt-BR\",\"@id\":\"https:\\\/\\\/redenoticiaz.com.br\\\/litoralsp\\\/2023\\\/10\\\/12\\\/policia-faz-apreensao-recorde-de-fuzis-este-ano#primaryimage\",\"url\":\"https:\\\/\\\/redenoticiaz.com.br\\\/litoralsp\\\/wp-content\\\/uploads\\\/sites\\\/3\\\/2023\\\/10\\\/Captura-de-tela-2023-10-12-134304.jpg?v=1697129523\",\"contentUrl\":\"https:\\\/\\\/redenoticiaz.com.br\\\/litoralsp\\\/wp-content\\\/uploads\\\/sites\\\/3\\\/2023\\\/10\\\/Captura-de-tela-2023-10-12-134304.jpg?v=1697129523\",\"width\":627,\"height\":465,\"caption\":\"Cr\u00e9dito: Reprodu\u00e7\u00e3o\"},{\"@type\":\"WebSite\",\"@id\":\"https:\\\/\\\/redenoticiaz.com.br\\\/litoralsp\\\/#website\",\"url\":\"https:\\\/\\\/redenoticiaz.com.br\\\/litoralsp\\\/\",\"name\":\"Litoral SP\",\"description\":\"Rede NoticiaZ\",\"publisher\":{\"@id\":\"https:\\\/\\\/redenoticiaz.com.br\\\/litoralsp\\\/#organization\"},\"potentialAction\":[{\"@type\":\"SearchAction\",\"target\":{\"@type\":\"EntryPoint\",\"urlTemplate\":\"https:\\\/\\\/redenoticiaz.com.br\\\/litoralsp\\\/?s={search_term_string}\"},\"query-input\":{\"@type\":\"PropertyValueSpecification\",\"valueRequired\":true,\"valueName\":\"search_term_string\"}}],\"inLanguage\":\"pt-BR\"},{\"@type\":\"Organization\",\"@id\":\"https:\\\/\\\/redenoticiaz.com.br\\\/litoralsp\\\/#organization\",\"name\":\"Litoral SP\",\"url\":\"https:\\\/\\\/redenoticiaz.com.br\\\/litoralsp\\\/\",\"logo\":{\"@type\":\"ImageObject\",\"inLanguage\":\"pt-BR\",\"@id\":\"https:\\\/\\\/redenoticiaz.com.br\\\/litoralsp\\\/#\\\/schema\\\/logo\\\/image\\\/\",\"url\":\"https:\\\/\\\/redenoticiaz.com.br\\\/litoralsp\\\/wp-content\\\/uploads\\\/sites\\\/3\\\/2020\\\/11\\\/logo.jpg\",\"contentUrl\":\"https:\\\/\\\/redenoticiaz.com.br\\\/litoralsp\\\/wp-content\\\/uploads\\\/sites\\\/3\\\/2020\\\/11\\\/logo.jpg\",\"width\":400,\"height\":250,\"caption\":\"Litoral SP\"},\"image\":{\"@id\":\"https:\\\/\\\/redenoticiaz.com.br\\\/litoralsp\\\/#\\\/schema\\\/logo\\\/image\\\/\"}},{\"@type\":\"Person\",\"@id\":\"https:\\\/\\\/redenoticiaz.com.br\\\/litoralsp\\\/#\\\/schema\\\/person\\\/1f84d6e94e6a62d2d81199d7503e9e90\",\"name\":\"Carina Reifonas\",\"image\":{\"@type\":\"ImageObject\",\"inLanguage\":\"pt-BR\",\"@id\":\"https:\\\/\\\/secure.gravatar.com\\\/avatar\\\/04c59859b23696cf867715880f81d5c037e60109730bdb4e6670ec2a2245bc97?s=96&d=mm&r=g\",\"url\":\"https:\\\/\\\/secure.gravatar.com\\\/avatar\\\/04c59859b23696cf867715880f81d5c037e60109730bdb4e6670ec2a2245bc97?s=96&d=mm&r=g\",\"contentUrl\":\"https:\\\/\\\/secure.gravatar.com\\\/avatar\\\/04c59859b23696cf867715880f81d5c037e60109730bdb4e6670ec2a2245bc97?s=96&d=mm&r=g\",\"caption\":\"Carina Reifonas\"},\"url\":\"https:\\\/\\\/redenoticiaz.com.br\\\/litoralsp\\\/author\\\/carinareifonas\"}]}<\/script>\n<!-- \/ Yoast SEO plugin. -->","yoast_head_json":{"title":"Pol\u00edcia faz apreens\u00e3o recorde de fuzis este ano - Litoral SP","robots":{"index":"index","follow":"follow","max-snippet":"max-snippet:-1","max-image-preview":"max-image-preview:large","max-video-preview":"max-video-preview:-1"},"canonical":"https:\/\/redenoticiaz.com.br\/litoralsp\/2023\/10\/12\/policia-faz-apreensao-recorde-de-fuzis-este-ano","og_locale":"pt_BR","og_type":"article","og_title":"Pol\u00edcia faz apreens\u00e3o recorde de fuzis este ano - Litoral SP","og_description":"O Rio de Janeiro atingiu um recorde de apreens\u00f5es de fuzis este ano, com 499 armas apreendidas desde janeiro. Somente nesta semana, 60 fuzis foram apreendidos, dos quais 47 estavam em uma mans\u00e3o na Barra da Tijuca, Zona Oeste da capital. A pol\u00edcia acredita que o arsenal apreendido na Barra seria destinado \u00e0 venda para &hellip;","og_url":"https:\/\/redenoticiaz.com.br\/litoralsp\/2023\/10\/12\/policia-faz-apreensao-recorde-de-fuzis-este-ano","og_site_name":"Litoral SP","article_published_time":"2023-10-12T16:52:59+00:00","author":"Carina Reifonas","twitter_card":"summary_large_image","twitter_misc":{"Escrito por":"Carina Reifonas","Est. tempo de leitura":"1 minuto"},"schema":{"@context":"https:\/\/schema.org","@graph":[{"@type":"Article","@id":"https:\/\/redenoticiaz.com.br\/litoralsp\/2023\/10\/12\/policia-faz-apreensao-recorde-de-fuzis-este-ano#article","isPartOf":{"@id":"https:\/\/redenoticiaz.com.br\/litoralsp\/2023\/10\/12\/policia-faz-apreensao-recorde-de-fuzis-este-ano"},"author":{"name":"Carina Reifonas","@id":"https:\/\/redenoticiaz.com.br\/litoralsp\/#\/schema\/person\/1f84d6e94e6a62d2d81199d7503e9e90"},"headline":"Pol\u00edcia faz apreens\u00e3o recorde de fuzis este ano","datePublished":"2023-10-12T16:52:59+00:00","mainEntityOfPage":{"@id":"https:\/\/redenoticiaz.com.br\/litoralsp\/2023\/10\/12\/policia-faz-apreensao-recorde-de-fuzis-este-ano"},"wordCount":218,"commentCount":0,"publisher":{"@id":"https:\/\/redenoticiaz.com.br\/litoralsp\/#organization"},"image":{"@id":"https:\/\/redenoticiaz.com.br\/litoralsp\/2023\/10\/12\/policia-faz-apreensao-recorde-de-fuzis-este-ano#primaryimage"},"thumbnailUrl":"https:\/\/redenoticiaz.com.br\/litoralsp\/wp-content\/uploads\/sites\/3\/2023\/10\/Captura-de-tela-2023-10-12-134304.jpg?v=1697129523","keywords":["apreens\u00e3o","Fuzis","POL\u00cdCIA","Rio de Janeiro"],"articleSection":["Pol\u00edcia"],"inLanguage":"pt-BR","potentialAction":[{"@type":"CommentAction","name":"Comment","target":["https:\/\/redenoticiaz.com.br\/litoralsp\/2023\/10\/12\/policia-faz-apreensao-recorde-de-fuzis-este-ano#respond"]}]},{"@type":"WebPage","@id":"https:\/\/redenoticiaz.com.br\/litoralsp\/2023\/10\/12\/policia-faz-apreensao-recorde-de-fuzis-este-ano","url":"https:\/\/redenoticiaz.com.br\/litoralsp\/2023\/10\/12\/policia-faz-apreensao-recorde-de-fuzis-este-ano","name":"Pol\u00edcia faz apreens\u00e3o recorde de fuzis este ano - Litoral SP","isPartOf":{"@id":"https:\/\/redenoticiaz.com.br\/litoralsp\/#website"},"primaryImageOfPage":{"@id":"https:\/\/redenoticiaz.com.br\/litoralsp\/2023\/10\/12\/policia-faz-apreensao-recorde-de-fuzis-este-ano#primaryimage"},"image":{"@id":"https:\/\/redenoticiaz.com.br\/litoralsp\/2023\/10\/12\/policia-faz-apreensao-recorde-de-fuzis-este-ano#primaryimage"},"thumbnailUrl":"https:\/\/redenoticiaz.com.br\/litoralsp\/wp-content\/uploads\/sites\/3\/2023\/10\/Captura-de-tela-2023-10-12-134304.jpg?v=1697129523","datePublished":"2023-10-12T16:52:59+00:00","inLanguage":"pt-BR","potentialAction":[{"@type":"ReadAction","target":["https:\/\/redenoticiaz.com.br\/litoralsp\/2023\/10\/12\/policia-faz-apreensao-recorde-de-fuzis-este-ano"]}]},{"@type":"ImageObject","inLanguage":"pt-BR","@id":"https:\/\/redenoticiaz.com.br\/litoralsp\/2023\/10\/12\/policia-faz-apreensao-recorde-de-fuzis-este-ano#primaryimage","url":"https:\/\/redenoticiaz.com.br\/litoralsp\/wp-content\/uploads\/sites\/3\/2023\/10\/Captura-de-tela-2023-10-12-134304.jpg?v=1697129523","contentUrl":"https:\/\/redenoticiaz.com.br\/litoralsp\/wp-content\/uploads\/sites\/3\/2023\/10\/Captura-de-tela-2023-10-12-134304.jpg?v=1697129523","width":627,"height":465,"caption":"Cr\u00e9dito: Reprodu\u00e7\u00e3o"},{"@type":"WebSite","@id":"https:\/\/redenoticiaz.com.br\/litoralsp\/#website","url":"https:\/\/redenoticiaz.com.br\/litoralsp\/","name":"Litoral SP","description":"Rede NoticiaZ","publisher":{"@id":"https:\/\/redenoticiaz.com.br\/litoralsp\/#organization"},"potentialAction":[{"@type":"SearchAction","target":{"@type":"EntryPoint","urlTemplate":"https:\/\/redenoticiaz.com.br\/litoralsp\/?s={search_term_string}"},"query-input":{"@type":"PropertyValueSpecification","valueRequired":true,"valueName":"search_term_string"}}],"inLanguage":"pt-BR"},{"@type":"Organization","@id":"https:\/\/redenoticiaz.com.br\/litoralsp\/#organization","name":"Litoral SP","url":"https:\/\/redenoticiaz.com.br\/litoralsp\/","logo":{"@type":"ImageObject","inLanguage":"pt-BR","@id":"https:\/\/redenoticiaz.com.br\/litoralsp\/#\/schema\/logo\/image\/","url":"https:\/\/redenoticiaz.com.br\/litoralsp\/wp-content\/uploads\/sites\/3\/2020\/11\/logo.jpg","contentUrl":"https:\/\/redenoticiaz.com.br\/litoralsp\/wp-content\/uploads\/sites\/3\/2020\/11\/logo.jpg","width":400,"height":250,"caption":"Litoral SP"},"image":{"@id":"https:\/\/redenoticiaz.com.br\/litoralsp\/#\/schema\/logo\/image\/"}},{"@type":"Person","@id":"https:\/\/redenoticiaz.com.br\/litoralsp\/#\/schema\/person\/1f84d6e94e6a62d2d81199d7503e9e90","name":"Carina Reifonas","image":{"@type":"ImageObject","inLanguage":"pt-BR","@id":"https:\/\/secure.gravatar.com\/avatar\/04c59859b23696cf867715880f81d5c037e60109730bdb4e6670ec2a2245bc97?s=96&d=mm&r=g","url":"https:\/\/secure.gravatar.com\/avatar\/04c59859b23696cf867715880f81d5c037e60109730bdb4e6670ec2a2245bc97?s=96&d=mm&r=g","contentUrl":"https:\/\/secure.gravatar.com\/avatar\/04c59859b23696cf867715880f81d5c037e60109730bdb4e6670ec2a2245bc97?s=96&d=mm&r=g","caption":"Carina Reifonas"},"url":"https:\/\/redenoticiaz.com.br\/litoralsp\/author\/carinareifonas"}]}},"_links":{"self":[{"href":"https:\/\/redenoticiaz.com.br\/litoralsp\/wp-json\/wp\/v2\/posts\/111345","targetHints":{"allow":["GET"]}}],"collection":[{"href":"https:\/\/redenoticiaz.com.br\/litoralsp\/wp-json\/wp\/v2\/posts"}],"about":[{"href":"https:\/\/redenoticiaz.com.br\/litoralsp\/wp-json\/wp\/v2\/types\/post"}],"author":[{"embeddable":true,"href":"https:\/\/redenoticiaz.com.br\/litoralsp\/wp-json\/wp\/v2\/users\/30"}],"replies":[{"embeddable":true,"href":"https:\/\/redenoticiaz.com.br\/litoralsp\/wp-json\/wp\/v2\/comments?post=111345"}],"version-history":[{"count":0,"href":"https:\/\/redenoticiaz.com.br\/litoralsp\/wp-json\/wp\/v2\/posts\/111345\/revisions"}],"wp:featuredmedia":[{"embeddable":true,"href":"https:\/\/redenoticiaz.com.br\/litoralsp\/wp-json\/wp\/v2\/media\/111346"}],"wp:attachment":[{"href":"https:\/\/redenoticiaz.com.br\/litoralsp\/wp-json\/wp\/v2\/media?parent=111345"}],"wp:term":[{"taxonomy":"category","embeddable":true,"href":"https:\/\/redenoticiaz.com.br\/litoralsp\/wp-json\/wp\/v2\/categories?post=111345"},{"taxonomy":"post_tag","embeddable":true,"href":"https:\/\/redenoticiaz.com.br\/litoralsp\/wp-json\/wp\/v2\/tags?post=111345"}],"curies":[{"name":"wp","href":"https:\/\/api.w.org\/{rel}","templated":true}]}}