{"id":11140,"date":"2021-07-08T16:45:15","date_gmt":"2021-07-08T19:45:15","guid":{"rendered":"https:\/\/redenoticiaz.com.br\/litoralsp\/?p=11140"},"modified":"2021-07-08T16:45:41","modified_gmt":"2021-07-08T19:45:41","slug":"ilhabela-adota-controle-de-acesso-de-turistas-no-feriado-de-9-de-julho","status":"publish","type":"post","link":"https:\/\/redenoticiaz.com.br\/litoralsp\/2021\/07\/08\/ilhabela-adota-controle-de-acesso-de-turistas-no-feriado-de-9-de-julho","title":{"rendered":"Ilhabela adota controle de acesso de turistas no feriado de 9 de Julho"},"content":{"rendered":"<p>Vem a\u00ed mais um feriado, o da Revolu\u00e7\u00e3o Constitucionalista e a tend\u00eancia \u00e9 que <a href=\"https:\/\/www.ilhabela.sp.gov.br\/\">Ilhabela<\/a> receba um grande n\u00famero de turistas. S\u00f3 que a cidade vai adotar um <strong>controle de acesso<\/strong>. A medida \u00e9 uma a\u00e7\u00e3o preventiva contra a dissemina\u00e7\u00e3o do coronav\u00edrus.<\/p>\n<p>A Prefeitura explica que os turistas ter\u00e3o de levar o teste PCR contra Covid-19 ou comprovante de vacina\u00e7\u00e3o no feriado desta sexta-feira, 9 de Julho. O resultado do teste deve dar negativo e tamb\u00e9m precisa ser feito nas \u00faltimas 48 horas. O bloqueio come\u00e7a na sexta-feira (9) e vai at\u00e9 14h de domingo (11).<\/p>\n<div class=\"mc-column content-text active-extra-styles \" data-block-type=\"unstyled\" data-block-weight=\"27\" data-block-id=\"4\">\n<p class=\"content-text__container \" data-track-category=\"Link no Texto\" data-track-links=\"\">Contudo, quem for morador de Ilhabela n\u00e3o precisa apresentar o teste negativo, assim como os prestadores de servi\u00e7os essenciais. Mas todos devem comprovar moradia ou atua\u00e7\u00e3o profissional.<\/p>\n<\/div>\n<div class=\"mc-column content-text active-extra-styles \" data-block-type=\"unstyled\" data-block-weight=\"49\" data-block-id=\"5\">\n<p class=\"content-text__container \" data-track-category=\"Link no Texto\" data-track-links=\"\">S\u00e3o consideradas moradoras as pessoas que possuem um desses documentos em seu nome: comprovante de endere\u00e7o (que seja conta de \u00e1gua, luz, telefone, internet ou cart\u00e3o banc\u00e1rio), comprovante de matr\u00edcula dos filhos na rede p\u00fablica ou privada do munic\u00edpio, contrato de loca\u00e7\u00e3o, carn\u00ea de IPTU e t\u00edtulo de eleitor.<\/p>\n<\/div>\n<div class=\"mc-column content-text active-extra-styles \" data-block-type=\"unstyled\" data-block-weight=\"30\" data-block-id=\"6\">\n<p class=\"content-text__container \" data-track-category=\"Link no Texto\" data-track-links=\"\">Ilhabela vem realizando o controle de acesso desde mar\u00e7o. A iniciativa da prefeitura \u00e9 para tentar restringir o n\u00famero de pessoas e evitar aglomera\u00e7\u00f5es na cidade durante a pandemia.<\/p>\n<\/div>\n<div class=\"mc-column content-text active-extra-styles \" data-block-type=\"unstyled\" data-block-weight=\"46\" data-block-id=\"7\">\n<p class=\"content-text__container \" data-track-category=\"Link no Texto\" data-track-links=\"\">No \u00faltimo fim de semana o munic\u00edpio realizou 1.597 abordagens durante o controle de acesso na travessia da balsa. Das pessoas abordadas, 18 visitantes foram obrigados a voltar \u00e0s suas cidades de origem, pois n\u00e3o tinham comprova\u00e7\u00e3o de exames ou do recebimento das vacinas contra Covid-19.<\/p>\n<p data-track-category=\"Link no Texto\" data-track-links=\"\"><strong>LEIA TAMB\u00c9M<\/strong><\/p>\n<p data-track-category=\"Link no Texto\" data-track-links=\"\"><a href=\"https:\/\/redenoticiaz.com.br\/litoralsp\/2021\/07\/07\/video-pesca-irregular-e-flagrada-em-sao-sebastiao-e-rende-multa-de-r-4-mil\">V\u00cdDEO \u2013 Pesca irregular \u00e9 flagrada em S\u00e3o Sebasti\u00e3o e rende multa de R$ 4 mil<\/a><\/p>\n<\/div>\n","protected":false},"excerpt":{"rendered":"<p>Vem a\u00ed mais um feriado, o da Revolu\u00e7\u00e3o Constitucionalista e a tend\u00eancia \u00e9 que Ilhabela receba um grande n\u00famero de turistas. S\u00f3 que a cidade vai adotar um controle de acesso. A medida \u00e9 uma a\u00e7\u00e3o preventiva contra a dissemina\u00e7\u00e3o do coronav\u00edrus. A Prefeitura explica que os turistas ter\u00e3o de levar o teste PCR contra &hellip;<\/p>\n","protected":false},"author":6,"featured_media":11141,"comment_status":"open","ping_status":"closed","sticky":false,"template":"","format":"standard","meta":{"footnotes":""},"categories":[3411,775],"tags":[24278,24276,27368,3999,27367],"class_list":["post-11140","post","type-post","status-publish","format-standard","has-post-thumbnail","hentry","category-ilhabela","category-turismo","tag-comprovante-de-vacina","tag-controle-de-acesso","tag-feriado-de-9-de-julho","tag-ilhabela","tag-teste-rt-pcr"],"yoast_head":"<!-- This site is optimized with the Yoast SEO plugin v27.5 - https:\/\/yoast.com\/product\/yoast-seo-wordpress\/ -->\n<title>Ilhabela adota controle de acesso de turistas no feriado de 9 de Julho - Litoral SP<\/title>\n<meta name=\"description\" content=\"Vem a\u00ed mais um feriado, o da Revolu\u00e7\u00e3o Constitucionalista e a tend\u00eancia \u00e9 que Ilhabela receba um grande n\u00famero de turistas. S\u00f3 que\" \/>\n<meta name=\"robots\" content=\"index, follow, max-snippet:-1, max-image-preview:large, max-video-preview:-1\" \/>\n<link rel=\"canonical\" href=\"https:\/\/redenoticiaz.com.br\/litoralsp\/2021\/07\/08\/ilhabela-adota-controle-de-acesso-de-turistas-no-feriado-de-9-de-julho\" \/>\n<meta property=\"og:locale\" content=\"pt_BR\" \/>\n<meta property=\"og:type\" content=\"article\" \/>\n<meta property=\"og:title\" content=\"Ilhabela adota controle de acesso de turistas no feriado de 9 de Julho - Litoral SP\" \/>\n<meta property=\"og:description\" content=\"Vem a\u00ed mais um feriado, o da Revolu\u00e7\u00e3o Constitucionalista e a tend\u00eancia \u00e9 que Ilhabela receba um grande n\u00famero de turistas. S\u00f3 que\" \/>\n<meta property=\"og:url\" content=\"https:\/\/redenoticiaz.com.br\/litoralsp\/2021\/07\/08\/ilhabela-adota-controle-de-acesso-de-turistas-no-feriado-de-9-de-julho\" \/>\n<meta property=\"og:site_name\" content=\"Litoral SP\" \/>\n<meta property=\"article:published_time\" content=\"2021-07-08T19:45:15+00:00\" \/>\n<meta property=\"article:modified_time\" content=\"2021-07-08T19:45:41+00:00\" \/>\n<meta property=\"og:image\" content=\"https:\/\/redenoticiaz.com.br\/litoralsp\/wp-content\/uploads\/sites\/3\/2021\/07\/balsa.jpg\" \/>\n\t<meta property=\"og:image:width\" content=\"984\" \/>\n\t<meta property=\"og:image:height\" content=\"656\" \/>\n\t<meta property=\"og:image:type\" content=\"image\/jpeg\" \/>\n<meta name=\"author\" content=\"Leonardo Francisco\" \/>\n<meta name=\"twitter:card\" content=\"summary_large_image\" \/>\n<meta name=\"twitter:label1\" content=\"Escrito por\" \/>\n\t<meta name=\"twitter:data1\" content=\"Leonardo Francisco\" \/>\n\t<meta name=\"twitter:label2\" content=\"Est. tempo de leitura\" \/>\n\t<meta name=\"twitter:data2\" content=\"1 minuto\" \/>\n<script type=\"application\/ld+json\" class=\"yoast-schema-graph\">{\"@context\":\"https:\\\/\\\/schema.org\",\"@graph\":[{\"@type\":\"Article\",\"@id\":\"https:\\\/\\\/redenoticiaz.com.br\\\/litoralsp\\\/2021\\\/07\\\/08\\\/ilhabela-adota-controle-de-acesso-de-turistas-no-feriado-de-9-de-julho#article\",\"isPartOf\":{\"@id\":\"https:\\\/\\\/redenoticiaz.com.br\\\/litoralsp\\\/2021\\\/07\\\/08\\\/ilhabela-adota-controle-de-acesso-de-turistas-no-feriado-de-9-de-julho\"},\"author\":{\"name\":\"Leonardo Francisco\",\"@id\":\"https:\\\/\\\/redenoticiaz.com.br\\\/litoralsp\\\/#\\\/schema\\\/person\\\/0f0b8a5bdafefe82841e07ae8d81ecb3\"},\"headline\":\"Ilhabela adota controle de acesso de turistas no feriado de 9 de Julho\",\"datePublished\":\"2021-07-08T19:45:15+00:00\",\"dateModified\":\"2021-07-08T19:45:41+00:00\",\"mainEntityOfPage\":{\"@id\":\"https:\\\/\\\/redenoticiaz.com.br\\\/litoralsp\\\/2021\\\/07\\\/08\\\/ilhabela-adota-controle-de-acesso-de-turistas-no-feriado-de-9-de-julho\"},\"wordCount\":297,\"commentCount\":0,\"publisher\":{\"@id\":\"https:\\\/\\\/redenoticiaz.com.br\\\/litoralsp\\\/#organization\"},\"image\":{\"@id\":\"https:\\\/\\\/redenoticiaz.com.br\\\/litoralsp\\\/2021\\\/07\\\/08\\\/ilhabela-adota-controle-de-acesso-de-turistas-no-feriado-de-9-de-julho#primaryimage\"},\"thumbnailUrl\":\"https:\\\/\\\/redenoticiaz.com.br\\\/litoralsp\\\/wp-content\\\/uploads\\\/sites\\\/3\\\/2021\\\/07\\\/balsa.jpg\",\"keywords\":[\"COMPROVANTE DE VACINA\",\"CONTROLE DE ACESSO\",\"FERIADO DE 9 DE JULHO\",\"ILHABELA\",\"TESTE RT-PCR\"],\"articleSection\":[\"IlhaBela\",\"Turismo\"],\"inLanguage\":\"pt-BR\",\"potentialAction\":[{\"@type\":\"CommentAction\",\"name\":\"Comment\",\"target\":[\"https:\\\/\\\/redenoticiaz.com.br\\\/litoralsp\\\/2021\\\/07\\\/08\\\/ilhabela-adota-controle-de-acesso-de-turistas-no-feriado-de-9-de-julho#respond\"]}]},{\"@type\":\"WebPage\",\"@id\":\"https:\\\/\\\/redenoticiaz.com.br\\\/litoralsp\\\/2021\\\/07\\\/08\\\/ilhabela-adota-controle-de-acesso-de-turistas-no-feriado-de-9-de-julho\",\"url\":\"https:\\\/\\\/redenoticiaz.com.br\\\/litoralsp\\\/2021\\\/07\\\/08\\\/ilhabela-adota-controle-de-acesso-de-turistas-no-feriado-de-9-de-julho\",\"name\":\"Ilhabela adota controle de acesso de turistas no feriado de 9 de Julho - Litoral SP\",\"isPartOf\":{\"@id\":\"https:\\\/\\\/redenoticiaz.com.br\\\/litoralsp\\\/#website\"},\"primaryImageOfPage\":{\"@id\":\"https:\\\/\\\/redenoticiaz.com.br\\\/litoralsp\\\/2021\\\/07\\\/08\\\/ilhabela-adota-controle-de-acesso-de-turistas-no-feriado-de-9-de-julho#primaryimage\"},\"image\":{\"@id\":\"https:\\\/\\\/redenoticiaz.com.br\\\/litoralsp\\\/2021\\\/07\\\/08\\\/ilhabela-adota-controle-de-acesso-de-turistas-no-feriado-de-9-de-julho#primaryimage\"},\"thumbnailUrl\":\"https:\\\/\\\/redenoticiaz.com.br\\\/litoralsp\\\/wp-content\\\/uploads\\\/sites\\\/3\\\/2021\\\/07\\\/balsa.jpg\",\"datePublished\":\"2021-07-08T19:45:15+00:00\",\"dateModified\":\"2021-07-08T19:45:41+00:00\",\"description\":\"Vem a\u00ed mais um feriado, o da Revolu\u00e7\u00e3o Constitucionalista e a tend\u00eancia \u00e9 que Ilhabela receba um grande n\u00famero de turistas. S\u00f3 que\",\"inLanguage\":\"pt-BR\",\"potentialAction\":[{\"@type\":\"ReadAction\",\"target\":[\"https:\\\/\\\/redenoticiaz.com.br\\\/litoralsp\\\/2021\\\/07\\\/08\\\/ilhabela-adota-controle-de-acesso-de-turistas-no-feriado-de-9-de-julho\"]}]},{\"@type\":\"ImageObject\",\"inLanguage\":\"pt-BR\",\"@id\":\"https:\\\/\\\/redenoticiaz.com.br\\\/litoralsp\\\/2021\\\/07\\\/08\\\/ilhabela-adota-controle-de-acesso-de-turistas-no-feriado-de-9-de-julho#primaryimage\",\"url\":\"https:\\\/\\\/redenoticiaz.com.br\\\/litoralsp\\\/wp-content\\\/uploads\\\/sites\\\/3\\\/2021\\\/07\\\/balsa.jpg\",\"contentUrl\":\"https:\\\/\\\/redenoticiaz.com.br\\\/litoralsp\\\/wp-content\\\/uploads\\\/sites\\\/3\\\/2021\\\/07\\\/balsa.jpg\",\"width\":984,\"height\":656,\"caption\":\"Ilhabela adota controle de acesso de turistas no feriado de 9 de Julho\"},{\"@type\":\"WebSite\",\"@id\":\"https:\\\/\\\/redenoticiaz.com.br\\\/litoralsp\\\/#website\",\"url\":\"https:\\\/\\\/redenoticiaz.com.br\\\/litoralsp\\\/\",\"name\":\"Litoral SP\",\"description\":\"Rede NoticiaZ\",\"publisher\":{\"@id\":\"https:\\\/\\\/redenoticiaz.com.br\\\/litoralsp\\\/#organization\"},\"potentialAction\":[{\"@type\":\"SearchAction\",\"target\":{\"@type\":\"EntryPoint\",\"urlTemplate\":\"https:\\\/\\\/redenoticiaz.com.br\\\/litoralsp\\\/?s={search_term_string}\"},\"query-input\":{\"@type\":\"PropertyValueSpecification\",\"valueRequired\":true,\"valueName\":\"search_term_string\"}}],\"inLanguage\":\"pt-BR\"},{\"@type\":\"Organization\",\"@id\":\"https:\\\/\\\/redenoticiaz.com.br\\\/litoralsp\\\/#organization\",\"name\":\"Litoral SP\",\"url\":\"https:\\\/\\\/redenoticiaz.com.br\\\/litoralsp\\\/\",\"logo\":{\"@type\":\"ImageObject\",\"inLanguage\":\"pt-BR\",\"@id\":\"https:\\\/\\\/redenoticiaz.com.br\\\/litoralsp\\\/#\\\/schema\\\/logo\\\/image\\\/\",\"url\":\"https:\\\/\\\/redenoticiaz.com.br\\\/litoralsp\\\/wp-content\\\/uploads\\\/sites\\\/3\\\/2020\\\/11\\\/logo.jpg\",\"contentUrl\":\"https:\\\/\\\/redenoticiaz.com.br\\\/litoralsp\\\/wp-content\\\/uploads\\\/sites\\\/3\\\/2020\\\/11\\\/logo.jpg\",\"width\":400,\"height\":250,\"caption\":\"Litoral SP\"},\"image\":{\"@id\":\"https:\\\/\\\/redenoticiaz.com.br\\\/litoralsp\\\/#\\\/schema\\\/logo\\\/image\\\/\"}},{\"@type\":\"Person\",\"@id\":\"https:\\\/\\\/redenoticiaz.com.br\\\/litoralsp\\\/#\\\/schema\\\/person\\\/0f0b8a5bdafefe82841e07ae8d81ecb3\",\"name\":\"Leonardo Francisco\",\"image\":{\"@type\":\"ImageObject\",\"inLanguage\":\"pt-BR\",\"@id\":\"https:\\\/\\\/secure.gravatar.com\\\/avatar\\\/a7358cb406a99b682ec6df1e77e31ae82e63601f6784e8a3df411d72b37864da?s=96&d=mm&r=g\",\"url\":\"https:\\\/\\\/secure.gravatar.com\\\/avatar\\\/a7358cb406a99b682ec6df1e77e31ae82e63601f6784e8a3df411d72b37864da?s=96&d=mm&r=g\",\"contentUrl\":\"https:\\\/\\\/secure.gravatar.com\\\/avatar\\\/a7358cb406a99b682ec6df1e77e31ae82e63601f6784e8a3df411d72b37864da?s=96&d=mm&r=g\",\"caption\":\"Leonardo Francisco\"},\"url\":\"https:\\\/\\\/redenoticiaz.com.br\\\/litoralsp\\\/author\\\/leonardo-francisco\"}]}<\/script>\n<!-- \/ Yoast SEO plugin. -->","yoast_head_json":{"title":"Ilhabela adota controle de acesso de turistas no feriado de 9 de Julho - Litoral SP","description":"Vem a\u00ed mais um feriado, o da Revolu\u00e7\u00e3o Constitucionalista e a tend\u00eancia \u00e9 que Ilhabela receba um grande n\u00famero de turistas. S\u00f3 que","robots":{"index":"index","follow":"follow","max-snippet":"max-snippet:-1","max-image-preview":"max-image-preview:large","max-video-preview":"max-video-preview:-1"},"canonical":"https:\/\/redenoticiaz.com.br\/litoralsp\/2021\/07\/08\/ilhabela-adota-controle-de-acesso-de-turistas-no-feriado-de-9-de-julho","og_locale":"pt_BR","og_type":"article","og_title":"Ilhabela adota controle de acesso de turistas no feriado de 9 de Julho - Litoral SP","og_description":"Vem a\u00ed mais um feriado, o da Revolu\u00e7\u00e3o Constitucionalista e a tend\u00eancia \u00e9 que Ilhabela receba um grande n\u00famero de turistas. S\u00f3 que","og_url":"https:\/\/redenoticiaz.com.br\/litoralsp\/2021\/07\/08\/ilhabela-adota-controle-de-acesso-de-turistas-no-feriado-de-9-de-julho","og_site_name":"Litoral SP","article_published_time":"2021-07-08T19:45:15+00:00","article_modified_time":"2021-07-08T19:45:41+00:00","og_image":[{"width":984,"height":656,"url":"https:\/\/redenoticiaz.com.br\/litoralsp\/wp-content\/uploads\/sites\/3\/2021\/07\/balsa.jpg","type":"image\/jpeg"}],"author":"Leonardo Francisco","twitter_card":"summary_large_image","twitter_misc":{"Escrito por":"Leonardo Francisco","Est. tempo de leitura":"1 minuto"},"schema":{"@context":"https:\/\/schema.org","@graph":[{"@type":"Article","@id":"https:\/\/redenoticiaz.com.br\/litoralsp\/2021\/07\/08\/ilhabela-adota-controle-de-acesso-de-turistas-no-feriado-de-9-de-julho#article","isPartOf":{"@id":"https:\/\/redenoticiaz.com.br\/litoralsp\/2021\/07\/08\/ilhabela-adota-controle-de-acesso-de-turistas-no-feriado-de-9-de-julho"},"author":{"name":"Leonardo Francisco","@id":"https:\/\/redenoticiaz.com.br\/litoralsp\/#\/schema\/person\/0f0b8a5bdafefe82841e07ae8d81ecb3"},"headline":"Ilhabela adota controle de acesso de turistas no feriado de 9 de Julho","datePublished":"2021-07-08T19:45:15+00:00","dateModified":"2021-07-08T19:45:41+00:00","mainEntityOfPage":{"@id":"https:\/\/redenoticiaz.com.br\/litoralsp\/2021\/07\/08\/ilhabela-adota-controle-de-acesso-de-turistas-no-feriado-de-9-de-julho"},"wordCount":297,"commentCount":0,"publisher":{"@id":"https:\/\/redenoticiaz.com.br\/litoralsp\/#organization"},"image":{"@id":"https:\/\/redenoticiaz.com.br\/litoralsp\/2021\/07\/08\/ilhabela-adota-controle-de-acesso-de-turistas-no-feriado-de-9-de-julho#primaryimage"},"thumbnailUrl":"https:\/\/redenoticiaz.com.br\/litoralsp\/wp-content\/uploads\/sites\/3\/2021\/07\/balsa.jpg","keywords":["COMPROVANTE DE VACINA","CONTROLE DE ACESSO","FERIADO DE 9 DE JULHO","ILHABELA","TESTE RT-PCR"],"articleSection":["IlhaBela","Turismo"],"inLanguage":"pt-BR","potentialAction":[{"@type":"CommentAction","name":"Comment","target":["https:\/\/redenoticiaz.com.br\/litoralsp\/2021\/07\/08\/ilhabela-adota-controle-de-acesso-de-turistas-no-feriado-de-9-de-julho#respond"]}]},{"@type":"WebPage","@id":"https:\/\/redenoticiaz.com.br\/litoralsp\/2021\/07\/08\/ilhabela-adota-controle-de-acesso-de-turistas-no-feriado-de-9-de-julho","url":"https:\/\/redenoticiaz.com.br\/litoralsp\/2021\/07\/08\/ilhabela-adota-controle-de-acesso-de-turistas-no-feriado-de-9-de-julho","name":"Ilhabela adota controle de acesso de turistas no feriado de 9 de Julho - Litoral SP","isPartOf":{"@id":"https:\/\/redenoticiaz.com.br\/litoralsp\/#website"},"primaryImageOfPage":{"@id":"https:\/\/redenoticiaz.com.br\/litoralsp\/2021\/07\/08\/ilhabela-adota-controle-de-acesso-de-turistas-no-feriado-de-9-de-julho#primaryimage"},"image":{"@id":"https:\/\/redenoticiaz.com.br\/litoralsp\/2021\/07\/08\/ilhabela-adota-controle-de-acesso-de-turistas-no-feriado-de-9-de-julho#primaryimage"},"thumbnailUrl":"https:\/\/redenoticiaz.com.br\/litoralsp\/wp-content\/uploads\/sites\/3\/2021\/07\/balsa.jpg","datePublished":"2021-07-08T19:45:15+00:00","dateModified":"2021-07-08T19:45:41+00:00","description":"Vem a\u00ed mais um feriado, o da Revolu\u00e7\u00e3o Constitucionalista e a tend\u00eancia \u00e9 que Ilhabela receba um grande n\u00famero de turistas. S\u00f3 que","inLanguage":"pt-BR","potentialAction":[{"@type":"ReadAction","target":["https:\/\/redenoticiaz.com.br\/litoralsp\/2021\/07\/08\/ilhabela-adota-controle-de-acesso-de-turistas-no-feriado-de-9-de-julho"]}]},{"@type":"ImageObject","inLanguage":"pt-BR","@id":"https:\/\/redenoticiaz.com.br\/litoralsp\/2021\/07\/08\/ilhabela-adota-controle-de-acesso-de-turistas-no-feriado-de-9-de-julho#primaryimage","url":"https:\/\/redenoticiaz.com.br\/litoralsp\/wp-content\/uploads\/sites\/3\/2021\/07\/balsa.jpg","contentUrl":"https:\/\/redenoticiaz.com.br\/litoralsp\/wp-content\/uploads\/sites\/3\/2021\/07\/balsa.jpg","width":984,"height":656,"caption":"Ilhabela adota controle de acesso de turistas no feriado de 9 de Julho"},{"@type":"WebSite","@id":"https:\/\/redenoticiaz.com.br\/litoralsp\/#website","url":"https:\/\/redenoticiaz.com.br\/litoralsp\/","name":"Litoral SP","description":"Rede NoticiaZ","publisher":{"@id":"https:\/\/redenoticiaz.com.br\/litoralsp\/#organization"},"potentialAction":[{"@type":"SearchAction","target":{"@type":"EntryPoint","urlTemplate":"https:\/\/redenoticiaz.com.br\/litoralsp\/?s={search_term_string}"},"query-input":{"@type":"PropertyValueSpecification","valueRequired":true,"valueName":"search_term_string"}}],"inLanguage":"pt-BR"},{"@type":"Organization","@id":"https:\/\/redenoticiaz.com.br\/litoralsp\/#organization","name":"Litoral SP","url":"https:\/\/redenoticiaz.com.br\/litoralsp\/","logo":{"@type":"ImageObject","inLanguage":"pt-BR","@id":"https:\/\/redenoticiaz.com.br\/litoralsp\/#\/schema\/logo\/image\/","url":"https:\/\/redenoticiaz.com.br\/litoralsp\/wp-content\/uploads\/sites\/3\/2020\/11\/logo.jpg","contentUrl":"https:\/\/redenoticiaz.com.br\/litoralsp\/wp-content\/uploads\/sites\/3\/2020\/11\/logo.jpg","width":400,"height":250,"caption":"Litoral SP"},"image":{"@id":"https:\/\/redenoticiaz.com.br\/litoralsp\/#\/schema\/logo\/image\/"}},{"@type":"Person","@id":"https:\/\/redenoticiaz.com.br\/litoralsp\/#\/schema\/person\/0f0b8a5bdafefe82841e07ae8d81ecb3","name":"Leonardo Francisco","image":{"@type":"ImageObject","inLanguage":"pt-BR","@id":"https:\/\/secure.gravatar.com\/avatar\/a7358cb406a99b682ec6df1e77e31ae82e63601f6784e8a3df411d72b37864da?s=96&d=mm&r=g","url":"https:\/\/secure.gravatar.com\/avatar\/a7358cb406a99b682ec6df1e77e31ae82e63601f6784e8a3df411d72b37864da?s=96&d=mm&r=g","contentUrl":"https:\/\/secure.gravatar.com\/avatar\/a7358cb406a99b682ec6df1e77e31ae82e63601f6784e8a3df411d72b37864da?s=96&d=mm&r=g","caption":"Leonardo Francisco"},"url":"https:\/\/redenoticiaz.com.br\/litoralsp\/author\/leonardo-francisco"}]}},"_links":{"self":[{"href":"https:\/\/redenoticiaz.com.br\/litoralsp\/wp-json\/wp\/v2\/posts\/11140","targetHints":{"allow":["GET"]}}],"collection":[{"href":"https:\/\/redenoticiaz.com.br\/litoralsp\/wp-json\/wp\/v2\/posts"}],"about":[{"href":"https:\/\/redenoticiaz.com.br\/litoralsp\/wp-json\/wp\/v2\/types\/post"}],"author":[{"embeddable":true,"href":"https:\/\/redenoticiaz.com.br\/litoralsp\/wp-json\/wp\/v2\/users\/6"}],"replies":[{"embeddable":true,"href":"https:\/\/redenoticiaz.com.br\/litoralsp\/wp-json\/wp\/v2\/comments?post=11140"}],"version-history":[{"count":1,"href":"https:\/\/redenoticiaz.com.br\/litoralsp\/wp-json\/wp\/v2\/posts\/11140\/revisions"}],"predecessor-version":[{"id":11142,"href":"https:\/\/redenoticiaz.com.br\/litoralsp\/wp-json\/wp\/v2\/posts\/11140\/revisions\/11142"}],"wp:featuredmedia":[{"embeddable":true,"href":"https:\/\/redenoticiaz.com.br\/litoralsp\/wp-json\/wp\/v2\/media\/11141"}],"wp:attachment":[{"href":"https:\/\/redenoticiaz.com.br\/litoralsp\/wp-json\/wp\/v2\/media?parent=11140"}],"wp:term":[{"taxonomy":"category","embeddable":true,"href":"https:\/\/redenoticiaz.com.br\/litoralsp\/wp-json\/wp\/v2\/categories?post=11140"},{"taxonomy":"post_tag","embeddable":true,"href":"https:\/\/redenoticiaz.com.br\/litoralsp\/wp-json\/wp\/v2\/tags?post=11140"}],"curies":[{"name":"wp","href":"https:\/\/api.w.org\/{rel}","templated":true}]}}